{"id":1732,"date":"2013-06-17T09:10:14","date_gmt":"2013-06-17T09:10:14","guid":{"rendered":"https:\/\/giannidavico.it\/staging\/brainfood\/?p=1732"},"modified":"2013-06-17T09:10:14","modified_gmt":"2013-06-17T09:10:14","slug":"el-camp-ed-barba-ceco","status":"publish","type":"post","link":"https:\/\/giannidavico.it\/brainfood\/2013\/06\/17\/el-camp-ed-barba-ceco\/","title":{"rendered":"\u00cbl camp \u00ebd barba Ceco"},"content":{"rendered":"<p><a href=\"https:\/\/giannidavico.it\/brainfood\/files\/2013\/06\/012.jpg\"><img loading=\"lazy\" src=\"https:\/\/giannidavico.it\/brainfood\/files\/2013\/06\/012-300x225.jpg\" alt=\"\u00ebl camp \u00ebd barba Ceco\" width=\"300\" height=\"225\" class=\"alignright size-medium wp-image-1733\" srcset=\"https:\/\/giannidavico.it\/brainfood\/files\/2013\/06\/012-300x225.jpg 300w, https:\/\/giannidavico.it\/brainfood\/files\/2013\/06\/012.jpg 1024w\" sizes=\"(max-width: 300px) 100vw, 300px\" \/><\/a><br \/>\nAvevo un magone, sabato. Non aveva un nome e un oggetto precisi &#8211; uno dei miei tremila difetti \u00e8 che faccio fatica a verbalizzare le mie ansie e le mie paure, e finisco per tenere dentro tutto quello che sarebbe bene raccontare ad un amico, qualcuno che stesse ad ascoltare, ascoltare e basta.<\/p>\n<p>Ho preso la bici, e la bici mi porta sempre nei luoghi della mia infanzia, in quei luoghi che &#8211; me decenne o che &#8211; erano tutto il mio mondo. (C&#8217;era lo stadio, in quei campi; c&#8217;erano le battaglie con gli indiani e chiss\u00e0 quant&#8217;altre millanta fantasie che sono dentro di me ma ho dimenticato.)<\/p>\n<p>Sono sceso proprio l\u00e0, l\u00e0 dove c&#8217;era il campo di mio zio, quel campo dove tante volte ho raccolto patate, quel campo la cui terra mi \u00e8 passata, volente o nolente, nel corpo e nell&#8217;animo.<\/p>\n<p>Mi sono seduto in terra, senza pensieri. (Quant&#8217;\u00e8 difficile far tacere il proprio discorso interno, quei cinquantamila pensieri che ci portiamo dietro tutti i giorni, tutti uguali!) Il vento smuoveva gli arbusti e le piante. Il vento era quella persona tanto cara che non c&#8217;\u00e8 pi\u00f9, ma c&#8217;\u00e8 ancora in realt\u00e0 sotto forma &#8211; appunto &#8211; di vento.<\/p>\n<p>Non ho risolto nulla, ho solo sentito la pace dentro di me. La voce interna ha taciuto per un po&#8217; almeno, ho ascoltato il vento e mi sono sentito leggero. Faccio sempre fatica a verbalizzare, ma il vento &#8211; l\u00e0, <em>ant \u00ebl camp \u00ebd barba Ceco<\/em> &#8211; era leggero.<\/p>\n","protected":false},"excerpt":{"rendered":"<p><a href=\"https:\/\/giannidavico.it\/brainfood\/files\/2013\/06\/012.jpg\"><img loading=\"lazy\" src=\"https:\/\/giannidavico.it\/brainfood\/files\/2013\/06\/012-300x225.jpg\" alt=\"\u00ebl camp \u00ebd barba Ceco\" width=\"300\" height=\"225\" class=\"alignright size-medium wp-image-1733\" srcset=\"https:\/\/giannidavico.it\/brainfood\/files\/2013\/06\/012-300x225.jpg 300w, https:\/\/giannidavico.it\/brainfood\/files\/2013\/06\/012.jpg 1024w\" sizes=\"(max-width: 300px) 100vw, 300px\" \/><\/a><br \/> Avevo un magone, sabato. Non aveva un nome e un oggetto precisi &#8211; uno dei miei tremila difetti \u00e8 che faccio fatica a verbalizzare le mie ansie e le mie paure, e finisco per tenere dentro tutto quello che sarebbe bene raccontare ad un amico, qualcuno che stesse ad ascoltare, ascoltare e basta.<\/p>\n<p>Ho preso la bici, e la bici mi porta sempre nei luoghi della mia infanzia, in quei luoghi che &#8211; me decenne o che &#8211; erano tutto il mio mondo. (C&#8217;era lo stadio, in quei campi; c&#8217;erano le battaglie con gli indiani e chiss\u00e0 quant&#8217;altre millanta fantasie che sono dentro di me ma ho dimenticato.)<\/p>\n<p>Sono sceso proprio l\u00e0, l\u00e0 dove c&#8217;era il campo di mio zio, quel campo dove tante volte ho raccolto patate, quel campo la cui terra mi \u00e8 passata, volente o nolente, nel corpo e nell&#8217;animo.<\/p>\n<p>Mi sono seduto in terra, senza pensieri. (Quant&#8217;\u00e8 difficile far tacere il proprio discorso interno, quei cinquantamila pensieri che ci portiamo dietro tutti i giorni, tutti uguali!) Il vento smuoveva gli arbusti e [\u2026] <a class=\"moretag\" href=\"https:\/\/giannidavico.it\/brainfood\/2013\/06\/17\/el-camp-ed-barba-ceco\/\">continua a leggere \u00bb<\/a><\/p>\n","protected":false},"author":4,"featured_media":0,"comment_status":"open","ping_status":"open","sticky":false,"template":"","format":"standard","meta":[],"categories":[1],"tags":[7655,23],"yoast_head":"<!-- This site is optimized with the Yoast SEO plugin v19.14 - https:\/\/yoast.com\/wordpress\/plugins\/seo\/ -->\n<title>\u00cbl camp \u00ebd barba Ceco - Brainfood<\/title>\n<meta name=\"robots\" content=\"index, follow, max-snippet:-1, max-image-preview:large, max-video-preview:-1\" \/>\n<link rel=\"canonical\" href=\"https:\/\/giannidavico.it\/brainfood\/2013\/06\/17\/el-camp-ed-barba-ceco\/\" \/>\n<meta property=\"og:locale\" content=\"it_IT\" \/>\n<meta property=\"og:type\" content=\"article\" \/>\n<meta property=\"og:title\" content=\"\u00cbl camp \u00ebd barba Ceco - Brainfood\" \/>\n<meta property=\"og:description\" content=\"Avevo un magone, sabato. Non aveva un nome e un oggetto precisi &#8211; uno dei miei tremila difetti \u00e8 che faccio fatica a verbalizzare le mie ansie e le mie paure, e finisco per tenere dentro tutto quello che sarebbe bene raccontare ad un amico, qualcuno che stesse ad ascoltare, ascoltare e basta. Ho preso la bici, e la bici mi porta sempre nei luoghi della mia infanzia, in quei luoghi che &#8211; me decenne o che &#8211; erano tutto il mio mondo. (C&#8217;era lo stadio, in quei campi; c&#8217;erano le battaglie con gli indiani e chiss\u00e0 quant&#8217;altre millanta fantasie che sono dentro di me ma ho dimenticato.) Sono sceso proprio l\u00e0, l\u00e0 dove c&#8217;era il campo di mio zio, quel campo dove tante volte ho raccolto patate, quel campo la cui terra mi \u00e8 passata, volente o nolente, nel corpo e nell&#8217;animo. Mi sono seduto in terra, senza pensieri. (Quant&#8217;\u00e8 difficile far tacere il proprio discorso interno, quei cinquantamila pensieri che ci portiamo dietro tutti i giorni, tutti uguali!) Il vento smuoveva gli arbusti e [\u2026] continua a leggere \u00bb\" \/>\n<meta property=\"og:url\" content=\"https:\/\/giannidavico.it\/brainfood\/2013\/06\/17\/el-camp-ed-barba-ceco\/\" \/>\n<meta property=\"og:site_name\" content=\"Brainfood\" \/>\n<meta property=\"article:published_time\" content=\"2013-06-17T09:10:14+00:00\" \/>\n<meta property=\"og:image\" content=\"https:\/\/giannidavico.it\/brainfood\/files\/2013\/06\/012-300x225.jpg\" \/>\n<meta name=\"author\" content=\"giannidavico\" \/>\n<meta name=\"twitter:card\" content=\"summary_large_image\" \/>\n<meta name=\"twitter:label1\" content=\"Scritto da\" \/>\n\t<meta name=\"twitter:data1\" content=\"giannidavico\" \/>\n\t<meta name=\"twitter:label2\" content=\"Tempo di lettura stimato\" \/>\n\t<meta name=\"twitter:data2\" content=\"1 minuto\" \/>\n<script type=\"application\/ld+json\" class=\"yoast-schema-graph\">{\"@context\":\"https:\/\/schema.org\",\"@graph\":[{\"@type\":\"WebPage\",\"@id\":\"https:\/\/giannidavico.it\/brainfood\/2013\/06\/17\/el-camp-ed-barba-ceco\/\",\"url\":\"https:\/\/giannidavico.it\/brainfood\/2013\/06\/17\/el-camp-ed-barba-ceco\/\",\"name\":\"\u00cbl camp \u00ebd barba Ceco - Brainfood\",\"isPartOf\":{\"@id\":\"https:\/\/giannidavico.it\/brainfood\/#website\"},\"datePublished\":\"2013-06-17T09:10:14+00:00\",\"dateModified\":\"2013-06-17T09:10:14+00:00\",\"author\":{\"@id\":\"https:\/\/giannidavico.it\/brainfood\/#\/schema\/person\/ea1fd17d8f2dba325f3712219efa8f77\"},\"inLanguage\":\"it-IT\",\"potentialAction\":[{\"@type\":\"ReadAction\",\"target\":[\"https:\/\/giannidavico.it\/brainfood\/2013\/06\/17\/el-camp-ed-barba-ceco\/\"]}]},{\"@type\":\"WebSite\",\"@id\":\"https:\/\/giannidavico.it\/brainfood\/#website\",\"url\":\"https:\/\/giannidavico.it\/brainfood\/\",\"name\":\"Brainfood\",\"description\":\"L&#039;industria della traduzione, secondo me.  Visioni, previsioni, travisamenti\",\"potentialAction\":[{\"@type\":\"SearchAction\",\"target\":{\"@type\":\"EntryPoint\",\"urlTemplate\":\"https:\/\/giannidavico.it\/brainfood\/?s={search_term_string}\"},\"query-input\":\"required name=search_term_string\"}],\"inLanguage\":\"it-IT\"},{\"@type\":\"Person\",\"@id\":\"https:\/\/giannidavico.it\/brainfood\/#\/schema\/person\/ea1fd17d8f2dba325f3712219efa8f77\",\"name\":\"giannidavico\",\"image\":{\"@type\":\"ImageObject\",\"inLanguage\":\"it-IT\",\"@id\":\"https:\/\/giannidavico.it\/brainfood\/#\/schema\/person\/image\/\",\"url\":\"https:\/\/secure.gravatar.com\/avatar\/337748753d882602f3038b55fb369ba1?s=96&d=mm&r=g\",\"contentUrl\":\"https:\/\/secure.gravatar.com\/avatar\/337748753d882602f3038b55fb369ba1?s=96&d=mm&r=g\",\"caption\":\"giannidavico\"},\"url\":\"https:\/\/giannidavico.it\/brainfood\/author\/giannidavico\/\"}]}<\/script>\n<!-- \/ Yoast SEO plugin. -->","yoast_head_json":{"title":"\u00cbl camp \u00ebd barba Ceco - Brainfood","robots":{"index":"index","follow":"follow","max-snippet":"max-snippet:-1","max-image-preview":"max-image-preview:large","max-video-preview":"max-video-preview:-1"},"canonical":"https:\/\/giannidavico.it\/brainfood\/2013\/06\/17\/el-camp-ed-barba-ceco\/","og_locale":"it_IT","og_type":"article","og_title":"\u00cbl camp \u00ebd barba Ceco - Brainfood","og_description":"Avevo un magone, sabato. Non aveva un nome e un oggetto precisi &#8211; uno dei miei tremila difetti \u00e8 che faccio fatica a verbalizzare le mie ansie e le mie paure, e finisco per tenere dentro tutto quello che sarebbe bene raccontare ad un amico, qualcuno che stesse ad ascoltare, ascoltare e basta. Ho preso la bici, e la bici mi porta sempre nei luoghi della mia infanzia, in quei luoghi che &#8211; me decenne o che &#8211; erano tutto il mio mondo. (C&#8217;era lo stadio, in quei campi; c&#8217;erano le battaglie con gli indiani e chiss\u00e0 quant&#8217;altre millanta fantasie che sono dentro di me ma ho dimenticato.) Sono sceso proprio l\u00e0, l\u00e0 dove c&#8217;era il campo di mio zio, quel campo dove tante volte ho raccolto patate, quel campo la cui terra mi \u00e8 passata, volente o nolente, nel corpo e nell&#8217;animo. Mi sono seduto in terra, senza pensieri. (Quant&#8217;\u00e8 difficile far tacere il proprio discorso interno, quei cinquantamila pensieri che ci portiamo dietro tutti i giorni, tutti uguali!) Il vento smuoveva gli arbusti e [\u2026] continua a leggere \u00bb","og_url":"https:\/\/giannidavico.it\/brainfood\/2013\/06\/17\/el-camp-ed-barba-ceco\/","og_site_name":"Brainfood","article_published_time":"2013-06-17T09:10:14+00:00","og_image":[{"url":"https:\/\/giannidavico.it\/brainfood\/files\/2013\/06\/012-300x225.jpg"}],"author":"giannidavico","twitter_card":"summary_large_image","twitter_misc":{"Scritto da":"giannidavico","Tempo di lettura stimato":"1 minuto"},"schema":{"@context":"https:\/\/schema.org","@graph":[{"@type":"WebPage","@id":"https:\/\/giannidavico.it\/brainfood\/2013\/06\/17\/el-camp-ed-barba-ceco\/","url":"https:\/\/giannidavico.it\/brainfood\/2013\/06\/17\/el-camp-ed-barba-ceco\/","name":"\u00cbl camp \u00ebd barba Ceco - Brainfood","isPartOf":{"@id":"https:\/\/giannidavico.it\/brainfood\/#website"},"datePublished":"2013-06-17T09:10:14+00:00","dateModified":"2013-06-17T09:10:14+00:00","author":{"@id":"https:\/\/giannidavico.it\/brainfood\/#\/schema\/person\/ea1fd17d8f2dba325f3712219efa8f77"},"inLanguage":"it-IT","potentialAction":[{"@type":"ReadAction","target":["https:\/\/giannidavico.it\/brainfood\/2013\/06\/17\/el-camp-ed-barba-ceco\/"]}]},{"@type":"WebSite","@id":"https:\/\/giannidavico.it\/brainfood\/#website","url":"https:\/\/giannidavico.it\/brainfood\/","name":"Brainfood","description":"L&#039;industria della traduzione, secondo me.  Visioni, previsioni, travisamenti","potentialAction":[{"@type":"SearchAction","target":{"@type":"EntryPoint","urlTemplate":"https:\/\/giannidavico.it\/brainfood\/?s={search_term_string}"},"query-input":"required name=search_term_string"}],"inLanguage":"it-IT"},{"@type":"Person","@id":"https:\/\/giannidavico.it\/brainfood\/#\/schema\/person\/ea1fd17d8f2dba325f3712219efa8f77","name":"giannidavico","image":{"@type":"ImageObject","inLanguage":"it-IT","@id":"https:\/\/giannidavico.it\/brainfood\/#\/schema\/person\/image\/","url":"https:\/\/secure.gravatar.com\/avatar\/337748753d882602f3038b55fb369ba1?s=96&d=mm&r=g","contentUrl":"https:\/\/secure.gravatar.com\/avatar\/337748753d882602f3038b55fb369ba1?s=96&d=mm&r=g","caption":"giannidavico"},"url":"https:\/\/giannidavico.it\/brainfood\/author\/giannidavico\/"}]}},"_links":{"self":[{"href":"https:\/\/giannidavico.it\/brainfood\/wp-json\/wp\/v2\/posts\/1732"}],"collection":[{"href":"https:\/\/giannidavico.it\/brainfood\/wp-json\/wp\/v2\/posts"}],"about":[{"href":"https:\/\/giannidavico.it\/brainfood\/wp-json\/wp\/v2\/types\/post"}],"author":[{"embeddable":true,"href":"https:\/\/giannidavico.it\/brainfood\/wp-json\/wp\/v2\/users\/4"}],"replies":[{"embeddable":true,"href":"https:\/\/giannidavico.it\/brainfood\/wp-json\/wp\/v2\/comments?post=1732"}],"version-history":[{"count":7,"href":"https:\/\/giannidavico.it\/brainfood\/wp-json\/wp\/v2\/posts\/1732\/revisions"}],"predecessor-version":[{"id":1740,"href":"https:\/\/giannidavico.it\/brainfood\/wp-json\/wp\/v2\/posts\/1732\/revisions\/1740"}],"wp:attachment":[{"href":"https:\/\/giannidavico.it\/brainfood\/wp-json\/wp\/v2\/media?parent=1732"}],"wp:term":[{"taxonomy":"category","embeddable":true,"href":"https:\/\/giannidavico.it\/brainfood\/wp-json\/wp\/v2\/categories?post=1732"},{"taxonomy":"post_tag","embeddable":true,"href":"https:\/\/giannidavico.it\/brainfood\/wp-json\/wp\/v2\/tags?post=1732"}],"curies":[{"name":"wp","href":"https:\/\/api.w.org\/{rel}","templated":true}]}}