{"id":3203,"date":"2016-04-18T09:59:17","date_gmt":"2016-04-18T07:59:17","guid":{"rendered":"https:\/\/giannidavico.it\/staging\/brainfood\/?p=3203"},"modified":"2016-04-18T09:59:17","modified_gmt":"2016-04-18T07:59:17","slug":"poco-dopo-il-fondo-della-curva","status":"publish","type":"post","link":"https:\/\/giannidavico.it\/brainfood\/2016\/04\/18\/poco-dopo-il-fondo-della-curva\/","title":{"rendered":"Poco dopo il fondo della curva"},"content":{"rendered":"<p><a href=\"https:\/\/giannidavico.it\/brainfood\/files\/2016\/04\/12967456_10207440312498411_1241057198282963849_o.jpg\"><img loading=\"lazy\" src=\"https:\/\/giannidavico.it\/brainfood\/files\/2016\/04\/12967456_10207440312498411_1241057198282963849_o-212x300.jpg\" alt=\"12967456_10207440312498411_1241057198282963849_o\" width=\"212\" height=\"300\" class=\"alignright size-medium wp-image-3205\" srcset=\"https:\/\/giannidavico.it\/brainfood\/files\/2016\/04\/12967456_10207440312498411_1241057198282963849_o-212x300.jpg 212w, https:\/\/giannidavico.it\/brainfood\/files\/2016\/04\/12967456_10207440312498411_1241057198282963849_o.jpg 679w\" sizes=\"(max-width: 212px) 100vw, 212px\" \/><\/a><br \/>\nParlavo <a href=\"https:\/\/giannidavico.it\/brainfood\/2016\/03\/28\/una-nuova-primavera-2\/\">qualche settimana fa<\/a> del fatto che nel mio paese &#8220;d&#8217;adozione&#8221;, l\u00e0 nel mio <a href=\"https:\/\/giannidavico.it\/brainfood\/2013\/06\/03\/cose-che-fanno-il-tuo-rifugio-tra-i-monti\/\">rifugio tra i monti<\/a>, si comincino a vedere piccoli segni del cambiamento: ovvero che finiti una societ\u00e0 e un mondo, con tutto ci\u00f2 di doloroso e triste che ci\u00f2 comporta, inizi una societ\u00e0 nuova, basata su regole e condizioni e opportunit\u00e0 nuove. (In due parole: vivere in paesi come <a href=\"http:\/\/www.comune.montemale.cn.it\/\" target=\"_blank\">Montemale di Cuneo<\/a> \u00e8 conveniente, non soltanto piacevole, per tanti motivi che non elencher\u00f2 ora.)<\/p>\n<p>Ebbene, la settimana scorsa c&#8217;\u00e8 stata un&#8217;altra piccola prova di questo fenomeno in atto. (\u00c8 un fenomeno di lunghissimo termine, e dunque i segni non sono semplici da cogliere nel presente; ma cionondimeno esiste, e come!) L&#8217;occasione \u00e8 stata una conferenza tenuta presso la <a href=\"https:\/\/www.facebook.com\/Trattoria-del-Castello-Montemale-904060252997663\" target=\"_blank\">Trattoria del Castello<\/a> in cui si \u00e8 parlato delle associazioni fondiarie (AsFo), e di come queste possano fare da volano per lo sviluppo economico delle nostre montagne.<\/p>\n<p>Da fuori si potrebbe pensare: &#8220;Ma cosa vuoi che si possa organizzare, in un paesino cos\u00ec?&#8221; Invece&#8230;<\/p>\n<p>Invece, dopo un&#8217;introduzione storica a cura di Lele Viola, che ha illustrato il concetto di bene comune in queste valli nei secoli scorsi, e che ha fatto capire che l&#8217;idea non \u00e8 certamente nuova, ma \u00e8 piuttosto l&#8217;ammodernamento di qualcosa che esisteva secoli fa, il professor Andrea Cavallero ci ha spiegato come funzionano, nella pratica, le associazioni fondiarie. Francesco Pastorelli ha portato la sua esperienza della prima AsFo italiana, a <a href=\"http:\/\/www.carnino.info\/\" target=\"_blank\">Carnino<\/a>. Alberto Valmaggia, assessore regionale alla montagna, ha concluso i lavori, sia da politico (la politica \u00e8 necessaria, per queste cose) sia da persona competente e appassionata. Il tutto introdotto dal &#8220;nostro&#8221; sindaco, Oscar Virano, e moderato con grazia, competenza ed efficacia da Fabrizio Ellena.<br \/>\n<div id=\"attachment_3212\" style=\"width: 310px\" class=\"wp-caption alignleft\"><a href=\"https:\/\/giannidavico.it\/brainfood\/files\/2016\/04\/2015316111854.jpg\"><img aria-describedby=\"caption-attachment-3212\" loading=\"lazy\" src=\"https:\/\/giannidavico.it\/brainfood\/files\/2016\/04\/2015316111854-300x191.jpg\" alt=\"foto di Roberto Acchiardo\" width=\"300\" height=\"191\" class=\"size-medium wp-image-3212\" srcset=\"https:\/\/giannidavico.it\/brainfood\/files\/2016\/04\/2015316111854-300x191.jpg 300w, https:\/\/giannidavico.it\/brainfood\/files\/2016\/04\/2015316111854-768x489.jpg 768w, https:\/\/giannidavico.it\/brainfood\/files\/2016\/04\/2015316111854.jpg 800w\" sizes=\"(max-width: 300px) 100vw, 300px\" \/><\/a><p id=\"caption-attachment-3212\" class=\"wp-caption-text\">foto di Roberto Acchiardo<\/p><\/div><br \/>\nMa non \u00e8 tanto fare dei nomi e ringraziare delle persone che importa qui &#8211; per quanto sia cosa da fare. Mi importa soprattutto porre in luce alcuni concetti che ho portato via dalla serata.<\/p>\n<p>1. Le associazione fondiarie superano il problema dei terreni incolti e abbandonati, una tra le piaghe principali di queste montagne, perch\u00e9 uniscono in un grande insieme tanti piccoli appezzamenti che, singolarmente presi, non hanno valore economico n\u00e9 sono di interesse per chicchessia.<\/p>\n<p>2. Le AsFo sono un&#8217;opportunit\u00e0 di impiego per giovani, impedendo cos\u00ec un&#8217;ulteriore spopolamento delle nostre montagne e anzi favorendo esattamente il fenomeno contrario, quello che dicevo all&#8217;inizio (sarei decisamente e completamente sorpreso se tra dieci anni gli abitanti di questo paesino non saranno aumentati del 10% almeno rispetto ai 240 attuali).<\/p>\n<p>3. Le AsFo possono fare da volano all&#8217;economia del luogo: io penso soprattutto all&#8217;aspetto turistico, e dunque a sentieri attrezzati e puliti, strutture ricettive e quant&#8217;altro. Questo perch\u00e9 so bene, e lo so per esperienza diretta di una vita (vengo in questi luoghi ininterrottamente dal 1974), il valore umano e personale ma anche economico delle risorse che si trovano qui.<\/p>\n<p>Tanto volevo dire per introdurre l&#8217;argomento. Il tutto, poi, \u00e8 per me stato ancora pi\u00f9 di valore perch\u00e9 si \u00e8 svolto &#8220;a casa mia&#8221;, e ho provato sensazioni magnifiche derivanti dal semplice fatto dell&#8217;essere lass\u00f9; ma di questo, eventualmente, dir\u00f2 alla prossima puntata.<\/p>\n","protected":false},"excerpt":{"rendered":"<p><a href=\"https:\/\/giannidavico.it\/brainfood\/files\/2016\/04\/12967456_10207440312498411_1241057198282963849_o.jpg\"><img loading=\"lazy\" src=\"https:\/\/giannidavico.it\/brainfood\/files\/2016\/04\/12967456_10207440312498411_1241057198282963849_o-212x300.jpg\" alt=\"12967456_10207440312498411_1241057198282963849_o\" width=\"212\" height=\"300\" class=\"alignright size-medium wp-image-3205\" srcset=\"https:\/\/giannidavico.it\/brainfood\/files\/2016\/04\/12967456_10207440312498411_1241057198282963849_o-212x300.jpg 212w, https:\/\/giannidavico.it\/brainfood\/files\/2016\/04\/12967456_10207440312498411_1241057198282963849_o.jpg 679w\" sizes=\"(max-width: 212px) 100vw, 212px\" \/><\/a><br \/> Parlavo <a href=\"https:\/\/giannidavico.it\/brainfood\/2016\/03\/28\/una-nuova-primavera-2\/\">qualche settimana fa<\/a> del fatto che nel mio paese &#8220;d&#8217;adozione&#8221;, l\u00e0 nel mio <a href=\"https:\/\/giannidavico.it\/brainfood\/2013\/06\/03\/cose-che-fanno-il-tuo-rifugio-tra-i-monti\/\">rifugio tra i monti<\/a>, si comincino a vedere piccoli segni del cambiamento: ovvero che finiti una societ\u00e0 e un mondo, con tutto ci\u00f2 di doloroso e triste che ci\u00f2 comporta, inizi una societ\u00e0 nuova, basata su regole e condizioni e opportunit\u00e0 nuove. (In due parole: vivere in paesi come <a href=\"http:\/\/www.comune.montemale.cn.it\/\" target=\"_blank\">Montemale di Cuneo<\/a> \u00e8 conveniente, non soltanto piacevole, per tanti motivi che non elencher\u00f2 ora.)<\/p>\n<p>Ebbene, la settimana scorsa c&#8217;\u00e8 stata un&#8217;altra piccola prova di questo fenomeno in atto. (\u00c8 un fenomeno di lunghissimo termine, e dunque i segni non sono semplici da cogliere nel presente; ma cionondimeno esiste, e come!) L&#8217;occasione \u00e8 stata una conferenza tenuta presso la <a href=\"https:\/\/www.facebook.com\/Trattoria-del-Castello-Montemale-904060252997663\" target=\"_blank\">Trattoria del Castello<\/a> in cui si \u00e8 parlato delle associazioni fondiarie (AsFo), e di come queste possano fare da volano per lo sviluppo economico delle nostre montagne.<\/p>\n<p>Da fuori si potrebbe pensare: &#8220;Ma cosa vuoi che si possa organizzare, in un paesino cos\u00ec?&#8221; Invece&#8230;<\/p>\n<p>Invece, dopo un&#8217;introduzione storica a cura di Lele [\u2026] <a class=\"moretag\" href=\"https:\/\/giannidavico.it\/brainfood\/2016\/04\/18\/poco-dopo-il-fondo-della-curva\/\">continua a leggere \u00bb<\/a><\/p>\n","protected":false},"author":4,"featured_media":0,"comment_status":"open","ping_status":"open","sticky":false,"template":"","format":"standard","meta":[],"categories":[1],"tags":[10,7656,7650],"yoast_head":"<!-- This site is optimized with the Yoast SEO plugin v19.14 - https:\/\/yoast.com\/wordpress\/plugins\/seo\/ -->\n<title>Poco dopo il fondo della curva - Brainfood<\/title>\n<meta name=\"robots\" content=\"index, follow, max-snippet:-1, max-image-preview:large, max-video-preview:-1\" \/>\n<link rel=\"canonical\" href=\"https:\/\/giannidavico.it\/brainfood\/2016\/04\/18\/poco-dopo-il-fondo-della-curva\/\" \/>\n<meta property=\"og:locale\" content=\"it_IT\" \/>\n<meta property=\"og:type\" content=\"article\" \/>\n<meta property=\"og:title\" content=\"Poco dopo il fondo della curva - Brainfood\" \/>\n<meta property=\"og:description\" content=\"Parlavo qualche settimana fa del fatto che nel mio paese &#8220;d&#8217;adozione&#8221;, l\u00e0 nel mio rifugio tra i monti, si comincino a vedere piccoli segni del cambiamento: ovvero che finiti una societ\u00e0 e un mondo, con tutto ci\u00f2 di doloroso e triste che ci\u00f2 comporta, inizi una societ\u00e0 nuova, basata su regole e condizioni e opportunit\u00e0 nuove. (In due parole: vivere in paesi come Montemale di Cuneo \u00e8 conveniente, non soltanto piacevole, per tanti motivi che non elencher\u00f2 ora.) Ebbene, la settimana scorsa c&#8217;\u00e8 stata un&#8217;altra piccola prova di questo fenomeno in atto. (\u00c8 un fenomeno di lunghissimo termine, e dunque i segni non sono semplici da cogliere nel presente; ma cionondimeno esiste, e come!) L&#8217;occasione \u00e8 stata una conferenza tenuta presso la Trattoria del Castello in cui si \u00e8 parlato delle associazioni fondiarie (AsFo), e di come queste possano fare da volano per lo sviluppo economico delle nostre montagne. Da fuori si potrebbe pensare: &#8220;Ma cosa vuoi che si possa organizzare, in un paesino cos\u00ec?&#8221; Invece&#8230; Invece, dopo un&#8217;introduzione storica a cura di Lele [\u2026] continua a leggere \u00bb\" \/>\n<meta property=\"og:url\" content=\"https:\/\/giannidavico.it\/brainfood\/2016\/04\/18\/poco-dopo-il-fondo-della-curva\/\" \/>\n<meta property=\"og:site_name\" content=\"Brainfood\" \/>\n<meta property=\"article:published_time\" content=\"2016-04-18T07:59:17+00:00\" \/>\n<meta property=\"og:image\" content=\"https:\/\/giannidavico.it\/brainfood\/files\/2016\/04\/12967456_10207440312498411_1241057198282963849_o-212x300.jpg\" \/>\n<meta name=\"author\" content=\"giannidavico\" \/>\n<meta name=\"twitter:card\" content=\"summary_large_image\" \/>\n<meta name=\"twitter:label1\" content=\"Scritto da\" \/>\n\t<meta name=\"twitter:data1\" content=\"giannidavico\" \/>\n\t<meta name=\"twitter:label2\" content=\"Tempo di lettura stimato\" \/>\n\t<meta name=\"twitter:data2\" content=\"3 minuti\" \/>\n<script type=\"application\/ld+json\" class=\"yoast-schema-graph\">{\"@context\":\"https:\/\/schema.org\",\"@graph\":[{\"@type\":\"WebPage\",\"@id\":\"https:\/\/giannidavico.it\/brainfood\/2016\/04\/18\/poco-dopo-il-fondo-della-curva\/\",\"url\":\"https:\/\/giannidavico.it\/brainfood\/2016\/04\/18\/poco-dopo-il-fondo-della-curva\/\",\"name\":\"Poco dopo il fondo della curva - Brainfood\",\"isPartOf\":{\"@id\":\"https:\/\/giannidavico.it\/brainfood\/#website\"},\"datePublished\":\"2016-04-18T07:59:17+00:00\",\"dateModified\":\"2016-04-18T07:59:17+00:00\",\"author\":{\"@id\":\"https:\/\/giannidavico.it\/brainfood\/#\/schema\/person\/ea1fd17d8f2dba325f3712219efa8f77\"},\"inLanguage\":\"it-IT\",\"potentialAction\":[{\"@type\":\"ReadAction\",\"target\":[\"https:\/\/giannidavico.it\/brainfood\/2016\/04\/18\/poco-dopo-il-fondo-della-curva\/\"]}]},{\"@type\":\"WebSite\",\"@id\":\"https:\/\/giannidavico.it\/brainfood\/#website\",\"url\":\"https:\/\/giannidavico.it\/brainfood\/\",\"name\":\"Brainfood\",\"description\":\"L&#039;industria della traduzione, secondo me.  Visioni, previsioni, travisamenti\",\"potentialAction\":[{\"@type\":\"SearchAction\",\"target\":{\"@type\":\"EntryPoint\",\"urlTemplate\":\"https:\/\/giannidavico.it\/brainfood\/?s={search_term_string}\"},\"query-input\":\"required name=search_term_string\"}],\"inLanguage\":\"it-IT\"},{\"@type\":\"Person\",\"@id\":\"https:\/\/giannidavico.it\/brainfood\/#\/schema\/person\/ea1fd17d8f2dba325f3712219efa8f77\",\"name\":\"giannidavico\",\"image\":{\"@type\":\"ImageObject\",\"inLanguage\":\"it-IT\",\"@id\":\"https:\/\/giannidavico.it\/brainfood\/#\/schema\/person\/image\/\",\"url\":\"https:\/\/secure.gravatar.com\/avatar\/337748753d882602f3038b55fb369ba1?s=96&d=mm&r=g\",\"contentUrl\":\"https:\/\/secure.gravatar.com\/avatar\/337748753d882602f3038b55fb369ba1?s=96&d=mm&r=g\",\"caption\":\"giannidavico\"},\"url\":\"https:\/\/giannidavico.it\/brainfood\/author\/giannidavico\/\"}]}<\/script>\n<!-- \/ Yoast SEO plugin. -->","yoast_head_json":{"title":"Poco dopo il fondo della curva - Brainfood","robots":{"index":"index","follow":"follow","max-snippet":"max-snippet:-1","max-image-preview":"max-image-preview:large","max-video-preview":"max-video-preview:-1"},"canonical":"https:\/\/giannidavico.it\/brainfood\/2016\/04\/18\/poco-dopo-il-fondo-della-curva\/","og_locale":"it_IT","og_type":"article","og_title":"Poco dopo il fondo della curva - Brainfood","og_description":"Parlavo qualche settimana fa del fatto che nel mio paese &#8220;d&#8217;adozione&#8221;, l\u00e0 nel mio rifugio tra i monti, si comincino a vedere piccoli segni del cambiamento: ovvero che finiti una societ\u00e0 e un mondo, con tutto ci\u00f2 di doloroso e triste che ci\u00f2 comporta, inizi una societ\u00e0 nuova, basata su regole e condizioni e opportunit\u00e0 nuove. (In due parole: vivere in paesi come Montemale di Cuneo \u00e8 conveniente, non soltanto piacevole, per tanti motivi che non elencher\u00f2 ora.) Ebbene, la settimana scorsa c&#8217;\u00e8 stata un&#8217;altra piccola prova di questo fenomeno in atto. (\u00c8 un fenomeno di lunghissimo termine, e dunque i segni non sono semplici da cogliere nel presente; ma cionondimeno esiste, e come!) L&#8217;occasione \u00e8 stata una conferenza tenuta presso la Trattoria del Castello in cui si \u00e8 parlato delle associazioni fondiarie (AsFo), e di come queste possano fare da volano per lo sviluppo economico delle nostre montagne. Da fuori si potrebbe pensare: &#8220;Ma cosa vuoi che si possa organizzare, in un paesino cos\u00ec?&#8221; Invece&#8230; Invece, dopo un&#8217;introduzione storica a cura di Lele [\u2026] continua a leggere \u00bb","og_url":"https:\/\/giannidavico.it\/brainfood\/2016\/04\/18\/poco-dopo-il-fondo-della-curva\/","og_site_name":"Brainfood","article_published_time":"2016-04-18T07:59:17+00:00","og_image":[{"url":"https:\/\/giannidavico.it\/brainfood\/files\/2016\/04\/12967456_10207440312498411_1241057198282963849_o-212x300.jpg"}],"author":"giannidavico","twitter_card":"summary_large_image","twitter_misc":{"Scritto da":"giannidavico","Tempo di lettura stimato":"3 minuti"},"schema":{"@context":"https:\/\/schema.org","@graph":[{"@type":"WebPage","@id":"https:\/\/giannidavico.it\/brainfood\/2016\/04\/18\/poco-dopo-il-fondo-della-curva\/","url":"https:\/\/giannidavico.it\/brainfood\/2016\/04\/18\/poco-dopo-il-fondo-della-curva\/","name":"Poco dopo il fondo della curva - Brainfood","isPartOf":{"@id":"https:\/\/giannidavico.it\/brainfood\/#website"},"datePublished":"2016-04-18T07:59:17+00:00","dateModified":"2016-04-18T07:59:17+00:00","author":{"@id":"https:\/\/giannidavico.it\/brainfood\/#\/schema\/person\/ea1fd17d8f2dba325f3712219efa8f77"},"inLanguage":"it-IT","potentialAction":[{"@type":"ReadAction","target":["https:\/\/giannidavico.it\/brainfood\/2016\/04\/18\/poco-dopo-il-fondo-della-curva\/"]}]},{"@type":"WebSite","@id":"https:\/\/giannidavico.it\/brainfood\/#website","url":"https:\/\/giannidavico.it\/brainfood\/","name":"Brainfood","description":"L&#039;industria della traduzione, secondo me.  Visioni, previsioni, travisamenti","potentialAction":[{"@type":"SearchAction","target":{"@type":"EntryPoint","urlTemplate":"https:\/\/giannidavico.it\/brainfood\/?s={search_term_string}"},"query-input":"required name=search_term_string"}],"inLanguage":"it-IT"},{"@type":"Person","@id":"https:\/\/giannidavico.it\/brainfood\/#\/schema\/person\/ea1fd17d8f2dba325f3712219efa8f77","name":"giannidavico","image":{"@type":"ImageObject","inLanguage":"it-IT","@id":"https:\/\/giannidavico.it\/brainfood\/#\/schema\/person\/image\/","url":"https:\/\/secure.gravatar.com\/avatar\/337748753d882602f3038b55fb369ba1?s=96&d=mm&r=g","contentUrl":"https:\/\/secure.gravatar.com\/avatar\/337748753d882602f3038b55fb369ba1?s=96&d=mm&r=g","caption":"giannidavico"},"url":"https:\/\/giannidavico.it\/brainfood\/author\/giannidavico\/"}]}},"_links":{"self":[{"href":"https:\/\/giannidavico.it\/brainfood\/wp-json\/wp\/v2\/posts\/3203"}],"collection":[{"href":"https:\/\/giannidavico.it\/brainfood\/wp-json\/wp\/v2\/posts"}],"about":[{"href":"https:\/\/giannidavico.it\/brainfood\/wp-json\/wp\/v2\/types\/post"}],"author":[{"embeddable":true,"href":"https:\/\/giannidavico.it\/brainfood\/wp-json\/wp\/v2\/users\/4"}],"replies":[{"embeddable":true,"href":"https:\/\/giannidavico.it\/brainfood\/wp-json\/wp\/v2\/comments?post=3203"}],"version-history":[{"count":14,"href":"https:\/\/giannidavico.it\/brainfood\/wp-json\/wp\/v2\/posts\/3203\/revisions"}],"predecessor-version":[{"id":3219,"href":"https:\/\/giannidavico.it\/brainfood\/wp-json\/wp\/v2\/posts\/3203\/revisions\/3219"}],"wp:attachment":[{"href":"https:\/\/giannidavico.it\/brainfood\/wp-json\/wp\/v2\/media?parent=3203"}],"wp:term":[{"taxonomy":"category","embeddable":true,"href":"https:\/\/giannidavico.it\/brainfood\/wp-json\/wp\/v2\/categories?post=3203"},{"taxonomy":"post_tag","embeddable":true,"href":"https:\/\/giannidavico.it\/brainfood\/wp-json\/wp\/v2\/tags?post=3203"}],"curies":[{"name":"wp","href":"https:\/\/api.w.org\/{rel}","templated":true}]}}