{"id":3229,"date":"2016-05-02T08:46:48","date_gmt":"2016-05-02T06:46:48","guid":{"rendered":"https:\/\/giannidavico.it\/staging\/brainfood\/?p=3229"},"modified":"2016-05-02T08:46:48","modified_gmt":"2016-05-02T06:46:48","slug":"alle-radici-dellessenza-delle-cose","status":"publish","type":"post","link":"https:\/\/giannidavico.it\/brainfood\/2016\/05\/02\/alle-radici-dellessenza-delle-cose\/","title":{"rendered":"Alle radici dell&#8217;essenza delle cose"},"content":{"rendered":"<p><a href=\"https:\/\/giannidavico.it\/brainfood\/files\/2016\/05\/IMG_3037.jpg\"><img loading=\"lazy\" src=\"https:\/\/giannidavico.it\/brainfood\/files\/2016\/05\/IMG_3037-300x225.jpg\" alt=\"IMG_3037\" width=\"300\" height=\"225\" class=\"alignright size-medium wp-image-3236\" srcset=\"https:\/\/giannidavico.it\/brainfood\/files\/2016\/05\/IMG_3037-300x225.jpg 300w, https:\/\/giannidavico.it\/brainfood\/files\/2016\/05\/IMG_3037.jpg 640w\" sizes=\"(max-width: 300px) 100vw, 300px\" \/><\/a><\/p>\n<p><a href=\"https:\/\/giannidavico.it\/brainfood\/files\/2016\/05\/IMG_3038.jpg\"><img loading=\"lazy\" src=\"https:\/\/giannidavico.it\/brainfood\/files\/2016\/05\/IMG_3038-300x225.jpg\" alt=\"IMG_3038\" width=\"300\" height=\"225\" class=\"alignright size-medium wp-image-3237\" srcset=\"https:\/\/giannidavico.it\/brainfood\/files\/2016\/05\/IMG_3038-300x225.jpg 300w, https:\/\/giannidavico.it\/brainfood\/files\/2016\/05\/IMG_3038.jpg 640w\" sizes=\"(max-width: 300px) 100vw, 300px\" \/><\/a><\/p>\n<p><a href=\"https:\/\/giannidavico.it\/brainfood\/files\/2016\/05\/IMG_3039.jpg\"><img loading=\"lazy\" src=\"https:\/\/giannidavico.it\/brainfood\/files\/2016\/05\/IMG_3039-300x225.jpg\" alt=\"IMG_3039\" width=\"300\" height=\"225\" class=\"alignright size-medium wp-image-3238\" srcset=\"https:\/\/giannidavico.it\/brainfood\/files\/2016\/05\/IMG_3039-300x225.jpg 300w, https:\/\/giannidavico.it\/brainfood\/files\/2016\/05\/IMG_3039.jpg 640w\" sizes=\"(max-width: 300px) 100vw, 300px\" \/><\/a><\/p>\n<p><a href=\"https:\/\/giannidavico.it\/brainfood\/files\/2016\/05\/IMG_3040.jpg\"><img loading=\"lazy\" src=\"https:\/\/giannidavico.it\/brainfood\/files\/2016\/05\/IMG_3040-300x225.jpg\" alt=\"IMG_3040\" width=\"300\" height=\"225\" class=\"alignright size-medium wp-image-3239\" srcset=\"https:\/\/giannidavico.it\/brainfood\/files\/2016\/05\/IMG_3040-300x225.jpg 300w, https:\/\/giannidavico.it\/brainfood\/files\/2016\/05\/IMG_3040.jpg 640w\" sizes=\"(max-width: 300px) 100vw, 300px\" \/><\/a><\/p>\n<p><a href=\"https:\/\/giannidavico.it\/brainfood\/files\/2016\/05\/IMG_3041.jpg\"><img loading=\"lazy\" src=\"https:\/\/giannidavico.it\/brainfood\/files\/2016\/05\/IMG_3041-300x225.jpg\" alt=\"IMG_3041\" width=\"300\" height=\"225\" class=\"alignright size-medium wp-image-3240\" srcset=\"https:\/\/giannidavico.it\/brainfood\/files\/2016\/05\/IMG_3041-300x225.jpg 300w, https:\/\/giannidavico.it\/brainfood\/files\/2016\/05\/IMG_3041.jpg 640w\" sizes=\"(max-width: 300px) 100vw, 300px\" \/><\/a><\/p>\n<p><a href=\"https:\/\/giannidavico.it\/brainfood\/files\/2016\/05\/IMG_3042.jpg\"><img loading=\"lazy\" src=\"https:\/\/giannidavico.it\/brainfood\/files\/2016\/05\/IMG_3042-225x300.jpg\" alt=\"IMG_3042\" width=\"225\" height=\"300\" class=\"alignright size-medium wp-image-3241\" srcset=\"https:\/\/giannidavico.it\/brainfood\/files\/2016\/05\/IMG_3042-225x300.jpg 225w, https:\/\/giannidavico.it\/brainfood\/files\/2016\/05\/IMG_3042.jpg 480w\" sizes=\"(max-width: 225px) 100vw, 225px\" \/><\/a><\/p>\n<p><a href=\"https:\/\/giannidavico.it\/brainfood\/files\/2016\/05\/IMG_3043.jpg\"><img loading=\"lazy\" src=\"https:\/\/giannidavico.it\/brainfood\/files\/2016\/05\/IMG_3043-300x225.jpg\" alt=\"IMG_3043\" width=\"300\" height=\"225\" class=\"alignright size-medium wp-image-3242\" srcset=\"https:\/\/giannidavico.it\/brainfood\/files\/2016\/05\/IMG_3043-300x225.jpg 300w, https:\/\/giannidavico.it\/brainfood\/files\/2016\/05\/IMG_3043.jpg 640w\" sizes=\"(max-width: 300px) 100vw, 300px\" \/><\/a><br \/>\nIn mezzo alle mie montagne, sabato pomeriggio, mi \u00e8 sembrato di capire qualcosa, anche se non sapevo n\u00e9 so dire che cosa.<\/p>\n<p>Ero partito dal fondo della valle Grana e l&#8217;ho risalita, in auto, fino a dove \u00e8 stato possibile, ovvero fino a che la strada non era bloccata dalla neve, qualche chilometro oltre il santuario di Castelmagno, fermandomi spessissimo per contemplare il paesaggio e fare brevi camminate. Faceva freddissimo, ma il pomeriggio era bello nonostante le previsioni. (Non \u00e8 una metafora anche questa, forse?)<\/p>\n<p>Non lo so spiegare, certe cose probabilmente non esistono nelle parole, per\u00f2 so che io in mezzo alle mie montagne mi sento in pace con me, mi sento sereno. Non penso che si possa parlare di felicit\u00e0, perch\u00e9 probabilmente quello stato \u00e8 al di l\u00e0 della felicit\u00e0. \u00c8 come la stanza accanto alla stanza della felicit\u00e0, qualcosa del genere.<\/p>\n<p>Mi accompagnavano le immagini, le immagini soprattutto, lo spettacolo meraviglioso che la natura aveva organizzato per me. E poi mi accompagnavano i suoni, principalmente due: il lieto e tranquillo scorrere dell&#8217;acqua e il canto sereno di uccelli di cui ahim\u00e8 ignoro il nome.<\/p>\n<p>Mi \u00e8 venuto in mente un libro letto tanti anni fa, <em>La via del Toro<\/em> di Leo Buscaglia, di cui ricordo pochissimo ma so che descriveva sensazioni simili a quelle che ho provato sabato.<\/p>\n<p>E mi sovveniva la <em>squilla argentina<\/em> di dantesca memoria.<\/p>\n<p>La pace della mente \u00e8 fatta anche di cose strane, a volte, di sensazioni che a raccontarle probabilmente perdono gran parte del loro peso specifico.<\/p>\n<p>Verso l&#8217;imbrunire faceva molto freddo, un termometro che ho visto segnava quattro gradi, ma tutta l&#8217;atmosfera la temperatura l&#8217;aria la luce declinante i suoni e le cose erano magicamente assemblati in un uno tutto in cui io mi sentivo assolutamente sereno e in pace con me, come mi accade sempre quando sono nelle mie montagne.<\/p>\n","protected":false},"excerpt":{"rendered":"<p><a href=\"https:\/\/giannidavico.it\/brainfood\/files\/2016\/05\/IMG_3037.jpg\"><img loading=\"lazy\" src=\"https:\/\/giannidavico.it\/brainfood\/files\/2016\/05\/IMG_3037-300x225.jpg\" alt=\"IMG_3037\" width=\"300\" height=\"225\" class=\"alignright size-medium wp-image-3236\" srcset=\"https:\/\/giannidavico.it\/brainfood\/files\/2016\/05\/IMG_3037-300x225.jpg 300w, https:\/\/giannidavico.it\/brainfood\/files\/2016\/05\/IMG_3037.jpg 640w\" sizes=\"(max-width: 300px) 100vw, 300px\" \/><\/a><\/p>\n<p><a href=\"https:\/\/giannidavico.it\/brainfood\/files\/2016\/05\/IMG_3038.jpg\"><img loading=\"lazy\" src=\"https:\/\/giannidavico.it\/brainfood\/files\/2016\/05\/IMG_3038-300x225.jpg\" alt=\"IMG_3038\" width=\"300\" height=\"225\" class=\"alignright size-medium wp-image-3237\" srcset=\"https:\/\/giannidavico.it\/brainfood\/files\/2016\/05\/IMG_3038-300x225.jpg 300w, https:\/\/giannidavico.it\/brainfood\/files\/2016\/05\/IMG_3038.jpg 640w\" sizes=\"(max-width: 300px) 100vw, 300px\" \/><\/a><\/p>\n<p><a href=\"https:\/\/giannidavico.it\/brainfood\/files\/2016\/05\/IMG_3039.jpg\"><img loading=\"lazy\" src=\"https:\/\/giannidavico.it\/brainfood\/files\/2016\/05\/IMG_3039-300x225.jpg\" alt=\"IMG_3039\" width=\"300\" height=\"225\" class=\"alignright size-medium wp-image-3238\" srcset=\"https:\/\/giannidavico.it\/brainfood\/files\/2016\/05\/IMG_3039-300x225.jpg 300w, https:\/\/giannidavico.it\/brainfood\/files\/2016\/05\/IMG_3039.jpg 640w\" sizes=\"(max-width: 300px) 100vw, 300px\" \/><\/a><\/p>\n<p><a href=\"https:\/\/giannidavico.it\/brainfood\/files\/2016\/05\/IMG_3040.jpg\"><img loading=\"lazy\" src=\"https:\/\/giannidavico.it\/brainfood\/files\/2016\/05\/IMG_3040-300x225.jpg\" alt=\"IMG_3040\" width=\"300\" height=\"225\" class=\"alignright size-medium wp-image-3239\" srcset=\"https:\/\/giannidavico.it\/brainfood\/files\/2016\/05\/IMG_3040-300x225.jpg 300w, https:\/\/giannidavico.it\/brainfood\/files\/2016\/05\/IMG_3040.jpg 640w\" sizes=\"(max-width: 300px) 100vw, 300px\" \/><\/a><\/p>\n<p><a href=\"https:\/\/giannidavico.it\/brainfood\/files\/2016\/05\/IMG_3041.jpg\"><img loading=\"lazy\" src=\"https:\/\/giannidavico.it\/brainfood\/files\/2016\/05\/IMG_3041-300x225.jpg\" alt=\"IMG_3041\" width=\"300\" height=\"225\" class=\"alignright size-medium wp-image-3240\" srcset=\"https:\/\/giannidavico.it\/brainfood\/files\/2016\/05\/IMG_3041-300x225.jpg 300w, https:\/\/giannidavico.it\/brainfood\/files\/2016\/05\/IMG_3041.jpg 640w\" sizes=\"(max-width: 300px) 100vw, 300px\" \/><\/a><\/p>\n<p><a href=\"https:\/\/giannidavico.it\/brainfood\/files\/2016\/05\/IMG_3042.jpg\"><img loading=\"lazy\" src=\"https:\/\/giannidavico.it\/brainfood\/files\/2016\/05\/IMG_3042-225x300.jpg\" alt=\"IMG_3042\" width=\"225\" height=\"300\" class=\"alignright size-medium wp-image-3241\" srcset=\"https:\/\/giannidavico.it\/brainfood\/files\/2016\/05\/IMG_3042-225x300.jpg 225w, https:\/\/giannidavico.it\/brainfood\/files\/2016\/05\/IMG_3042.jpg 480w\" sizes=\"(max-width: 225px) 100vw, 225px\" \/><\/a><\/p>\n<p><a href=\"https:\/\/giannidavico.it\/brainfood\/files\/2016\/05\/IMG_3043.jpg\"><img loading=\"lazy\" src=\"https:\/\/giannidavico.it\/brainfood\/files\/2016\/05\/IMG_3043-300x225.jpg\" alt=\"IMG_3043\" width=\"300\" height=\"225\" class=\"alignright size-medium wp-image-3242\" srcset=\"https:\/\/giannidavico.it\/brainfood\/files\/2016\/05\/IMG_3043-300x225.jpg 300w, https:\/\/giannidavico.it\/brainfood\/files\/2016\/05\/IMG_3043.jpg 640w\" sizes=\"(max-width: 300px) 100vw, 300px\" \/><\/a><br \/> In mezzo alle mie montagne, sabato pomeriggio, mi \u00e8 sembrato di capire qualcosa, anche se non sapevo n\u00e9 so dire che cosa.<\/p>\n<p>Ero partito dal fondo della valle Grana e l&#8217;ho risalita, in auto, fino a dove \u00e8 stato possibile, ovvero fino a che la strada non era bloccata dalla neve, qualche chilometro oltre il santuario di Castelmagno, fermandomi spessissimo per contemplare il paesaggio e fare [\u2026] <a class=\"moretag\" href=\"https:\/\/giannidavico.it\/brainfood\/2016\/05\/02\/alle-radici-dellessenza-delle-cose\/\">continua a leggere \u00bb<\/a><\/p>\n","protected":false},"author":3,"featured_media":0,"comment_status":"open","ping_status":"open","sticky":false,"template":"","format":"standard","meta":[],"categories":[1],"tags":[7650,8017],"yoast_head":"<!-- This site is optimized with the Yoast SEO plugin v19.14 - https:\/\/yoast.com\/wordpress\/plugins\/seo\/ -->\n<title>Alle radici dell&#039;essenza delle cose - Brainfood<\/title>\n<meta name=\"robots\" content=\"index, follow, max-snippet:-1, max-image-preview:large, max-video-preview:-1\" \/>\n<link rel=\"canonical\" href=\"https:\/\/giannidavico.it\/brainfood\/2016\/05\/02\/alle-radici-dellessenza-delle-cose\/\" \/>\n<meta property=\"og:locale\" content=\"it_IT\" \/>\n<meta property=\"og:type\" content=\"article\" \/>\n<meta property=\"og:title\" content=\"Alle radici dell&#039;essenza delle cose - Brainfood\" \/>\n<meta property=\"og:description\" content=\"In mezzo alle mie montagne, sabato pomeriggio, mi \u00e8 sembrato di capire qualcosa, anche se non sapevo n\u00e9 so dire che cosa. Ero partito dal fondo della valle Grana e l&#8217;ho risalita, in auto, fino a dove \u00e8 stato possibile, ovvero fino a che la strada non era bloccata dalla neve, qualche chilometro oltre il santuario di Castelmagno, fermandomi spessissimo per contemplare il paesaggio e fare [\u2026] continua a leggere \u00bb\" \/>\n<meta property=\"og:url\" content=\"https:\/\/giannidavico.it\/brainfood\/2016\/05\/02\/alle-radici-dellessenza-delle-cose\/\" \/>\n<meta property=\"og:site_name\" content=\"Brainfood\" \/>\n<meta property=\"article:published_time\" content=\"2016-05-02T06:46:48+00:00\" \/>\n<meta property=\"og:image\" content=\"https:\/\/giannidavico.it\/brainfood\/files\/2016\/05\/IMG_3037-300x225.jpg\" \/>\n<meta name=\"author\" content=\"gdavico\" \/>\n<meta name=\"twitter:card\" content=\"summary_large_image\" \/>\n<meta name=\"twitter:label1\" content=\"Scritto da\" \/>\n\t<meta name=\"twitter:data1\" content=\"gdavico\" \/>\n\t<meta name=\"twitter:label2\" content=\"Tempo di lettura stimato\" \/>\n\t<meta name=\"twitter:data2\" content=\"2 minuti\" \/>\n<script type=\"application\/ld+json\" class=\"yoast-schema-graph\">{\"@context\":\"https:\/\/schema.org\",\"@graph\":[{\"@type\":\"WebPage\",\"@id\":\"https:\/\/giannidavico.it\/brainfood\/2016\/05\/02\/alle-radici-dellessenza-delle-cose\/\",\"url\":\"https:\/\/giannidavico.it\/brainfood\/2016\/05\/02\/alle-radici-dellessenza-delle-cose\/\",\"name\":\"Alle radici dell'essenza delle cose - Brainfood\",\"isPartOf\":{\"@id\":\"https:\/\/giannidavico.it\/brainfood\/#website\"},\"datePublished\":\"2016-05-02T06:46:48+00:00\",\"dateModified\":\"2016-05-02T06:46:48+00:00\",\"author\":{\"@id\":\"https:\/\/giannidavico.it\/brainfood\/#\/schema\/person\/baad43f72922029b47357be1b6e13865\"},\"inLanguage\":\"it-IT\",\"potentialAction\":[{\"@type\":\"ReadAction\",\"target\":[\"https:\/\/giannidavico.it\/brainfood\/2016\/05\/02\/alle-radici-dellessenza-delle-cose\/\"]}]},{\"@type\":\"WebSite\",\"@id\":\"https:\/\/giannidavico.it\/brainfood\/#website\",\"url\":\"https:\/\/giannidavico.it\/brainfood\/\",\"name\":\"Brainfood\",\"description\":\"L&#039;industria della traduzione, secondo me.  Visioni, previsioni, travisamenti\",\"potentialAction\":[{\"@type\":\"SearchAction\",\"target\":{\"@type\":\"EntryPoint\",\"urlTemplate\":\"https:\/\/giannidavico.it\/brainfood\/?s={search_term_string}\"},\"query-input\":\"required name=search_term_string\"}],\"inLanguage\":\"it-IT\"},{\"@type\":\"Person\",\"@id\":\"https:\/\/giannidavico.it\/brainfood\/#\/schema\/person\/baad43f72922029b47357be1b6e13865\",\"name\":\"gdavico\",\"image\":{\"@type\":\"ImageObject\",\"inLanguage\":\"it-IT\",\"@id\":\"https:\/\/giannidavico.it\/brainfood\/#\/schema\/person\/image\/\",\"url\":\"https:\/\/secure.gravatar.com\/avatar\/337748753d882602f3038b55fb369ba1?s=96&d=mm&r=g\",\"contentUrl\":\"https:\/\/secure.gravatar.com\/avatar\/337748753d882602f3038b55fb369ba1?s=96&d=mm&r=g\",\"caption\":\"gdavico\"},\"url\":\"https:\/\/giannidavico.it\/brainfood\/author\/gdavico\/\"}]}<\/script>\n<!-- \/ Yoast SEO plugin. -->","yoast_head_json":{"title":"Alle radici dell'essenza delle cose - Brainfood","robots":{"index":"index","follow":"follow","max-snippet":"max-snippet:-1","max-image-preview":"max-image-preview:large","max-video-preview":"max-video-preview:-1"},"canonical":"https:\/\/giannidavico.it\/brainfood\/2016\/05\/02\/alle-radici-dellessenza-delle-cose\/","og_locale":"it_IT","og_type":"article","og_title":"Alle radici dell'essenza delle cose - Brainfood","og_description":"In mezzo alle mie montagne, sabato pomeriggio, mi \u00e8 sembrato di capire qualcosa, anche se non sapevo n\u00e9 so dire che cosa. Ero partito dal fondo della valle Grana e l&#8217;ho risalita, in auto, fino a dove \u00e8 stato possibile, ovvero fino a che la strada non era bloccata dalla neve, qualche chilometro oltre il santuario di Castelmagno, fermandomi spessissimo per contemplare il paesaggio e fare [\u2026] continua a leggere \u00bb","og_url":"https:\/\/giannidavico.it\/brainfood\/2016\/05\/02\/alle-radici-dellessenza-delle-cose\/","og_site_name":"Brainfood","article_published_time":"2016-05-02T06:46:48+00:00","og_image":[{"url":"https:\/\/giannidavico.it\/brainfood\/files\/2016\/05\/IMG_3037-300x225.jpg"}],"author":"gdavico","twitter_card":"summary_large_image","twitter_misc":{"Scritto da":"gdavico","Tempo di lettura stimato":"2 minuti"},"schema":{"@context":"https:\/\/schema.org","@graph":[{"@type":"WebPage","@id":"https:\/\/giannidavico.it\/brainfood\/2016\/05\/02\/alle-radici-dellessenza-delle-cose\/","url":"https:\/\/giannidavico.it\/brainfood\/2016\/05\/02\/alle-radici-dellessenza-delle-cose\/","name":"Alle radici dell'essenza delle cose - Brainfood","isPartOf":{"@id":"https:\/\/giannidavico.it\/brainfood\/#website"},"datePublished":"2016-05-02T06:46:48+00:00","dateModified":"2016-05-02T06:46:48+00:00","author":{"@id":"https:\/\/giannidavico.it\/brainfood\/#\/schema\/person\/baad43f72922029b47357be1b6e13865"},"inLanguage":"it-IT","potentialAction":[{"@type":"ReadAction","target":["https:\/\/giannidavico.it\/brainfood\/2016\/05\/02\/alle-radici-dellessenza-delle-cose\/"]}]},{"@type":"WebSite","@id":"https:\/\/giannidavico.it\/brainfood\/#website","url":"https:\/\/giannidavico.it\/brainfood\/","name":"Brainfood","description":"L&#039;industria della traduzione, secondo me.  Visioni, previsioni, travisamenti","potentialAction":[{"@type":"SearchAction","target":{"@type":"EntryPoint","urlTemplate":"https:\/\/giannidavico.it\/brainfood\/?s={search_term_string}"},"query-input":"required name=search_term_string"}],"inLanguage":"it-IT"},{"@type":"Person","@id":"https:\/\/giannidavico.it\/brainfood\/#\/schema\/person\/baad43f72922029b47357be1b6e13865","name":"gdavico","image":{"@type":"ImageObject","inLanguage":"it-IT","@id":"https:\/\/giannidavico.it\/brainfood\/#\/schema\/person\/image\/","url":"https:\/\/secure.gravatar.com\/avatar\/337748753d882602f3038b55fb369ba1?s=96&d=mm&r=g","contentUrl":"https:\/\/secure.gravatar.com\/avatar\/337748753d882602f3038b55fb369ba1?s=96&d=mm&r=g","caption":"gdavico"},"url":"https:\/\/giannidavico.it\/brainfood\/author\/gdavico\/"}]}},"_links":{"self":[{"href":"https:\/\/giannidavico.it\/brainfood\/wp-json\/wp\/v2\/posts\/3229"}],"collection":[{"href":"https:\/\/giannidavico.it\/brainfood\/wp-json\/wp\/v2\/posts"}],"about":[{"href":"https:\/\/giannidavico.it\/brainfood\/wp-json\/wp\/v2\/types\/post"}],"author":[{"embeddable":true,"href":"https:\/\/giannidavico.it\/brainfood\/wp-json\/wp\/v2\/users\/3"}],"replies":[{"embeddable":true,"href":"https:\/\/giannidavico.it\/brainfood\/wp-json\/wp\/v2\/comments?post=3229"}],"version-history":[{"count":7,"href":"https:\/\/giannidavico.it\/brainfood\/wp-json\/wp\/v2\/posts\/3229\/revisions"}],"predecessor-version":[{"id":3243,"href":"https:\/\/giannidavico.it\/brainfood\/wp-json\/wp\/v2\/posts\/3229\/revisions\/3243"}],"wp:attachment":[{"href":"https:\/\/giannidavico.it\/brainfood\/wp-json\/wp\/v2\/media?parent=3229"}],"wp:term":[{"taxonomy":"category","embeddable":true,"href":"https:\/\/giannidavico.it\/brainfood\/wp-json\/wp\/v2\/categories?post=3229"},{"taxonomy":"post_tag","embeddable":true,"href":"https:\/\/giannidavico.it\/brainfood\/wp-json\/wp\/v2\/tags?post=3229"}],"curies":[{"name":"wp","href":"https:\/\/api.w.org\/{rel}","templated":true}]}}