{"id":3282,"date":"2016-05-30T06:00:56","date_gmt":"2016-05-30T04:00:56","guid":{"rendered":"https:\/\/giannidavico.it\/staging\/brainfood\/?p=3282"},"modified":"2016-05-30T08:22:57","modified_gmt":"2016-05-30T06:22:57","slug":"salire-per-scendere","status":"publish","type":"post","link":"https:\/\/giannidavico.it\/brainfood\/2016\/05\/30\/salire-per-scendere\/","title":{"rendered":"Salire per scendere"},"content":{"rendered":"<p>In poche parole, sabato \u00e8 andata cos\u00ec:<br \/>\n<a href=\"https:\/\/giannidavico.it\/brainfood\/files\/2016\/05\/IMG_3186.png\"><img loading=\"lazy\" src=\"https:\/\/giannidavico.it\/brainfood\/files\/2016\/05\/IMG_3186-169x300.png\" alt=\"IMG_3186\" width=\"169\" height=\"300\" class=\"aligncenter size-medium wp-image-3283\" srcset=\"https:\/\/giannidavico.it\/brainfood\/files\/2016\/05\/IMG_3186-169x300.png 169w, https:\/\/giannidavico.it\/brainfood\/files\/2016\/05\/IMG_3186-577x1024.png 577w, https:\/\/giannidavico.it\/brainfood\/files\/2016\/05\/IMG_3186.png 640w\" sizes=\"(max-width: 169px) 100vw, 169px\" \/><\/a><br \/>\nA mezzogiorno ero al <a href=\"https:\/\/it.wikipedia.org\/wiki\/Santuario_di_San_Magno\" target=\"_blank\">santuario<\/a>, che \u00e8 di fatto il punto di partenza per tante mie camminate, e ho iniziato la salita verso il <a href=\"https:\/\/it.wikipedia.org\/wiki\/Monte_Tibert\" target=\"_blank\">monte Tibert<\/a>, dove sono arrivato due ore pi\u00f9 tardi. Su c&#8217;era la nebbia ma non mi importava: i pensieri erano puri, puliti, leggeri. E poi <strong>si cammina per camminare, mica per altro o per giungere a un punto preciso: si cammina per mettere un passo dopo l&#8217;altro, salire, scendere o quel che comunque ti presenta la strada. Si va, si va e basta.<\/strong><\/p>\n<p>Ho poi seguito il crinale fino al monte Crosetta, anche piangendo per la commozione di quello spettacolo immenso e assoluto. Gi\u00e0, non ho ancora metabolizzato il fatto che al mondo esista tanta bellezza.<\/p>\n<p>A un certo punto ho scorto <a href=\"http:\/\/www.lavousdechastelmanh.it\/archivio\/a36_3_4\/narbouno.htm\" target=\"_blank\">Narbona<\/a> (L&#8217;Arbouna):<br \/>\n<a href=\"https:\/\/giannidavico.it\/brainfood\/files\/2016\/05\/Narbona.jpg\"><img loading=\"lazy\" src=\"https:\/\/giannidavico.it\/brainfood\/files\/2016\/05\/Narbona-225x300.jpg\" alt=\"Narbona\" width=\"225\" height=\"300\" class=\"aligncenter size-medium wp-image-3287\" srcset=\"https:\/\/giannidavico.it\/brainfood\/files\/2016\/05\/Narbona-225x300.jpg 225w, https:\/\/giannidavico.it\/brainfood\/files\/2016\/05\/Narbona-768x1024.jpg 768w, https:\/\/giannidavico.it\/brainfood\/files\/2016\/05\/Narbona.jpg 1224w\" sizes=\"(max-width: 225px) 100vw, 225px\" \/><\/a><br \/>\nE in quel momento mi \u00e8 stato chiaro perch\u00e9 ero arrivato fino a l\u00ec: per vedere quel luogo, pieno di fascino e di mistero, che non conoscevo. Non ho pensato, ho  scarpinato gi\u00f9 per la montagna per cercare di arrivare in quel luogo lontanissimo. I piedi mi dolevano ma la passione \u00e8 fatta cos\u00ec, non \u00e8 fatta di pensieri.<\/p>\n<p>Ragionandoci dopo ho capito che l&#8217;attrazione derivava dal fatto che l\u00ec si concentravano non una ma due mie passioni, le nostre montagne e i luoghi antropizzati abbandonati (perch\u00e9 cerco sempre di immaginarmi com&#8217;era la vita in un luogo quand&#8217;esso era animato e, appunto, vivente). Quando ad esempio grazie ad <a href=\"http:\/\/www.albyphoto.it\/chi-sono\/\" target=\"_blank\">Alberto<\/a> ho scoperto <a href=\"http:\/\/www.albyphoto.it\/articoli\/pista-abbandonata-morano-sul-po\/\" target=\"_blank\">questo luogo<\/a> ho subito pensato di volerci andare: cosa che feci dopo breve tempo con mia figlia piccola, per poi tornarci poco tempo fa in bici. Mi immaginavo le voci, la folla, il rumore, l&#8217;atmosfera.<br \/>\n<a href=\"https:\/\/giannidavico.it\/brainfood\/files\/2016\/05\/IMG_3176.jpg\"><img loading=\"lazy\" src=\"https:\/\/giannidavico.it\/brainfood\/files\/2016\/05\/IMG_3176-225x300.jpg\" alt=\"IMG_3176\" width=\"225\" height=\"300\" class=\"alignleft size-medium wp-image-3292\" srcset=\"https:\/\/giannidavico.it\/brainfood\/files\/2016\/05\/IMG_3176-225x300.jpg 225w, https:\/\/giannidavico.it\/brainfood\/files\/2016\/05\/IMG_3176-768x1024.jpg 768w, https:\/\/giannidavico.it\/brainfood\/files\/2016\/05\/IMG_3176.jpg 1224w\" sizes=\"(max-width: 225px) 100vw, 225px\" \/><\/a><br \/>\nMa dopo mezz&#8217;ora abbondante di passi posticci mi sono reso conto che non ci sarei arrivato, non per questa volta almeno. E il cruccio di non poterci arrivare mi ha fatto venire in mente il cugino di Pavese (<em>I mari del Sud<\/em>):<\/p>\n<blockquote><p>Solo un sogno<br \/>\ngli \u00e8 rimasto nel sangue: ha incrociato una volta,<br \/>\nda fuochista su un legno olandese da pesca, il cetaceo,<br \/>\ne ha veduto volare i ramponi pesanti nel sole,<br \/>\nha veduto fuggire balene tra schiume di sangue<br \/>\ne inseguirle e innalzarsi le code e lottare alla lancia.<\/p><\/blockquote>\n<p>Ecco, Narbona \u00e8 quel cetaceo, l&#8217;andare del prossimo viaggio.<\/p>\n","protected":false},"excerpt":{"rendered":"<p>In poche parole, sabato \u00e8 andata cos\u00ec:<br \/> <a href=\"https:\/\/giannidavico.it\/brainfood\/files\/2016\/05\/IMG_3186.png\"><img loading=\"lazy\" src=\"https:\/\/giannidavico.it\/brainfood\/files\/2016\/05\/IMG_3186-169x300.png\" alt=\"IMG_3186\" width=\"169\" height=\"300\" class=\"aligncenter size-medium wp-image-3283\" srcset=\"https:\/\/giannidavico.it\/brainfood\/files\/2016\/05\/IMG_3186-169x300.png 169w, https:\/\/giannidavico.it\/brainfood\/files\/2016\/05\/IMG_3186-577x1024.png 577w, https:\/\/giannidavico.it\/brainfood\/files\/2016\/05\/IMG_3186.png 640w\" sizes=\"(max-width: 169px) 100vw, 169px\" \/><\/a><br \/> A mezzogiorno ero al <a href=\"https:\/\/it.wikipedia.org\/wiki\/Santuario_di_San_Magno\" target=\"_blank\">santuario<\/a>, che \u00e8 di fatto il punto di partenza per tante mie camminate, e ho iniziato la salita verso il <a href=\"https:\/\/it.wikipedia.org\/wiki\/Monte_Tibert\" target=\"_blank\">monte Tibert<\/a>, dove sono arrivato due ore pi\u00f9 tardi. Su c&#8217;era la nebbia ma non mi importava: i pensieri erano puri, puliti, leggeri. E poi <strong>si cammina per camminare, mica per altro o per giungere a un punto preciso: si cammina per mettere un passo dopo l&#8217;altro, salire, scendere o quel che comunque ti presenta la strada. Si va, si va e basta.<\/strong><\/p>\n<p>Ho poi seguito il crinale fino al monte Crosetta, anche piangendo per la commozione di quello spettacolo immenso e assoluto. Gi\u00e0, non ho ancora metabolizzato il fatto che al mondo esista tanta bellezza.<\/p>\n<p>A un certo punto ho scorto <a href=\"http:\/\/www.lavousdechastelmanh.it\/archivio\/a36_3_4\/narbouno.htm\" target=\"_blank\">Narbona<\/a> (L&#8217;Arbouna):<br \/> <a href=\"https:\/\/giannidavico.it\/brainfood\/files\/2016\/05\/Narbona.jpg\"><img loading=\"lazy\" src=\"https:\/\/giannidavico.it\/brainfood\/files\/2016\/05\/Narbona-225x300.jpg\" alt=\"Narbona\" width=\"225\" height=\"300\" class=\"aligncenter size-medium wp-image-3287\" srcset=\"https:\/\/giannidavico.it\/brainfood\/files\/2016\/05\/Narbona-225x300.jpg 225w, https:\/\/giannidavico.it\/brainfood\/files\/2016\/05\/Narbona-768x1024.jpg 768w, https:\/\/giannidavico.it\/brainfood\/files\/2016\/05\/Narbona.jpg 1224w\" sizes=\"(max-width: 225px) 100vw, 225px\" \/><\/a><br \/> E in quel momento mi \u00e8 stato chiaro perch\u00e9 ero arrivato fino a [\u2026] <a class=\"moretag\" href=\"https:\/\/giannidavico.it\/brainfood\/2016\/05\/30\/salire-per-scendere\/\">continua a leggere \u00bb<\/a><\/p>\n","protected":false},"author":4,"featured_media":0,"comment_status":"open","ping_status":"open","sticky":false,"template":"","format":"standard","meta":[],"categories":[1],"tags":[7650,52],"yoast_head":"<!-- This site is optimized with the Yoast SEO plugin v19.14 - https:\/\/yoast.com\/wordpress\/plugins\/seo\/ -->\n<title>Salire per scendere - Brainfood<\/title>\n<meta name=\"robots\" content=\"index, follow, max-snippet:-1, max-image-preview:large, max-video-preview:-1\" \/>\n<link rel=\"canonical\" href=\"https:\/\/giannidavico.it\/brainfood\/2016\/05\/30\/salire-per-scendere\/\" \/>\n<meta property=\"og:locale\" content=\"it_IT\" \/>\n<meta property=\"og:type\" content=\"article\" \/>\n<meta property=\"og:title\" content=\"Salire per scendere - Brainfood\" \/>\n<meta property=\"og:description\" content=\"In poche parole, sabato \u00e8 andata cos\u00ec: A mezzogiorno ero al santuario, che \u00e8 di fatto il punto di partenza per tante mie camminate, e ho iniziato la salita verso il monte Tibert, dove sono arrivato due ore pi\u00f9 tardi. Su c&#8217;era la nebbia ma non mi importava: i pensieri erano puri, puliti, leggeri. E poi si cammina per camminare, mica per altro o per giungere a un punto preciso: si cammina per mettere un passo dopo l&#8217;altro, salire, scendere o quel che comunque ti presenta la strada. Si va, si va e basta. Ho poi seguito il crinale fino al monte Crosetta, anche piangendo per la commozione di quello spettacolo immenso e assoluto. Gi\u00e0, non ho ancora metabolizzato il fatto che al mondo esista tanta bellezza. A un certo punto ho scorto Narbona (L&#8217;Arbouna): E in quel momento mi \u00e8 stato chiaro perch\u00e9 ero arrivato fino a [\u2026] continua a leggere \u00bb\" \/>\n<meta property=\"og:url\" content=\"https:\/\/giannidavico.it\/brainfood\/2016\/05\/30\/salire-per-scendere\/\" \/>\n<meta property=\"og:site_name\" content=\"Brainfood\" \/>\n<meta property=\"article:published_time\" content=\"2016-05-30T04:00:56+00:00\" \/>\n<meta property=\"article:modified_time\" content=\"2016-05-30T06:22:57+00:00\" \/>\n<meta property=\"og:image\" content=\"https:\/\/giannidavico.it\/brainfood\/files\/2016\/05\/IMG_3186-169x300.png\" \/>\n<meta name=\"author\" content=\"giannidavico\" \/>\n<meta name=\"twitter:card\" content=\"summary_large_image\" \/>\n<meta name=\"twitter:label1\" content=\"Scritto da\" \/>\n\t<meta name=\"twitter:data1\" content=\"giannidavico\" \/>\n\t<meta name=\"twitter:label2\" content=\"Tempo di lettura stimato\" \/>\n\t<meta name=\"twitter:data2\" content=\"2 minuti\" \/>\n<script type=\"application\/ld+json\" class=\"yoast-schema-graph\">{\"@context\":\"https:\/\/schema.org\",\"@graph\":[{\"@type\":\"WebPage\",\"@id\":\"https:\/\/giannidavico.it\/brainfood\/2016\/05\/30\/salire-per-scendere\/\",\"url\":\"https:\/\/giannidavico.it\/brainfood\/2016\/05\/30\/salire-per-scendere\/\",\"name\":\"Salire per scendere - Brainfood\",\"isPartOf\":{\"@id\":\"https:\/\/giannidavico.it\/brainfood\/#website\"},\"datePublished\":\"2016-05-30T04:00:56+00:00\",\"dateModified\":\"2016-05-30T06:22:57+00:00\",\"author\":{\"@id\":\"https:\/\/giannidavico.it\/brainfood\/#\/schema\/person\/ea1fd17d8f2dba325f3712219efa8f77\"},\"inLanguage\":\"it-IT\",\"potentialAction\":[{\"@type\":\"ReadAction\",\"target\":[\"https:\/\/giannidavico.it\/brainfood\/2016\/05\/30\/salire-per-scendere\/\"]}]},{\"@type\":\"WebSite\",\"@id\":\"https:\/\/giannidavico.it\/brainfood\/#website\",\"url\":\"https:\/\/giannidavico.it\/brainfood\/\",\"name\":\"Brainfood\",\"description\":\"L&#039;industria della traduzione, secondo me.  Visioni, previsioni, travisamenti\",\"potentialAction\":[{\"@type\":\"SearchAction\",\"target\":{\"@type\":\"EntryPoint\",\"urlTemplate\":\"https:\/\/giannidavico.it\/brainfood\/?s={search_term_string}\"},\"query-input\":\"required name=search_term_string\"}],\"inLanguage\":\"it-IT\"},{\"@type\":\"Person\",\"@id\":\"https:\/\/giannidavico.it\/brainfood\/#\/schema\/person\/ea1fd17d8f2dba325f3712219efa8f77\",\"name\":\"giannidavico\",\"image\":{\"@type\":\"ImageObject\",\"inLanguage\":\"it-IT\",\"@id\":\"https:\/\/giannidavico.it\/brainfood\/#\/schema\/person\/image\/\",\"url\":\"https:\/\/secure.gravatar.com\/avatar\/337748753d882602f3038b55fb369ba1?s=96&d=mm&r=g\",\"contentUrl\":\"https:\/\/secure.gravatar.com\/avatar\/337748753d882602f3038b55fb369ba1?s=96&d=mm&r=g\",\"caption\":\"giannidavico\"},\"url\":\"https:\/\/giannidavico.it\/brainfood\/author\/giannidavico\/\"}]}<\/script>\n<!-- \/ Yoast SEO plugin. -->","yoast_head_json":{"title":"Salire per scendere - Brainfood","robots":{"index":"index","follow":"follow","max-snippet":"max-snippet:-1","max-image-preview":"max-image-preview:large","max-video-preview":"max-video-preview:-1"},"canonical":"https:\/\/giannidavico.it\/brainfood\/2016\/05\/30\/salire-per-scendere\/","og_locale":"it_IT","og_type":"article","og_title":"Salire per scendere - Brainfood","og_description":"In poche parole, sabato \u00e8 andata cos\u00ec: A mezzogiorno ero al santuario, che \u00e8 di fatto il punto di partenza per tante mie camminate, e ho iniziato la salita verso il monte Tibert, dove sono arrivato due ore pi\u00f9 tardi. Su c&#8217;era la nebbia ma non mi importava: i pensieri erano puri, puliti, leggeri. E poi si cammina per camminare, mica per altro o per giungere a un punto preciso: si cammina per mettere un passo dopo l&#8217;altro, salire, scendere o quel che comunque ti presenta la strada. Si va, si va e basta. Ho poi seguito il crinale fino al monte Crosetta, anche piangendo per la commozione di quello spettacolo immenso e assoluto. Gi\u00e0, non ho ancora metabolizzato il fatto che al mondo esista tanta bellezza. A un certo punto ho scorto Narbona (L&#8217;Arbouna): E in quel momento mi \u00e8 stato chiaro perch\u00e9 ero arrivato fino a [\u2026] continua a leggere \u00bb","og_url":"https:\/\/giannidavico.it\/brainfood\/2016\/05\/30\/salire-per-scendere\/","og_site_name":"Brainfood","article_published_time":"2016-05-30T04:00:56+00:00","article_modified_time":"2016-05-30T06:22:57+00:00","og_image":[{"url":"https:\/\/giannidavico.it\/brainfood\/files\/2016\/05\/IMG_3186-169x300.png"}],"author":"giannidavico","twitter_card":"summary_large_image","twitter_misc":{"Scritto da":"giannidavico","Tempo di lettura stimato":"2 minuti"},"schema":{"@context":"https:\/\/schema.org","@graph":[{"@type":"WebPage","@id":"https:\/\/giannidavico.it\/brainfood\/2016\/05\/30\/salire-per-scendere\/","url":"https:\/\/giannidavico.it\/brainfood\/2016\/05\/30\/salire-per-scendere\/","name":"Salire per scendere - Brainfood","isPartOf":{"@id":"https:\/\/giannidavico.it\/brainfood\/#website"},"datePublished":"2016-05-30T04:00:56+00:00","dateModified":"2016-05-30T06:22:57+00:00","author":{"@id":"https:\/\/giannidavico.it\/brainfood\/#\/schema\/person\/ea1fd17d8f2dba325f3712219efa8f77"},"inLanguage":"it-IT","potentialAction":[{"@type":"ReadAction","target":["https:\/\/giannidavico.it\/brainfood\/2016\/05\/30\/salire-per-scendere\/"]}]},{"@type":"WebSite","@id":"https:\/\/giannidavico.it\/brainfood\/#website","url":"https:\/\/giannidavico.it\/brainfood\/","name":"Brainfood","description":"L&#039;industria della traduzione, secondo me.  Visioni, previsioni, travisamenti","potentialAction":[{"@type":"SearchAction","target":{"@type":"EntryPoint","urlTemplate":"https:\/\/giannidavico.it\/brainfood\/?s={search_term_string}"},"query-input":"required name=search_term_string"}],"inLanguage":"it-IT"},{"@type":"Person","@id":"https:\/\/giannidavico.it\/brainfood\/#\/schema\/person\/ea1fd17d8f2dba325f3712219efa8f77","name":"giannidavico","image":{"@type":"ImageObject","inLanguage":"it-IT","@id":"https:\/\/giannidavico.it\/brainfood\/#\/schema\/person\/image\/","url":"https:\/\/secure.gravatar.com\/avatar\/337748753d882602f3038b55fb369ba1?s=96&d=mm&r=g","contentUrl":"https:\/\/secure.gravatar.com\/avatar\/337748753d882602f3038b55fb369ba1?s=96&d=mm&r=g","caption":"giannidavico"},"url":"https:\/\/giannidavico.it\/brainfood\/author\/giannidavico\/"}]}},"_links":{"self":[{"href":"https:\/\/giannidavico.it\/brainfood\/wp-json\/wp\/v2\/posts\/3282"}],"collection":[{"href":"https:\/\/giannidavico.it\/brainfood\/wp-json\/wp\/v2\/posts"}],"about":[{"href":"https:\/\/giannidavico.it\/brainfood\/wp-json\/wp\/v2\/types\/post"}],"author":[{"embeddable":true,"href":"https:\/\/giannidavico.it\/brainfood\/wp-json\/wp\/v2\/users\/4"}],"replies":[{"embeddable":true,"href":"https:\/\/giannidavico.it\/brainfood\/wp-json\/wp\/v2\/comments?post=3282"}],"version-history":[{"count":9,"href":"https:\/\/giannidavico.it\/brainfood\/wp-json\/wp\/v2\/posts\/3282\/revisions"}],"predecessor-version":[{"id":3294,"href":"https:\/\/giannidavico.it\/brainfood\/wp-json\/wp\/v2\/posts\/3282\/revisions\/3294"}],"wp:attachment":[{"href":"https:\/\/giannidavico.it\/brainfood\/wp-json\/wp\/v2\/media?parent=3282"}],"wp:term":[{"taxonomy":"category","embeddable":true,"href":"https:\/\/giannidavico.it\/brainfood\/wp-json\/wp\/v2\/categories?post=3282"},{"taxonomy":"post_tag","embeddable":true,"href":"https:\/\/giannidavico.it\/brainfood\/wp-json\/wp\/v2\/tags?post=3282"}],"curies":[{"name":"wp","href":"https:\/\/api.w.org\/{rel}","templated":true}]}}