{"id":3902,"date":"2018-09-01T08:31:31","date_gmt":"2018-09-01T08:31:31","guid":{"rendered":"https:\/\/giannidavico.it\/staging\/campopratica\/?p=3902"},"modified":"2018-09-01T08:31:31","modified_gmt":"2018-09-01T08:31:31","slug":"la-mia-prima-volta-sotto-par","status":"publish","type":"post","link":"https:\/\/giannidavico.it\/campopratica\/2018\/09\/01\/la-mia-prima-volta-sotto-par\/","title":{"rendered":"La mia prima volta sotto par"},"content":{"rendered":"<p><a href=\"https:\/\/giannidavico.it\/campopratica\/files\/2018\/09\/IMG_6376.jpg\"><img loading=\"lazy\" src=\"https:\/\/giannidavico.it\/campopratica\/files\/2018\/09\/IMG_6376-300x225.jpg\" alt=\"\" width=\"300\" height=\"225\" class=\"alignright size-medium wp-image-3904\" srcset=\"https:\/\/giannidavico.it\/campopratica\/files\/2018\/09\/IMG_6376-300x225.jpg 300w, https:\/\/giannidavico.it\/campopratica\/files\/2018\/09\/IMG_6376-768x576.jpg 768w, https:\/\/giannidavico.it\/campopratica\/files\/2018\/09\/IMG_6376-1024x768.jpg 1024w, https:\/\/giannidavico.it\/campopratica\/files\/2018\/09\/IMG_6376.jpg 1632w\" sizes=\"(max-width: 300px) 100vw, 300px\" \/><\/a><br \/>\n\u00c8 una sciocchezza, lo so; ma per me, novello Peter Pan, antico Piccolo principe, la mia rosa \u00e8 molto importante, d\u00e0 significato a tante altre cose che mi stanno intorno.<\/p>\n<p>Oggi compio gli anni (cinquantuno? avrei mai immaginato, da ragazzo, che si potessero avere <em>cos\u00ec tanti<\/em> anni?) e ieri mi sono fatto un regalo: per la prima volta in vita mia ho concluso un giro intero sotto par.<\/p>\n<p>Ero partito a met\u00e0 pomeriggio per un giro in solitaria ai Ciliegi. Il campo era insolitamente vuoto (probabilmente la temuta pioggia, che poi sono state due gocce due, ha tenuto lontani molti golfisti \u2013 mentre prova a fare un giro da solo ai Ciliegi in qualunque momento di qualunque giorno, te lo raccomando), e io ero molto tranquillo. Sono stato molto veloce nelle prime buche; ho mancato i primi tre green su quattro ma sempre recuperato, e dopo sei par faccio birdie alla 7 (abbastanza scontato, data la semplicit\u00e0 della buca) e poi alla 9, con un putt di quindici metri tirato millimetricamente e scientificamente, anche se non puoi dire che il caso non giochi la sua parte nel fatto che la palla scompaia in buca da distanze del genere. Per prendermi in giro in casi come questo penso a <em>Fahrenheit 9\/11<\/em> di Michael Moore e a George W. Bush: <a href=\"https:\/\/www.imdb.com\/title\/tt0361596\/quotes\/qt0211471\" rel=\"noopener\" target=\"_blank\">&#8220;Somebody gonna say nice shot?&#8221;<\/a><\/p>\n<p>Sono seguiti altri par dalla 10 alla 14. Alla 15 per troppa adrenalina ho volato il green e fatto bogey, compensato dal birdie alla 16. Alla 17 faccio un bel par, per\u00f2 recuperando in una buca di per s\u00e9 senza difese (il carattere come fai a cambiarlo? io sono sempre in recupero). Alla 18 tiro un ibrido a sinistra sotto le piante, e non ho vista sulla bandiera. Tiro un 52\u00b0 al 110% per arrivare in green, per\u00f2 sono \u2013 come prevedevo \u2013 lontanissimo; un bel primo putt da forse diciotto metri mi lascia il secondo a un metro e mezzo in discesa. Lo studio ma lo sbordo \u2013 &#8220;se era dritta era in buca&#8221;, come dico ogni tanto anche in contesti non golfistici per prendermi e prendere in giro chi dice delle ovviet\u00e0. Ma sono 71 colpi, ho fatto quello che volevo.<\/p>\n<p>I dati:<br \/>\n\u2013 colpi: 71 (3 birdie, 13 par, 2 bogey)<br \/>\n\u2013 fairway presi: 72% (10\/14)<br \/>\n\u2013 green in regulation: 61% (11\/18)<br \/>\n\u2013 up &#038; down 86% (6\/7)<br \/>\n\u2013 putt: 29<br \/>\n<a href=\"https:\/\/giannidavico.it\/campopratica\/files\/2018\/09\/IMG_6377.jpg\"><img loading=\"lazy\" src=\"https:\/\/giannidavico.it\/campopratica\/files\/2018\/09\/IMG_6377-300x176.jpg\" alt=\"\" width=\"300\" height=\"176\" class=\"alignleft size-medium wp-image-3905\" srcset=\"https:\/\/giannidavico.it\/campopratica\/files\/2018\/09\/IMG_6377-300x176.jpg 300w, https:\/\/giannidavico.it\/campopratica\/files\/2018\/09\/IMG_6377-768x450.jpg 768w, https:\/\/giannidavico.it\/campopratica\/files\/2018\/09\/IMG_6377-1024x600.jpg 1024w, https:\/\/giannidavico.it\/campopratica\/files\/2018\/09\/IMG_6377.jpg 1283w\" sizes=\"(max-width: 300px) 100vw, 300px\" \/><\/a><br \/>\nLe sensazioni: dall&#8217;inizio del giro, dopo le prime 3-4 buche, avevo gi\u00e0 in testa l&#8217;obiettivo di completare un giro sotto par. Sono stato molto calmo per tutto il giorno, tranne le quattro buche finali dove un po&#8217; di ansia mi \u00e8 venuta; ma ho saputo tenerla a bada. L&#8217;aria era leggera e fina, io ero in pace e mi godevo quel che vedevo intorno a me.<\/p>\n<p>Va detto che il campo \u00e8 in questo momento semplice: le partenze erano abbastanza avanzate, e il terreno secco lo rende quasi simile a un links. E poich\u00e9 sto terminando la lettura di <a href=\"https:\/\/www.amazon.it\/s?ie=UTF8&#038;field-keywords=tom%20coyne%20A%20Course%20Called%20Scotland&#038;tag=giandavi-21\" rel=\"noopener\" target=\"_blank\">questo libro<\/a>, la cui recensione uscir\u00e0 su &#8220;Il Mondo del Golf Today&#8221; di settembre, a tratti mi immedesimavo in Tom Coyne. Cionondimeno, il giro va fatto.<\/p>\n<p>Inoltre, non ho praticato per nulla ieri. Settantuno sono i colpi totali che ho tirato in tutto il giorno. La mia conclusione \u00e8 che sul lungo periodo l&#8217;handicap \u00e8 certamente espressione reale delle tue capacit\u00e0 golfistiche, ma il singolo giro \u00e8 del tutto aleatorio (basta un brutto rimbalzo, per dire, e dal birdie al bogey \u00e8 un attimo).<\/p>\n<p>Quattro anni fa <a href=\"https:\/\/giannidavico.it\/campopratica\/2014\/10\/03\/verso-la-foce\/\">scrivevo<\/a> che sapevo che l&#8217;avrei fatto. Ieri mi sono fatto un regalo e cos\u00ec \u00e8 stato.<\/p>\n","protected":false},"excerpt":{"rendered":"<p><a href=\"https:\/\/giannidavico.it\/campopratica\/files\/2018\/09\/IMG_6376.jpg\"><img loading=\"lazy\" src=\"https:\/\/giannidavico.it\/campopratica\/files\/2018\/09\/IMG_6376-300x225.jpg\" alt=\"\" width=\"300\" height=\"225\" class=\"alignright size-medium wp-image-3904\" srcset=\"https:\/\/giannidavico.it\/campopratica\/files\/2018\/09\/IMG_6376-300x225.jpg 300w, https:\/\/giannidavico.it\/campopratica\/files\/2018\/09\/IMG_6376-768x576.jpg 768w, https:\/\/giannidavico.it\/campopratica\/files\/2018\/09\/IMG_6376-1024x768.jpg 1024w, https:\/\/giannidavico.it\/campopratica\/files\/2018\/09\/IMG_6376.jpg 1632w\" sizes=\"(max-width: 300px) 100vw, 300px\" \/><\/a><br \/> \u00c8 una sciocchezza, lo so; ma per me, novello Peter Pan, antico Piccolo principe, la mia rosa \u00e8 molto importante, d\u00e0 significato a tante altre cose che mi stanno intorno.<\/p>\n<p>Oggi compio gli anni (cinquantuno? avrei mai immaginato, da ragazzo, che si potessero avere <em>cos\u00ec tanti<\/em> anni?) e ieri mi sono fatto un regalo: per la prima volta in vita mia ho concluso un giro intero sotto par.<\/p>\n<p>Ero partito a met\u00e0 pomeriggio per un giro in solitaria ai Ciliegi. Il campo era insolitamente vuoto (probabilmente la temuta pioggia, che poi sono state due gocce due, ha tenuto lontani molti golfisti \u2013 mentre prova a fare un giro da solo ai Ciliegi in qualunque momento di qualunque giorno, te lo raccomando), e io ero molto tranquillo. Sono stato molto veloce nelle prime buche; ho mancato i primi tre green su quattro ma sempre recuperato, e dopo sei par faccio birdie alla 7 (abbastanza scontato, data la semplicit\u00e0 della buca) e poi alla 9, con un putt di quindici metri tirato millimetricamente e scientificamente, anche se non [\u2026] <a class=\"moretag\" href=\"https:\/\/giannidavico.it\/campopratica\/2018\/09\/01\/la-mia-prima-volta-sotto-par\/\">continua a leggere \u00bb<\/a><\/p>\n","protected":false},"author":4,"featured_media":0,"comment_status":"open","ping_status":"open","sticky":false,"template":"","format":"standard","meta":[],"categories":[1],"tags":[3601],"yoast_head":"<!-- This site is optimized with the Yoast SEO plugin v19.14 - https:\/\/yoast.com\/wordpress\/plugins\/seo\/ -->\n<title>La mia prima volta sotto par - Campo Pratica<\/title>\n<meta name=\"robots\" content=\"index, follow, max-snippet:-1, max-image-preview:large, max-video-preview:-1\" \/>\n<link rel=\"canonical\" href=\"https:\/\/giannidavico.it\/campopratica\/2018\/09\/01\/la-mia-prima-volta-sotto-par\/\" \/>\n<meta property=\"og:locale\" content=\"it_IT\" \/>\n<meta property=\"og:type\" content=\"article\" \/>\n<meta property=\"og:title\" content=\"La mia prima volta sotto par - Campo Pratica\" \/>\n<meta property=\"og:description\" content=\"\u00c8 una sciocchezza, lo so; ma per me, novello Peter Pan, antico Piccolo principe, la mia rosa \u00e8 molto importante, d\u00e0 significato a tante altre cose che mi stanno intorno. Oggi compio gli anni (cinquantuno? avrei mai immaginato, da ragazzo, che si potessero avere cos\u00ec tanti anni?) e ieri mi sono fatto un regalo: per la prima volta in vita mia ho concluso un giro intero sotto par. Ero partito a met\u00e0 pomeriggio per un giro in solitaria ai Ciliegi. Il campo era insolitamente vuoto (probabilmente la temuta pioggia, che poi sono state due gocce due, ha tenuto lontani molti golfisti \u2013 mentre prova a fare un giro da solo ai Ciliegi in qualunque momento di qualunque giorno, te lo raccomando), e io ero molto tranquillo. Sono stato molto veloce nelle prime buche; ho mancato i primi tre green su quattro ma sempre recuperato, e dopo sei par faccio birdie alla 7 (abbastanza scontato, data la semplicit\u00e0 della buca) e poi alla 9, con un putt di quindici metri tirato millimetricamente e scientificamente, anche se non [\u2026] continua a leggere \u00bb\" \/>\n<meta property=\"og:url\" content=\"https:\/\/giannidavico.it\/campopratica\/2018\/09\/01\/la-mia-prima-volta-sotto-par\/\" \/>\n<meta property=\"og:site_name\" content=\"Campo Pratica\" \/>\n<meta property=\"article:published_time\" content=\"2018-09-01T08:31:31+00:00\" \/>\n<meta property=\"og:image\" content=\"https:\/\/giannidavico.it\/campopratica\/files\/2018\/09\/IMG_6376-300x225.jpg\" \/>\n<meta name=\"author\" content=\"giannidavico\" \/>\n<meta name=\"twitter:card\" content=\"summary_large_image\" \/>\n<meta name=\"twitter:label1\" content=\"Scritto da\" \/>\n\t<meta name=\"twitter:data1\" content=\"giannidavico\" \/>\n\t<meta name=\"twitter:label2\" content=\"Tempo di lettura stimato\" \/>\n\t<meta name=\"twitter:data2\" content=\"3 minuti\" \/>\n<script type=\"application\/ld+json\" class=\"yoast-schema-graph\">{\"@context\":\"https:\/\/schema.org\",\"@graph\":[{\"@type\":\"WebPage\",\"@id\":\"https:\/\/giannidavico.it\/campopratica\/2018\/09\/01\/la-mia-prima-volta-sotto-par\/\",\"url\":\"https:\/\/giannidavico.it\/campopratica\/2018\/09\/01\/la-mia-prima-volta-sotto-par\/\",\"name\":\"La mia prima volta sotto par - Campo Pratica\",\"isPartOf\":{\"@id\":\"https:\/\/giannidavico.it\/campopratica\/#website\"},\"datePublished\":\"2018-09-01T08:31:31+00:00\",\"dateModified\":\"2018-09-01T08:31:31+00:00\",\"author\":{\"@id\":\"https:\/\/giannidavico.it\/campopratica\/#\/schema\/person\/ea1fd17d8f2dba325f3712219efa8f77\"},\"inLanguage\":\"it-IT\",\"potentialAction\":[{\"@type\":\"ReadAction\",\"target\":[\"https:\/\/giannidavico.it\/campopratica\/2018\/09\/01\/la-mia-prima-volta-sotto-par\/\"]}]},{\"@type\":\"WebSite\",\"@id\":\"https:\/\/giannidavico.it\/campopratica\/#website\",\"url\":\"https:\/\/giannidavico.it\/campopratica\/\",\"name\":\"Campo Pratica\",\"description\":\"Articoli, recensioni, note, notizie e curiosit\u00e0 sul golf - praticato, giocato e parlato\",\"potentialAction\":[{\"@type\":\"SearchAction\",\"target\":{\"@type\":\"EntryPoint\",\"urlTemplate\":\"https:\/\/giannidavico.it\/campopratica\/?s={search_term_string}\"},\"query-input\":\"required name=search_term_string\"}],\"inLanguage\":\"it-IT\"},{\"@type\":\"Person\",\"@id\":\"https:\/\/giannidavico.it\/campopratica\/#\/schema\/person\/ea1fd17d8f2dba325f3712219efa8f77\",\"name\":\"giannidavico\",\"image\":{\"@type\":\"ImageObject\",\"inLanguage\":\"it-IT\",\"@id\":\"https:\/\/giannidavico.it\/campopratica\/#\/schema\/person\/image\/\",\"url\":\"https:\/\/secure.gravatar.com\/avatar\/337748753d882602f3038b55fb369ba1?s=96&d=mm&r=g\",\"contentUrl\":\"https:\/\/secure.gravatar.com\/avatar\/337748753d882602f3038b55fb369ba1?s=96&d=mm&r=g\",\"caption\":\"giannidavico\"},\"url\":\"https:\/\/giannidavico.it\/campopratica\/author\/giannidavico\/\"}]}<\/script>\n<!-- \/ Yoast SEO plugin. -->","yoast_head_json":{"title":"La mia prima volta sotto par - Campo Pratica","robots":{"index":"index","follow":"follow","max-snippet":"max-snippet:-1","max-image-preview":"max-image-preview:large","max-video-preview":"max-video-preview:-1"},"canonical":"https:\/\/giannidavico.it\/campopratica\/2018\/09\/01\/la-mia-prima-volta-sotto-par\/","og_locale":"it_IT","og_type":"article","og_title":"La mia prima volta sotto par - Campo Pratica","og_description":"\u00c8 una sciocchezza, lo so; ma per me, novello Peter Pan, antico Piccolo principe, la mia rosa \u00e8 molto importante, d\u00e0 significato a tante altre cose che mi stanno intorno. Oggi compio gli anni (cinquantuno? avrei mai immaginato, da ragazzo, che si potessero avere cos\u00ec tanti anni?) e ieri mi sono fatto un regalo: per la prima volta in vita mia ho concluso un giro intero sotto par. Ero partito a met\u00e0 pomeriggio per un giro in solitaria ai Ciliegi. Il campo era insolitamente vuoto (probabilmente la temuta pioggia, che poi sono state due gocce due, ha tenuto lontani molti golfisti \u2013 mentre prova a fare un giro da solo ai Ciliegi in qualunque momento di qualunque giorno, te lo raccomando), e io ero molto tranquillo. Sono stato molto veloce nelle prime buche; ho mancato i primi tre green su quattro ma sempre recuperato, e dopo sei par faccio birdie alla 7 (abbastanza scontato, data la semplicit\u00e0 della buca) e poi alla 9, con un putt di quindici metri tirato millimetricamente e scientificamente, anche se non [\u2026] continua a leggere \u00bb","og_url":"https:\/\/giannidavico.it\/campopratica\/2018\/09\/01\/la-mia-prima-volta-sotto-par\/","og_site_name":"Campo Pratica","article_published_time":"2018-09-01T08:31:31+00:00","og_image":[{"url":"https:\/\/giannidavico.it\/campopratica\/files\/2018\/09\/IMG_6376-300x225.jpg"}],"author":"giannidavico","twitter_card":"summary_large_image","twitter_misc":{"Scritto da":"giannidavico","Tempo di lettura stimato":"3 minuti"},"schema":{"@context":"https:\/\/schema.org","@graph":[{"@type":"WebPage","@id":"https:\/\/giannidavico.it\/campopratica\/2018\/09\/01\/la-mia-prima-volta-sotto-par\/","url":"https:\/\/giannidavico.it\/campopratica\/2018\/09\/01\/la-mia-prima-volta-sotto-par\/","name":"La mia prima volta sotto par - Campo Pratica","isPartOf":{"@id":"https:\/\/giannidavico.it\/campopratica\/#website"},"datePublished":"2018-09-01T08:31:31+00:00","dateModified":"2018-09-01T08:31:31+00:00","author":{"@id":"https:\/\/giannidavico.it\/campopratica\/#\/schema\/person\/ea1fd17d8f2dba325f3712219efa8f77"},"inLanguage":"it-IT","potentialAction":[{"@type":"ReadAction","target":["https:\/\/giannidavico.it\/campopratica\/2018\/09\/01\/la-mia-prima-volta-sotto-par\/"]}]},{"@type":"WebSite","@id":"https:\/\/giannidavico.it\/campopratica\/#website","url":"https:\/\/giannidavico.it\/campopratica\/","name":"Campo Pratica","description":"Articoli, recensioni, note, notizie e curiosit\u00e0 sul golf - praticato, giocato e parlato","potentialAction":[{"@type":"SearchAction","target":{"@type":"EntryPoint","urlTemplate":"https:\/\/giannidavico.it\/campopratica\/?s={search_term_string}"},"query-input":"required name=search_term_string"}],"inLanguage":"it-IT"},{"@type":"Person","@id":"https:\/\/giannidavico.it\/campopratica\/#\/schema\/person\/ea1fd17d8f2dba325f3712219efa8f77","name":"giannidavico","image":{"@type":"ImageObject","inLanguage":"it-IT","@id":"https:\/\/giannidavico.it\/campopratica\/#\/schema\/person\/image\/","url":"https:\/\/secure.gravatar.com\/avatar\/337748753d882602f3038b55fb369ba1?s=96&d=mm&r=g","contentUrl":"https:\/\/secure.gravatar.com\/avatar\/337748753d882602f3038b55fb369ba1?s=96&d=mm&r=g","caption":"giannidavico"},"url":"https:\/\/giannidavico.it\/campopratica\/author\/giannidavico\/"}]}},"_links":{"self":[{"href":"https:\/\/giannidavico.it\/campopratica\/wp-json\/wp\/v2\/posts\/3902"}],"collection":[{"href":"https:\/\/giannidavico.it\/campopratica\/wp-json\/wp\/v2\/posts"}],"about":[{"href":"https:\/\/giannidavico.it\/campopratica\/wp-json\/wp\/v2\/types\/post"}],"author":[{"embeddable":true,"href":"https:\/\/giannidavico.it\/campopratica\/wp-json\/wp\/v2\/users\/4"}],"replies":[{"embeddable":true,"href":"https:\/\/giannidavico.it\/campopratica\/wp-json\/wp\/v2\/comments?post=3902"}],"version-history":[{"count":4,"href":"https:\/\/giannidavico.it\/campopratica\/wp-json\/wp\/v2\/posts\/3902\/revisions"}],"predecessor-version":[{"id":3908,"href":"https:\/\/giannidavico.it\/campopratica\/wp-json\/wp\/v2\/posts\/3902\/revisions\/3908"}],"wp:attachment":[{"href":"https:\/\/giannidavico.it\/campopratica\/wp-json\/wp\/v2\/media?parent=3902"}],"wp:term":[{"taxonomy":"category","embeddable":true,"href":"https:\/\/giannidavico.it\/campopratica\/wp-json\/wp\/v2\/categories?post=3902"},{"taxonomy":"post_tag","embeddable":true,"href":"https:\/\/giannidavico.it\/campopratica\/wp-json\/wp\/v2\/tags?post=3902"}],"curies":[{"name":"wp","href":"https:\/\/api.w.org\/{rel}","templated":true}]}}