{"id":429,"date":"2018-12-20T07:00:54","date_gmt":"2018-12-20T06:00:54","guid":{"rendered":"https:\/\/giannidavico.it\/staging\/ciapatravers\/?p=429"},"modified":"2018-12-17T15:00:08","modified_gmt":"2018-12-17T14:00:08","slug":"el-di","status":"publish","type":"post","link":"https:\/\/giannidavico.it\/ciapatravers\/2018\/12\/20\/el-di\/","title":{"rendered":"\u00cbl di"},"content":{"rendered":"<p style=\"text-align: left;padding-left: 180px\">Cadr\u00e8ga che fa frec\u00e0ss<br \/>\ne buca v\u00e8rta che diis nag\u00f2tt<br \/>\ndum\u00e0 la radio sgraffigna l&#8217;aria<br \/>\ne i pensee f\u00e0nn un gran cas\u00f2tt<br \/>\n<a href=\"https:\/\/www.youtube.com\/watch?v=YCEfBxWAxSQ\" rel=\"noopener\" target=\"_blank\">Davide Van de Sfroos, <em>Pulenta e galena fregia<\/em><\/a><\/p>\n<p><a href=\"https:\/\/giannidavico.it\/ciapatravers\/files\/2018\/12\/IMG_0676.jpg\"><img loading=\"lazy\" src=\"https:\/\/giannidavico.it\/ciapatravers\/files\/2018\/12\/IMG_0676-300x225.jpg\" alt=\"\" width=\"300\" height=\"225\" class=\"alignright size-medium wp-image-436\" srcset=\"https:\/\/giannidavico.it\/ciapatravers\/files\/2018\/12\/IMG_0676-300x225.jpg 300w, https:\/\/giannidavico.it\/ciapatravers\/files\/2018\/12\/IMG_0676-768x576.jpg 768w, https:\/\/giannidavico.it\/ciapatravers\/files\/2018\/12\/IMG_0676-1024x768.jpg 1024w\" sizes=\"(max-width: 300px) 100vw, 300px\" \/><\/a><br \/>\nQuesto per me \u00e8 il giorno forse pi\u00f9 triste, ma certamente pi\u00f9 profondo dell&#8217;anno. Due anni fa, la telefonata quel mattino, mi ricordo esattamente dov&#8217;ero, in quale posizione, la luce, vedere quel numero, capire prima di sapere.<\/p>\n<p>L&#8217;amico mio pi\u00f9 caro, il Don Chisciotte di infinite battaglie non era ancora ricordo, ma era gi\u00e0 diventato spirito e luce e vento e nebbia.<\/p>\n<p>La sua foto che continua a campeggiare sulla mia scrivania, a fianco del monitor, in posizione ben visibile, con pap\u00e0; io che quando mi smarrisco mi basta uno sguardo verso destra.<\/p>\n<blockquote><p>I miei morti che prego perch\u00e9 preghino<br \/>\nper me, per i miei vivi com\u2019io invoco<br \/>\nper essi non resurrezione ma<br \/>\nil compiersi di quella vita ch&#8217;ebbero<br \/>\ninesplicata e inesplicabile, oggi<br \/>\npi\u00f9 di rado discendono dagli orizzonti aperti<br \/>\nquando una mischia d\u2019acque e cielo schiude<br \/>\nfinestre ai raggi della sera, &#8211; sempre<br \/>\npi\u00f9 raro, astore celestiale, un cutter<br \/>\nbianco-alato li posa sulla rena.<br \/>\n(Montale, <em>Proda di Versilia<\/em>)<\/p><\/blockquote>\n<p>L&#8217;estrema vanit\u00e0 del tutto.<\/p>\n<p>E come fai a spiegare a qualcuno che non avr\u00e0 mai cinquant&#8217;anni che cosa vuol dire avere questa et\u00e0? <em>Com i fass a mostretlo?<\/em><\/p>\n<p>Tu per anni hai cercato di insegnarmi che cosa vuol dire <em>ciap\u00e9 travers<\/em>. Ora quelle lezioni estemporanee &#8211; come quel sabato mattina in cui con la mia primogenita venimmo a casa tua, senza motivo n\u00e9 preavviso o telefonata (io che per me parlare, far sentire la mia voce \u00e8 sempre cos\u00ec difficile), e non ti trovammo, ma poi tu arrivasti all&#8217;improvviso, dicendo che stavi andando non so dove ma eri tornato indietro senza sapere la ragione, ma solo perch\u00e9 sapevi che dovevi farlo &#8211; percolano dentro di me.<\/p>\n<blockquote><p>Doman matin a Turin a m\u00eb speta \u00ebl rataplan ch\u2019a peul meineme a la sima d\u00ebl mond. Mi i veuj travers\u00e9 \u00ebl desert, \u00ebl baciass p\u00ec gr\u00f2ss ch\u2019a-i \u00e9, e peui mont\u00e9 ansima a la montagna for\u00ebstera p\u00ec \u00e0uta d\u00ebl mond.<br \/>\n(Compania dij Musicant d\u2019Alba, <em>Rondolina \u2013 canson d\u2019amor)<\/em><\/p><\/blockquote>\n<p>Il giorno \u00e8 questo, il venti dicembre di tutti gli anni del mondo. Il giorno in cui mi \u00e8 un poco pi\u00f9 chiaro che io sono ancora vivo e tu sei spirito e memoria. Il giorno per provare a cercare di essere uomo.<\/p>\n","protected":false},"excerpt":{"rendered":"<p style=\"text-align: left;padding-left: 180px\">Cadr\u00e8ga che fa frec\u00e0ss<br \/> e buca v\u00e8rta che diis nag\u00f2tt<br \/> dum\u00e0 la radio sgraffigna l&#8217;aria<br \/> e i pensee f\u00e0nn un gran cas\u00f2tt<br \/> <a href=\"https:\/\/www.youtube.com\/watch?v=YCEfBxWAxSQ\" rel=\"noopener\" target=\"_blank\">Davide Van de Sfroos, <em>Pulenta e galena fregia<\/em><\/a><\/p>\n<p><a href=\"https:\/\/giannidavico.it\/ciapatravers\/files\/2018\/12\/IMG_0676.jpg\"><img loading=\"lazy\" src=\"https:\/\/giannidavico.it\/ciapatravers\/files\/2018\/12\/IMG_0676-300x225.jpg\" alt=\"\" width=\"300\" height=\"225\" class=\"alignright size-medium wp-image-436\" srcset=\"https:\/\/giannidavico.it\/ciapatravers\/files\/2018\/12\/IMG_0676-300x225.jpg 300w, https:\/\/giannidavico.it\/ciapatravers\/files\/2018\/12\/IMG_0676-768x576.jpg 768w, https:\/\/giannidavico.it\/ciapatravers\/files\/2018\/12\/IMG_0676-1024x768.jpg 1024w\" sizes=\"(max-width: 300px) 100vw, 300px\" \/><\/a><br \/> Questo per me \u00e8 il giorno forse pi\u00f9 triste, ma certamente pi\u00f9 profondo dell&#8217;anno. Due anni fa, la telefonata quel mattino, mi ricordo esattamente dov&#8217;ero, in quale posizione, la luce, vedere quel numero, capire prima di sapere.<\/p>\n<p>L&#8217;amico mio pi\u00f9 caro, il Don Chisciotte di infinite battaglie non era ancora ricordo, ma era gi\u00e0 diventato spirito e luce e vento e nebbia.<\/p>\n<p>La sua foto che continua a campeggiare sulla mia scrivania, a fianco del monitor, in posizione ben visibile, con pap\u00e0; io che quando mi smarrisco mi basta uno sguardo verso destra.<\/p>\n<p>I miei morti che prego perch\u00e9 preghino<br \/> per me, per i miei vivi com\u2019io invoco<br \/> per essi non resurrezione ma<br \/> il compiersi di quella vita ch&#8217;ebbero<br \/> inesplicata e inesplicabile, oggi<br \/> pi\u00f9 di rado discendono dagli orizzonti aperti<br \/> quando una [\u2026] <a class=\"moretag\" href=\"https:\/\/giannidavico.it\/ciapatravers\/2018\/12\/20\/el-di\/\">continua a leggere \u00bb<\/a><\/p>\n","protected":false},"author":4,"featured_media":0,"comment_status":"open","ping_status":"open","sticky":false,"template":"","format":"standard","meta":[],"categories":[8533],"tags":[8536],"yoast_head":"<!-- This site is optimized with the Yoast SEO plugin v19.14 - https:\/\/yoast.com\/wordpress\/plugins\/seo\/ -->\n<title>\u00cbl di - Ciapatravers<\/title>\n<meta name=\"robots\" content=\"index, follow, max-snippet:-1, max-image-preview:large, max-video-preview:-1\" \/>\n<link rel=\"canonical\" href=\"https:\/\/giannidavico.it\/ciapatravers\/2018\/12\/20\/el-di\/\" \/>\n<meta property=\"og:locale\" content=\"it_IT\" \/>\n<meta property=\"og:type\" content=\"article\" \/>\n<meta property=\"og:title\" content=\"\u00cbl di - Ciapatravers\" \/>\n<meta property=\"og:description\" content=\"Cadr\u00e8ga che fa frec\u00e0ss e buca v\u00e8rta che diis nag\u00f2tt dum\u00e0 la radio sgraffigna l&#8217;aria e i pensee f\u00e0nn un gran cas\u00f2tt Davide Van de Sfroos, Pulenta e galena fregia Questo per me \u00e8 il giorno forse pi\u00f9 triste, ma certamente pi\u00f9 profondo dell&#8217;anno. Due anni fa, la telefonata quel mattino, mi ricordo esattamente dov&#8217;ero, in quale posizione, la luce, vedere quel numero, capire prima di sapere. L&#8217;amico mio pi\u00f9 caro, il Don Chisciotte di infinite battaglie non era ancora ricordo, ma era gi\u00e0 diventato spirito e luce e vento e nebbia. La sua foto che continua a campeggiare sulla mia scrivania, a fianco del monitor, in posizione ben visibile, con pap\u00e0; io che quando mi smarrisco mi basta uno sguardo verso destra. I miei morti che prego perch\u00e9 preghino per me, per i miei vivi com\u2019io invoco per essi non resurrezione ma il compiersi di quella vita ch&#8217;ebbero inesplicata e inesplicabile, oggi pi\u00f9 di rado discendono dagli orizzonti aperti quando una [\u2026] continua a leggere \u00bb\" \/>\n<meta property=\"og:url\" content=\"https:\/\/giannidavico.it\/ciapatravers\/2018\/12\/20\/el-di\/\" \/>\n<meta property=\"og:site_name\" content=\"Ciapatravers\" \/>\n<meta property=\"article:published_time\" content=\"2018-12-20T06:00:54+00:00\" \/>\n<meta property=\"article:modified_time\" content=\"2018-12-17T14:00:08+00:00\" \/>\n<meta property=\"og:image\" content=\"https:\/\/giannidavico.it\/ciapatravers\/files\/2018\/12\/IMG_0676-300x225.jpg\" \/>\n<meta name=\"author\" content=\"giannidavico\" \/>\n<meta name=\"twitter:card\" content=\"summary_large_image\" \/>\n<meta name=\"twitter:label1\" content=\"Scritto da\" \/>\n\t<meta name=\"twitter:data1\" content=\"giannidavico\" \/>\n\t<meta name=\"twitter:label2\" content=\"Tempo di lettura stimato\" \/>\n\t<meta name=\"twitter:data2\" content=\"2 minuti\" \/>\n<script type=\"application\/ld+json\" class=\"yoast-schema-graph\">{\"@context\":\"https:\/\/schema.org\",\"@graph\":[{\"@type\":\"WebPage\",\"@id\":\"https:\/\/giannidavico.it\/ciapatravers\/2018\/12\/20\/el-di\/\",\"url\":\"https:\/\/giannidavico.it\/ciapatravers\/2018\/12\/20\/el-di\/\",\"name\":\"\u00cbl di - Ciapatravers\",\"isPartOf\":{\"@id\":\"https:\/\/giannidavico.it\/ciapatravers\/#website\"},\"datePublished\":\"2018-12-20T06:00:54+00:00\",\"dateModified\":\"2018-12-17T14:00:08+00:00\",\"author\":{\"@id\":\"https:\/\/giannidavico.it\/ciapatravers\/#\/schema\/person\/ea1fd17d8f2dba325f3712219efa8f77\"},\"inLanguage\":\"it-IT\",\"potentialAction\":[{\"@type\":\"ReadAction\",\"target\":[\"https:\/\/giannidavico.it\/ciapatravers\/2018\/12\/20\/el-di\/\"]}]},{\"@type\":\"WebSite\",\"@id\":\"https:\/\/giannidavico.it\/ciapatravers\/#website\",\"url\":\"https:\/\/giannidavico.it\/ciapatravers\/\",\"name\":\"Ciapatravers\",\"description\":\"Un ragazzo di mezza et\u00e0 che impara\",\"potentialAction\":[{\"@type\":\"SearchAction\",\"target\":{\"@type\":\"EntryPoint\",\"urlTemplate\":\"https:\/\/giannidavico.it\/ciapatravers\/?s={search_term_string}\"},\"query-input\":\"required name=search_term_string\"}],\"inLanguage\":\"it-IT\"},{\"@type\":\"Person\",\"@id\":\"https:\/\/giannidavico.it\/ciapatravers\/#\/schema\/person\/ea1fd17d8f2dba325f3712219efa8f77\",\"name\":\"giannidavico\",\"image\":{\"@type\":\"ImageObject\",\"inLanguage\":\"it-IT\",\"@id\":\"https:\/\/giannidavico.it\/ciapatravers\/#\/schema\/person\/image\/\",\"url\":\"https:\/\/secure.gravatar.com\/avatar\/337748753d882602f3038b55fb369ba1?s=96&d=mm&r=g\",\"contentUrl\":\"https:\/\/secure.gravatar.com\/avatar\/337748753d882602f3038b55fb369ba1?s=96&d=mm&r=g\",\"caption\":\"giannidavico\"},\"url\":\"https:\/\/giannidavico.it\/ciapatravers\/author\/giannidavico\/\"}]}<\/script>\n<!-- \/ Yoast SEO plugin. -->","yoast_head_json":{"title":"\u00cbl di - Ciapatravers","robots":{"index":"index","follow":"follow","max-snippet":"max-snippet:-1","max-image-preview":"max-image-preview:large","max-video-preview":"max-video-preview:-1"},"canonical":"https:\/\/giannidavico.it\/ciapatravers\/2018\/12\/20\/el-di\/","og_locale":"it_IT","og_type":"article","og_title":"\u00cbl di - Ciapatravers","og_description":"Cadr\u00e8ga che fa frec\u00e0ss e buca v\u00e8rta che diis nag\u00f2tt dum\u00e0 la radio sgraffigna l&#8217;aria e i pensee f\u00e0nn un gran cas\u00f2tt Davide Van de Sfroos, Pulenta e galena fregia Questo per me \u00e8 il giorno forse pi\u00f9 triste, ma certamente pi\u00f9 profondo dell&#8217;anno. Due anni fa, la telefonata quel mattino, mi ricordo esattamente dov&#8217;ero, in quale posizione, la luce, vedere quel numero, capire prima di sapere. L&#8217;amico mio pi\u00f9 caro, il Don Chisciotte di infinite battaglie non era ancora ricordo, ma era gi\u00e0 diventato spirito e luce e vento e nebbia. La sua foto che continua a campeggiare sulla mia scrivania, a fianco del monitor, in posizione ben visibile, con pap\u00e0; io che quando mi smarrisco mi basta uno sguardo verso destra. I miei morti che prego perch\u00e9 preghino per me, per i miei vivi com\u2019io invoco per essi non resurrezione ma il compiersi di quella vita ch&#8217;ebbero inesplicata e inesplicabile, oggi pi\u00f9 di rado discendono dagli orizzonti aperti quando una [\u2026] continua a leggere \u00bb","og_url":"https:\/\/giannidavico.it\/ciapatravers\/2018\/12\/20\/el-di\/","og_site_name":"Ciapatravers","article_published_time":"2018-12-20T06:00:54+00:00","article_modified_time":"2018-12-17T14:00:08+00:00","og_image":[{"url":"https:\/\/giannidavico.it\/ciapatravers\/files\/2018\/12\/IMG_0676-300x225.jpg"}],"author":"giannidavico","twitter_card":"summary_large_image","twitter_misc":{"Scritto da":"giannidavico","Tempo di lettura stimato":"2 minuti"},"schema":{"@context":"https:\/\/schema.org","@graph":[{"@type":"WebPage","@id":"https:\/\/giannidavico.it\/ciapatravers\/2018\/12\/20\/el-di\/","url":"https:\/\/giannidavico.it\/ciapatravers\/2018\/12\/20\/el-di\/","name":"\u00cbl di - Ciapatravers","isPartOf":{"@id":"https:\/\/giannidavico.it\/ciapatravers\/#website"},"datePublished":"2018-12-20T06:00:54+00:00","dateModified":"2018-12-17T14:00:08+00:00","author":{"@id":"https:\/\/giannidavico.it\/ciapatravers\/#\/schema\/person\/ea1fd17d8f2dba325f3712219efa8f77"},"inLanguage":"it-IT","potentialAction":[{"@type":"ReadAction","target":["https:\/\/giannidavico.it\/ciapatravers\/2018\/12\/20\/el-di\/"]}]},{"@type":"WebSite","@id":"https:\/\/giannidavico.it\/ciapatravers\/#website","url":"https:\/\/giannidavico.it\/ciapatravers\/","name":"Ciapatravers","description":"Un ragazzo di mezza et\u00e0 che impara","potentialAction":[{"@type":"SearchAction","target":{"@type":"EntryPoint","urlTemplate":"https:\/\/giannidavico.it\/ciapatravers\/?s={search_term_string}"},"query-input":"required name=search_term_string"}],"inLanguage":"it-IT"},{"@type":"Person","@id":"https:\/\/giannidavico.it\/ciapatravers\/#\/schema\/person\/ea1fd17d8f2dba325f3712219efa8f77","name":"giannidavico","image":{"@type":"ImageObject","inLanguage":"it-IT","@id":"https:\/\/giannidavico.it\/ciapatravers\/#\/schema\/person\/image\/","url":"https:\/\/secure.gravatar.com\/avatar\/337748753d882602f3038b55fb369ba1?s=96&d=mm&r=g","contentUrl":"https:\/\/secure.gravatar.com\/avatar\/337748753d882602f3038b55fb369ba1?s=96&d=mm&r=g","caption":"giannidavico"},"url":"https:\/\/giannidavico.it\/ciapatravers\/author\/giannidavico\/"}]}},"_links":{"self":[{"href":"https:\/\/giannidavico.it\/ciapatravers\/wp-json\/wp\/v2\/posts\/429"}],"collection":[{"href":"https:\/\/giannidavico.it\/ciapatravers\/wp-json\/wp\/v2\/posts"}],"about":[{"href":"https:\/\/giannidavico.it\/ciapatravers\/wp-json\/wp\/v2\/types\/post"}],"author":[{"embeddable":true,"href":"https:\/\/giannidavico.it\/ciapatravers\/wp-json\/wp\/v2\/users\/4"}],"replies":[{"embeddable":true,"href":"https:\/\/giannidavico.it\/ciapatravers\/wp-json\/wp\/v2\/comments?post=429"}],"version-history":[{"count":7,"href":"https:\/\/giannidavico.it\/ciapatravers\/wp-json\/wp\/v2\/posts\/429\/revisions"}],"predecessor-version":[{"id":758,"href":"https:\/\/giannidavico.it\/ciapatravers\/wp-json\/wp\/v2\/posts\/429\/revisions\/758"}],"wp:attachment":[{"href":"https:\/\/giannidavico.it\/ciapatravers\/wp-json\/wp\/v2\/media?parent=429"}],"wp:term":[{"taxonomy":"category","embeddable":true,"href":"https:\/\/giannidavico.it\/ciapatravers\/wp-json\/wp\/v2\/categories?post=429"},{"taxonomy":"post_tag","embeddable":true,"href":"https:\/\/giannidavico.it\/ciapatravers\/wp-json\/wp\/v2\/tags?post=429"}],"curies":[{"name":"wp","href":"https:\/\/api.w.org\/{rel}","templated":true}]}}