{"id":1035,"date":"2011-12-28T06:00:00","date_gmt":"2011-12-28T04:00:00","guid":{"rendered":"https:\/\/giannidavico.it\/staging\/gopiedmont\/?p=1035"},"modified":"2011-12-27T16:39:01","modified_gmt":"2011-12-27T14:39:01","slug":"gigi-vaira-la-muda-e-l-toni","status":"publish","type":"post","link":"https:\/\/giannidavico.it\/gopiedmont\/2011\/12\/28\/gigi-vaira-la-muda-e-l-toni\/","title":{"rendered":"Gigi Vaira, La muda e \u2018l t\u00f2ni"},"content":{"rendered":"<p>\u00cbn d\u00ec \u2018n s\u00ebl pian p\u00ec bass \u00ebd la guardar\u00f2ba<br \/>\nfr\u00e8sch \u00ebd l\u00ebssia ma mastroj\u00e0 da f\u00e9 sgiaj,<br \/>\ntranquil come \u2018n pocio,<br \/>\ns\u2019arpausava \u2018n t\u00f2ni da travaj.<\/p>\n<p>Stas\u00eca l\u00ec con le man \u00ebn man<br \/>\n\u00ebn spetand \u00ebl vej padron<br \/>\np\u00ebr vestilo a l\u2019indoman.<\/p>\n<p>Ma tut d\u2019\u00ebn cr\u00e8p na vos s-clina a-j dis:<br \/>\n\u00abVarda t\u00f2ni \u00ebn che stat che \u2018t s\u00e8i.<br \/>\nTut strifugn\u00e0 e \u2018d mace \u2018ncora pin<br \/>\nch\u00ebrdo pr\u00f2pi che \u00ebt veuja pi nen bin\u00bb.<\/p>\n<p>Chi a parlava era la muda grisa<br \/>\ncola dla festa dle n\u00f2sse e dle comunion<br \/>\np\u00ebnduva<br \/>\n\u00ebn sla bara \u2018d mes,<br \/>\nfas\u00eca la sapuva&#8230;<\/p>\n<p>Ma \u2018l t\u00f2ni sensa f\u00e9 na piega,<br \/>\nche tant n\u2019avia gi\u00e0 \u00ebn bel baron,<br \/>\nl\u2019ha responduje par\u00e8j:<\/p>\n<p>\u00ab\u00cbt l\u2019hai rason<br \/>\no bela muda<br \/>\nadess son p\u00f2ch pi che n\u00eb strass<br \/>\nma n\u00f2str padron \u00ebm p\u00f2rta \u2018ncor sempre a spass.<\/p>\n<p>Mentre ti&#8230; mach a beichete<br \/>\na-j ciapa l\u00eb sconf\u00f2rt<br \/>\np\u00ebrch\u00e8 con ti oramai&#8230; sortir\u00e0 mach da m\u00f2rt\u00bb.<\/p>\n","protected":false},"excerpt":{"rendered":"<p>\u00cbn d\u00ec \u2018n s\u00ebl pian p\u00ec bass \u00ebd la guardar\u00f2ba<br \/> fr\u00e8sch \u00ebd l\u00ebssia ma mastroj\u00e0 da f\u00e9 sgiaj,<br \/> tranquil come \u2018n pocio,<br \/> s\u2019arpausava \u2018n t\u00f2ni da travaj.<\/p>\n<p>Stas\u00eca l\u00ec con le man \u00ebn man<br \/> \u00ebn spetand \u00ebl vej padron<br \/> p\u00ebr vestilo a l\u2019indoman.<\/p>\n<p>Ma tut d\u2019\u00ebn cr\u00e8p na vos s-clina a-j dis:<br \/> \u00abVarda t\u00f2ni \u00ebn che stat che \u2018t s\u00e8i.<br \/> Tut strifugn\u00e0 e \u2018d mace \u2018ncora pin<br \/> ch\u00ebrdo pr\u00f2pi che \u00ebt veuja pi nen bin\u00bb.<\/p>\n<p>Chi a parlava era la muda grisa<br \/> cola dla festa dle n\u00f2sse e dle comunion<br \/> p\u00ebnduva<br \/> \u00ebn sla bara \u2018d mes,<br \/> fas\u00eca la sapuva&#8230;<\/p>\n<p>Ma \u2018l t\u00f2ni sensa f\u00e9 na piega,<br \/> che tant n\u2019avia gi\u00e0 \u00ebn bel baron,<br \/> l\u2019ha responduje par\u00e8j:<\/p>\n<p>\u00ab\u00cbt l\u2019hai rason<br \/> o bela muda<br \/> adess son p\u00f2ch pi che n\u00eb strass<br \/> ma n\u00f2str padron \u00ebm p\u00f2rta \u2018ncor sempre a spass.<\/p>\n<p>Mentre ti&#8230; mach a beichete<br \/> a-j ciapa l\u00eb sconf\u00f2rt<br \/> p\u00ebrch\u00e8 con ti oramai&#8230; sortir\u00e0 mach da m\u00f2rt\u00bb.<\/p>\n","protected":false},"author":4,"featured_media":0,"comment_status":"open","ping_status":"open","sticky":false,"template":"","format":"standard","meta":[],"categories":[130],"tags":[104],"yoast_head":"<!-- This site is optimized with the Yoast SEO plugin v19.14 - https:\/\/yoast.com\/wordpress\/plugins\/seo\/ -->\n<title>Gigi Vaira, La muda e \u2018l t\u00f2ni - Go Piedmont<\/title>\n<meta name=\"robots\" content=\"index, follow, max-snippet:-1, max-image-preview:large, max-video-preview:-1\" \/>\n<link rel=\"canonical\" href=\"https:\/\/giannidavico.it\/gopiedmont\/2011\/12\/28\/gigi-vaira-la-muda-e-l-toni\/\" \/>\n<meta property=\"og:locale\" content=\"it_IT\" \/>\n<meta property=\"og:type\" content=\"article\" \/>\n<meta property=\"og:title\" content=\"Gigi Vaira, La muda e \u2018l t\u00f2ni - Go Piedmont\" \/>\n<meta property=\"og:description\" content=\"\u00cbn d\u00ec \u2018n s\u00ebl pian p\u00ec bass \u00ebd la guardar\u00f2ba fr\u00e8sch \u00ebd l\u00ebssia ma mastroj\u00e0 da f\u00e9 sgiaj, tranquil come \u2018n pocio, s\u2019arpausava \u2018n t\u00f2ni da travaj. Stas\u00eca l\u00ec con le man \u00ebn man \u00ebn spetand \u00ebl vej padron p\u00ebr vestilo a l\u2019indoman. Ma tut d\u2019\u00ebn cr\u00e8p na vos s-clina a-j dis: \u00abVarda t\u00f2ni \u00ebn che stat che \u2018t s\u00e8i. Tut strifugn\u00e0 e \u2018d mace \u2018ncora pin ch\u00ebrdo pr\u00f2pi che \u00ebt veuja pi nen bin\u00bb. Chi a parlava era la muda grisa cola dla festa dle n\u00f2sse e dle comunion p\u00ebnduva \u00ebn sla bara \u2018d mes, fas\u00eca la sapuva&#8230; Ma \u2018l t\u00f2ni sensa f\u00e9 na piega, che tant n\u2019avia gi\u00e0 \u00ebn bel baron, l\u2019ha responduje par\u00e8j: \u00ab\u00cbt l\u2019hai rason o bela muda adess son p\u00f2ch pi che n\u00eb strass ma n\u00f2str padron \u00ebm p\u00f2rta \u2018ncor sempre a spass. Mentre ti&#8230; mach a beichete a-j ciapa l\u00eb sconf\u00f2rt p\u00ebrch\u00e8 con ti oramai&#8230; sortir\u00e0 mach da m\u00f2rt\u00bb.\" \/>\n<meta property=\"og:url\" content=\"https:\/\/giannidavico.it\/gopiedmont\/2011\/12\/28\/gigi-vaira-la-muda-e-l-toni\/\" \/>\n<meta property=\"og:site_name\" content=\"Go Piedmont\" \/>\n<meta property=\"article:published_time\" content=\"2011-12-28T04:00:00+00:00\" \/>\n<meta property=\"article:modified_time\" content=\"2011-12-27T14:39:01+00:00\" \/>\n<meta name=\"author\" content=\"giannidavico\" \/>\n<meta name=\"twitter:card\" content=\"summary_large_image\" \/>\n<meta name=\"twitter:label1\" content=\"Scritto da\" \/>\n\t<meta name=\"twitter:data1\" content=\"giannidavico\" \/>\n\t<meta name=\"twitter:label2\" content=\"Tempo di lettura stimato\" \/>\n\t<meta name=\"twitter:data2\" content=\"1 minuto\" \/>\n<script type=\"application\/ld+json\" class=\"yoast-schema-graph\">{\"@context\":\"https:\/\/schema.org\",\"@graph\":[{\"@type\":\"WebPage\",\"@id\":\"https:\/\/giannidavico.it\/gopiedmont\/2011\/12\/28\/gigi-vaira-la-muda-e-l-toni\/\",\"url\":\"https:\/\/giannidavico.it\/gopiedmont\/2011\/12\/28\/gigi-vaira-la-muda-e-l-toni\/\",\"name\":\"Gigi Vaira, La muda e \u2018l t\u00f2ni - Go Piedmont\",\"isPartOf\":{\"@id\":\"https:\/\/giannidavico.it\/gopiedmont\/#website\"},\"datePublished\":\"2011-12-28T04:00:00+00:00\",\"dateModified\":\"2011-12-27T14:39:01+00:00\",\"author\":{\"@id\":\"https:\/\/giannidavico.it\/gopiedmont\/#\/schema\/person\/ea1fd17d8f2dba325f3712219efa8f77\"},\"inLanguage\":\"it-IT\",\"potentialAction\":[{\"@type\":\"ReadAction\",\"target\":[\"https:\/\/giannidavico.it\/gopiedmont\/2011\/12\/28\/gigi-vaira-la-muda-e-l-toni\/\"]}]},{\"@type\":\"WebSite\",\"@id\":\"https:\/\/giannidavico.it\/gopiedmont\/#website\",\"url\":\"https:\/\/giannidavico.it\/gopiedmont\/\",\"name\":\"Go Piedmont\",\"description\":\"pens\u00e9 dzora l\u00ecber, event e p\u00ebrson-e grop\u00e0 al Piemont e a la lenga piemont\u00e8isa\",\"potentialAction\":[{\"@type\":\"SearchAction\",\"target\":{\"@type\":\"EntryPoint\",\"urlTemplate\":\"https:\/\/giannidavico.it\/gopiedmont\/?s={search_term_string}\"},\"query-input\":\"required name=search_term_string\"}],\"inLanguage\":\"it-IT\"},{\"@type\":\"Person\",\"@id\":\"https:\/\/giannidavico.it\/gopiedmont\/#\/schema\/person\/ea1fd17d8f2dba325f3712219efa8f77\",\"name\":\"giannidavico\",\"image\":{\"@type\":\"ImageObject\",\"inLanguage\":\"it-IT\",\"@id\":\"https:\/\/giannidavico.it\/gopiedmont\/#\/schema\/person\/image\/\",\"url\":\"https:\/\/secure.gravatar.com\/avatar\/337748753d882602f3038b55fb369ba1?s=96&d=mm&r=g\",\"contentUrl\":\"https:\/\/secure.gravatar.com\/avatar\/337748753d882602f3038b55fb369ba1?s=96&d=mm&r=g\",\"caption\":\"giannidavico\"},\"url\":\"https:\/\/giannidavico.it\/gopiedmont\/author\/giannidavico\/\"}]}<\/script>\n<!-- \/ Yoast SEO plugin. -->","yoast_head_json":{"title":"Gigi Vaira, La muda e \u2018l t\u00f2ni - Go Piedmont","robots":{"index":"index","follow":"follow","max-snippet":"max-snippet:-1","max-image-preview":"max-image-preview:large","max-video-preview":"max-video-preview:-1"},"canonical":"https:\/\/giannidavico.it\/gopiedmont\/2011\/12\/28\/gigi-vaira-la-muda-e-l-toni\/","og_locale":"it_IT","og_type":"article","og_title":"Gigi Vaira, La muda e \u2018l t\u00f2ni - Go Piedmont","og_description":"\u00cbn d\u00ec \u2018n s\u00ebl pian p\u00ec bass \u00ebd la guardar\u00f2ba fr\u00e8sch \u00ebd l\u00ebssia ma mastroj\u00e0 da f\u00e9 sgiaj, tranquil come \u2018n pocio, s\u2019arpausava \u2018n t\u00f2ni da travaj. Stas\u00eca l\u00ec con le man \u00ebn man \u00ebn spetand \u00ebl vej padron p\u00ebr vestilo a l\u2019indoman. Ma tut d\u2019\u00ebn cr\u00e8p na vos s-clina a-j dis: \u00abVarda t\u00f2ni \u00ebn che stat che \u2018t s\u00e8i. Tut strifugn\u00e0 e \u2018d mace \u2018ncora pin ch\u00ebrdo pr\u00f2pi che \u00ebt veuja pi nen bin\u00bb. Chi a parlava era la muda grisa cola dla festa dle n\u00f2sse e dle comunion p\u00ebnduva \u00ebn sla bara \u2018d mes, fas\u00eca la sapuva&#8230; Ma \u2018l t\u00f2ni sensa f\u00e9 na piega, che tant n\u2019avia gi\u00e0 \u00ebn bel baron, l\u2019ha responduje par\u00e8j: \u00ab\u00cbt l\u2019hai rason o bela muda adess son p\u00f2ch pi che n\u00eb strass ma n\u00f2str padron \u00ebm p\u00f2rta \u2018ncor sempre a spass. Mentre ti&#8230; mach a beichete a-j ciapa l\u00eb sconf\u00f2rt p\u00ebrch\u00e8 con ti oramai&#8230; sortir\u00e0 mach da m\u00f2rt\u00bb.","og_url":"https:\/\/giannidavico.it\/gopiedmont\/2011\/12\/28\/gigi-vaira-la-muda-e-l-toni\/","og_site_name":"Go Piedmont","article_published_time":"2011-12-28T04:00:00+00:00","article_modified_time":"2011-12-27T14:39:01+00:00","author":"giannidavico","twitter_card":"summary_large_image","twitter_misc":{"Scritto da":"giannidavico","Tempo di lettura stimato":"1 minuto"},"schema":{"@context":"https:\/\/schema.org","@graph":[{"@type":"WebPage","@id":"https:\/\/giannidavico.it\/gopiedmont\/2011\/12\/28\/gigi-vaira-la-muda-e-l-toni\/","url":"https:\/\/giannidavico.it\/gopiedmont\/2011\/12\/28\/gigi-vaira-la-muda-e-l-toni\/","name":"Gigi Vaira, La muda e \u2018l t\u00f2ni - Go Piedmont","isPartOf":{"@id":"https:\/\/giannidavico.it\/gopiedmont\/#website"},"datePublished":"2011-12-28T04:00:00+00:00","dateModified":"2011-12-27T14:39:01+00:00","author":{"@id":"https:\/\/giannidavico.it\/gopiedmont\/#\/schema\/person\/ea1fd17d8f2dba325f3712219efa8f77"},"inLanguage":"it-IT","potentialAction":[{"@type":"ReadAction","target":["https:\/\/giannidavico.it\/gopiedmont\/2011\/12\/28\/gigi-vaira-la-muda-e-l-toni\/"]}]},{"@type":"WebSite","@id":"https:\/\/giannidavico.it\/gopiedmont\/#website","url":"https:\/\/giannidavico.it\/gopiedmont\/","name":"Go Piedmont","description":"pens\u00e9 dzora l\u00ecber, event e p\u00ebrson-e grop\u00e0 al Piemont e a la lenga piemont\u00e8isa","potentialAction":[{"@type":"SearchAction","target":{"@type":"EntryPoint","urlTemplate":"https:\/\/giannidavico.it\/gopiedmont\/?s={search_term_string}"},"query-input":"required name=search_term_string"}],"inLanguage":"it-IT"},{"@type":"Person","@id":"https:\/\/giannidavico.it\/gopiedmont\/#\/schema\/person\/ea1fd17d8f2dba325f3712219efa8f77","name":"giannidavico","image":{"@type":"ImageObject","inLanguage":"it-IT","@id":"https:\/\/giannidavico.it\/gopiedmont\/#\/schema\/person\/image\/","url":"https:\/\/secure.gravatar.com\/avatar\/337748753d882602f3038b55fb369ba1?s=96&d=mm&r=g","contentUrl":"https:\/\/secure.gravatar.com\/avatar\/337748753d882602f3038b55fb369ba1?s=96&d=mm&r=g","caption":"giannidavico"},"url":"https:\/\/giannidavico.it\/gopiedmont\/author\/giannidavico\/"}]}},"_links":{"self":[{"href":"https:\/\/giannidavico.it\/gopiedmont\/wp-json\/wp\/v2\/posts\/1035"}],"collection":[{"href":"https:\/\/giannidavico.it\/gopiedmont\/wp-json\/wp\/v2\/posts"}],"about":[{"href":"https:\/\/giannidavico.it\/gopiedmont\/wp-json\/wp\/v2\/types\/post"}],"author":[{"embeddable":true,"href":"https:\/\/giannidavico.it\/gopiedmont\/wp-json\/wp\/v2\/users\/4"}],"replies":[{"embeddable":true,"href":"https:\/\/giannidavico.it\/gopiedmont\/wp-json\/wp\/v2\/comments?post=1035"}],"version-history":[{"count":4,"href":"https:\/\/giannidavico.it\/gopiedmont\/wp-json\/wp\/v2\/posts\/1035\/revisions"}],"predecessor-version":[{"id":1039,"href":"https:\/\/giannidavico.it\/gopiedmont\/wp-json\/wp\/v2\/posts\/1035\/revisions\/1039"}],"wp:attachment":[{"href":"https:\/\/giannidavico.it\/gopiedmont\/wp-json\/wp\/v2\/media?parent=1035"}],"wp:term":[{"taxonomy":"category","embeddable":true,"href":"https:\/\/giannidavico.it\/gopiedmont\/wp-json\/wp\/v2\/categories?post=1035"},{"taxonomy":"post_tag","embeddable":true,"href":"https:\/\/giannidavico.it\/gopiedmont\/wp-json\/wp\/v2\/tags?post=1035"}],"curies":[{"name":"wp","href":"https:\/\/api.w.org\/{rel}","templated":true}]}}