{"id":1071,"date":"2012-02-01T11:49:50","date_gmt":"2012-02-01T09:49:50","guid":{"rendered":"https:\/\/giannidavico.it\/staging\/gopiedmont\/?p=1071"},"modified":"2012-02-01T11:49:50","modified_gmt":"2012-02-01T09:49:50","slug":"eugenio-montale-la-storia-2","status":"publish","type":"post","link":"https:\/\/giannidavico.it\/gopiedmont\/2012\/02\/01\/eugenio-montale-la-storia-2\/","title":{"rendered":"Eugenio Montale, La st\u00f2ria"},"content":{"rendered":"<p>I<br \/>\nLa st\u00f2ria as d\u00ebstend nen<br \/>\ncome na caden-a<br \/>\nd\u2019anej sensa interussion.<br \/>\nAn tuti ij cas<br \/>\ntanti anej a ten-o nen.<br \/>\nLa st\u00f2ria a conten nen<br \/>\n\u00ebl prima e \u2018l d\u00f2p,<br \/>\ngnente che andrinta \u2018d chila a b\u00ebrb\u00f2ta<br \/>\na feu cit.<br \/>\nLa st\u00f2ria a l\u2019\u00e9 nen f\u00e0ita<br \/>\nda chi ch\u2019a la pensa e gnanca<br \/>\nda chi ch\u2019a la ign\u00f2ra. La st\u00f2ria<br \/>\nas f\u00e0 nen stra, as antesta,<br \/>\na l\u2019ha an ghignon \u00ebl p\u00f2ch a p\u00f2ch, a va nen anans<br \/>\ne gnanca andar\u00e9, a s\u00eb sp\u00f2sta \u2018d binari<br \/>\ne soa diression<br \/>\na l\u2019\u00e9 nen ant l\u2019orari. La st\u00f2ria a giustifica nen<br \/>\ne gnanca a deplora,<br \/>\nla st\u00f2ria a l\u2019\u00e9 nen intrinseca<br \/>\np\u00ebrch\u00e8 a l\u2019\u00e9 f\u00f2ra. La st\u00f2ria a dispensa nen<br \/>\ncar\u00ebsse o colp \u00ebd fo\u00e8t.<br \/>\nLa st\u00f2ria a l\u2019\u00e9 nen magistra \u00ebd gnente ch\u2019an riguarda.<br \/>\nAnc\u00f2rsisne a serv nen<br \/>\na fela p\u00ec vera e p\u00ec giusta. <\/p>\n<p>II<br \/>\nLa st\u00f2ria a l\u2019\u00e9 peui nen cola ruspa ravagianta che as dis.<br \/>\nA lassa dij sotpassagi, dle cripte, dij beucc<br \/>\ne dj\u00eb scondion. A-i \u00e9 chi ch\u2019a dzorviv.<br \/>\nLa st\u00f2ria a l\u2019\u00e9 \u2018dc\u00f2 ben\u00e9vola: a s-ciapa<br \/>\ntut l\u00f2n ch\u2019a peul. Se a esager\u00e8issa, certament<br \/>\na sar\u00eca m\u00e8j, ma la st\u00f2ria a l\u2019\u00e9 curta<br \/>\n\u00ebd notissie, a completa nen tute soe vend\u00ebtte.<\/p>\n<p>La st\u00f2ria a grata \u2018l fond<br \/>\ncome na r\u00e8j a rabast<br \/>\ncon qu\u00e0ich s-cianch e p\u00ec d\u2019un pess a scapa.<br \/>\nQu\u00e0ich v\u00f2lta as ancontra l\u2019ectoplasma<br \/>\n\u00ebd n\u00eb scamp\u00e0 e a smija nen particolarment al\u00e9gher.<br \/>\nA sa nen \u00ebd vesse f\u00f2ra, gnun a l\u2019ha dije gnente.<br \/>\nJ\u2019\u00e0utri, ant \u00ebl sach, as ch\u00ebrdo p\u00ec l\u00ecber che chiel.<\/p>\n","protected":false},"excerpt":{"rendered":"<p>I<br \/> La st\u00f2ria as d\u00ebstend nen<br \/> come na caden-a<br \/> d\u2019anej sensa interussion.<br \/> An tuti ij cas<br \/> tanti anej a ten-o nen.<br \/> La st\u00f2ria a conten nen<br \/> \u00ebl prima e \u2018l d\u00f2p,<br \/> gnente che andrinta \u2018d chila a b\u00ebrb\u00f2ta<br \/> a feu cit.<br \/> La st\u00f2ria a l\u2019\u00e9 nen f\u00e0ita<br \/> da chi ch\u2019a la pensa e gnanca<br \/> da chi ch\u2019a la ign\u00f2ra. La st\u00f2ria<br \/> as f\u00e0 nen stra, as antesta,<br \/> a l\u2019ha an ghignon \u00ebl p\u00f2ch a p\u00f2ch, a va nen anans<br \/> e gnanca andar\u00e9, a s\u00eb sp\u00f2sta \u2018d binari<br \/> e soa diression<br \/> a l\u2019\u00e9 nen ant l\u2019orari. La st\u00f2ria a giustifica nen<br \/> e gnanca a deplora,<br \/> la st\u00f2ria a l\u2019\u00e9 nen intrinseca<br \/> p\u00ebrch\u00e8 a l\u2019\u00e9 f\u00f2ra. La st\u00f2ria a dispensa nen<br \/> car\u00ebsse o colp \u00ebd fo\u00e8t.<br \/> La st\u00f2ria a l\u2019\u00e9 nen magistra \u00ebd gnente ch\u2019an riguarda.<br \/> Anc\u00f2rsisne a serv nen<br \/> a fela p\u00ec vera e p\u00ec giusta. <\/p>\n<p>II<br \/> La st\u00f2ria a l\u2019\u00e9 peui nen cola ruspa ravagianta che as dis.<br \/> A lassa dij sotpassagi, dle cripte, dij beucc<br \/> e dj\u00eb scondion. A-i \u00e9 chi [\u2026] <a class=\"moretag\" href=\"https:\/\/giannidavico.it\/gopiedmont\/2012\/02\/01\/eugenio-montale-la-storia-2\/\">continua a leggere \u00bb<\/a><\/p>\n","protected":false},"author":4,"featured_media":0,"comment_status":"open","ping_status":"open","sticky":false,"template":"","format":"standard","meta":[],"categories":[130],"tags":[104],"yoast_head":"<!-- This site is optimized with the Yoast SEO plugin v19.14 - https:\/\/yoast.com\/wordpress\/plugins\/seo\/ -->\n<title>Eugenio Montale, La st\u00f2ria - Go Piedmont<\/title>\n<meta name=\"robots\" content=\"index, follow, max-snippet:-1, max-image-preview:large, max-video-preview:-1\" \/>\n<link rel=\"canonical\" href=\"https:\/\/giannidavico.it\/gopiedmont\/2012\/02\/01\/eugenio-montale-la-storia-2\/\" \/>\n<meta property=\"og:locale\" content=\"it_IT\" \/>\n<meta property=\"og:type\" content=\"article\" \/>\n<meta property=\"og:title\" content=\"Eugenio Montale, La st\u00f2ria - Go Piedmont\" \/>\n<meta property=\"og:description\" content=\"I La st\u00f2ria as d\u00ebstend nen come na caden-a d\u2019anej sensa interussion. An tuti ij cas tanti anej a ten-o nen. La st\u00f2ria a conten nen \u00ebl prima e \u2018l d\u00f2p, gnente che andrinta \u2018d chila a b\u00ebrb\u00f2ta a feu cit. La st\u00f2ria a l\u2019\u00e9 nen f\u00e0ita da chi ch\u2019a la pensa e gnanca da chi ch\u2019a la ign\u00f2ra. La st\u00f2ria as f\u00e0 nen stra, as antesta, a l\u2019ha an ghignon \u00ebl p\u00f2ch a p\u00f2ch, a va nen anans e gnanca andar\u00e9, a s\u00eb sp\u00f2sta \u2018d binari e soa diression a l\u2019\u00e9 nen ant l\u2019orari. La st\u00f2ria a giustifica nen e gnanca a deplora, la st\u00f2ria a l\u2019\u00e9 nen intrinseca p\u00ebrch\u00e8 a l\u2019\u00e9 f\u00f2ra. La st\u00f2ria a dispensa nen car\u00ebsse o colp \u00ebd fo\u00e8t. La st\u00f2ria a l\u2019\u00e9 nen magistra \u00ebd gnente ch\u2019an riguarda. Anc\u00f2rsisne a serv nen a fela p\u00ec vera e p\u00ec giusta. II La st\u00f2ria a l\u2019\u00e9 peui nen cola ruspa ravagianta che as dis. A lassa dij sotpassagi, dle cripte, dij beucc e dj\u00eb scondion. A-i \u00e9 chi [\u2026] continua a leggere \u00bb\" \/>\n<meta property=\"og:url\" content=\"https:\/\/giannidavico.it\/gopiedmont\/2012\/02\/01\/eugenio-montale-la-storia-2\/\" \/>\n<meta property=\"og:site_name\" content=\"Go Piedmont\" \/>\n<meta property=\"article:published_time\" content=\"2012-02-01T09:49:50+00:00\" \/>\n<meta name=\"author\" content=\"giannidavico\" \/>\n<meta name=\"twitter:card\" content=\"summary_large_image\" \/>\n<meta name=\"twitter:label1\" content=\"Scritto da\" \/>\n\t<meta name=\"twitter:data1\" content=\"giannidavico\" \/>\n\t<meta name=\"twitter:label2\" content=\"Tempo di lettura stimato\" \/>\n\t<meta name=\"twitter:data2\" content=\"2 minuti\" \/>\n<script type=\"application\/ld+json\" class=\"yoast-schema-graph\">{\"@context\":\"https:\/\/schema.org\",\"@graph\":[{\"@type\":\"WebPage\",\"@id\":\"https:\/\/giannidavico.it\/gopiedmont\/2012\/02\/01\/eugenio-montale-la-storia-2\/\",\"url\":\"https:\/\/giannidavico.it\/gopiedmont\/2012\/02\/01\/eugenio-montale-la-storia-2\/\",\"name\":\"Eugenio Montale, La st\u00f2ria - Go Piedmont\",\"isPartOf\":{\"@id\":\"https:\/\/giannidavico.it\/gopiedmont\/#website\"},\"datePublished\":\"2012-02-01T09:49:50+00:00\",\"dateModified\":\"2012-02-01T09:49:50+00:00\",\"author\":{\"@id\":\"https:\/\/giannidavico.it\/gopiedmont\/#\/schema\/person\/ea1fd17d8f2dba325f3712219efa8f77\"},\"inLanguage\":\"it-IT\",\"potentialAction\":[{\"@type\":\"ReadAction\",\"target\":[\"https:\/\/giannidavico.it\/gopiedmont\/2012\/02\/01\/eugenio-montale-la-storia-2\/\"]}]},{\"@type\":\"WebSite\",\"@id\":\"https:\/\/giannidavico.it\/gopiedmont\/#website\",\"url\":\"https:\/\/giannidavico.it\/gopiedmont\/\",\"name\":\"Go Piedmont\",\"description\":\"pens\u00e9 dzora l\u00ecber, event e p\u00ebrson-e grop\u00e0 al Piemont e a la lenga piemont\u00e8isa\",\"potentialAction\":[{\"@type\":\"SearchAction\",\"target\":{\"@type\":\"EntryPoint\",\"urlTemplate\":\"https:\/\/giannidavico.it\/gopiedmont\/?s={search_term_string}\"},\"query-input\":\"required name=search_term_string\"}],\"inLanguage\":\"it-IT\"},{\"@type\":\"Person\",\"@id\":\"https:\/\/giannidavico.it\/gopiedmont\/#\/schema\/person\/ea1fd17d8f2dba325f3712219efa8f77\",\"name\":\"giannidavico\",\"image\":{\"@type\":\"ImageObject\",\"inLanguage\":\"it-IT\",\"@id\":\"https:\/\/giannidavico.it\/gopiedmont\/#\/schema\/person\/image\/\",\"url\":\"https:\/\/secure.gravatar.com\/avatar\/337748753d882602f3038b55fb369ba1?s=96&d=mm&r=g\",\"contentUrl\":\"https:\/\/secure.gravatar.com\/avatar\/337748753d882602f3038b55fb369ba1?s=96&d=mm&r=g\",\"caption\":\"giannidavico\"},\"url\":\"https:\/\/giannidavico.it\/gopiedmont\/author\/giannidavico\/\"}]}<\/script>\n<!-- \/ Yoast SEO plugin. -->","yoast_head_json":{"title":"Eugenio Montale, La st\u00f2ria - Go Piedmont","robots":{"index":"index","follow":"follow","max-snippet":"max-snippet:-1","max-image-preview":"max-image-preview:large","max-video-preview":"max-video-preview:-1"},"canonical":"https:\/\/giannidavico.it\/gopiedmont\/2012\/02\/01\/eugenio-montale-la-storia-2\/","og_locale":"it_IT","og_type":"article","og_title":"Eugenio Montale, La st\u00f2ria - Go Piedmont","og_description":"I La st\u00f2ria as d\u00ebstend nen come na caden-a d\u2019anej sensa interussion. An tuti ij cas tanti anej a ten-o nen. La st\u00f2ria a conten nen \u00ebl prima e \u2018l d\u00f2p, gnente che andrinta \u2018d chila a b\u00ebrb\u00f2ta a feu cit. La st\u00f2ria a l\u2019\u00e9 nen f\u00e0ita da chi ch\u2019a la pensa e gnanca da chi ch\u2019a la ign\u00f2ra. La st\u00f2ria as f\u00e0 nen stra, as antesta, a l\u2019ha an ghignon \u00ebl p\u00f2ch a p\u00f2ch, a va nen anans e gnanca andar\u00e9, a s\u00eb sp\u00f2sta \u2018d binari e soa diression a l\u2019\u00e9 nen ant l\u2019orari. La st\u00f2ria a giustifica nen e gnanca a deplora, la st\u00f2ria a l\u2019\u00e9 nen intrinseca p\u00ebrch\u00e8 a l\u2019\u00e9 f\u00f2ra. La st\u00f2ria a dispensa nen car\u00ebsse o colp \u00ebd fo\u00e8t. La st\u00f2ria a l\u2019\u00e9 nen magistra \u00ebd gnente ch\u2019an riguarda. Anc\u00f2rsisne a serv nen a fela p\u00ec vera e p\u00ec giusta. II La st\u00f2ria a l\u2019\u00e9 peui nen cola ruspa ravagianta che as dis. A lassa dij sotpassagi, dle cripte, dij beucc e dj\u00eb scondion. A-i \u00e9 chi [\u2026] continua a leggere \u00bb","og_url":"https:\/\/giannidavico.it\/gopiedmont\/2012\/02\/01\/eugenio-montale-la-storia-2\/","og_site_name":"Go Piedmont","article_published_time":"2012-02-01T09:49:50+00:00","author":"giannidavico","twitter_card":"summary_large_image","twitter_misc":{"Scritto da":"giannidavico","Tempo di lettura stimato":"2 minuti"},"schema":{"@context":"https:\/\/schema.org","@graph":[{"@type":"WebPage","@id":"https:\/\/giannidavico.it\/gopiedmont\/2012\/02\/01\/eugenio-montale-la-storia-2\/","url":"https:\/\/giannidavico.it\/gopiedmont\/2012\/02\/01\/eugenio-montale-la-storia-2\/","name":"Eugenio Montale, La st\u00f2ria - Go Piedmont","isPartOf":{"@id":"https:\/\/giannidavico.it\/gopiedmont\/#website"},"datePublished":"2012-02-01T09:49:50+00:00","dateModified":"2012-02-01T09:49:50+00:00","author":{"@id":"https:\/\/giannidavico.it\/gopiedmont\/#\/schema\/person\/ea1fd17d8f2dba325f3712219efa8f77"},"inLanguage":"it-IT","potentialAction":[{"@type":"ReadAction","target":["https:\/\/giannidavico.it\/gopiedmont\/2012\/02\/01\/eugenio-montale-la-storia-2\/"]}]},{"@type":"WebSite","@id":"https:\/\/giannidavico.it\/gopiedmont\/#website","url":"https:\/\/giannidavico.it\/gopiedmont\/","name":"Go Piedmont","description":"pens\u00e9 dzora l\u00ecber, event e p\u00ebrson-e grop\u00e0 al Piemont e a la lenga piemont\u00e8isa","potentialAction":[{"@type":"SearchAction","target":{"@type":"EntryPoint","urlTemplate":"https:\/\/giannidavico.it\/gopiedmont\/?s={search_term_string}"},"query-input":"required name=search_term_string"}],"inLanguage":"it-IT"},{"@type":"Person","@id":"https:\/\/giannidavico.it\/gopiedmont\/#\/schema\/person\/ea1fd17d8f2dba325f3712219efa8f77","name":"giannidavico","image":{"@type":"ImageObject","inLanguage":"it-IT","@id":"https:\/\/giannidavico.it\/gopiedmont\/#\/schema\/person\/image\/","url":"https:\/\/secure.gravatar.com\/avatar\/337748753d882602f3038b55fb369ba1?s=96&d=mm&r=g","contentUrl":"https:\/\/secure.gravatar.com\/avatar\/337748753d882602f3038b55fb369ba1?s=96&d=mm&r=g","caption":"giannidavico"},"url":"https:\/\/giannidavico.it\/gopiedmont\/author\/giannidavico\/"}]}},"_links":{"self":[{"href":"https:\/\/giannidavico.it\/gopiedmont\/wp-json\/wp\/v2\/posts\/1071"}],"collection":[{"href":"https:\/\/giannidavico.it\/gopiedmont\/wp-json\/wp\/v2\/posts"}],"about":[{"href":"https:\/\/giannidavico.it\/gopiedmont\/wp-json\/wp\/v2\/types\/post"}],"author":[{"embeddable":true,"href":"https:\/\/giannidavico.it\/gopiedmont\/wp-json\/wp\/v2\/users\/4"}],"replies":[{"embeddable":true,"href":"https:\/\/giannidavico.it\/gopiedmont\/wp-json\/wp\/v2\/comments?post=1071"}],"version-history":[{"count":4,"href":"https:\/\/giannidavico.it\/gopiedmont\/wp-json\/wp\/v2\/posts\/1071\/revisions"}],"predecessor-version":[{"id":1075,"href":"https:\/\/giannidavico.it\/gopiedmont\/wp-json\/wp\/v2\/posts\/1071\/revisions\/1075"}],"wp:attachment":[{"href":"https:\/\/giannidavico.it\/gopiedmont\/wp-json\/wp\/v2\/media?parent=1071"}],"wp:term":[{"taxonomy":"category","embeddable":true,"href":"https:\/\/giannidavico.it\/gopiedmont\/wp-json\/wp\/v2\/categories?post=1071"},{"taxonomy":"post_tag","embeddable":true,"href":"https:\/\/giannidavico.it\/gopiedmont\/wp-json\/wp\/v2\/tags?post=1071"}],"curies":[{"name":"wp","href":"https:\/\/api.w.org\/{rel}","templated":true}]}}