{"id":1079,"date":"2012-02-08T15:50:11","date_gmt":"2012-02-08T13:50:11","guid":{"rendered":"https:\/\/giannidavico.it\/staging\/gopiedmont\/?p=1079"},"modified":"2013-12-17T14:19:21","modified_gmt":"2013-12-17T13:19:21","slug":"la-giassa-a-le-rosin-e","status":"publish","type":"post","link":"https:\/\/giannidavico.it\/gopiedmont\/2012\/02\/08\/la-giassa-a-le-rosin-e\/","title":{"rendered":"La giassa a le Rosin-e"},"content":{"rendered":"<p><a href=\"https:\/\/giannidavico.it\/gopiedmont\/files\/2012\/02\/giassa.jpg\"><img loading=\"lazy\" src=\"https:\/\/giannidavico.it\/gopiedmont\/files\/2012\/02\/giassa-300x224.jpg\" alt=\"\" title=\"giassa\" width=\"300\" height=\"224\" class=\"alignright size-medium wp-image-1080\" srcset=\"https:\/\/giannidavico.it\/gopiedmont\/files\/2012\/02\/giassa-300x224.jpg 300w, https:\/\/giannidavico.it\/gopiedmont\/files\/2012\/02\/giassa-1024x767.jpg 1024w, https:\/\/giannidavico.it\/gopiedmont\/files\/2012\/02\/giassa.jpg 1306w\" sizes=\"(max-width: 300px) 100vw, 300px\" \/><\/a><br \/>\nI l\u2019hai gav\u00e0 un bel p\u00f2ch \u00ebd giassa da la cort an costi di.<\/p>\n<p>Gav\u00e9 la giassa \u2018d qu\u00e0ich centim da na cort \u00ebd 400 m\u00e9ter qu\u00e0der anviron \u2013 la cort \u00ebd na ca d\u2019ondes al\u00f2gg e qu\u00e0tr ativit\u00e0, visad\u00ec na sinquanten-a \u2018d p\u00ebrson-e ch\u2019a-i giro d\u2019antorn \u2013 a veul d\u00ec tant temp: pala, pich, car\u00ebtta e pens\u00e9 an libert\u00e0.<\/p>\n<p>Saba, al prinsipi, i j\u2019era da sol. I l\u2019hai camp\u00e0 la sal (ch\u2019i l\u2019avr\u00eca dov\u00f9 but\u00e9 prima) e peui i l\u2019hai ancamin\u00e0 a s-ciap\u00e9 la giassa.<\/p>\n<p>D\u00f2p a un p\u00f2ch qu\u00e0ich cond\u00f2mino a riva a deme na man. Avsin, p\u00ebrson-e ch\u2019it v\u00ebdde miraco minca di ma ch\u2019it con\u00f2sse nen. A na serta mira a l\u2019\u00e9 rivaje na bass\u00e8ja con tre bicej e na bota \u2018d c\u00f2gnach. Bel, a l\u2019\u00e9 bel b\u00e8ive ansema. A m\u00eb mnis\u00eca an ment barba T\u00f2ni che d\u00ebl piemont\u00e8is a dis\u00eca:<\/p>\n<blockquote><p>A venta \u2018dc\u00f2 subielo: ti canta e mi i subij,<br \/>\nd\u2019\u00e0utri an compagneran, ciulucr\u00ece e ciusij.<\/p><\/blockquote>\n<p>Am pias\u00eca cola id\u00e8ja dle r\u00f2be f\u00e0ite ansema, f\u00e0ite p\u00ebrch\u00e8 ch\u2019a van f\u00e0ite sensa vard\u00e9 a chi ch\u2019a-i tocr\u00eca.<\/p>\n<p>A j\u2019era \u2018dc\u00f2, naturalment, chi ch\u2019a s\u2019avsinava con d\u2019id\u00e8je:<\/p>\n<blockquote><p>Bisognerebbe mettere pi\u00f9 sale&#8230;<\/p><\/blockquote>\n<p>E alora la risp\u00f2sta a sar\u00eca st\u00e0ita pavesian-a:<\/p>\n<blockquote><p>Non voglio idee! Ne ho gi\u00e0 troppe, di idee! Voglio gente che faccia le cose!<\/p><\/blockquote>\n<p>Le Rosin-e e la giassa. Bel.<\/p>\n","protected":false},"excerpt":{"rendered":"<p><a href=\"https:\/\/giannidavico.it\/gopiedmont\/files\/2012\/02\/giassa.jpg\"><img loading=\"lazy\" src=\"https:\/\/giannidavico.it\/gopiedmont\/files\/2012\/02\/giassa-300x224.jpg\" alt=\"\" title=\"giassa\" width=\"300\" height=\"224\" class=\"alignright size-medium wp-image-1080\" srcset=\"https:\/\/giannidavico.it\/gopiedmont\/files\/2012\/02\/giassa-300x224.jpg 300w, https:\/\/giannidavico.it\/gopiedmont\/files\/2012\/02\/giassa-1024x767.jpg 1024w, https:\/\/giannidavico.it\/gopiedmont\/files\/2012\/02\/giassa.jpg 1306w\" sizes=\"(max-width: 300px) 100vw, 300px\" \/><\/a><br \/> I l\u2019hai gav\u00e0 un bel p\u00f2ch \u00ebd giassa da la cort an costi di.<\/p>\n<p>Gav\u00e9 la giassa \u2018d qu\u00e0ich centim da na cort \u00ebd 400 m\u00e9ter qu\u00e0der anviron \u2013 la cort \u00ebd na ca d\u2019ondes al\u00f2gg e qu\u00e0tr ativit\u00e0, visad\u00ec na sinquanten-a \u2018d p\u00ebrson-e ch\u2019a-i giro d\u2019antorn \u2013 a veul d\u00ec tant temp: pala, pich, car\u00ebtta e pens\u00e9 an libert\u00e0.<\/p>\n<p>Saba, al prinsipi, i j\u2019era da sol. I l\u2019hai camp\u00e0 la sal (ch\u2019i l\u2019avr\u00eca dov\u00f9 but\u00e9 prima) e peui i l\u2019hai ancamin\u00e0 a s-ciap\u00e9 la giassa.<\/p>\n<p>D\u00f2p a un p\u00f2ch qu\u00e0ich cond\u00f2mino a riva a deme na man. Avsin, p\u00ebrson-e ch\u2019it v\u00ebdde miraco minca di ma ch\u2019it con\u00f2sse nen. A na serta mira a l\u2019\u00e9 rivaje na bass\u00e8ja con tre bicej e na bota \u2018d c\u00f2gnach. Bel, a l\u2019\u00e9 bel b\u00e8ive ansema. A m\u00eb mnis\u00eca an ment barba T\u00f2ni che d\u00ebl piemont\u00e8is a dis\u00eca:<\/p>\n<p>A venta \u2018dc\u00f2 subielo: ti canta e mi i subij,<br \/> d\u2019\u00e0utri an compagneran, ciulucr\u00ece e ciusij.<\/p>\n<p>Am pias\u00eca cola id\u00e8ja dle r\u00f2be f\u00e0ite ansema, f\u00e0ite p\u00ebrch\u00e8 ch\u2019a van f\u00e0ite sensa vard\u00e9 a [\u2026] <a class=\"moretag\" href=\"https:\/\/giannidavico.it\/gopiedmont\/2012\/02\/08\/la-giassa-a-le-rosin-e\/\">continua a leggere \u00bb<\/a><\/p>\n","protected":false},"author":4,"featured_media":0,"comment_status":"open","ping_status":"open","sticky":false,"template":"","format":"standard","meta":[],"categories":[130],"tags":[4021],"yoast_head":"<!-- This site is optimized with the Yoast SEO plugin v19.14 - https:\/\/yoast.com\/wordpress\/plugins\/seo\/ -->\n<title>La giassa a le Rosin-e - Go Piedmont<\/title>\n<meta name=\"robots\" content=\"index, follow, max-snippet:-1, max-image-preview:large, max-video-preview:-1\" \/>\n<link rel=\"canonical\" href=\"https:\/\/giannidavico.it\/gopiedmont\/2012\/02\/08\/la-giassa-a-le-rosin-e\/\" \/>\n<meta property=\"og:locale\" content=\"it_IT\" \/>\n<meta property=\"og:type\" content=\"article\" \/>\n<meta property=\"og:title\" content=\"La giassa a le Rosin-e - Go Piedmont\" \/>\n<meta property=\"og:description\" content=\"I l\u2019hai gav\u00e0 un bel p\u00f2ch \u00ebd giassa da la cort an costi di. Gav\u00e9 la giassa \u2018d qu\u00e0ich centim da na cort \u00ebd 400 m\u00e9ter qu\u00e0der anviron \u2013 la cort \u00ebd na ca d\u2019ondes al\u00f2gg e qu\u00e0tr ativit\u00e0, visad\u00ec na sinquanten-a \u2018d p\u00ebrson-e ch\u2019a-i giro d\u2019antorn \u2013 a veul d\u00ec tant temp: pala, pich, car\u00ebtta e pens\u00e9 an libert\u00e0. Saba, al prinsipi, i j\u2019era da sol. I l\u2019hai camp\u00e0 la sal (ch\u2019i l\u2019avr\u00eca dov\u00f9 but\u00e9 prima) e peui i l\u2019hai ancamin\u00e0 a s-ciap\u00e9 la giassa. D\u00f2p a un p\u00f2ch qu\u00e0ich cond\u00f2mino a riva a deme na man. Avsin, p\u00ebrson-e ch\u2019it v\u00ebdde miraco minca di ma ch\u2019it con\u00f2sse nen. A na serta mira a l\u2019\u00e9 rivaje na bass\u00e8ja con tre bicej e na bota \u2018d c\u00f2gnach. Bel, a l\u2019\u00e9 bel b\u00e8ive ansema. A m\u00eb mnis\u00eca an ment barba T\u00f2ni che d\u00ebl piemont\u00e8is a dis\u00eca: A venta \u2018dc\u00f2 subielo: ti canta e mi i subij, d\u2019\u00e0utri an compagneran, ciulucr\u00ece e ciusij. Am pias\u00eca cola id\u00e8ja dle r\u00f2be f\u00e0ite ansema, f\u00e0ite p\u00ebrch\u00e8 ch\u2019a van f\u00e0ite sensa vard\u00e9 a [\u2026] continua a leggere \u00bb\" \/>\n<meta property=\"og:url\" content=\"https:\/\/giannidavico.it\/gopiedmont\/2012\/02\/08\/la-giassa-a-le-rosin-e\/\" \/>\n<meta property=\"og:site_name\" content=\"Go Piedmont\" \/>\n<meta property=\"article:published_time\" content=\"2012-02-08T13:50:11+00:00\" \/>\n<meta property=\"article:modified_time\" content=\"2013-12-17T13:19:21+00:00\" \/>\n<meta property=\"og:image\" content=\"https:\/\/giannidavico.it\/gopiedmont\/files\/2012\/02\/giassa-300x224.jpg\" \/>\n<meta name=\"author\" content=\"giannidavico\" \/>\n<meta name=\"twitter:card\" content=\"summary_large_image\" \/>\n<meta name=\"twitter:label1\" content=\"Scritto da\" \/>\n\t<meta name=\"twitter:data1\" content=\"giannidavico\" \/>\n\t<meta name=\"twitter:label2\" content=\"Tempo di lettura stimato\" \/>\n\t<meta name=\"twitter:data2\" content=\"1 minuto\" \/>\n<script type=\"application\/ld+json\" class=\"yoast-schema-graph\">{\"@context\":\"https:\/\/schema.org\",\"@graph\":[{\"@type\":\"WebPage\",\"@id\":\"https:\/\/giannidavico.it\/gopiedmont\/2012\/02\/08\/la-giassa-a-le-rosin-e\/\",\"url\":\"https:\/\/giannidavico.it\/gopiedmont\/2012\/02\/08\/la-giassa-a-le-rosin-e\/\",\"name\":\"La giassa a le Rosin-e - Go Piedmont\",\"isPartOf\":{\"@id\":\"https:\/\/giannidavico.it\/gopiedmont\/#website\"},\"datePublished\":\"2012-02-08T13:50:11+00:00\",\"dateModified\":\"2013-12-17T13:19:21+00:00\",\"author\":{\"@id\":\"https:\/\/giannidavico.it\/gopiedmont\/#\/schema\/person\/ea1fd17d8f2dba325f3712219efa8f77\"},\"inLanguage\":\"it-IT\",\"potentialAction\":[{\"@type\":\"ReadAction\",\"target\":[\"https:\/\/giannidavico.it\/gopiedmont\/2012\/02\/08\/la-giassa-a-le-rosin-e\/\"]}]},{\"@type\":\"WebSite\",\"@id\":\"https:\/\/giannidavico.it\/gopiedmont\/#website\",\"url\":\"https:\/\/giannidavico.it\/gopiedmont\/\",\"name\":\"Go Piedmont\",\"description\":\"pens\u00e9 dzora l\u00ecber, event e p\u00ebrson-e grop\u00e0 al Piemont e a la lenga piemont\u00e8isa\",\"potentialAction\":[{\"@type\":\"SearchAction\",\"target\":{\"@type\":\"EntryPoint\",\"urlTemplate\":\"https:\/\/giannidavico.it\/gopiedmont\/?s={search_term_string}\"},\"query-input\":\"required name=search_term_string\"}],\"inLanguage\":\"it-IT\"},{\"@type\":\"Person\",\"@id\":\"https:\/\/giannidavico.it\/gopiedmont\/#\/schema\/person\/ea1fd17d8f2dba325f3712219efa8f77\",\"name\":\"giannidavico\",\"image\":{\"@type\":\"ImageObject\",\"inLanguage\":\"it-IT\",\"@id\":\"https:\/\/giannidavico.it\/gopiedmont\/#\/schema\/person\/image\/\",\"url\":\"https:\/\/secure.gravatar.com\/avatar\/337748753d882602f3038b55fb369ba1?s=96&d=mm&r=g\",\"contentUrl\":\"https:\/\/secure.gravatar.com\/avatar\/337748753d882602f3038b55fb369ba1?s=96&d=mm&r=g\",\"caption\":\"giannidavico\"},\"url\":\"https:\/\/giannidavico.it\/gopiedmont\/author\/giannidavico\/\"}]}<\/script>\n<!-- \/ Yoast SEO plugin. -->","yoast_head_json":{"title":"La giassa a le Rosin-e - Go Piedmont","robots":{"index":"index","follow":"follow","max-snippet":"max-snippet:-1","max-image-preview":"max-image-preview:large","max-video-preview":"max-video-preview:-1"},"canonical":"https:\/\/giannidavico.it\/gopiedmont\/2012\/02\/08\/la-giassa-a-le-rosin-e\/","og_locale":"it_IT","og_type":"article","og_title":"La giassa a le Rosin-e - Go Piedmont","og_description":"I l\u2019hai gav\u00e0 un bel p\u00f2ch \u00ebd giassa da la cort an costi di. Gav\u00e9 la giassa \u2018d qu\u00e0ich centim da na cort \u00ebd 400 m\u00e9ter qu\u00e0der anviron \u2013 la cort \u00ebd na ca d\u2019ondes al\u00f2gg e qu\u00e0tr ativit\u00e0, visad\u00ec na sinquanten-a \u2018d p\u00ebrson-e ch\u2019a-i giro d\u2019antorn \u2013 a veul d\u00ec tant temp: pala, pich, car\u00ebtta e pens\u00e9 an libert\u00e0. Saba, al prinsipi, i j\u2019era da sol. I l\u2019hai camp\u00e0 la sal (ch\u2019i l\u2019avr\u00eca dov\u00f9 but\u00e9 prima) e peui i l\u2019hai ancamin\u00e0 a s-ciap\u00e9 la giassa. D\u00f2p a un p\u00f2ch qu\u00e0ich cond\u00f2mino a riva a deme na man. Avsin, p\u00ebrson-e ch\u2019it v\u00ebdde miraco minca di ma ch\u2019it con\u00f2sse nen. A na serta mira a l\u2019\u00e9 rivaje na bass\u00e8ja con tre bicej e na bota \u2018d c\u00f2gnach. Bel, a l\u2019\u00e9 bel b\u00e8ive ansema. A m\u00eb mnis\u00eca an ment barba T\u00f2ni che d\u00ebl piemont\u00e8is a dis\u00eca: A venta \u2018dc\u00f2 subielo: ti canta e mi i subij, d\u2019\u00e0utri an compagneran, ciulucr\u00ece e ciusij. Am pias\u00eca cola id\u00e8ja dle r\u00f2be f\u00e0ite ansema, f\u00e0ite p\u00ebrch\u00e8 ch\u2019a van f\u00e0ite sensa vard\u00e9 a [\u2026] continua a leggere \u00bb","og_url":"https:\/\/giannidavico.it\/gopiedmont\/2012\/02\/08\/la-giassa-a-le-rosin-e\/","og_site_name":"Go Piedmont","article_published_time":"2012-02-08T13:50:11+00:00","article_modified_time":"2013-12-17T13:19:21+00:00","og_image":[{"url":"https:\/\/giannidavico.it\/gopiedmont\/files\/2012\/02\/giassa-300x224.jpg"}],"author":"giannidavico","twitter_card":"summary_large_image","twitter_misc":{"Scritto da":"giannidavico","Tempo di lettura stimato":"1 minuto"},"schema":{"@context":"https:\/\/schema.org","@graph":[{"@type":"WebPage","@id":"https:\/\/giannidavico.it\/gopiedmont\/2012\/02\/08\/la-giassa-a-le-rosin-e\/","url":"https:\/\/giannidavico.it\/gopiedmont\/2012\/02\/08\/la-giassa-a-le-rosin-e\/","name":"La giassa a le Rosin-e - Go Piedmont","isPartOf":{"@id":"https:\/\/giannidavico.it\/gopiedmont\/#website"},"datePublished":"2012-02-08T13:50:11+00:00","dateModified":"2013-12-17T13:19:21+00:00","author":{"@id":"https:\/\/giannidavico.it\/gopiedmont\/#\/schema\/person\/ea1fd17d8f2dba325f3712219efa8f77"},"inLanguage":"it-IT","potentialAction":[{"@type":"ReadAction","target":["https:\/\/giannidavico.it\/gopiedmont\/2012\/02\/08\/la-giassa-a-le-rosin-e\/"]}]},{"@type":"WebSite","@id":"https:\/\/giannidavico.it\/gopiedmont\/#website","url":"https:\/\/giannidavico.it\/gopiedmont\/","name":"Go Piedmont","description":"pens\u00e9 dzora l\u00ecber, event e p\u00ebrson-e grop\u00e0 al Piemont e a la lenga piemont\u00e8isa","potentialAction":[{"@type":"SearchAction","target":{"@type":"EntryPoint","urlTemplate":"https:\/\/giannidavico.it\/gopiedmont\/?s={search_term_string}"},"query-input":"required name=search_term_string"}],"inLanguage":"it-IT"},{"@type":"Person","@id":"https:\/\/giannidavico.it\/gopiedmont\/#\/schema\/person\/ea1fd17d8f2dba325f3712219efa8f77","name":"giannidavico","image":{"@type":"ImageObject","inLanguage":"it-IT","@id":"https:\/\/giannidavico.it\/gopiedmont\/#\/schema\/person\/image\/","url":"https:\/\/secure.gravatar.com\/avatar\/337748753d882602f3038b55fb369ba1?s=96&d=mm&r=g","contentUrl":"https:\/\/secure.gravatar.com\/avatar\/337748753d882602f3038b55fb369ba1?s=96&d=mm&r=g","caption":"giannidavico"},"url":"https:\/\/giannidavico.it\/gopiedmont\/author\/giannidavico\/"}]}},"_links":{"self":[{"href":"https:\/\/giannidavico.it\/gopiedmont\/wp-json\/wp\/v2\/posts\/1079"}],"collection":[{"href":"https:\/\/giannidavico.it\/gopiedmont\/wp-json\/wp\/v2\/posts"}],"about":[{"href":"https:\/\/giannidavico.it\/gopiedmont\/wp-json\/wp\/v2\/types\/post"}],"author":[{"embeddable":true,"href":"https:\/\/giannidavico.it\/gopiedmont\/wp-json\/wp\/v2\/users\/4"}],"replies":[{"embeddable":true,"href":"https:\/\/giannidavico.it\/gopiedmont\/wp-json\/wp\/v2\/comments?post=1079"}],"version-history":[{"count":6,"href":"https:\/\/giannidavico.it\/gopiedmont\/wp-json\/wp\/v2\/posts\/1079\/revisions"}],"predecessor-version":[{"id":2037,"href":"https:\/\/giannidavico.it\/gopiedmont\/wp-json\/wp\/v2\/posts\/1079\/revisions\/2037"}],"wp:attachment":[{"href":"https:\/\/giannidavico.it\/gopiedmont\/wp-json\/wp\/v2\/media?parent=1079"}],"wp:term":[{"taxonomy":"category","embeddable":true,"href":"https:\/\/giannidavico.it\/gopiedmont\/wp-json\/wp\/v2\/categories?post=1079"},{"taxonomy":"post_tag","embeddable":true,"href":"https:\/\/giannidavico.it\/gopiedmont\/wp-json\/wp\/v2\/tags?post=1079"}],"curies":[{"name":"wp","href":"https:\/\/api.w.org\/{rel}","templated":true}]}}