{"id":12,"date":"2008-06-03T12:25:00","date_gmt":"2008-06-03T12:25:00","guid":{"rendered":"https:\/\/giannidavico.it\/staging\/gopiedmont\/2008\/06\/03\/lenga-del-cheur-e-lenga-dij-politicaire\/"},"modified":"2010-05-20T14:06:47","modified_gmt":"2010-05-20T14:06:47","slug":"lenga-del-cheur-e-lenga-dij-politicaire","status":"publish","type":"post","link":"https:\/\/giannidavico.it\/gopiedmont\/2008\/06\/03\/lenga-del-cheur-e-lenga-dij-politicaire\/","title":{"rendered":"Lenga d\u00ebl cheur e lenga dij politic\u00e0ire"},"content":{"rendered":"<p>Un dij concet dit p\u00ec volte longh la festa a l&#8217;\u00e9 che s&#8217;it parle an piemont\u00e8is &#8211; p\u00ec an general, an toa lenga: ant na par\u00f2la, s&#8217;it parle com ch&#8217;it mange &#8211; it peule nen st\u00ebrmete dar\u00e9 a le par\u00f2le, come ch&#8217;a fan anvece tr\u00f2pe vire ij pol\u00ectich (politicant? politic\u00e0ire? cacam?). Bin, a l&#8217;ha fame soride &#8211; tristement &#8211; un fax rivane v\u00e9ner e adress\u00e0 a Censin Pich:<\/p>\n<p>&#8220;Con vivo rammarico devo comunicare la mia impossibilit\u00e0 a partecipare alla Festa del [sic] Piemont, prevista per domenica 1 giugno 2008.<\/p>\n<p>Impegni di carattere istituzionale, assunti in precedenza, infatti, non mi consentono di poter assistere a quest&#8217;importante avvenimento, contrariamente a quanto programmato nei giorni scorsi.<\/p>\n<p>Nel ringraziare comunque per il cortese invito e auspicando di poterTi incontrare in altre occasioni, giungano i miei auguri per lo svolgimento della manifestazione, che vi accingete a celebrare, unitamente ai miei pi\u00f9 cordiali saluti, che Ti prego di voler estendere ai convenuti tutti&#8221;.<\/p>\n<p>Doe considerassion ambeless\u00ec, un-a &#8216;d l\u00f2gica e l&#8217;\u00e0utra &#8216;d sostansa.<\/p>\n<p>La l\u00f2gica: j&#8217;impegn istitussionaj a j&#8217;ero st\u00e0it pij\u00e0 prima, ma la p\u00ebrson-a a l&#8217;av\u00eca program\u00e0 d\u00eb vn\u00ec. A m\u00eb smija che Arist\u00f2tele a l&#8217;avr\u00eca quaic\u00f2s da d\u00ec dzora &#8216;l rasonament.<\/p>\n<p>La sostansa: se cola p\u00ebrson-a a l&#8217;av\u00e8jssa parl\u00e0 an piemont\u00e8is a l&#8217;avr\u00eca scrit, p\u00ec o meno: &#8220;I l&#8217;hai nen veuja &#8216;d perde temp, mers\u00ec l&#8217;istess p\u00ebr l&#8217;invit&#8221;. Ma, an tute le manere, e d\u00eb dl\u00e0 d\u00ebl piemont\u00e8is, \u00e9-lo poss\u00ecbil che d\u00ebl 2008 a-i sia ancor chi ch&#8217;a scriv an costa manera?<\/p>\n","protected":false},"excerpt":{"rendered":"<p>Un dij concet dit p\u00ec volte longh la festa a l&#8217;\u00e9 che s&#8217;it parle an piemont\u00e8is &#8211; p\u00ec an general, an toa lenga: ant na par\u00f2la, s&#8217;it parle com ch&#8217;it mange &#8211; it peule nen st\u00ebrmete dar\u00e9 a le par\u00f2le, come ch&#8217;a fan anvece tr\u00f2pe vire ij pol\u00ectich (politicant? politic\u00e0ire? cacam?). Bin, a l&#8217;ha fame soride &#8211; tristement &#8211; un fax rivane v\u00e9ner e adress\u00e0 a Censin Pich:<\/p>\n<p>&#8220;Con vivo rammarico devo comunicare la mia impossibilit\u00e0 a partecipare alla Festa del [sic] Piemont, prevista per domenica 1 giugno 2008.<\/p>\n<p>Impegni di carattere istituzionale, assunti in precedenza, infatti, non mi consentono di poter assistere a quest&#8217;importante avvenimento, contrariamente a quanto programmato nei giorni scorsi.<\/p>\n<p>Nel ringraziare comunque per il cortese invito e auspicando di poterTi incontrare in altre occasioni, giungano i miei auguri per lo svolgimento della manifestazione, che vi accingete a celebrare, unitamente ai miei pi\u00f9 cordiali saluti, che Ti prego di voler estendere ai convenuti tutti&#8221;.<\/p>\n<p>Doe considerassion ambeless\u00ec, un-a &#8216;d l\u00f2gica e l&#8217;\u00e0utra &#8216;d sostansa.<\/p>\n<p>La l\u00f2gica: j&#8217;impegn istitussionaj a j&#8217;ero st\u00e0it pij\u00e0 prima, ma la p\u00ebrson-a a l&#8217;av\u00eca program\u00e0 d\u00eb vn\u00ec. A m\u00eb smija che Arist\u00f2tele a l&#8217;avr\u00eca quaic\u00f2s da d\u00ec dzora &#8216;l rasonament.<\/p>\n<p>La sostansa: se [\u2026] <a class=\"moretag\" href=\"https:\/\/giannidavico.it\/gopiedmont\/2008\/06\/03\/lenga-del-cheur-e-lenga-dij-politicaire\/\">continua a leggere \u00bb<\/a><\/p>\n","protected":false},"author":1,"featured_media":0,"comment_status":"open","ping_status":"open","sticky":false,"template":"","format":"standard","meta":[],"categories":[130],"tags":[124],"yoast_head":"<!-- This site is optimized with the Yoast SEO plugin v19.14 - https:\/\/yoast.com\/wordpress\/plugins\/seo\/ -->\n<title>Lenga d\u00ebl cheur e lenga dij politic\u00e0ire - Go Piedmont<\/title>\n<meta name=\"robots\" content=\"index, follow, max-snippet:-1, max-image-preview:large, max-video-preview:-1\" \/>\n<link rel=\"canonical\" href=\"https:\/\/giannidavico.it\/gopiedmont\/2008\/06\/03\/lenga-del-cheur-e-lenga-dij-politicaire\/\" \/>\n<meta property=\"og:locale\" content=\"it_IT\" \/>\n<meta property=\"og:type\" content=\"article\" \/>\n<meta property=\"og:title\" content=\"Lenga d\u00ebl cheur e lenga dij politic\u00e0ire - Go Piedmont\" \/>\n<meta property=\"og:description\" content=\"Un dij concet dit p\u00ec volte longh la festa a l&#8217;\u00e9 che s&#8217;it parle an piemont\u00e8is &#8211; p\u00ec an general, an toa lenga: ant na par\u00f2la, s&#8217;it parle com ch&#8217;it mange &#8211; it peule nen st\u00ebrmete dar\u00e9 a le par\u00f2le, come ch&#8217;a fan anvece tr\u00f2pe vire ij pol\u00ectich (politicant? politic\u00e0ire? cacam?). Bin, a l&#8217;ha fame soride &#8211; tristement &#8211; un fax rivane v\u00e9ner e adress\u00e0 a Censin Pich: &#8220;Con vivo rammarico devo comunicare la mia impossibilit\u00e0 a partecipare alla Festa del [sic] Piemont, prevista per domenica 1 giugno 2008. Impegni di carattere istituzionale, assunti in precedenza, infatti, non mi consentono di poter assistere a quest&#8217;importante avvenimento, contrariamente a quanto programmato nei giorni scorsi. Nel ringraziare comunque per il cortese invito e auspicando di poterTi incontrare in altre occasioni, giungano i miei auguri per lo svolgimento della manifestazione, che vi accingete a celebrare, unitamente ai miei pi\u00f9 cordiali saluti, che Ti prego di voler estendere ai convenuti tutti&#8221;. Doe considerassion ambeless\u00ec, un-a &#8216;d l\u00f2gica e l&#8217;\u00e0utra &#8216;d sostansa. La l\u00f2gica: j&#8217;impegn istitussionaj a j&#8217;ero st\u00e0it pij\u00e0 prima, ma la p\u00ebrson-a a l&#8217;av\u00eca program\u00e0 d\u00eb vn\u00ec. A m\u00eb smija che Arist\u00f2tele a l&#8217;avr\u00eca quaic\u00f2s da d\u00ec dzora &#8216;l rasonament. La sostansa: se [\u2026] continua a leggere \u00bb\" \/>\n<meta property=\"og:url\" content=\"https:\/\/giannidavico.it\/gopiedmont\/2008\/06\/03\/lenga-del-cheur-e-lenga-dij-politicaire\/\" \/>\n<meta property=\"og:site_name\" content=\"Go Piedmont\" \/>\n<meta property=\"article:published_time\" content=\"2008-06-03T12:25:00+00:00\" \/>\n<meta property=\"article:modified_time\" content=\"2010-05-20T14:06:47+00:00\" \/>\n<meta name=\"author\" content=\"admin\" \/>\n<meta name=\"twitter:card\" content=\"summary_large_image\" \/>\n<meta name=\"twitter:label1\" content=\"Scritto da\" \/>\n\t<meta name=\"twitter:data1\" content=\"admin\" \/>\n\t<meta name=\"twitter:label2\" content=\"Tempo di lettura stimato\" \/>\n\t<meta name=\"twitter:data2\" content=\"1 minuto\" \/>\n<script type=\"application\/ld+json\" class=\"yoast-schema-graph\">{\"@context\":\"https:\/\/schema.org\",\"@graph\":[{\"@type\":\"WebPage\",\"@id\":\"https:\/\/giannidavico.it\/gopiedmont\/2008\/06\/03\/lenga-del-cheur-e-lenga-dij-politicaire\/\",\"url\":\"https:\/\/giannidavico.it\/gopiedmont\/2008\/06\/03\/lenga-del-cheur-e-lenga-dij-politicaire\/\",\"name\":\"Lenga d\u00ebl cheur e lenga dij politic\u00e0ire - Go Piedmont\",\"isPartOf\":{\"@id\":\"https:\/\/giannidavico.it\/gopiedmont\/#website\"},\"datePublished\":\"2008-06-03T12:25:00+00:00\",\"dateModified\":\"2010-05-20T14:06:47+00:00\",\"author\":{\"@id\":\"https:\/\/giannidavico.it\/gopiedmont\/#\/schema\/person\/6a96d8672f14b275ece93af45a6da78b\"},\"inLanguage\":\"it-IT\",\"potentialAction\":[{\"@type\":\"ReadAction\",\"target\":[\"https:\/\/giannidavico.it\/gopiedmont\/2008\/06\/03\/lenga-del-cheur-e-lenga-dij-politicaire\/\"]}]},{\"@type\":\"WebSite\",\"@id\":\"https:\/\/giannidavico.it\/gopiedmont\/#website\",\"url\":\"https:\/\/giannidavico.it\/gopiedmont\/\",\"name\":\"Go Piedmont\",\"description\":\"pens\u00e9 dzora l\u00ecber, event e p\u00ebrson-e grop\u00e0 al Piemont e a la lenga piemont\u00e8isa\",\"potentialAction\":[{\"@type\":\"SearchAction\",\"target\":{\"@type\":\"EntryPoint\",\"urlTemplate\":\"https:\/\/giannidavico.it\/gopiedmont\/?s={search_term_string}\"},\"query-input\":\"required name=search_term_string\"}],\"inLanguage\":\"it-IT\"},{\"@type\":\"Person\",\"@id\":\"https:\/\/giannidavico.it\/gopiedmont\/#\/schema\/person\/6a96d8672f14b275ece93af45a6da78b\",\"name\":\"admin\",\"image\":{\"@type\":\"ImageObject\",\"inLanguage\":\"it-IT\",\"@id\":\"https:\/\/giannidavico.it\/gopiedmont\/#\/schema\/person\/image\/\",\"url\":\"https:\/\/secure.gravatar.com\/avatar\/337748753d882602f3038b55fb369ba1?s=96&d=mm&r=g\",\"contentUrl\":\"https:\/\/secure.gravatar.com\/avatar\/337748753d882602f3038b55fb369ba1?s=96&d=mm&r=g\",\"caption\":\"admin\"},\"url\":\"https:\/\/giannidavico.it\/gopiedmont\/author\/admin\/\"}]}<\/script>\n<!-- \/ Yoast SEO plugin. -->","yoast_head_json":{"title":"Lenga d\u00ebl cheur e lenga dij politic\u00e0ire - Go Piedmont","robots":{"index":"index","follow":"follow","max-snippet":"max-snippet:-1","max-image-preview":"max-image-preview:large","max-video-preview":"max-video-preview:-1"},"canonical":"https:\/\/giannidavico.it\/gopiedmont\/2008\/06\/03\/lenga-del-cheur-e-lenga-dij-politicaire\/","og_locale":"it_IT","og_type":"article","og_title":"Lenga d\u00ebl cheur e lenga dij politic\u00e0ire - Go Piedmont","og_description":"Un dij concet dit p\u00ec volte longh la festa a l&#8217;\u00e9 che s&#8217;it parle an piemont\u00e8is &#8211; p\u00ec an general, an toa lenga: ant na par\u00f2la, s&#8217;it parle com ch&#8217;it mange &#8211; it peule nen st\u00ebrmete dar\u00e9 a le par\u00f2le, come ch&#8217;a fan anvece tr\u00f2pe vire ij pol\u00ectich (politicant? politic\u00e0ire? cacam?). Bin, a l&#8217;ha fame soride &#8211; tristement &#8211; un fax rivane v\u00e9ner e adress\u00e0 a Censin Pich: &#8220;Con vivo rammarico devo comunicare la mia impossibilit\u00e0 a partecipare alla Festa del [sic] Piemont, prevista per domenica 1 giugno 2008. Impegni di carattere istituzionale, assunti in precedenza, infatti, non mi consentono di poter assistere a quest&#8217;importante avvenimento, contrariamente a quanto programmato nei giorni scorsi. Nel ringraziare comunque per il cortese invito e auspicando di poterTi incontrare in altre occasioni, giungano i miei auguri per lo svolgimento della manifestazione, che vi accingete a celebrare, unitamente ai miei pi\u00f9 cordiali saluti, che Ti prego di voler estendere ai convenuti tutti&#8221;. Doe considerassion ambeless\u00ec, un-a &#8216;d l\u00f2gica e l&#8217;\u00e0utra &#8216;d sostansa. La l\u00f2gica: j&#8217;impegn istitussionaj a j&#8217;ero st\u00e0it pij\u00e0 prima, ma la p\u00ebrson-a a l&#8217;av\u00eca program\u00e0 d\u00eb vn\u00ec. A m\u00eb smija che Arist\u00f2tele a l&#8217;avr\u00eca quaic\u00f2s da d\u00ec dzora &#8216;l rasonament. La sostansa: se [\u2026] continua a leggere \u00bb","og_url":"https:\/\/giannidavico.it\/gopiedmont\/2008\/06\/03\/lenga-del-cheur-e-lenga-dij-politicaire\/","og_site_name":"Go Piedmont","article_published_time":"2008-06-03T12:25:00+00:00","article_modified_time":"2010-05-20T14:06:47+00:00","author":"admin","twitter_card":"summary_large_image","twitter_misc":{"Scritto da":"admin","Tempo di lettura stimato":"1 minuto"},"schema":{"@context":"https:\/\/schema.org","@graph":[{"@type":"WebPage","@id":"https:\/\/giannidavico.it\/gopiedmont\/2008\/06\/03\/lenga-del-cheur-e-lenga-dij-politicaire\/","url":"https:\/\/giannidavico.it\/gopiedmont\/2008\/06\/03\/lenga-del-cheur-e-lenga-dij-politicaire\/","name":"Lenga d\u00ebl cheur e lenga dij politic\u00e0ire - Go Piedmont","isPartOf":{"@id":"https:\/\/giannidavico.it\/gopiedmont\/#website"},"datePublished":"2008-06-03T12:25:00+00:00","dateModified":"2010-05-20T14:06:47+00:00","author":{"@id":"https:\/\/giannidavico.it\/gopiedmont\/#\/schema\/person\/6a96d8672f14b275ece93af45a6da78b"},"inLanguage":"it-IT","potentialAction":[{"@type":"ReadAction","target":["https:\/\/giannidavico.it\/gopiedmont\/2008\/06\/03\/lenga-del-cheur-e-lenga-dij-politicaire\/"]}]},{"@type":"WebSite","@id":"https:\/\/giannidavico.it\/gopiedmont\/#website","url":"https:\/\/giannidavico.it\/gopiedmont\/","name":"Go Piedmont","description":"pens\u00e9 dzora l\u00ecber, event e p\u00ebrson-e grop\u00e0 al Piemont e a la lenga piemont\u00e8isa","potentialAction":[{"@type":"SearchAction","target":{"@type":"EntryPoint","urlTemplate":"https:\/\/giannidavico.it\/gopiedmont\/?s={search_term_string}"},"query-input":"required name=search_term_string"}],"inLanguage":"it-IT"},{"@type":"Person","@id":"https:\/\/giannidavico.it\/gopiedmont\/#\/schema\/person\/6a96d8672f14b275ece93af45a6da78b","name":"admin","image":{"@type":"ImageObject","inLanguage":"it-IT","@id":"https:\/\/giannidavico.it\/gopiedmont\/#\/schema\/person\/image\/","url":"https:\/\/secure.gravatar.com\/avatar\/337748753d882602f3038b55fb369ba1?s=96&d=mm&r=g","contentUrl":"https:\/\/secure.gravatar.com\/avatar\/337748753d882602f3038b55fb369ba1?s=96&d=mm&r=g","caption":"admin"},"url":"https:\/\/giannidavico.it\/gopiedmont\/author\/admin\/"}]}},"_links":{"self":[{"href":"https:\/\/giannidavico.it\/gopiedmont\/wp-json\/wp\/v2\/posts\/12"}],"collection":[{"href":"https:\/\/giannidavico.it\/gopiedmont\/wp-json\/wp\/v2\/posts"}],"about":[{"href":"https:\/\/giannidavico.it\/gopiedmont\/wp-json\/wp\/v2\/types\/post"}],"author":[{"embeddable":true,"href":"https:\/\/giannidavico.it\/gopiedmont\/wp-json\/wp\/v2\/users\/1"}],"replies":[{"embeddable":true,"href":"https:\/\/giannidavico.it\/gopiedmont\/wp-json\/wp\/v2\/comments?post=12"}],"version-history":[{"count":1,"href":"https:\/\/giannidavico.it\/gopiedmont\/wp-json\/wp\/v2\/posts\/12\/revisions"}],"predecessor-version":[{"id":370,"href":"https:\/\/giannidavico.it\/gopiedmont\/wp-json\/wp\/v2\/posts\/12\/revisions\/370"}],"wp:attachment":[{"href":"https:\/\/giannidavico.it\/gopiedmont\/wp-json\/wp\/v2\/media?parent=12"}],"wp:term":[{"taxonomy":"category","embeddable":true,"href":"https:\/\/giannidavico.it\/gopiedmont\/wp-json\/wp\/v2\/categories?post=12"},{"taxonomy":"post_tag","embeddable":true,"href":"https:\/\/giannidavico.it\/gopiedmont\/wp-json\/wp\/v2\/tags?post=12"}],"curies":[{"name":"wp","href":"https:\/\/api.w.org\/{rel}","templated":true}]}}