{"id":1237,"date":"2012-06-20T14:42:03","date_gmt":"2012-06-20T12:42:03","guid":{"rendered":"https:\/\/giannidavico.it\/staging\/gopiedmont\/?p=1237"},"modified":"2012-06-20T14:42:03","modified_gmt":"2012-06-20T12:42:03","slug":"pense-da-bute-an-ordin","status":"publish","type":"post","link":"https:\/\/giannidavico.it\/gopiedmont\/2012\/06\/20\/pense-da-bute-an-ordin\/","title":{"rendered":"Pens\u00e9 da but\u00e9 an ordin"},"content":{"rendered":"<p>Giugn a dovr\u00eca esse un m\u00e8is tranquil e anvece n\u00f2, tante r\u00f2be da f\u00e9, \u00ebl travaj che p\u00ebr fortun-a a manca nen, <a href=\"http:\/\/www.federgolf.it\/GaraDetailsInfo.aspx?id=3af1db71-b737-e111-b6be-ea44e57454ad\" title=\"XLVII GRAN PREMIO PADOVA MASCHILE\" target=\"_blank\">gare<\/a> da pront\u00e9, la Piata da steje (naturalment, cola d\u2019ist\u00e0 a manca mai \u2013 almanch).<\/p>\n<p>E mi an s\u00ebrca d\u00ebl m\u00e9 pr\u00f2ssim proget:<\/p>\n<blockquote><p><a href=\"https:\/\/giannidavico.it\/brainfood\/2011\/05\/30\/andare-oltre\/\" title=\"Andare oltre\">La mia vita la conosco, adesso voglio andare un po\u2019 pi\u00f9 in l\u00e0<\/a>.<\/p><\/blockquote>\n<p><em>Summer time calls for light thoughts.<\/em> Mmmm. Adess a-i \u00e9 da core, e antratant as pensa. Arlongh \u00ebl sant\u00e9 \u00ebl proget a mnir\u00e0 f\u00f2ra.<\/p>\n","protected":false},"excerpt":{"rendered":"<p>Giugn a dovr\u00eca esse un m\u00e8is tranquil e anvece n\u00f2, tante r\u00f2be da f\u00e9, \u00ebl travaj che p\u00ebr fortun-a a manca nen, <a href=\"http:\/\/www.federgolf.it\/GaraDetailsInfo.aspx?id=3af1db71-b737-e111-b6be-ea44e57454ad\" title=\"XLVII GRAN PREMIO PADOVA MASCHILE\" target=\"_blank\">gare<\/a> da pront\u00e9, la Piata da steje (naturalment, cola d\u2019ist\u00e0 a manca mai \u2013 almanch).<\/p>\n<p>E mi an s\u00ebrca d\u00ebl m\u00e9 pr\u00f2ssim proget:<\/p>\n<p><a href=\"https:\/\/giannidavico.it\/brainfood\/2011\/05\/30\/andare-oltre\/\" title=\"Andare oltre\">La mia vita la conosco, adesso voglio andare un po\u2019 pi\u00f9 in l\u00e0<\/a>.<\/p>\n<p><em>Summer time calls for light thoughts.<\/em> Mmmm. Adess a-i \u00e9 da core, e antratant as pensa. Arlongh \u00ebl sant\u00e9 \u00ebl proget a mnir\u00e0 f\u00f2ra.<\/p>\n","protected":false},"author":4,"featured_media":0,"comment_status":"open","ping_status":"open","sticky":false,"template":"","format":"standard","meta":[],"categories":[130],"tags":[124],"yoast_head":"<!-- This site is optimized with the Yoast SEO plugin v19.14 - https:\/\/yoast.com\/wordpress\/plugins\/seo\/ -->\n<title>Pens\u00e9 da but\u00e9 an ordin - Go Piedmont<\/title>\n<meta name=\"robots\" content=\"index, follow, max-snippet:-1, max-image-preview:large, max-video-preview:-1\" \/>\n<link rel=\"canonical\" href=\"https:\/\/giannidavico.it\/gopiedmont\/2012\/06\/20\/pense-da-bute-an-ordin\/\" \/>\n<meta property=\"og:locale\" content=\"it_IT\" \/>\n<meta property=\"og:type\" content=\"article\" \/>\n<meta property=\"og:title\" content=\"Pens\u00e9 da but\u00e9 an ordin - Go Piedmont\" \/>\n<meta property=\"og:description\" content=\"Giugn a dovr\u00eca esse un m\u00e8is tranquil e anvece n\u00f2, tante r\u00f2be da f\u00e9, \u00ebl travaj che p\u00ebr fortun-a a manca nen, gare da pront\u00e9, la Piata da steje (naturalment, cola d\u2019ist\u00e0 a manca mai \u2013 almanch). E mi an s\u00ebrca d\u00ebl m\u00e9 pr\u00f2ssim proget: La mia vita la conosco, adesso voglio andare un po\u2019 pi\u00f9 in l\u00e0. Summer time calls for light thoughts. Mmmm. Adess a-i \u00e9 da core, e antratant as pensa. Arlongh \u00ebl sant\u00e9 \u00ebl proget a mnir\u00e0 f\u00f2ra.\" \/>\n<meta property=\"og:url\" content=\"https:\/\/giannidavico.it\/gopiedmont\/2012\/06\/20\/pense-da-bute-an-ordin\/\" \/>\n<meta property=\"og:site_name\" content=\"Go Piedmont\" \/>\n<meta property=\"article:published_time\" content=\"2012-06-20T12:42:03+00:00\" \/>\n<meta name=\"author\" content=\"giannidavico\" \/>\n<meta name=\"twitter:card\" content=\"summary_large_image\" \/>\n<meta name=\"twitter:label1\" content=\"Scritto da\" \/>\n\t<meta name=\"twitter:data1\" content=\"giannidavico\" \/>\n<script type=\"application\/ld+json\" class=\"yoast-schema-graph\">{\"@context\":\"https:\/\/schema.org\",\"@graph\":[{\"@type\":\"WebPage\",\"@id\":\"https:\/\/giannidavico.it\/gopiedmont\/2012\/06\/20\/pense-da-bute-an-ordin\/\",\"url\":\"https:\/\/giannidavico.it\/gopiedmont\/2012\/06\/20\/pense-da-bute-an-ordin\/\",\"name\":\"Pens\u00e9 da but\u00e9 an ordin - Go Piedmont\",\"isPartOf\":{\"@id\":\"https:\/\/giannidavico.it\/gopiedmont\/#website\"},\"datePublished\":\"2012-06-20T12:42:03+00:00\",\"dateModified\":\"2012-06-20T12:42:03+00:00\",\"author\":{\"@id\":\"https:\/\/giannidavico.it\/gopiedmont\/#\/schema\/person\/ea1fd17d8f2dba325f3712219efa8f77\"},\"inLanguage\":\"it-IT\",\"potentialAction\":[{\"@type\":\"ReadAction\",\"target\":[\"https:\/\/giannidavico.it\/gopiedmont\/2012\/06\/20\/pense-da-bute-an-ordin\/\"]}]},{\"@type\":\"WebSite\",\"@id\":\"https:\/\/giannidavico.it\/gopiedmont\/#website\",\"url\":\"https:\/\/giannidavico.it\/gopiedmont\/\",\"name\":\"Go Piedmont\",\"description\":\"pens\u00e9 dzora l\u00ecber, event e p\u00ebrson-e grop\u00e0 al Piemont e a la lenga piemont\u00e8isa\",\"potentialAction\":[{\"@type\":\"SearchAction\",\"target\":{\"@type\":\"EntryPoint\",\"urlTemplate\":\"https:\/\/giannidavico.it\/gopiedmont\/?s={search_term_string}\"},\"query-input\":\"required name=search_term_string\"}],\"inLanguage\":\"it-IT\"},{\"@type\":\"Person\",\"@id\":\"https:\/\/giannidavico.it\/gopiedmont\/#\/schema\/person\/ea1fd17d8f2dba325f3712219efa8f77\",\"name\":\"giannidavico\",\"image\":{\"@type\":\"ImageObject\",\"inLanguage\":\"it-IT\",\"@id\":\"https:\/\/giannidavico.it\/gopiedmont\/#\/schema\/person\/image\/\",\"url\":\"https:\/\/secure.gravatar.com\/avatar\/337748753d882602f3038b55fb369ba1?s=96&d=mm&r=g\",\"contentUrl\":\"https:\/\/secure.gravatar.com\/avatar\/337748753d882602f3038b55fb369ba1?s=96&d=mm&r=g\",\"caption\":\"giannidavico\"},\"url\":\"https:\/\/giannidavico.it\/gopiedmont\/author\/giannidavico\/\"}]}<\/script>\n<!-- \/ Yoast SEO plugin. -->","yoast_head_json":{"title":"Pens\u00e9 da but\u00e9 an ordin - Go Piedmont","robots":{"index":"index","follow":"follow","max-snippet":"max-snippet:-1","max-image-preview":"max-image-preview:large","max-video-preview":"max-video-preview:-1"},"canonical":"https:\/\/giannidavico.it\/gopiedmont\/2012\/06\/20\/pense-da-bute-an-ordin\/","og_locale":"it_IT","og_type":"article","og_title":"Pens\u00e9 da but\u00e9 an ordin - Go Piedmont","og_description":"Giugn a dovr\u00eca esse un m\u00e8is tranquil e anvece n\u00f2, tante r\u00f2be da f\u00e9, \u00ebl travaj che p\u00ebr fortun-a a manca nen, gare da pront\u00e9, la Piata da steje (naturalment, cola d\u2019ist\u00e0 a manca mai \u2013 almanch). E mi an s\u00ebrca d\u00ebl m\u00e9 pr\u00f2ssim proget: La mia vita la conosco, adesso voglio andare un po\u2019 pi\u00f9 in l\u00e0. Summer time calls for light thoughts. Mmmm. Adess a-i \u00e9 da core, e antratant as pensa. Arlongh \u00ebl sant\u00e9 \u00ebl proget a mnir\u00e0 f\u00f2ra.","og_url":"https:\/\/giannidavico.it\/gopiedmont\/2012\/06\/20\/pense-da-bute-an-ordin\/","og_site_name":"Go Piedmont","article_published_time":"2012-06-20T12:42:03+00:00","author":"giannidavico","twitter_card":"summary_large_image","twitter_misc":{"Scritto da":"giannidavico"},"schema":{"@context":"https:\/\/schema.org","@graph":[{"@type":"WebPage","@id":"https:\/\/giannidavico.it\/gopiedmont\/2012\/06\/20\/pense-da-bute-an-ordin\/","url":"https:\/\/giannidavico.it\/gopiedmont\/2012\/06\/20\/pense-da-bute-an-ordin\/","name":"Pens\u00e9 da but\u00e9 an ordin - Go Piedmont","isPartOf":{"@id":"https:\/\/giannidavico.it\/gopiedmont\/#website"},"datePublished":"2012-06-20T12:42:03+00:00","dateModified":"2012-06-20T12:42:03+00:00","author":{"@id":"https:\/\/giannidavico.it\/gopiedmont\/#\/schema\/person\/ea1fd17d8f2dba325f3712219efa8f77"},"inLanguage":"it-IT","potentialAction":[{"@type":"ReadAction","target":["https:\/\/giannidavico.it\/gopiedmont\/2012\/06\/20\/pense-da-bute-an-ordin\/"]}]},{"@type":"WebSite","@id":"https:\/\/giannidavico.it\/gopiedmont\/#website","url":"https:\/\/giannidavico.it\/gopiedmont\/","name":"Go Piedmont","description":"pens\u00e9 dzora l\u00ecber, event e p\u00ebrson-e grop\u00e0 al Piemont e a la lenga piemont\u00e8isa","potentialAction":[{"@type":"SearchAction","target":{"@type":"EntryPoint","urlTemplate":"https:\/\/giannidavico.it\/gopiedmont\/?s={search_term_string}"},"query-input":"required name=search_term_string"}],"inLanguage":"it-IT"},{"@type":"Person","@id":"https:\/\/giannidavico.it\/gopiedmont\/#\/schema\/person\/ea1fd17d8f2dba325f3712219efa8f77","name":"giannidavico","image":{"@type":"ImageObject","inLanguage":"it-IT","@id":"https:\/\/giannidavico.it\/gopiedmont\/#\/schema\/person\/image\/","url":"https:\/\/secure.gravatar.com\/avatar\/337748753d882602f3038b55fb369ba1?s=96&d=mm&r=g","contentUrl":"https:\/\/secure.gravatar.com\/avatar\/337748753d882602f3038b55fb369ba1?s=96&d=mm&r=g","caption":"giannidavico"},"url":"https:\/\/giannidavico.it\/gopiedmont\/author\/giannidavico\/"}]}},"_links":{"self":[{"href":"https:\/\/giannidavico.it\/gopiedmont\/wp-json\/wp\/v2\/posts\/1237"}],"collection":[{"href":"https:\/\/giannidavico.it\/gopiedmont\/wp-json\/wp\/v2\/posts"}],"about":[{"href":"https:\/\/giannidavico.it\/gopiedmont\/wp-json\/wp\/v2\/types\/post"}],"author":[{"embeddable":true,"href":"https:\/\/giannidavico.it\/gopiedmont\/wp-json\/wp\/v2\/users\/4"}],"replies":[{"embeddable":true,"href":"https:\/\/giannidavico.it\/gopiedmont\/wp-json\/wp\/v2\/comments?post=1237"}],"version-history":[{"count":2,"href":"https:\/\/giannidavico.it\/gopiedmont\/wp-json\/wp\/v2\/posts\/1237\/revisions"}],"predecessor-version":[{"id":1239,"href":"https:\/\/giannidavico.it\/gopiedmont\/wp-json\/wp\/v2\/posts\/1237\/revisions\/1239"}],"wp:attachment":[{"href":"https:\/\/giannidavico.it\/gopiedmont\/wp-json\/wp\/v2\/media?parent=1237"}],"wp:term":[{"taxonomy":"category","embeddable":true,"href":"https:\/\/giannidavico.it\/gopiedmont\/wp-json\/wp\/v2\/categories?post=1237"},{"taxonomy":"post_tag","embeddable":true,"href":"https:\/\/giannidavico.it\/gopiedmont\/wp-json\/wp\/v2\/tags?post=1237"}],"curies":[{"name":"wp","href":"https:\/\/api.w.org\/{rel}","templated":true}]}}