{"id":1295,"date":"2012-08-15T13:42:26","date_gmt":"2012-08-15T11:42:26","guid":{"rendered":"https:\/\/giannidavico.it\/staging\/gopiedmont\/?p=1295"},"modified":"2012-08-15T13:42:26","modified_gmt":"2012-08-15T11:42:26","slug":"montemale-festa-dellassunta","status":"publish","type":"post","link":"https:\/\/giannidavico.it\/gopiedmont\/2012\/08\/15\/montemale-festa-dellassunta\/","title":{"rendered":"Montemale, Festa dell&#8217;Assunta"},"content":{"rendered":"<p><a href=\"https:\/\/giannidavico.it\/gopiedmont\/files\/2012\/08\/Montemale-Festa-dellAssunta.png\"><img loading=\"lazy\" src=\"https:\/\/giannidavico.it\/gopiedmont\/files\/2012\/08\/Montemale-Festa-dellAssunta-212x300.png\" alt=\"\" title=\"Montemale, Festa dell&#039;Assunta\" width=\"212\" height=\"300\" class=\"alignright size-medium wp-image-1300\" srcset=\"https:\/\/giannidavico.it\/gopiedmont\/files\/2012\/08\/Montemale-Festa-dellAssunta-212x300.png 212w, https:\/\/giannidavico.it\/gopiedmont\/files\/2012\/08\/Montemale-Festa-dellAssunta.png 300w\" sizes=\"(max-width: 212px) 100vw, 212px\" \/><\/a><br \/>\nA-i \u00e9 na sman-a sola an tut l\u2019ann \u2013 costa \u2013 ant\u00e9 che \u2018l <a href=\"http:\/\/www.comune.montemale.cn.it\/\" title=\"Montemale di Cuneo\" target=\"_blank\">pais<\/a> che adess a l\u2019\u00e9 m\u00e9 scond a l\u2019an\u00e0grafe ma prim ant \u00ebl cheur, e che a vnir\u00e0 prim \u00ebdc\u00f2 a l\u2019an\u00e0grafe na vira che ij dover anvers pare, mare e cite a sio fin\u00ec, a s\u2019anima ant na manera che, da f\u00f2ra, it dir\u00ece nen poss\u00ecbila.<\/p>\n<p>Costa a l\u2019\u00e9 la sman-a dla <a href=\"http:\/\/www.comune.montemale.cn.it\/DettaglioNews\/tabid\/7802\/Default.aspx?IDNews=7442\" title=\"Montemale, Festa dell'Assunta\" target=\"_blank\">festa dl\u2019Assunta<\/a>.<\/p>\n<p>L\u00f9n-es matin i son pass\u00e0 arlongh a la stra principal \u2013 l\u2019\u00f9nica stra, an pr\u00e0tica \u2013 e a j\u2019era na boci\u00f2fila \u00f9nica. I l\u2019hai cont\u00e0 28 piste da <em>petanque<\/em>, tuti ij giogador an mes a la stra. Bel.<\/p>\n<p>Stamatin i son torna pass\u00e0 da l\u00ec, a j&#8217;era l&#8217;aria ci\u00e0ira, l\u00ecimpida e luminosa dle matin dij di &#8216;d festa.<\/p>\n<p>An cost m\u00e8is coste montagne a son tuta na festa. R\u00f2be sempie, p\u00ebr carit\u00e0, ma r\u00f2be come coste a fan un pais, na comunit\u00e0, un present.<\/p>\n","protected":false},"excerpt":{"rendered":"<p><a href=\"https:\/\/giannidavico.it\/gopiedmont\/files\/2012\/08\/Montemale-Festa-dellAssunta.png\"><img loading=\"lazy\" src=\"https:\/\/giannidavico.it\/gopiedmont\/files\/2012\/08\/Montemale-Festa-dellAssunta-212x300.png\" alt=\"\" title=\"Montemale, Festa dell&#039;Assunta\" width=\"212\" height=\"300\" class=\"alignright size-medium wp-image-1300\" srcset=\"https:\/\/giannidavico.it\/gopiedmont\/files\/2012\/08\/Montemale-Festa-dellAssunta-212x300.png 212w, https:\/\/giannidavico.it\/gopiedmont\/files\/2012\/08\/Montemale-Festa-dellAssunta.png 300w\" sizes=\"(max-width: 212px) 100vw, 212px\" \/><\/a><br \/> A-i \u00e9 na sman-a sola an tut l\u2019ann \u2013 costa \u2013 ant\u00e9 che \u2018l <a href=\"http:\/\/www.comune.montemale.cn.it\/\" title=\"Montemale di Cuneo\" target=\"_blank\">pais<\/a> che adess a l\u2019\u00e9 m\u00e9 scond a l\u2019an\u00e0grafe ma prim ant \u00ebl cheur, e che a vnir\u00e0 prim \u00ebdc\u00f2 a l\u2019an\u00e0grafe na vira che ij dover anvers pare, mare e cite a sio fin\u00ec, a s\u2019anima ant na manera che, da f\u00f2ra, it dir\u00ece nen poss\u00ecbila.<\/p>\n<p>Costa a l\u2019\u00e9 la sman-a dla <a href=\"http:\/\/www.comune.montemale.cn.it\/DettaglioNews\/tabid\/7802\/Default.aspx?IDNews=7442\" title=\"Montemale, Festa dell'Assunta\" target=\"_blank\">festa dl\u2019Assunta<\/a>.<\/p>\n<p>L\u00f9n-es matin i son pass\u00e0 arlongh a la stra principal \u2013 l\u2019\u00f9nica stra, an pr\u00e0tica \u2013 e a j\u2019era na boci\u00f2fila \u00f9nica. I l\u2019hai cont\u00e0 28 piste da <em>petanque<\/em>, tuti ij giogador an mes a la stra. Bel.<\/p>\n<p>Stamatin i son torna pass\u00e0 da l\u00ec, a j&#8217;era l&#8217;aria ci\u00e0ira, l\u00ecimpida e luminosa dle matin dij di &#8216;d festa.<\/p>\n<p>An cost m\u00e8is coste montagne a son tuta na festa. R\u00f2be sempie, p\u00ebr carit\u00e0, ma r\u00f2be come coste a fan un pais, na comunit\u00e0, un present.<\/p>\n","protected":false},"author":4,"featured_media":0,"comment_status":"open","ping_status":"open","sticky":false,"template":"","format":"standard","meta":[],"categories":[130],"tags":[4019,4020],"yoast_head":"<!-- This site is optimized with the Yoast SEO plugin v19.14 - https:\/\/yoast.com\/wordpress\/plugins\/seo\/ -->\n<title>Montemale, Festa dell&#039;Assunta - Go Piedmont<\/title>\n<meta name=\"robots\" content=\"index, follow, max-snippet:-1, max-image-preview:large, max-video-preview:-1\" \/>\n<link rel=\"canonical\" href=\"https:\/\/giannidavico.it\/gopiedmont\/2012\/08\/15\/montemale-festa-dellassunta\/\" \/>\n<meta property=\"og:locale\" content=\"it_IT\" \/>\n<meta property=\"og:type\" content=\"article\" \/>\n<meta property=\"og:title\" content=\"Montemale, Festa dell&#039;Assunta - Go Piedmont\" \/>\n<meta property=\"og:description\" content=\"A-i \u00e9 na sman-a sola an tut l\u2019ann \u2013 costa \u2013 ant\u00e9 che \u2018l pais che adess a l\u2019\u00e9 m\u00e9 scond a l\u2019an\u00e0grafe ma prim ant \u00ebl cheur, e che a vnir\u00e0 prim \u00ebdc\u00f2 a l\u2019an\u00e0grafe na vira che ij dover anvers pare, mare e cite a sio fin\u00ec, a s\u2019anima ant na manera che, da f\u00f2ra, it dir\u00ece nen poss\u00ecbila. Costa a l\u2019\u00e9 la sman-a dla festa dl\u2019Assunta. L\u00f9n-es matin i son pass\u00e0 arlongh a la stra principal \u2013 l\u2019\u00f9nica stra, an pr\u00e0tica \u2013 e a j\u2019era na boci\u00f2fila \u00f9nica. I l\u2019hai cont\u00e0 28 piste da petanque, tuti ij giogador an mes a la stra. Bel. Stamatin i son torna pass\u00e0 da l\u00ec, a j&#8217;era l&#8217;aria ci\u00e0ira, l\u00ecimpida e luminosa dle matin dij di &#8216;d festa. An cost m\u00e8is coste montagne a son tuta na festa. R\u00f2be sempie, p\u00ebr carit\u00e0, ma r\u00f2be come coste a fan un pais, na comunit\u00e0, un present.\" \/>\n<meta property=\"og:url\" content=\"https:\/\/giannidavico.it\/gopiedmont\/2012\/08\/15\/montemale-festa-dellassunta\/\" \/>\n<meta property=\"og:site_name\" content=\"Go Piedmont\" \/>\n<meta property=\"article:published_time\" content=\"2012-08-15T11:42:26+00:00\" \/>\n<meta property=\"og:image\" content=\"https:\/\/giannidavico.it\/gopiedmont\/files\/2012\/08\/Montemale-Festa-dellAssunta-212x300.png\" \/>\n<meta name=\"author\" content=\"giannidavico\" \/>\n<meta name=\"twitter:card\" content=\"summary_large_image\" \/>\n<meta name=\"twitter:label1\" content=\"Scritto da\" \/>\n\t<meta name=\"twitter:data1\" content=\"giannidavico\" \/>\n\t<meta name=\"twitter:label2\" content=\"Tempo di lettura stimato\" \/>\n\t<meta name=\"twitter:data2\" content=\"1 minuto\" \/>\n<script type=\"application\/ld+json\" class=\"yoast-schema-graph\">{\"@context\":\"https:\/\/schema.org\",\"@graph\":[{\"@type\":\"WebPage\",\"@id\":\"https:\/\/giannidavico.it\/gopiedmont\/2012\/08\/15\/montemale-festa-dellassunta\/\",\"url\":\"https:\/\/giannidavico.it\/gopiedmont\/2012\/08\/15\/montemale-festa-dellassunta\/\",\"name\":\"Montemale, Festa dell'Assunta - Go Piedmont\",\"isPartOf\":{\"@id\":\"https:\/\/giannidavico.it\/gopiedmont\/#website\"},\"datePublished\":\"2012-08-15T11:42:26+00:00\",\"dateModified\":\"2012-08-15T11:42:26+00:00\",\"author\":{\"@id\":\"https:\/\/giannidavico.it\/gopiedmont\/#\/schema\/person\/ea1fd17d8f2dba325f3712219efa8f77\"},\"inLanguage\":\"it-IT\",\"potentialAction\":[{\"@type\":\"ReadAction\",\"target\":[\"https:\/\/giannidavico.it\/gopiedmont\/2012\/08\/15\/montemale-festa-dellassunta\/\"]}]},{\"@type\":\"WebSite\",\"@id\":\"https:\/\/giannidavico.it\/gopiedmont\/#website\",\"url\":\"https:\/\/giannidavico.it\/gopiedmont\/\",\"name\":\"Go Piedmont\",\"description\":\"pens\u00e9 dzora l\u00ecber, event e p\u00ebrson-e grop\u00e0 al Piemont e a la lenga piemont\u00e8isa\",\"potentialAction\":[{\"@type\":\"SearchAction\",\"target\":{\"@type\":\"EntryPoint\",\"urlTemplate\":\"https:\/\/giannidavico.it\/gopiedmont\/?s={search_term_string}\"},\"query-input\":\"required name=search_term_string\"}],\"inLanguage\":\"it-IT\"},{\"@type\":\"Person\",\"@id\":\"https:\/\/giannidavico.it\/gopiedmont\/#\/schema\/person\/ea1fd17d8f2dba325f3712219efa8f77\",\"name\":\"giannidavico\",\"image\":{\"@type\":\"ImageObject\",\"inLanguage\":\"it-IT\",\"@id\":\"https:\/\/giannidavico.it\/gopiedmont\/#\/schema\/person\/image\/\",\"url\":\"https:\/\/secure.gravatar.com\/avatar\/337748753d882602f3038b55fb369ba1?s=96&d=mm&r=g\",\"contentUrl\":\"https:\/\/secure.gravatar.com\/avatar\/337748753d882602f3038b55fb369ba1?s=96&d=mm&r=g\",\"caption\":\"giannidavico\"},\"url\":\"https:\/\/giannidavico.it\/gopiedmont\/author\/giannidavico\/\"}]}<\/script>\n<!-- \/ Yoast SEO plugin. -->","yoast_head_json":{"title":"Montemale, Festa dell'Assunta - Go Piedmont","robots":{"index":"index","follow":"follow","max-snippet":"max-snippet:-1","max-image-preview":"max-image-preview:large","max-video-preview":"max-video-preview:-1"},"canonical":"https:\/\/giannidavico.it\/gopiedmont\/2012\/08\/15\/montemale-festa-dellassunta\/","og_locale":"it_IT","og_type":"article","og_title":"Montemale, Festa dell'Assunta - Go Piedmont","og_description":"A-i \u00e9 na sman-a sola an tut l\u2019ann \u2013 costa \u2013 ant\u00e9 che \u2018l pais che adess a l\u2019\u00e9 m\u00e9 scond a l\u2019an\u00e0grafe ma prim ant \u00ebl cheur, e che a vnir\u00e0 prim \u00ebdc\u00f2 a l\u2019an\u00e0grafe na vira che ij dover anvers pare, mare e cite a sio fin\u00ec, a s\u2019anima ant na manera che, da f\u00f2ra, it dir\u00ece nen poss\u00ecbila. Costa a l\u2019\u00e9 la sman-a dla festa dl\u2019Assunta. L\u00f9n-es matin i son pass\u00e0 arlongh a la stra principal \u2013 l\u2019\u00f9nica stra, an pr\u00e0tica \u2013 e a j\u2019era na boci\u00f2fila \u00f9nica. I l\u2019hai cont\u00e0 28 piste da petanque, tuti ij giogador an mes a la stra. Bel. Stamatin i son torna pass\u00e0 da l\u00ec, a j&#8217;era l&#8217;aria ci\u00e0ira, l\u00ecimpida e luminosa dle matin dij di &#8216;d festa. An cost m\u00e8is coste montagne a son tuta na festa. R\u00f2be sempie, p\u00ebr carit\u00e0, ma r\u00f2be come coste a fan un pais, na comunit\u00e0, un present.","og_url":"https:\/\/giannidavico.it\/gopiedmont\/2012\/08\/15\/montemale-festa-dellassunta\/","og_site_name":"Go Piedmont","article_published_time":"2012-08-15T11:42:26+00:00","og_image":[{"url":"https:\/\/giannidavico.it\/gopiedmont\/files\/2012\/08\/Montemale-Festa-dellAssunta-212x300.png"}],"author":"giannidavico","twitter_card":"summary_large_image","twitter_misc":{"Scritto da":"giannidavico","Tempo di lettura stimato":"1 minuto"},"schema":{"@context":"https:\/\/schema.org","@graph":[{"@type":"WebPage","@id":"https:\/\/giannidavico.it\/gopiedmont\/2012\/08\/15\/montemale-festa-dellassunta\/","url":"https:\/\/giannidavico.it\/gopiedmont\/2012\/08\/15\/montemale-festa-dellassunta\/","name":"Montemale, Festa dell'Assunta - Go Piedmont","isPartOf":{"@id":"https:\/\/giannidavico.it\/gopiedmont\/#website"},"datePublished":"2012-08-15T11:42:26+00:00","dateModified":"2012-08-15T11:42:26+00:00","author":{"@id":"https:\/\/giannidavico.it\/gopiedmont\/#\/schema\/person\/ea1fd17d8f2dba325f3712219efa8f77"},"inLanguage":"it-IT","potentialAction":[{"@type":"ReadAction","target":["https:\/\/giannidavico.it\/gopiedmont\/2012\/08\/15\/montemale-festa-dellassunta\/"]}]},{"@type":"WebSite","@id":"https:\/\/giannidavico.it\/gopiedmont\/#website","url":"https:\/\/giannidavico.it\/gopiedmont\/","name":"Go Piedmont","description":"pens\u00e9 dzora l\u00ecber, event e p\u00ebrson-e grop\u00e0 al Piemont e a la lenga piemont\u00e8isa","potentialAction":[{"@type":"SearchAction","target":{"@type":"EntryPoint","urlTemplate":"https:\/\/giannidavico.it\/gopiedmont\/?s={search_term_string}"},"query-input":"required name=search_term_string"}],"inLanguage":"it-IT"},{"@type":"Person","@id":"https:\/\/giannidavico.it\/gopiedmont\/#\/schema\/person\/ea1fd17d8f2dba325f3712219efa8f77","name":"giannidavico","image":{"@type":"ImageObject","inLanguage":"it-IT","@id":"https:\/\/giannidavico.it\/gopiedmont\/#\/schema\/person\/image\/","url":"https:\/\/secure.gravatar.com\/avatar\/337748753d882602f3038b55fb369ba1?s=96&d=mm&r=g","contentUrl":"https:\/\/secure.gravatar.com\/avatar\/337748753d882602f3038b55fb369ba1?s=96&d=mm&r=g","caption":"giannidavico"},"url":"https:\/\/giannidavico.it\/gopiedmont\/author\/giannidavico\/"}]}},"_links":{"self":[{"href":"https:\/\/giannidavico.it\/gopiedmont\/wp-json\/wp\/v2\/posts\/1295"}],"collection":[{"href":"https:\/\/giannidavico.it\/gopiedmont\/wp-json\/wp\/v2\/posts"}],"about":[{"href":"https:\/\/giannidavico.it\/gopiedmont\/wp-json\/wp\/v2\/types\/post"}],"author":[{"embeddable":true,"href":"https:\/\/giannidavico.it\/gopiedmont\/wp-json\/wp\/v2\/users\/4"}],"replies":[{"embeddable":true,"href":"https:\/\/giannidavico.it\/gopiedmont\/wp-json\/wp\/v2\/comments?post=1295"}],"version-history":[{"count":8,"href":"https:\/\/giannidavico.it\/gopiedmont\/wp-json\/wp\/v2\/posts\/1295\/revisions"}],"predecessor-version":[{"id":1304,"href":"https:\/\/giannidavico.it\/gopiedmont\/wp-json\/wp\/v2\/posts\/1295\/revisions\/1304"}],"wp:attachment":[{"href":"https:\/\/giannidavico.it\/gopiedmont\/wp-json\/wp\/v2\/media?parent=1295"}],"wp:term":[{"taxonomy":"category","embeddable":true,"href":"https:\/\/giannidavico.it\/gopiedmont\/wp-json\/wp\/v2\/categories?post=1295"},{"taxonomy":"post_tag","embeddable":true,"href":"https:\/\/giannidavico.it\/gopiedmont\/wp-json\/wp\/v2\/tags?post=1295"}],"curies":[{"name":"wp","href":"https:\/\/api.w.org\/{rel}","templated":true}]}}