{"id":1315,"date":"2012-08-29T09:34:44","date_gmt":"2012-08-29T07:34:44","guid":{"rendered":"https:\/\/giannidavico.it\/staging\/gopiedmont\/?p=1315"},"modified":"2015-05-14T10:13:40","modified_gmt":"2015-05-14T09:13:40","slug":"la-corsica-torna","status":"publish","type":"post","link":"https:\/\/giannidavico.it\/gopiedmont\/2012\/08\/29\/la-corsica-torna\/","title":{"rendered":"La C\u00f2rsica, torna"},"content":{"rendered":"<p><div id=\"attachment_2746\" style=\"width: 310px\" class=\"wp-caption alignright\"><a href=\"https:\/\/giannidavico.it\/gopiedmont\/files\/2012\/08\/vache.jpg\"><img aria-describedby=\"caption-attachment-2746\" loading=\"lazy\" src=\"https:\/\/giannidavico.it\/gopiedmont\/files\/2012\/08\/vache-300x225.jpg\" alt=\"VLUU L110  \/ Samsung L110\" width=\"300\" height=\"225\" class=\"size-medium wp-image-2746\" srcset=\"https:\/\/giannidavico.it\/gopiedmont\/files\/2012\/08\/vache-300x225.jpg 300w, https:\/\/giannidavico.it\/gopiedmont\/files\/2012\/08\/vache.jpg 1024w\" sizes=\"(max-width: 300px) 100vw, 300px\" \/><\/a><p id=\"caption-attachment-2746\" class=\"wp-caption-text\">VLUU L110  \/ Samsung L110<\/p><\/div><br \/>\nLa C\u00f2rsica, p\u00ebr mi, a l\u2019ha tante face.<\/p>\n<p>Prima \u2018d tut a l\u2019\u00e9 un leu bon ben spec\u00ecfich, un cit vilagi che a sara a n\u00f2rd \u00ebl golf d\u00ebl Valinco, visad\u00ec Porto Pollo, leu \u2018d serenit\u00e0 e pas e partense e artorn. La prima imagine ch\u2019am ven an ment an qualsiss\u00eca moment arlongh l\u2019an s\u2019i sar j\u2019euj e i pens a la C\u00f2rsica a l\u2019\u00e9 la stra pien-a \u2018d sol \u00ebd col pais\u00f2t.<\/p>\n<p>Peui a l\u2019ha la facia dla m\u00f9sica, ij <a href=\"http:\/\/muvrini.com\/\" title=\"I Muvrini\" target=\"_blank\">Muvrini<\/a>, j\u00eb <a href=\"http:\/\/www.dailymotion.com\/svegliu-d-isula#video=x3gge4\" title=\"Svegliu d'Isula\" target=\"_blank\">Svegliu d\u2019Isula<\/a>, ij <a href=\"http:\/\/www.imantini.com\/\" title=\"I Mantini\" target=\"_blank\">Mantini<\/a>, ij <a href=\"http:\/\/www.tavagna.com\/\" title=\"Tavagna\" target=\"_blank\">Tavagna<\/a> (an gnun ordin particolar) e tuti coj ch\u2019a l\u2019han argalane qu\u00e0ich moment d\u2019alegr\u00eca e \u2018d sentiment.<\/p>\n<p>Peui a l\u2019ha la facia dla lenga, na lenga ch\u2019a l\u2019\u00e9 stratific\u00e0 e motobin anteressanta: da s\u00ec a son passaje tanti p\u00f2poj, e mincadun a l\u2019ha lass\u00e0 quaic\u00f2s ant la lenga. Gi\u00e0 mach la geograf\u00eca lengh\u00ecstica dla C\u00f2rsica a ciamer\u00eca na vita antera d\u00eb studi e d\u00ebscoverte.<\/p>\n<p>Peui a l\u2019\u00e9 silensi e montagne. Gi\u00e0, miraco da f\u00f2ra as pensa a costa t\u00e8ra come a na vacansa con quaic\u00f2s d\u2019es\u00f2tich, na specie \u2018d Polinesia mach un p\u00f2ch p\u00ec davsin-a ma la realit\u00e0 a l\u2019\u00e9 bin diferenta: la C\u00f2rsica a l\u2019\u00e9 na t\u00e8ra disabit\u00e0, <a href=\"https:\/\/giannidavico.it\/brainfood\/2011\/07\/18\/a-turri-di-senetosa\/\" title=\"A turri di Senetosa\">na montagna an mes al mar<\/a>, na t\u00e8ra che na vira conoss\u00f9a it peule p\u00ec nen f\u00e9 finta ch\u2019a esista nen.<\/p>\n<p>Cost, an p\u00f2che par\u00f2le, a l\u2019\u00e9 m\u00e9 mal \u00ebd C\u00f2rsica, na malad\u00eca ch\u2019am f\u00e0 tant pias\u00ec av\u00e8j.<\/p>\n","protected":false},"excerpt":{"rendered":"<p>La C\u00f2rsica, p\u00ebr mi, a l\u2019ha tante face.<\/p>\n<p>Prima \u2018d tut a l\u2019\u00e9 un leu bon ben spec\u00ecfich, un cit vilagi che a sara a n\u00f2rd \u00ebl golf d\u00ebl Valinco, visad\u00ec Porto Pollo, leu \u2018d serenit\u00e0 e pas e partense e artorn. La prima imagine ch\u2019am ven an ment an qualsiss\u00eca moment arlongh l\u2019an s\u2019i sar j\u2019euj e i pens a la C\u00f2rsica a l\u2019\u00e9 la stra pien-a \u2018d sol \u00ebd col pais\u00f2t.<\/p>\n<p>Peui a l\u2019ha la facia dla m\u00f9sica, ij <a href=\"http:\/\/muvrini.com\/\" title=\"I Muvrini\" target=\"_blank\">Muvrini<\/a>, j\u00eb <a href=\"http:\/\/www.dailymotion.com\/svegliu-d-isula#video=x3gge4\" title=\"Svegliu d'Isula\" target=\"_blank\">Svegliu d\u2019Isula<\/a>, ij <a href=\"http:\/\/www.imantini.com\/\" title=\"I Mantini\" target=\"_blank\">Mantini<\/a>, ij <a href=\"http:\/\/www.tavagna.com\/\" title=\"Tavagna\" target=\"_blank\">Tavagna<\/a> (an gnun ordin particolar) e tuti coj ch\u2019a l\u2019han argalane qu\u00e0ich moment d\u2019alegr\u00eca e \u2018d sentiment.<\/p>\n<p>Peui a l\u2019ha la facia dla lenga, na lenga ch\u2019a l\u2019\u00e9 stratific\u00e0 e motobin anteressanta: da s\u00ec a son passaje tanti p\u00f2poj, e mincadun a l\u2019ha lass\u00e0 quaic\u00f2s ant la lenga. Gi\u00e0 mach la geograf\u00eca lengh\u00ecstica dla C\u00f2rsica a ciamer\u00eca na vita antera d\u00eb studi e d\u00ebscoverte.<\/p>\n<p>Peui a l\u2019\u00e9 silensi e montagne. Gi\u00e0, miraco da f\u00f2ra as pensa a costa t\u00e8ra come a na vacansa con quaic\u00f2s d\u2019es\u00f2tich, na specie \u2018d Polinesia mach un p\u00f2ch p\u00ec davsin-a ma la [\u2026] <a class=\"moretag\" href=\"https:\/\/giannidavico.it\/gopiedmont\/2012\/08\/29\/la-corsica-torna\/\">continua a leggere \u00bb<\/a><\/p>\n","protected":false},"author":4,"featured_media":0,"comment_status":"open","ping_status":"open","sticky":false,"template":"","format":"standard","meta":[],"categories":[130],"tags":[4019],"yoast_head":"<!-- This site is optimized with the Yoast SEO plugin v19.14 - https:\/\/yoast.com\/wordpress\/plugins\/seo\/ -->\n<title>La C\u00f2rsica, torna - Go Piedmont<\/title>\n<meta name=\"robots\" content=\"index, follow, max-snippet:-1, max-image-preview:large, max-video-preview:-1\" \/>\n<link rel=\"canonical\" href=\"https:\/\/giannidavico.it\/gopiedmont\/2012\/08\/29\/la-corsica-torna\/\" \/>\n<meta property=\"og:locale\" content=\"it_IT\" \/>\n<meta property=\"og:type\" content=\"article\" \/>\n<meta property=\"og:title\" content=\"La C\u00f2rsica, torna - Go Piedmont\" \/>\n<meta property=\"og:description\" content=\"La C\u00f2rsica, p\u00ebr mi, a l\u2019ha tante face. Prima \u2018d tut a l\u2019\u00e9 un leu bon ben spec\u00ecfich, un cit vilagi che a sara a n\u00f2rd \u00ebl golf d\u00ebl Valinco, visad\u00ec Porto Pollo, leu \u2018d serenit\u00e0 e pas e partense e artorn. La prima imagine ch\u2019am ven an ment an qualsiss\u00eca moment arlongh l\u2019an s\u2019i sar j\u2019euj e i pens a la C\u00f2rsica a l\u2019\u00e9 la stra pien-a \u2018d sol \u00ebd col pais\u00f2t. Peui a l\u2019ha la facia dla m\u00f9sica, ij Muvrini, j\u00eb Svegliu d\u2019Isula, ij Mantini, ij Tavagna (an gnun ordin particolar) e tuti coj ch\u2019a l\u2019han argalane qu\u00e0ich moment d\u2019alegr\u00eca e \u2018d sentiment. Peui a l\u2019ha la facia dla lenga, na lenga ch\u2019a l\u2019\u00e9 stratific\u00e0 e motobin anteressanta: da s\u00ec a son passaje tanti p\u00f2poj, e mincadun a l\u2019ha lass\u00e0 quaic\u00f2s ant la lenga. Gi\u00e0 mach la geograf\u00eca lengh\u00ecstica dla C\u00f2rsica a ciamer\u00eca na vita antera d\u00eb studi e d\u00ebscoverte. Peui a l\u2019\u00e9 silensi e montagne. Gi\u00e0, miraco da f\u00f2ra as pensa a costa t\u00e8ra come a na vacansa con quaic\u00f2s d\u2019es\u00f2tich, na specie \u2018d Polinesia mach un p\u00f2ch p\u00ec davsin-a ma la [\u2026] continua a leggere \u00bb\" \/>\n<meta property=\"og:url\" content=\"https:\/\/giannidavico.it\/gopiedmont\/2012\/08\/29\/la-corsica-torna\/\" \/>\n<meta property=\"og:site_name\" content=\"Go Piedmont\" \/>\n<meta property=\"article:published_time\" content=\"2012-08-29T07:34:44+00:00\" \/>\n<meta property=\"article:modified_time\" content=\"2015-05-14T09:13:40+00:00\" \/>\n<meta property=\"og:image\" content=\"https:\/\/giannidavico.it\/gopiedmont\/files\/2012\/08\/vache-300x225.jpg\" \/>\n<meta name=\"author\" content=\"giannidavico\" \/>\n<meta name=\"twitter:card\" content=\"summary_large_image\" \/>\n<meta name=\"twitter:label1\" content=\"Scritto da\" \/>\n\t<meta name=\"twitter:data1\" content=\"giannidavico\" \/>\n\t<meta name=\"twitter:label2\" content=\"Tempo di lettura stimato\" \/>\n\t<meta name=\"twitter:data2\" content=\"1 minuto\" \/>\n<script type=\"application\/ld+json\" class=\"yoast-schema-graph\">{\"@context\":\"https:\/\/schema.org\",\"@graph\":[{\"@type\":\"WebPage\",\"@id\":\"https:\/\/giannidavico.it\/gopiedmont\/2012\/08\/29\/la-corsica-torna\/\",\"url\":\"https:\/\/giannidavico.it\/gopiedmont\/2012\/08\/29\/la-corsica-torna\/\",\"name\":\"La C\u00f2rsica, torna - Go Piedmont\",\"isPartOf\":{\"@id\":\"https:\/\/giannidavico.it\/gopiedmont\/#website\"},\"datePublished\":\"2012-08-29T07:34:44+00:00\",\"dateModified\":\"2015-05-14T09:13:40+00:00\",\"author\":{\"@id\":\"https:\/\/giannidavico.it\/gopiedmont\/#\/schema\/person\/ea1fd17d8f2dba325f3712219efa8f77\"},\"inLanguage\":\"it-IT\",\"potentialAction\":[{\"@type\":\"ReadAction\",\"target\":[\"https:\/\/giannidavico.it\/gopiedmont\/2012\/08\/29\/la-corsica-torna\/\"]}]},{\"@type\":\"WebSite\",\"@id\":\"https:\/\/giannidavico.it\/gopiedmont\/#website\",\"url\":\"https:\/\/giannidavico.it\/gopiedmont\/\",\"name\":\"Go Piedmont\",\"description\":\"pens\u00e9 dzora l\u00ecber, event e p\u00ebrson-e grop\u00e0 al Piemont e a la lenga piemont\u00e8isa\",\"potentialAction\":[{\"@type\":\"SearchAction\",\"target\":{\"@type\":\"EntryPoint\",\"urlTemplate\":\"https:\/\/giannidavico.it\/gopiedmont\/?s={search_term_string}\"},\"query-input\":\"required name=search_term_string\"}],\"inLanguage\":\"it-IT\"},{\"@type\":\"Person\",\"@id\":\"https:\/\/giannidavico.it\/gopiedmont\/#\/schema\/person\/ea1fd17d8f2dba325f3712219efa8f77\",\"name\":\"giannidavico\",\"image\":{\"@type\":\"ImageObject\",\"inLanguage\":\"it-IT\",\"@id\":\"https:\/\/giannidavico.it\/gopiedmont\/#\/schema\/person\/image\/\",\"url\":\"https:\/\/secure.gravatar.com\/avatar\/337748753d882602f3038b55fb369ba1?s=96&d=mm&r=g\",\"contentUrl\":\"https:\/\/secure.gravatar.com\/avatar\/337748753d882602f3038b55fb369ba1?s=96&d=mm&r=g\",\"caption\":\"giannidavico\"},\"url\":\"https:\/\/giannidavico.it\/gopiedmont\/author\/giannidavico\/\"}]}<\/script>\n<!-- \/ Yoast SEO plugin. -->","yoast_head_json":{"title":"La C\u00f2rsica, torna - Go Piedmont","robots":{"index":"index","follow":"follow","max-snippet":"max-snippet:-1","max-image-preview":"max-image-preview:large","max-video-preview":"max-video-preview:-1"},"canonical":"https:\/\/giannidavico.it\/gopiedmont\/2012\/08\/29\/la-corsica-torna\/","og_locale":"it_IT","og_type":"article","og_title":"La C\u00f2rsica, torna - Go Piedmont","og_description":"La C\u00f2rsica, p\u00ebr mi, a l\u2019ha tante face. Prima \u2018d tut a l\u2019\u00e9 un leu bon ben spec\u00ecfich, un cit vilagi che a sara a n\u00f2rd \u00ebl golf d\u00ebl Valinco, visad\u00ec Porto Pollo, leu \u2018d serenit\u00e0 e pas e partense e artorn. La prima imagine ch\u2019am ven an ment an qualsiss\u00eca moment arlongh l\u2019an s\u2019i sar j\u2019euj e i pens a la C\u00f2rsica a l\u2019\u00e9 la stra pien-a \u2018d sol \u00ebd col pais\u00f2t. Peui a l\u2019ha la facia dla m\u00f9sica, ij Muvrini, j\u00eb Svegliu d\u2019Isula, ij Mantini, ij Tavagna (an gnun ordin particolar) e tuti coj ch\u2019a l\u2019han argalane qu\u00e0ich moment d\u2019alegr\u00eca e \u2018d sentiment. Peui a l\u2019ha la facia dla lenga, na lenga ch\u2019a l\u2019\u00e9 stratific\u00e0 e motobin anteressanta: da s\u00ec a son passaje tanti p\u00f2poj, e mincadun a l\u2019ha lass\u00e0 quaic\u00f2s ant la lenga. Gi\u00e0 mach la geograf\u00eca lengh\u00ecstica dla C\u00f2rsica a ciamer\u00eca na vita antera d\u00eb studi e d\u00ebscoverte. Peui a l\u2019\u00e9 silensi e montagne. Gi\u00e0, miraco da f\u00f2ra as pensa a costa t\u00e8ra come a na vacansa con quaic\u00f2s d\u2019es\u00f2tich, na specie \u2018d Polinesia mach un p\u00f2ch p\u00ec davsin-a ma la [\u2026] continua a leggere \u00bb","og_url":"https:\/\/giannidavico.it\/gopiedmont\/2012\/08\/29\/la-corsica-torna\/","og_site_name":"Go Piedmont","article_published_time":"2012-08-29T07:34:44+00:00","article_modified_time":"2015-05-14T09:13:40+00:00","og_image":[{"url":"https:\/\/giannidavico.it\/gopiedmont\/files\/2012\/08\/vache-300x225.jpg"}],"author":"giannidavico","twitter_card":"summary_large_image","twitter_misc":{"Scritto da":"giannidavico","Tempo di lettura stimato":"1 minuto"},"schema":{"@context":"https:\/\/schema.org","@graph":[{"@type":"WebPage","@id":"https:\/\/giannidavico.it\/gopiedmont\/2012\/08\/29\/la-corsica-torna\/","url":"https:\/\/giannidavico.it\/gopiedmont\/2012\/08\/29\/la-corsica-torna\/","name":"La C\u00f2rsica, torna - Go Piedmont","isPartOf":{"@id":"https:\/\/giannidavico.it\/gopiedmont\/#website"},"datePublished":"2012-08-29T07:34:44+00:00","dateModified":"2015-05-14T09:13:40+00:00","author":{"@id":"https:\/\/giannidavico.it\/gopiedmont\/#\/schema\/person\/ea1fd17d8f2dba325f3712219efa8f77"},"inLanguage":"it-IT","potentialAction":[{"@type":"ReadAction","target":["https:\/\/giannidavico.it\/gopiedmont\/2012\/08\/29\/la-corsica-torna\/"]}]},{"@type":"WebSite","@id":"https:\/\/giannidavico.it\/gopiedmont\/#website","url":"https:\/\/giannidavico.it\/gopiedmont\/","name":"Go Piedmont","description":"pens\u00e9 dzora l\u00ecber, event e p\u00ebrson-e grop\u00e0 al Piemont e a la lenga piemont\u00e8isa","potentialAction":[{"@type":"SearchAction","target":{"@type":"EntryPoint","urlTemplate":"https:\/\/giannidavico.it\/gopiedmont\/?s={search_term_string}"},"query-input":"required name=search_term_string"}],"inLanguage":"it-IT"},{"@type":"Person","@id":"https:\/\/giannidavico.it\/gopiedmont\/#\/schema\/person\/ea1fd17d8f2dba325f3712219efa8f77","name":"giannidavico","image":{"@type":"ImageObject","inLanguage":"it-IT","@id":"https:\/\/giannidavico.it\/gopiedmont\/#\/schema\/person\/image\/","url":"https:\/\/secure.gravatar.com\/avatar\/337748753d882602f3038b55fb369ba1?s=96&d=mm&r=g","contentUrl":"https:\/\/secure.gravatar.com\/avatar\/337748753d882602f3038b55fb369ba1?s=96&d=mm&r=g","caption":"giannidavico"},"url":"https:\/\/giannidavico.it\/gopiedmont\/author\/giannidavico\/"}]}},"_links":{"self":[{"href":"https:\/\/giannidavico.it\/gopiedmont\/wp-json\/wp\/v2\/posts\/1315"}],"collection":[{"href":"https:\/\/giannidavico.it\/gopiedmont\/wp-json\/wp\/v2\/posts"}],"about":[{"href":"https:\/\/giannidavico.it\/gopiedmont\/wp-json\/wp\/v2\/types\/post"}],"author":[{"embeddable":true,"href":"https:\/\/giannidavico.it\/gopiedmont\/wp-json\/wp\/v2\/users\/4"}],"replies":[{"embeddable":true,"href":"https:\/\/giannidavico.it\/gopiedmont\/wp-json\/wp\/v2\/comments?post=1315"}],"version-history":[{"count":8,"href":"https:\/\/giannidavico.it\/gopiedmont\/wp-json\/wp\/v2\/posts\/1315\/revisions"}],"predecessor-version":[{"id":2748,"href":"https:\/\/giannidavico.it\/gopiedmont\/wp-json\/wp\/v2\/posts\/1315\/revisions\/2748"}],"wp:attachment":[{"href":"https:\/\/giannidavico.it\/gopiedmont\/wp-json\/wp\/v2\/media?parent=1315"}],"wp:term":[{"taxonomy":"category","embeddable":true,"href":"https:\/\/giannidavico.it\/gopiedmont\/wp-json\/wp\/v2\/categories?post=1315"},{"taxonomy":"post_tag","embeddable":true,"href":"https:\/\/giannidavico.it\/gopiedmont\/wp-json\/wp\/v2\/tags?post=1315"}],"curies":[{"name":"wp","href":"https:\/\/api.w.org\/{rel}","templated":true}]}}