{"id":1339,"date":"2012-09-26T08:17:53","date_gmt":"2012-09-26T06:17:53","guid":{"rendered":"https:\/\/giannidavico.it\/staging\/gopiedmont\/?p=1339"},"modified":"2012-09-26T08:17:53","modified_gmt":"2012-09-26T06:17:53","slug":"armando-mottura-la-patria-cita","status":"publish","type":"post","link":"https:\/\/giannidavico.it\/gopiedmont\/2012\/09\/26\/armando-mottura-la-patria-cita\/","title":{"rendered":"Armando Mottura, La Patria cita"},"content":{"rendered":"<p><a href=\"https:\/\/giannidavico.it\/gopiedmont\/files\/2012\/09\/Armand-Motura.jpg\"><img loading=\"lazy\" src=\"https:\/\/giannidavico.it\/gopiedmont\/files\/2012\/09\/Armand-Motura.jpg\" alt=\"\" title=\"Armand Motura\" width=\"137\" height=\"121\" class=\"alignright size-full wp-image-1340\" \/><\/a><br \/>\nGiovo ch\u2019it intre adess fresch ant la vita,<br \/>\nansios \u00ebd core a scheurve tut \u00ebl mond,<br \/>\ne it cove un seugn \u00ebd gl\u00f2ria che at invita<br \/>\na con\u00f2sne ij misteri p\u00ec profond,<br \/>\nprima \u2018d pi\u00e9 \u2018l v\u00f2l p\u00ebr ij pa\u00ecs lontan<br \/>\nf\u00ebrmte un moment. L\u2019\u00e9 p\u00ec nen temp doman.<\/p>\n<p>Come it ricorderas toa Patria cita,<br \/>\nant ij ani lest che at porteran an gir,<br \/>\nant la stra d\u00ebl gran mond nen sempre drita,<br \/>\nant j\u2019ore \u2018d g\u00f2j che a passo ant un sospir;<br \/>\nse it f\u00ebrme nen adess un momentin<br \/>\np\u00ebr con\u00f2sla un p\u00f2 mej vorendje bin?<\/p>\n<p>Guardte d\u2019antorn: cost l\u2019\u00e9 t\u00f2 mond, toa t\u00e8ra,<br \/>\ndova it ses n\u00e0, dova l\u2019\u00e9 n\u00e0 t\u00f2 pare,<br \/>\ndova che a parlo e a vivo a na manera<br \/>\na gnun-e uguala. Guardje e che at s\u00eco care<br \/>\ncoste sit\u00e0, sto cel, coste campagne,<br \/>\n\u00ebd sa Regin-a ancoron\u00e0 \u2018d montagne.<\/p>\n<p>Sta t\u00e8ra dla pianura e dle colin-e,<br \/>\nrossa dle vigne e rica \u2018d camp e \u2018d pra,<br \/>\nquasi color dij mon \u00ebd le cassin-e,<br \/>\nda la povra montagna al rich Monfr\u00e0<br \/>\nl\u2019\u00e9 n\u00f2stra mare, noi da chila i vnoma,<br \/>\nnoi soma s\u00f2 e a chila i torneroma.<\/p>\n<p>L\u00e0 \u2018nt la Provincia granda e \u2018nt l\u2019Astesan,<br \/>\nsu \u2018nt le ca \u2018d pere spatar\u00e0 an montagna,<br \/>\na j\u00eb sta n\u00f2stra gent, son coj che a san<br \/>\ncome a l\u2019\u00e9 bon \u00ebl pan quand ch\u2019as guadagna.<br \/>\nGiovo ampara a con\u00f2ssje, a son dij t\u00f2,<br \/>\nN\u00e0 da sta t\u00e8ra che a s\u00eb specia an P\u00f2.<\/p>\n<p>\u2018T v\u00ebdras che ant ij moment dla nostalg\u00eca<br \/>\nit ricordras n\u00f2stre canson dij vej;<br \/>\nn\u00f2stra parlada rudia e color\u00eca<br \/>\nt\u00eb vnir\u00e0 an boca ant ij moment p\u00ec bej;<br \/>\npar\u00f2le d\u00ebsmenti\u00e0 tant dosse e care<br \/>\ncome da cit at j\u00eb dis\u00eca toa mare.<\/p>\n<p>Ti adess va pura p\u00ebr \u00ebl mond. Boneur<br \/>\ne onor forse at daran d\u2019\u00e0utri pais,<br \/>\nma p\u00f2rt-te t\u00f2 Piemont an drinta al cheur<br \/>\ncome l\u2019amor sincer d\u2019un vej amis:<br \/>\nric\u00f2rda chi a l\u2019ha date sangh e vita,<br \/>\ngiovo d\u00ebsmentia nen toa Patria cita! <\/p>\n<p>[gav\u00e0 da Armando Mottura, <em>La patria cita: poes\u00ece piemont\u00e8ise<\/em>, Turin, A l&#8217;ans\u00ebgna d&#8217;ij Brand\u00e9, 1959, 92 pp., stamp\u00e0 an 500 c\u00f2pie numer\u00e0]<\/p>\n","protected":false},"excerpt":{"rendered":"<p><a href=\"https:\/\/giannidavico.it\/gopiedmont\/files\/2012\/09\/Armand-Motura.jpg\"><img loading=\"lazy\" src=\"https:\/\/giannidavico.it\/gopiedmont\/files\/2012\/09\/Armand-Motura.jpg\" alt=\"\" title=\"Armand Motura\" width=\"137\" height=\"121\" class=\"alignright size-full wp-image-1340\" \/><\/a><br \/> Giovo ch\u2019it intre adess fresch ant la vita,<br \/> ansios \u00ebd core a scheurve tut \u00ebl mond,<br \/> e it cove un seugn \u00ebd gl\u00f2ria che at invita<br \/> a con\u00f2sne ij misteri p\u00ec profond,<br \/> prima \u2018d pi\u00e9 \u2018l v\u00f2l p\u00ebr ij pa\u00ecs lontan<br \/> f\u00ebrmte un moment. L\u2019\u00e9 p\u00ec nen temp doman.<\/p>\n<p>Come it ricorderas toa Patria cita,<br \/> ant ij ani lest che at porteran an gir,<br \/> ant la stra d\u00ebl gran mond nen sempre drita,<br \/> ant j\u2019ore \u2018d g\u00f2j che a passo ant un sospir;<br \/> se it f\u00ebrme nen adess un momentin<br \/> p\u00ebr con\u00f2sla un p\u00f2 mej vorendje bin?<\/p>\n<p>Guardte d\u2019antorn: cost l\u2019\u00e9 t\u00f2 mond, toa t\u00e8ra,<br \/> dova it ses n\u00e0, dova l\u2019\u00e9 n\u00e0 t\u00f2 pare,<br \/> dova che a parlo e a vivo a na manera<br \/> a gnun-e uguala. Guardje e che at s\u00eco care<br \/> coste sit\u00e0, sto cel, coste campagne,<br \/> \u00ebd sa Regin-a ancoron\u00e0 \u2018d montagne.<\/p>\n<p>Sta t\u00e8ra dla pianura e dle colin-e,<br \/> rossa dle vigne e rica \u2018d camp e \u2018d pra,<br \/> quasi color dij mon \u00ebd le cassin-e,<br [\u2026] <a class=\"moretag\" href=\"https:\/\/giannidavico.it\/gopiedmont\/2012\/09\/26\/armando-mottura-la-patria-cita\/\">continua a leggere \u00bb<\/a><\/p>\n","protected":false},"author":4,"featured_media":0,"comment_status":"open","ping_status":"open","sticky":false,"template":"","format":"standard","meta":[],"categories":[130],"tags":[104],"yoast_head":"<!-- This site is optimized with the Yoast SEO plugin v19.14 - https:\/\/yoast.com\/wordpress\/plugins\/seo\/ -->\n<title>Armando Mottura, La Patria cita - Go Piedmont<\/title>\n<meta name=\"robots\" content=\"index, follow, max-snippet:-1, max-image-preview:large, max-video-preview:-1\" \/>\n<link rel=\"canonical\" href=\"https:\/\/giannidavico.it\/gopiedmont\/2012\/09\/26\/armando-mottura-la-patria-cita\/\" \/>\n<meta property=\"og:locale\" content=\"it_IT\" \/>\n<meta property=\"og:type\" content=\"article\" \/>\n<meta property=\"og:title\" content=\"Armando Mottura, La Patria cita - Go Piedmont\" \/>\n<meta property=\"og:description\" content=\"Giovo ch\u2019it intre adess fresch ant la vita, ansios \u00ebd core a scheurve tut \u00ebl mond, e it cove un seugn \u00ebd gl\u00f2ria che at invita a con\u00f2sne ij misteri p\u00ec profond, prima \u2018d pi\u00e9 \u2018l v\u00f2l p\u00ebr ij pa\u00ecs lontan f\u00ebrmte un moment. L\u2019\u00e9 p\u00ec nen temp doman. Come it ricorderas toa Patria cita, ant ij ani lest che at porteran an gir, ant la stra d\u00ebl gran mond nen sempre drita, ant j\u2019ore \u2018d g\u00f2j che a passo ant un sospir; se it f\u00ebrme nen adess un momentin p\u00ebr con\u00f2sla un p\u00f2 mej vorendje bin? Guardte d\u2019antorn: cost l\u2019\u00e9 t\u00f2 mond, toa t\u00e8ra, dova it ses n\u00e0, dova l\u2019\u00e9 n\u00e0 t\u00f2 pare, dova che a parlo e a vivo a na manera a gnun-e uguala. Guardje e che at s\u00eco care coste sit\u00e0, sto cel, coste campagne, \u00ebd sa Regin-a ancoron\u00e0 \u2018d montagne. Sta t\u00e8ra dla pianura e dle colin-e, rossa dle vigne e rica \u2018d camp e \u2018d pra, quasi color dij mon \u00ebd le cassin-e,\" \/>\n<meta property=\"og:url\" content=\"https:\/\/giannidavico.it\/gopiedmont\/2012\/09\/26\/armando-mottura-la-patria-cita\/\" \/>\n<meta property=\"og:site_name\" content=\"Go Piedmont\" \/>\n<meta property=\"article:published_time\" content=\"2012-09-26T06:17:53+00:00\" \/>\n<meta property=\"og:image\" content=\"https:\/\/giannidavico.it\/gopiedmont\/files\/2012\/09\/Armand-Motura.jpg\" \/>\n<meta name=\"author\" content=\"giannidavico\" \/>\n<meta name=\"twitter:card\" content=\"summary_large_image\" \/>\n<meta name=\"twitter:label1\" content=\"Scritto da\" \/>\n\t<meta name=\"twitter:data1\" content=\"giannidavico\" \/>\n\t<meta name=\"twitter:label2\" content=\"Tempo di lettura stimato\" \/>\n\t<meta name=\"twitter:data2\" content=\"2 minuti\" \/>\n<script type=\"application\/ld+json\" class=\"yoast-schema-graph\">{\"@context\":\"https:\/\/schema.org\",\"@graph\":[{\"@type\":\"WebPage\",\"@id\":\"https:\/\/giannidavico.it\/gopiedmont\/2012\/09\/26\/armando-mottura-la-patria-cita\/\",\"url\":\"https:\/\/giannidavico.it\/gopiedmont\/2012\/09\/26\/armando-mottura-la-patria-cita\/\",\"name\":\"Armando Mottura, La Patria cita - Go Piedmont\",\"isPartOf\":{\"@id\":\"https:\/\/giannidavico.it\/gopiedmont\/#website\"},\"datePublished\":\"2012-09-26T06:17:53+00:00\",\"dateModified\":\"2012-09-26T06:17:53+00:00\",\"author\":{\"@id\":\"https:\/\/giannidavico.it\/gopiedmont\/#\/schema\/person\/ea1fd17d8f2dba325f3712219efa8f77\"},\"inLanguage\":\"it-IT\",\"potentialAction\":[{\"@type\":\"ReadAction\",\"target\":[\"https:\/\/giannidavico.it\/gopiedmont\/2012\/09\/26\/armando-mottura-la-patria-cita\/\"]}]},{\"@type\":\"WebSite\",\"@id\":\"https:\/\/giannidavico.it\/gopiedmont\/#website\",\"url\":\"https:\/\/giannidavico.it\/gopiedmont\/\",\"name\":\"Go Piedmont\",\"description\":\"pens\u00e9 dzora l\u00ecber, event e p\u00ebrson-e grop\u00e0 al Piemont e a la lenga piemont\u00e8isa\",\"potentialAction\":[{\"@type\":\"SearchAction\",\"target\":{\"@type\":\"EntryPoint\",\"urlTemplate\":\"https:\/\/giannidavico.it\/gopiedmont\/?s={search_term_string}\"},\"query-input\":\"required name=search_term_string\"}],\"inLanguage\":\"it-IT\"},{\"@type\":\"Person\",\"@id\":\"https:\/\/giannidavico.it\/gopiedmont\/#\/schema\/person\/ea1fd17d8f2dba325f3712219efa8f77\",\"name\":\"giannidavico\",\"image\":{\"@type\":\"ImageObject\",\"inLanguage\":\"it-IT\",\"@id\":\"https:\/\/giannidavico.it\/gopiedmont\/#\/schema\/person\/image\/\",\"url\":\"https:\/\/secure.gravatar.com\/avatar\/337748753d882602f3038b55fb369ba1?s=96&d=mm&r=g\",\"contentUrl\":\"https:\/\/secure.gravatar.com\/avatar\/337748753d882602f3038b55fb369ba1?s=96&d=mm&r=g\",\"caption\":\"giannidavico\"},\"url\":\"https:\/\/giannidavico.it\/gopiedmont\/author\/giannidavico\/\"}]}<\/script>\n<!-- \/ Yoast SEO plugin. -->","yoast_head_json":{"title":"Armando Mottura, La Patria cita - Go Piedmont","robots":{"index":"index","follow":"follow","max-snippet":"max-snippet:-1","max-image-preview":"max-image-preview:large","max-video-preview":"max-video-preview:-1"},"canonical":"https:\/\/giannidavico.it\/gopiedmont\/2012\/09\/26\/armando-mottura-la-patria-cita\/","og_locale":"it_IT","og_type":"article","og_title":"Armando Mottura, La Patria cita - Go Piedmont","og_description":"Giovo ch\u2019it intre adess fresch ant la vita, ansios \u00ebd core a scheurve tut \u00ebl mond, e it cove un seugn \u00ebd gl\u00f2ria che at invita a con\u00f2sne ij misteri p\u00ec profond, prima \u2018d pi\u00e9 \u2018l v\u00f2l p\u00ebr ij pa\u00ecs lontan f\u00ebrmte un moment. L\u2019\u00e9 p\u00ec nen temp doman. Come it ricorderas toa Patria cita, ant ij ani lest che at porteran an gir, ant la stra d\u00ebl gran mond nen sempre drita, ant j\u2019ore \u2018d g\u00f2j che a passo ant un sospir; se it f\u00ebrme nen adess un momentin p\u00ebr con\u00f2sla un p\u00f2 mej vorendje bin? Guardte d\u2019antorn: cost l\u2019\u00e9 t\u00f2 mond, toa t\u00e8ra, dova it ses n\u00e0, dova l\u2019\u00e9 n\u00e0 t\u00f2 pare, dova che a parlo e a vivo a na manera a gnun-e uguala. Guardje e che at s\u00eco care coste sit\u00e0, sto cel, coste campagne, \u00ebd sa Regin-a ancoron\u00e0 \u2018d montagne. Sta t\u00e8ra dla pianura e dle colin-e, rossa dle vigne e rica \u2018d camp e \u2018d pra, quasi color dij mon \u00ebd le cassin-e,","og_url":"https:\/\/giannidavico.it\/gopiedmont\/2012\/09\/26\/armando-mottura-la-patria-cita\/","og_site_name":"Go Piedmont","article_published_time":"2012-09-26T06:17:53+00:00","og_image":[{"url":"https:\/\/giannidavico.it\/gopiedmont\/files\/2012\/09\/Armand-Motura.jpg"}],"author":"giannidavico","twitter_card":"summary_large_image","twitter_misc":{"Scritto da":"giannidavico","Tempo di lettura stimato":"2 minuti"},"schema":{"@context":"https:\/\/schema.org","@graph":[{"@type":"WebPage","@id":"https:\/\/giannidavico.it\/gopiedmont\/2012\/09\/26\/armando-mottura-la-patria-cita\/","url":"https:\/\/giannidavico.it\/gopiedmont\/2012\/09\/26\/armando-mottura-la-patria-cita\/","name":"Armando Mottura, La Patria cita - Go Piedmont","isPartOf":{"@id":"https:\/\/giannidavico.it\/gopiedmont\/#website"},"datePublished":"2012-09-26T06:17:53+00:00","dateModified":"2012-09-26T06:17:53+00:00","author":{"@id":"https:\/\/giannidavico.it\/gopiedmont\/#\/schema\/person\/ea1fd17d8f2dba325f3712219efa8f77"},"inLanguage":"it-IT","potentialAction":[{"@type":"ReadAction","target":["https:\/\/giannidavico.it\/gopiedmont\/2012\/09\/26\/armando-mottura-la-patria-cita\/"]}]},{"@type":"WebSite","@id":"https:\/\/giannidavico.it\/gopiedmont\/#website","url":"https:\/\/giannidavico.it\/gopiedmont\/","name":"Go Piedmont","description":"pens\u00e9 dzora l\u00ecber, event e p\u00ebrson-e grop\u00e0 al Piemont e a la lenga piemont\u00e8isa","potentialAction":[{"@type":"SearchAction","target":{"@type":"EntryPoint","urlTemplate":"https:\/\/giannidavico.it\/gopiedmont\/?s={search_term_string}"},"query-input":"required name=search_term_string"}],"inLanguage":"it-IT"},{"@type":"Person","@id":"https:\/\/giannidavico.it\/gopiedmont\/#\/schema\/person\/ea1fd17d8f2dba325f3712219efa8f77","name":"giannidavico","image":{"@type":"ImageObject","inLanguage":"it-IT","@id":"https:\/\/giannidavico.it\/gopiedmont\/#\/schema\/person\/image\/","url":"https:\/\/secure.gravatar.com\/avatar\/337748753d882602f3038b55fb369ba1?s=96&d=mm&r=g","contentUrl":"https:\/\/secure.gravatar.com\/avatar\/337748753d882602f3038b55fb369ba1?s=96&d=mm&r=g","caption":"giannidavico"},"url":"https:\/\/giannidavico.it\/gopiedmont\/author\/giannidavico\/"}]}},"_links":{"self":[{"href":"https:\/\/giannidavico.it\/gopiedmont\/wp-json\/wp\/v2\/posts\/1339"}],"collection":[{"href":"https:\/\/giannidavico.it\/gopiedmont\/wp-json\/wp\/v2\/posts"}],"about":[{"href":"https:\/\/giannidavico.it\/gopiedmont\/wp-json\/wp\/v2\/types\/post"}],"author":[{"embeddable":true,"href":"https:\/\/giannidavico.it\/gopiedmont\/wp-json\/wp\/v2\/users\/4"}],"replies":[{"embeddable":true,"href":"https:\/\/giannidavico.it\/gopiedmont\/wp-json\/wp\/v2\/comments?post=1339"}],"version-history":[{"count":4,"href":"https:\/\/giannidavico.it\/gopiedmont\/wp-json\/wp\/v2\/posts\/1339\/revisions"}],"predecessor-version":[{"id":1344,"href":"https:\/\/giannidavico.it\/gopiedmont\/wp-json\/wp\/v2\/posts\/1339\/revisions\/1344"}],"wp:attachment":[{"href":"https:\/\/giannidavico.it\/gopiedmont\/wp-json\/wp\/v2\/media?parent=1339"}],"wp:term":[{"taxonomy":"category","embeddable":true,"href":"https:\/\/giannidavico.it\/gopiedmont\/wp-json\/wp\/v2\/categories?post=1339"},{"taxonomy":"post_tag","embeddable":true,"href":"https:\/\/giannidavico.it\/gopiedmont\/wp-json\/wp\/v2\/tags?post=1339"}],"curies":[{"name":"wp","href":"https:\/\/api.w.org\/{rel}","templated":true}]}}