{"id":1348,"date":"2012-10-03T09:41:11","date_gmt":"2012-10-03T07:41:11","guid":{"rendered":"https:\/\/giannidavico.it\/staging\/gopiedmont\/?p=1348"},"modified":"2015-05-14T10:11:28","modified_gmt":"2015-05-14T09:11:28","slug":"vija-piemonteisa-a-carmagnola-2","status":"publish","type":"post","link":"https:\/\/giannidavico.it\/gopiedmont\/2012\/10\/03\/vija-piemonteisa-a-carmagnola-2\/","title":{"rendered":"Vij\u00e0 piemont\u00e8isa a Carmagn\u00f2la"},"content":{"rendered":"<p><a href=\"https:\/\/giannidavico.it\/gopiedmont\/files\/2012\/10\/Arcancel.jpg\"><img loading=\"lazy\" src=\"https:\/\/giannidavico.it\/gopiedmont\/files\/2012\/10\/Arcancel-300x154.jpg\" alt=\"Arcancel\" width=\"300\" height=\"154\" class=\"alignright size-medium wp-image-2744\" srcset=\"https:\/\/giannidavico.it\/gopiedmont\/files\/2012\/10\/Arcancel-300x154.jpg 300w, https:\/\/giannidavico.it\/gopiedmont\/files\/2012\/10\/Arcancel.jpg 441w\" sizes=\"(max-width: 300px) 100vw, 300px\" \/><\/a><br \/>\nL\u2019<a href=\"http:\/\/www.arcancel.eu\/\" title=\"Arcancel  - associassion cultural piemont\u00e8isa\" target=\"_blank\">associassion cultural piemont\u00e8isa Arcancel<\/a>, con la colaborassion dla comun-a \u2018d Carmagn\u00f2la, an anvita \u2013 <a href=\"https:\/\/giannidavico.it\/gopiedmont\/2011\/09\/07\/vija-piemonteisa-a-carmagnola\/\" title=\"Vij\u00e0 piemont\u00e8isa a Carmagn\u00f2la\">come l\u2019\u00e0utr ann<\/a> \u2013 a la Vij\u00e0 piemont\u00e8isa \u2018d poes\u00eca e canson popolar: v\u00ebnner 5 otober a 8 e mesa \u00ebd s\u00e8ira ant \u00ebl salon Antich Bastion \u00ebd Carmagnola  (an piassa Antichi Bastioni).<\/p>\n<p>\u00cbl grup musical e vocal <em>J\u00eb stich<\/em> a spantier\u00e0 un bel boch\u00e8t \u00ebd n\u00f2te, an manera da f\u00e9 vn\u00ec l&#8217;aria p\u00ec alegra e p\u00ebrfum\u00e0.<\/p>\n<p>As lesran poes\u00ece e prose dj&#8217;autor carmagnol\u00e8is e dij poeta p\u00ec avos\u00e0 dla st\u00f2ria dla literatura piemont\u00e8isa, coma Nino Bertalmia, Nino Costa, <a href=\"https:\/\/giannidavico.it\/gopiedmont\/2012\/09\/26\/armando-mottura-la-patria-cita\/\" title=\"Armando Mottura, La Patria cita\">Armando Mottura<\/a>, Mario Albano, Luigi Olivero, Pinin Pac\u00f2t, Dumini Badalin, Camillo Brero e via f\u00f2rt.<\/p>\n<p>L\u2019intrada a l\u2019\u00e9 l\u00ecbera, Arcancel a n\u00eb speta.<\/p>\n","protected":false},"excerpt":{"rendered":"<p><a href=\"https:\/\/giannidavico.it\/gopiedmont\/files\/2012\/10\/Arcancel.jpg\"><img loading=\"lazy\" src=\"https:\/\/giannidavico.it\/gopiedmont\/files\/2012\/10\/Arcancel-300x154.jpg\" alt=\"Arcancel\" width=\"300\" height=\"154\" class=\"alignright size-medium wp-image-2744\" srcset=\"https:\/\/giannidavico.it\/gopiedmont\/files\/2012\/10\/Arcancel-300x154.jpg 300w, https:\/\/giannidavico.it\/gopiedmont\/files\/2012\/10\/Arcancel.jpg 441w\" sizes=\"(max-width: 300px) 100vw, 300px\" \/><\/a><br \/> L\u2019<a href=\"http:\/\/www.arcancel.eu\/\" title=\"Arcancel - associassion cultural piemont\u00e8isa\" target=\"_blank\">associassion cultural piemont\u00e8isa Arcancel<\/a>, con la colaborassion dla comun-a \u2018d Carmagn\u00f2la, an anvita \u2013 <a href=\"https:\/\/giannidavico.it\/gopiedmont\/2011\/09\/07\/vija-piemonteisa-a-carmagnola\/\" title=\"Vij\u00e0 piemont\u00e8isa a Carmagn\u00f2la\">come l\u2019\u00e0utr ann<\/a> \u2013 a la Vij\u00e0 piemont\u00e8isa \u2018d poes\u00eca e canson popolar: v\u00ebnner 5 otober a 8 e mesa \u00ebd s\u00e8ira ant \u00ebl salon Antich Bastion \u00ebd Carmagnola (an piassa Antichi Bastioni).<\/p>\n<p>\u00cbl grup musical e vocal <em>J\u00eb stich<\/em> a spantier\u00e0 un bel boch\u00e8t \u00ebd n\u00f2te, an manera da f\u00e9 vn\u00ec l&#8217;aria p\u00ec alegra e p\u00ebrfum\u00e0.<\/p>\n<p>As lesran poes\u00ece e prose dj&#8217;autor carmagnol\u00e8is e dij poeta p\u00ec avos\u00e0 dla st\u00f2ria dla literatura piemont\u00e8isa, coma Nino Bertalmia, Nino Costa, <a href=\"https:\/\/giannidavico.it\/gopiedmont\/2012\/09\/26\/armando-mottura-la-patria-cita\/\" title=\"Armando Mottura, La Patria cita\">Armando Mottura<\/a>, Mario Albano, Luigi Olivero, Pinin Pac\u00f2t, Dumini Badalin, Camillo Brero e via f\u00f2rt.<\/p>\n<p>L\u2019intrada a l\u2019\u00e9 l\u00ecbera, Arcancel a n\u00eb speta.<\/p>\n","protected":false},"author":4,"featured_media":0,"comment_status":"open","ping_status":"open","sticky":false,"template":"","format":"standard","meta":[],"categories":[130],"tags":[131],"yoast_head":"<!-- This site is optimized with the Yoast SEO plugin v19.14 - https:\/\/yoast.com\/wordpress\/plugins\/seo\/ -->\n<title>Vij\u00e0 piemont\u00e8isa a Carmagn\u00f2la - Go Piedmont<\/title>\n<meta name=\"robots\" content=\"index, follow, max-snippet:-1, max-image-preview:large, max-video-preview:-1\" \/>\n<link rel=\"canonical\" href=\"https:\/\/giannidavico.it\/gopiedmont\/2012\/10\/03\/vija-piemonteisa-a-carmagnola-2\/\" \/>\n<meta property=\"og:locale\" content=\"it_IT\" \/>\n<meta property=\"og:type\" content=\"article\" \/>\n<meta property=\"og:title\" content=\"Vij\u00e0 piemont\u00e8isa a Carmagn\u00f2la - Go Piedmont\" \/>\n<meta property=\"og:description\" content=\"L\u2019associassion cultural piemont\u00e8isa Arcancel, con la colaborassion dla comun-a \u2018d Carmagn\u00f2la, an anvita \u2013 come l\u2019\u00e0utr ann \u2013 a la Vij\u00e0 piemont\u00e8isa \u2018d poes\u00eca e canson popolar: v\u00ebnner 5 otober a 8 e mesa \u00ebd s\u00e8ira ant \u00ebl salon Antich Bastion \u00ebd Carmagnola (an piassa Antichi Bastioni). \u00cbl grup musical e vocal J\u00eb stich a spantier\u00e0 un bel boch\u00e8t \u00ebd n\u00f2te, an manera da f\u00e9 vn\u00ec l&#8217;aria p\u00ec alegra e p\u00ebrfum\u00e0. As lesran poes\u00ece e prose dj&#8217;autor carmagnol\u00e8is e dij poeta p\u00ec avos\u00e0 dla st\u00f2ria dla literatura piemont\u00e8isa, coma Nino Bertalmia, Nino Costa, Armando Mottura, Mario Albano, Luigi Olivero, Pinin Pac\u00f2t, Dumini Badalin, Camillo Brero e via f\u00f2rt. L\u2019intrada a l\u2019\u00e9 l\u00ecbera, Arcancel a n\u00eb speta.\" \/>\n<meta property=\"og:url\" content=\"https:\/\/giannidavico.it\/gopiedmont\/2012\/10\/03\/vija-piemonteisa-a-carmagnola-2\/\" \/>\n<meta property=\"og:site_name\" content=\"Go Piedmont\" \/>\n<meta property=\"article:published_time\" content=\"2012-10-03T07:41:11+00:00\" \/>\n<meta property=\"article:modified_time\" content=\"2015-05-14T09:11:28+00:00\" \/>\n<meta property=\"og:image\" content=\"https:\/\/giannidavico.it\/gopiedmont\/files\/2012\/10\/Arcancel-300x154.jpg\" \/>\n<meta name=\"author\" content=\"giannidavico\" \/>\n<meta name=\"twitter:card\" content=\"summary_large_image\" \/>\n<meta name=\"twitter:label1\" content=\"Scritto da\" \/>\n\t<meta name=\"twitter:data1\" content=\"giannidavico\" \/>\n\t<meta name=\"twitter:label2\" content=\"Tempo di lettura stimato\" \/>\n\t<meta name=\"twitter:data2\" content=\"1 minuto\" \/>\n<script type=\"application\/ld+json\" class=\"yoast-schema-graph\">{\"@context\":\"https:\/\/schema.org\",\"@graph\":[{\"@type\":\"WebPage\",\"@id\":\"https:\/\/giannidavico.it\/gopiedmont\/2012\/10\/03\/vija-piemonteisa-a-carmagnola-2\/\",\"url\":\"https:\/\/giannidavico.it\/gopiedmont\/2012\/10\/03\/vija-piemonteisa-a-carmagnola-2\/\",\"name\":\"Vij\u00e0 piemont\u00e8isa a Carmagn\u00f2la - Go Piedmont\",\"isPartOf\":{\"@id\":\"https:\/\/giannidavico.it\/gopiedmont\/#website\"},\"datePublished\":\"2012-10-03T07:41:11+00:00\",\"dateModified\":\"2015-05-14T09:11:28+00:00\",\"author\":{\"@id\":\"https:\/\/giannidavico.it\/gopiedmont\/#\/schema\/person\/ea1fd17d8f2dba325f3712219efa8f77\"},\"inLanguage\":\"it-IT\",\"potentialAction\":[{\"@type\":\"ReadAction\",\"target\":[\"https:\/\/giannidavico.it\/gopiedmont\/2012\/10\/03\/vija-piemonteisa-a-carmagnola-2\/\"]}]},{\"@type\":\"WebSite\",\"@id\":\"https:\/\/giannidavico.it\/gopiedmont\/#website\",\"url\":\"https:\/\/giannidavico.it\/gopiedmont\/\",\"name\":\"Go Piedmont\",\"description\":\"pens\u00e9 dzora l\u00ecber, event e p\u00ebrson-e grop\u00e0 al Piemont e a la lenga piemont\u00e8isa\",\"potentialAction\":[{\"@type\":\"SearchAction\",\"target\":{\"@type\":\"EntryPoint\",\"urlTemplate\":\"https:\/\/giannidavico.it\/gopiedmont\/?s={search_term_string}\"},\"query-input\":\"required name=search_term_string\"}],\"inLanguage\":\"it-IT\"},{\"@type\":\"Person\",\"@id\":\"https:\/\/giannidavico.it\/gopiedmont\/#\/schema\/person\/ea1fd17d8f2dba325f3712219efa8f77\",\"name\":\"giannidavico\",\"image\":{\"@type\":\"ImageObject\",\"inLanguage\":\"it-IT\",\"@id\":\"https:\/\/giannidavico.it\/gopiedmont\/#\/schema\/person\/image\/\",\"url\":\"https:\/\/secure.gravatar.com\/avatar\/337748753d882602f3038b55fb369ba1?s=96&d=mm&r=g\",\"contentUrl\":\"https:\/\/secure.gravatar.com\/avatar\/337748753d882602f3038b55fb369ba1?s=96&d=mm&r=g\",\"caption\":\"giannidavico\"},\"url\":\"https:\/\/giannidavico.it\/gopiedmont\/author\/giannidavico\/\"}]}<\/script>\n<!-- \/ Yoast SEO plugin. -->","yoast_head_json":{"title":"Vij\u00e0 piemont\u00e8isa a Carmagn\u00f2la - Go Piedmont","robots":{"index":"index","follow":"follow","max-snippet":"max-snippet:-1","max-image-preview":"max-image-preview:large","max-video-preview":"max-video-preview:-1"},"canonical":"https:\/\/giannidavico.it\/gopiedmont\/2012\/10\/03\/vija-piemonteisa-a-carmagnola-2\/","og_locale":"it_IT","og_type":"article","og_title":"Vij\u00e0 piemont\u00e8isa a Carmagn\u00f2la - Go Piedmont","og_description":"L\u2019associassion cultural piemont\u00e8isa Arcancel, con la colaborassion dla comun-a \u2018d Carmagn\u00f2la, an anvita \u2013 come l\u2019\u00e0utr ann \u2013 a la Vij\u00e0 piemont\u00e8isa \u2018d poes\u00eca e canson popolar: v\u00ebnner 5 otober a 8 e mesa \u00ebd s\u00e8ira ant \u00ebl salon Antich Bastion \u00ebd Carmagnola (an piassa Antichi Bastioni). \u00cbl grup musical e vocal J\u00eb stich a spantier\u00e0 un bel boch\u00e8t \u00ebd n\u00f2te, an manera da f\u00e9 vn\u00ec l&#8217;aria p\u00ec alegra e p\u00ebrfum\u00e0. As lesran poes\u00ece e prose dj&#8217;autor carmagnol\u00e8is e dij poeta p\u00ec avos\u00e0 dla st\u00f2ria dla literatura piemont\u00e8isa, coma Nino Bertalmia, Nino Costa, Armando Mottura, Mario Albano, Luigi Olivero, Pinin Pac\u00f2t, Dumini Badalin, Camillo Brero e via f\u00f2rt. L\u2019intrada a l\u2019\u00e9 l\u00ecbera, Arcancel a n\u00eb speta.","og_url":"https:\/\/giannidavico.it\/gopiedmont\/2012\/10\/03\/vija-piemonteisa-a-carmagnola-2\/","og_site_name":"Go Piedmont","article_published_time":"2012-10-03T07:41:11+00:00","article_modified_time":"2015-05-14T09:11:28+00:00","og_image":[{"url":"https:\/\/giannidavico.it\/gopiedmont\/files\/2012\/10\/Arcancel-300x154.jpg"}],"author":"giannidavico","twitter_card":"summary_large_image","twitter_misc":{"Scritto da":"giannidavico","Tempo di lettura stimato":"1 minuto"},"schema":{"@context":"https:\/\/schema.org","@graph":[{"@type":"WebPage","@id":"https:\/\/giannidavico.it\/gopiedmont\/2012\/10\/03\/vija-piemonteisa-a-carmagnola-2\/","url":"https:\/\/giannidavico.it\/gopiedmont\/2012\/10\/03\/vija-piemonteisa-a-carmagnola-2\/","name":"Vij\u00e0 piemont\u00e8isa a Carmagn\u00f2la - Go Piedmont","isPartOf":{"@id":"https:\/\/giannidavico.it\/gopiedmont\/#website"},"datePublished":"2012-10-03T07:41:11+00:00","dateModified":"2015-05-14T09:11:28+00:00","author":{"@id":"https:\/\/giannidavico.it\/gopiedmont\/#\/schema\/person\/ea1fd17d8f2dba325f3712219efa8f77"},"inLanguage":"it-IT","potentialAction":[{"@type":"ReadAction","target":["https:\/\/giannidavico.it\/gopiedmont\/2012\/10\/03\/vija-piemonteisa-a-carmagnola-2\/"]}]},{"@type":"WebSite","@id":"https:\/\/giannidavico.it\/gopiedmont\/#website","url":"https:\/\/giannidavico.it\/gopiedmont\/","name":"Go Piedmont","description":"pens\u00e9 dzora l\u00ecber, event e p\u00ebrson-e grop\u00e0 al Piemont e a la lenga piemont\u00e8isa","potentialAction":[{"@type":"SearchAction","target":{"@type":"EntryPoint","urlTemplate":"https:\/\/giannidavico.it\/gopiedmont\/?s={search_term_string}"},"query-input":"required name=search_term_string"}],"inLanguage":"it-IT"},{"@type":"Person","@id":"https:\/\/giannidavico.it\/gopiedmont\/#\/schema\/person\/ea1fd17d8f2dba325f3712219efa8f77","name":"giannidavico","image":{"@type":"ImageObject","inLanguage":"it-IT","@id":"https:\/\/giannidavico.it\/gopiedmont\/#\/schema\/person\/image\/","url":"https:\/\/secure.gravatar.com\/avatar\/337748753d882602f3038b55fb369ba1?s=96&d=mm&r=g","contentUrl":"https:\/\/secure.gravatar.com\/avatar\/337748753d882602f3038b55fb369ba1?s=96&d=mm&r=g","caption":"giannidavico"},"url":"https:\/\/giannidavico.it\/gopiedmont\/author\/giannidavico\/"}]}},"_links":{"self":[{"href":"https:\/\/giannidavico.it\/gopiedmont\/wp-json\/wp\/v2\/posts\/1348"}],"collection":[{"href":"https:\/\/giannidavico.it\/gopiedmont\/wp-json\/wp\/v2\/posts"}],"about":[{"href":"https:\/\/giannidavico.it\/gopiedmont\/wp-json\/wp\/v2\/types\/post"}],"author":[{"embeddable":true,"href":"https:\/\/giannidavico.it\/gopiedmont\/wp-json\/wp\/v2\/users\/4"}],"replies":[{"embeddable":true,"href":"https:\/\/giannidavico.it\/gopiedmont\/wp-json\/wp\/v2\/comments?post=1348"}],"version-history":[{"count":7,"href":"https:\/\/giannidavico.it\/gopiedmont\/wp-json\/wp\/v2\/posts\/1348\/revisions"}],"predecessor-version":[{"id":2745,"href":"https:\/\/giannidavico.it\/gopiedmont\/wp-json\/wp\/v2\/posts\/1348\/revisions\/2745"}],"wp:attachment":[{"href":"https:\/\/giannidavico.it\/gopiedmont\/wp-json\/wp\/v2\/media?parent=1348"}],"wp:term":[{"taxonomy":"category","embeddable":true,"href":"https:\/\/giannidavico.it\/gopiedmont\/wp-json\/wp\/v2\/categories?post=1348"},{"taxonomy":"post_tag","embeddable":true,"href":"https:\/\/giannidavico.it\/gopiedmont\/wp-json\/wp\/v2\/tags?post=1348"}],"curies":[{"name":"wp","href":"https:\/\/api.w.org\/{rel}","templated":true}]}}