{"id":1403,"date":"2012-11-07T09:46:26","date_gmt":"2012-11-07T07:46:26","guid":{"rendered":"https:\/\/giannidavico.it\/staging\/gopiedmont\/?p=1403"},"modified":"2015-09-24T08:37:43","modified_gmt":"2015-09-24T07:37:43","slug":"piemonteis-ant-el-mond-lissander-motin-e-l-mosambich","status":"publish","type":"post","link":"https:\/\/giannidavico.it\/gopiedmont\/2012\/11\/07\/piemonteis-ant-el-mond-lissander-motin-e-l-mosambich\/","title":{"rendered":"Piemont\u00e8is ant \u00ebl mond: Liss\u00e0nder Motin e &#8216;l Mosambich"},"content":{"rendered":"<p>Liss\u00e0nder Motin, da tant temp n&#8217;amis \u00ebd cost bl\u00f2gh (p\u00ebr savejne &#8216;d p\u00ec as peul andesse <a href=\"https:\/\/giannidavico.it\/gopiedmont\/2010\/05\/13\/pare-nost-an-tera-santa\/\" title=\"Pare N\u00f2st an T\u00e8ra Santa\">ambeless\u00ec<\/a> e <a href=\"https:\/\/giannidavico.it\/gopiedmont\/2011\/06\/15\/lissander-mottino-l%E2%80%99angagg-per-mia-lenga-i-lo-dev-ai-me-grand-e-i-lo-dev-edco-a-mi\/\" title=\"Liss\u00e0nder Mottino: L\u2019angagg p\u00ebr mia lenga i lo dev ai m\u00e8 grand e i lo dev \u00ebdc\u00f2 a mi\">ambeless\u00ec<\/a>), a l&#8217;ha f\u00e0it na bela esperiensa &#8216;d travaj an Mosambich. I l&#8217;hai ciamaje &#8211; e i lo ringrassio p\u00ebr av\u00e8jlo f\u00e0it &#8211; \u00ebd contela ambeless\u00ec.<\/p>\n<p><em>Enter Liss\u00e0nder.<\/em><\/p>\n<p>I veui ancamin\u00e9 a conteve \u00ebd sa mia cita esperiensa \u00ebd travaj an partend da la viage ch\u2019i l\u2019hai f\u00e0it p\u00ebr and\u00e9 al largh dla c\u00f2sta d\u00ebl Mosambich. E si, p\u00ebrqu\u00e8 pr\u00f2pi ant \u00ebl mar d\u00ebl Mosambich l\u2019eni a l\u2019ha na concession esplorativa ant\u00e9 ch\u2019a l\u2019ha trov\u00e0 un-a dle p\u00ec gr\u00f2sse arzervere \u00ebd tuta soa st\u00f2ria.<br \/>\n<a href=\"https:\/\/giannidavico.it\/gopiedmont\/files\/2012\/11\/Saipem-10k.jpg\"><img loading=\"lazy\" src=\"https:\/\/giannidavico.it\/gopiedmont\/files\/2012\/11\/Saipem-10k.jpg\" alt=\"\" title=\"Saipem 10k\" width=\"273\" height=\"184\" class=\"alignright size-full wp-image-1417\" \/><\/a><br \/>\nI son part\u00ec da la sede \u00ebd San Don\u00e0 Milan\u00e8is un merco d\u00f2p-mes-di e da Linate l\u2019avion p\u00ebr Paris (aerop\u00f2rt Charles De Gaulle). Da Paris na travers\u00e0 dl\u2019Africa dur\u00e0 des ore e mesa (tuta la neuit) a l&#8217;ha portame fin-a a l\u2019aerop\u00f2rt \u00ebd Johannesburg. A des ore la matin aterage e giorn\u00e0 \u201cl\u00ecbera\u201d an obergi davsin a l\u2019aerop\u00f2rt dla sit\u00e0 sudafrican-a. A Johannesburg a-i \u00e9 v\u00e0ire p\u00ebrson-e \u00ebd \u201cplatura bianca\u201d che antra \u00ebd lor a parlo l\u2019afrikaans ant\u00ebrment i \u201cn\u00e8iro\u201d a parlo \u00ebd lenghe genite african-e.<\/p>\n<p>A l\u2019av\u00eco racomandasse \u00ebd nen acet\u00e9 smon \u00ebd gire tur\u00ecstiche da p\u00ebrson-e nen conoss\u00f9e, c\u00f2sa ch\u2019i l\u2019hai osserv\u00e0 e par\u00e8j i son arman\u00ec tut \u00ebl di an obergi a virol\u00e9. D\u00ebl neuit a doi b\u00f2t i l\u2019hai alveme p\u00ebr and\u00e9 pij\u00e8 \u00ebl rioplan ch\u2019a l\u2019avr\u00eca amname ant \u00ebl n\u00f2rd d\u00ebl Mosambich, scasi al confin con la Tansania, d\u00f2p un vol \u00ebd tre ore e mesa.<\/p>\n<p>Riv\u00e0 ant l\u2019aerop\u00f2rt (cit cit) p\u00ec da riva a destinassion, ch\u2019as treuva ant la sitadin-a\/vilage \u00ebd Pemba, d\u00f2p ij contr\u00f2j d\u00ebl passap\u00f2rt, con l\u2019elic\u00f2ter a l\u2019han amnane a sessanta chil\u00f2meter da la c\u00f2sta ant \u00ebl mar ans la nav perforatris <a href=\"http:\/\/www.saipem.com\/sites\/SAIPEM_it_IT\/scheda\/Vessels\/Saipem%2010000.page\" title=\"Saipem 10000\" target=\"_blank\">Saipem 10k<\/a> (10k a significa ch\u2019a peul travaj\u00e9 con profondit\u00e0 d\u2019eva fin-a a 10.000 p\u00e9, ch\u2019a corispondo a apopr\u00e9 a 3.000 m\u00e9ter).<\/p>\n<p>M\u00e8 m\u00ebst\u00e9 a l\u2019\u00e9 st\u00e0it col d\u00eb f\u00e9 da colegament tra \u00ebl personal a b\u00f2rd e m\u00e8 cap ufissi, oltra col \u00ebd f\u00e9 esperiensa. La preuva an oget a l\u2019av\u00eca coma but col \u00ebd cheuje dl\u2019idr\u00f2carbur prod\u00f2t (scasi completament gas metan) e oten-e d\u2019anformassion sle carater\u00ecstiche dl\u2019arzevera.<\/p>\n<p>An sla nav a-i ero (e a-i son) an sle vintesinch nassionalit\u00e0 diferente p\u00ebr un total \u00ebd sentestanta travajeur.<\/p>\n<p>L\u00f2n ch\u2019i l\u2019hai da armarch\u00e9 a l\u2019\u00e9 la tecnolog\u00eca ampossanta an tren p\u00ebr perform\u00e9 dj\u2019euvre d\u00ebl g\u00e9ner.<\/p>\n<p>D\u00f2p un t\u00ebrdes di i son torn\u00e0 sla t\u00e8ra an Mosambich andova ch\u2019i l\u2019hai pod\u00f9 beich\u00e9 la p\u00ebrfonda povert\u00e0 dla popolassion. L\u2019arzigh a l\u2019\u00e9 che con l\u2019ariv dij dan\u00e9 d\u00ebl metan a-i riva \u00ebdc\u00f2 corussion e violensa, c\u00f2sa ch\u2019a l\u2019ha za capitaie an Nigeria.<\/p>\n<p>An Mosambich, ex col\u00f2nia portogh\u00e8isa, la lenga ufissiala a l\u2019\u00e9 \u00ebl portogh\u00e8is, ma la popolassion &#8211; manco mal i dis mi &#8211; a parla soe lenghe ancestraj african-e.<\/p>\n<p>Qu\u00e8 giontaie a \u00ebs curt curt rap\u00f2rt \u00ebd mia esperiensa \u00ebd travaj african-a&#8230; i sper ch\u2019i l\u2019avrai d\u2019\u00e0utre ocasion d\u2019amprende e che mincadun a sia fier \u00ebd soe or\u00ecgin p\u00ebr marc\u00e9 p\u00ec sigur ant \u00ebl present e ant l\u2019avn\u00ec, ch\u2019a val a d\u00ec coma a l\u2019ha scrit \u00ebl gran Edord Ignassi Calv: \u00abOgnidun ant s\u00f2 vilagi dev av\u00e8j la gelos\u00eca d\u00eb spieghesse \u2018nt s\u00f2 linguagi\u00bb.<\/p>\n<p>Cerea a t\u00f9it!<\/p>\n<p>Liss\u00e0nder<\/p>\n","protected":false},"excerpt":{"rendered":"<p>Liss\u00e0nder Motin, da tant temp n&#8217;amis \u00ebd cost bl\u00f2gh (p\u00ebr savejne &#8216;d p\u00ec as peul andesse <a href=\"https:\/\/giannidavico.it\/gopiedmont\/2010\/05\/13\/pare-nost-an-tera-santa\/\" title=\"Pare N\u00f2st an T\u00e8ra Santa\">ambeless\u00ec<\/a> e <a href=\"https:\/\/giannidavico.it\/gopiedmont\/2011\/06\/15\/lissander-mottino-l%E2%80%99angagg-per-mia-lenga-i-lo-dev-ai-me-grand-e-i-lo-dev-edco-a-mi\/\" title=\"Liss\u00e0nder Mottino: L\u2019angagg p\u00ebr mia lenga i lo dev ai m\u00e8 grand e i lo dev \u00ebdc\u00f2 a mi\">ambeless\u00ec<\/a>), a l&#8217;ha f\u00e0it na bela esperiensa &#8216;d travaj an Mosambich. I l&#8217;hai ciamaje &#8211; e i lo ringrassio p\u00ebr av\u00e8jlo f\u00e0it &#8211; \u00ebd contela ambeless\u00ec.<\/p>\n<p><em>Enter Liss\u00e0nder.<\/em><\/p>\n<p>I veui ancamin\u00e9 a conteve \u00ebd sa mia cita esperiensa \u00ebd travaj an partend da la viage ch\u2019i l\u2019hai f\u00e0it p\u00ebr and\u00e9 al largh dla c\u00f2sta d\u00ebl Mosambich. E si, p\u00ebrqu\u00e8 pr\u00f2pi ant \u00ebl mar d\u00ebl Mosambich l\u2019eni a l\u2019ha na concession esplorativa ant\u00e9 ch\u2019a l\u2019ha trov\u00e0 un-a dle p\u00ec gr\u00f2sse arzervere \u00ebd tuta soa st\u00f2ria.<br \/> <a href=\"https:\/\/giannidavico.it\/gopiedmont\/files\/2012\/11\/Saipem-10k.jpg\"><img loading=\"lazy\" src=\"https:\/\/giannidavico.it\/gopiedmont\/files\/2012\/11\/Saipem-10k.jpg\" alt=\"\" title=\"Saipem 10k\" width=\"273\" height=\"184\" class=\"alignright size-full wp-image-1417\" \/><\/a><br \/> I son part\u00ec da la sede \u00ebd San Don\u00e0 Milan\u00e8is un merco d\u00f2p-mes-di e da Linate l\u2019avion p\u00ebr Paris (aerop\u00f2rt Charles De Gaulle). Da Paris na travers\u00e0 dl\u2019Africa dur\u00e0 des ore e mesa (tuta la neuit) a l&#8217;ha portame fin-a a l\u2019aerop\u00f2rt \u00ebd Johannesburg. A des ore la matin aterage e giorn\u00e0 \u201cl\u00ecbera\u201d an obergi davsin a [\u2026] <a class=\"moretag\" href=\"https:\/\/giannidavico.it\/gopiedmont\/2012\/11\/07\/piemonteis-ant-el-mond-lissander-motin-e-l-mosambich\/\">continua a leggere \u00bb<\/a><\/p>\n","protected":false},"author":4,"featured_media":0,"comment_status":"open","ping_status":"open","sticky":false,"template":"","format":"standard","meta":[],"categories":[130],"tags":[4019],"yoast_head":"<!-- This site is optimized with the Yoast SEO plugin v19.14 - https:\/\/yoast.com\/wordpress\/plugins\/seo\/ -->\n<title>Piemont\u00e8is ant \u00ebl mond: Liss\u00e0nder Motin e &#039;l Mosambich - Go Piedmont<\/title>\n<meta name=\"robots\" content=\"index, follow, max-snippet:-1, max-image-preview:large, max-video-preview:-1\" \/>\n<link rel=\"canonical\" href=\"https:\/\/giannidavico.it\/gopiedmont\/2012\/11\/07\/piemonteis-ant-el-mond-lissander-motin-e-l-mosambich\/\" \/>\n<meta property=\"og:locale\" content=\"it_IT\" \/>\n<meta property=\"og:type\" content=\"article\" \/>\n<meta property=\"og:title\" content=\"Piemont\u00e8is ant \u00ebl mond: Liss\u00e0nder Motin e &#039;l Mosambich - Go Piedmont\" \/>\n<meta property=\"og:description\" content=\"Liss\u00e0nder Motin, da tant temp n&#8217;amis \u00ebd cost bl\u00f2gh (p\u00ebr savejne &#8216;d p\u00ec as peul andesse ambeless\u00ec e ambeless\u00ec), a l&#8217;ha f\u00e0it na bela esperiensa &#8216;d travaj an Mosambich. I l&#8217;hai ciamaje &#8211; e i lo ringrassio p\u00ebr av\u00e8jlo f\u00e0it &#8211; \u00ebd contela ambeless\u00ec. Enter Liss\u00e0nder. I veui ancamin\u00e9 a conteve \u00ebd sa mia cita esperiensa \u00ebd travaj an partend da la viage ch\u2019i l\u2019hai f\u00e0it p\u00ebr and\u00e9 al largh dla c\u00f2sta d\u00ebl Mosambich. E si, p\u00ebrqu\u00e8 pr\u00f2pi ant \u00ebl mar d\u00ebl Mosambich l\u2019eni a l\u2019ha na concession esplorativa ant\u00e9 ch\u2019a l\u2019ha trov\u00e0 un-a dle p\u00ec gr\u00f2sse arzervere \u00ebd tuta soa st\u00f2ria. I son part\u00ec da la sede \u00ebd San Don\u00e0 Milan\u00e8is un merco d\u00f2p-mes-di e da Linate l\u2019avion p\u00ebr Paris (aerop\u00f2rt Charles De Gaulle). Da Paris na travers\u00e0 dl\u2019Africa dur\u00e0 des ore e mesa (tuta la neuit) a l&#8217;ha portame fin-a a l\u2019aerop\u00f2rt \u00ebd Johannesburg. A des ore la matin aterage e giorn\u00e0 \u201cl\u00ecbera\u201d an obergi davsin a [\u2026] continua a leggere \u00bb\" \/>\n<meta property=\"og:url\" content=\"https:\/\/giannidavico.it\/gopiedmont\/2012\/11\/07\/piemonteis-ant-el-mond-lissander-motin-e-l-mosambich\/\" \/>\n<meta property=\"og:site_name\" content=\"Go Piedmont\" \/>\n<meta property=\"article:published_time\" content=\"2012-11-07T07:46:26+00:00\" \/>\n<meta property=\"article:modified_time\" content=\"2015-09-24T07:37:43+00:00\" \/>\n<meta property=\"og:image\" content=\"https:\/\/giannidavico.it\/gopiedmont\/files\/2012\/11\/Saipem-10k.jpg\" \/>\n<meta name=\"author\" content=\"giannidavico\" \/>\n<meta name=\"twitter:card\" content=\"summary_large_image\" \/>\n<meta name=\"twitter:label1\" content=\"Scritto da\" \/>\n\t<meta name=\"twitter:data1\" content=\"giannidavico\" \/>\n\t<meta name=\"twitter:label2\" content=\"Tempo di lettura stimato\" \/>\n\t<meta name=\"twitter:data2\" content=\"3 minuti\" \/>\n<script type=\"application\/ld+json\" class=\"yoast-schema-graph\">{\"@context\":\"https:\/\/schema.org\",\"@graph\":[{\"@type\":\"WebPage\",\"@id\":\"https:\/\/giannidavico.it\/gopiedmont\/2012\/11\/07\/piemonteis-ant-el-mond-lissander-motin-e-l-mosambich\/\",\"url\":\"https:\/\/giannidavico.it\/gopiedmont\/2012\/11\/07\/piemonteis-ant-el-mond-lissander-motin-e-l-mosambich\/\",\"name\":\"Piemont\u00e8is ant \u00ebl mond: Liss\u00e0nder Motin e 'l Mosambich - Go Piedmont\",\"isPartOf\":{\"@id\":\"https:\/\/giannidavico.it\/gopiedmont\/#website\"},\"datePublished\":\"2012-11-07T07:46:26+00:00\",\"dateModified\":\"2015-09-24T07:37:43+00:00\",\"author\":{\"@id\":\"https:\/\/giannidavico.it\/gopiedmont\/#\/schema\/person\/ea1fd17d8f2dba325f3712219efa8f77\"},\"inLanguage\":\"it-IT\",\"potentialAction\":[{\"@type\":\"ReadAction\",\"target\":[\"https:\/\/giannidavico.it\/gopiedmont\/2012\/11\/07\/piemonteis-ant-el-mond-lissander-motin-e-l-mosambich\/\"]}]},{\"@type\":\"WebSite\",\"@id\":\"https:\/\/giannidavico.it\/gopiedmont\/#website\",\"url\":\"https:\/\/giannidavico.it\/gopiedmont\/\",\"name\":\"Go Piedmont\",\"description\":\"pens\u00e9 dzora l\u00ecber, event e p\u00ebrson-e grop\u00e0 al Piemont e a la lenga piemont\u00e8isa\",\"potentialAction\":[{\"@type\":\"SearchAction\",\"target\":{\"@type\":\"EntryPoint\",\"urlTemplate\":\"https:\/\/giannidavico.it\/gopiedmont\/?s={search_term_string}\"},\"query-input\":\"required name=search_term_string\"}],\"inLanguage\":\"it-IT\"},{\"@type\":\"Person\",\"@id\":\"https:\/\/giannidavico.it\/gopiedmont\/#\/schema\/person\/ea1fd17d8f2dba325f3712219efa8f77\",\"name\":\"giannidavico\",\"image\":{\"@type\":\"ImageObject\",\"inLanguage\":\"it-IT\",\"@id\":\"https:\/\/giannidavico.it\/gopiedmont\/#\/schema\/person\/image\/\",\"url\":\"https:\/\/secure.gravatar.com\/avatar\/337748753d882602f3038b55fb369ba1?s=96&d=mm&r=g\",\"contentUrl\":\"https:\/\/secure.gravatar.com\/avatar\/337748753d882602f3038b55fb369ba1?s=96&d=mm&r=g\",\"caption\":\"giannidavico\"},\"url\":\"https:\/\/giannidavico.it\/gopiedmont\/author\/giannidavico\/\"}]}<\/script>\n<!-- \/ Yoast SEO plugin. -->","yoast_head_json":{"title":"Piemont\u00e8is ant \u00ebl mond: Liss\u00e0nder Motin e 'l Mosambich - Go Piedmont","robots":{"index":"index","follow":"follow","max-snippet":"max-snippet:-1","max-image-preview":"max-image-preview:large","max-video-preview":"max-video-preview:-1"},"canonical":"https:\/\/giannidavico.it\/gopiedmont\/2012\/11\/07\/piemonteis-ant-el-mond-lissander-motin-e-l-mosambich\/","og_locale":"it_IT","og_type":"article","og_title":"Piemont\u00e8is ant \u00ebl mond: Liss\u00e0nder Motin e 'l Mosambich - Go Piedmont","og_description":"Liss\u00e0nder Motin, da tant temp n&#8217;amis \u00ebd cost bl\u00f2gh (p\u00ebr savejne &#8216;d p\u00ec as peul andesse ambeless\u00ec e ambeless\u00ec), a l&#8217;ha f\u00e0it na bela esperiensa &#8216;d travaj an Mosambich. I l&#8217;hai ciamaje &#8211; e i lo ringrassio p\u00ebr av\u00e8jlo f\u00e0it &#8211; \u00ebd contela ambeless\u00ec. Enter Liss\u00e0nder. I veui ancamin\u00e9 a conteve \u00ebd sa mia cita esperiensa \u00ebd travaj an partend da la viage ch\u2019i l\u2019hai f\u00e0it p\u00ebr and\u00e9 al largh dla c\u00f2sta d\u00ebl Mosambich. E si, p\u00ebrqu\u00e8 pr\u00f2pi ant \u00ebl mar d\u00ebl Mosambich l\u2019eni a l\u2019ha na concession esplorativa ant\u00e9 ch\u2019a l\u2019ha trov\u00e0 un-a dle p\u00ec gr\u00f2sse arzervere \u00ebd tuta soa st\u00f2ria. I son part\u00ec da la sede \u00ebd San Don\u00e0 Milan\u00e8is un merco d\u00f2p-mes-di e da Linate l\u2019avion p\u00ebr Paris (aerop\u00f2rt Charles De Gaulle). Da Paris na travers\u00e0 dl\u2019Africa dur\u00e0 des ore e mesa (tuta la neuit) a l&#8217;ha portame fin-a a l\u2019aerop\u00f2rt \u00ebd Johannesburg. A des ore la matin aterage e giorn\u00e0 \u201cl\u00ecbera\u201d an obergi davsin a [\u2026] continua a leggere \u00bb","og_url":"https:\/\/giannidavico.it\/gopiedmont\/2012\/11\/07\/piemonteis-ant-el-mond-lissander-motin-e-l-mosambich\/","og_site_name":"Go Piedmont","article_published_time":"2012-11-07T07:46:26+00:00","article_modified_time":"2015-09-24T07:37:43+00:00","og_image":[{"url":"https:\/\/giannidavico.it\/gopiedmont\/files\/2012\/11\/Saipem-10k.jpg"}],"author":"giannidavico","twitter_card":"summary_large_image","twitter_misc":{"Scritto da":"giannidavico","Tempo di lettura stimato":"3 minuti"},"schema":{"@context":"https:\/\/schema.org","@graph":[{"@type":"WebPage","@id":"https:\/\/giannidavico.it\/gopiedmont\/2012\/11\/07\/piemonteis-ant-el-mond-lissander-motin-e-l-mosambich\/","url":"https:\/\/giannidavico.it\/gopiedmont\/2012\/11\/07\/piemonteis-ant-el-mond-lissander-motin-e-l-mosambich\/","name":"Piemont\u00e8is ant \u00ebl mond: Liss\u00e0nder Motin e 'l Mosambich - Go Piedmont","isPartOf":{"@id":"https:\/\/giannidavico.it\/gopiedmont\/#website"},"datePublished":"2012-11-07T07:46:26+00:00","dateModified":"2015-09-24T07:37:43+00:00","author":{"@id":"https:\/\/giannidavico.it\/gopiedmont\/#\/schema\/person\/ea1fd17d8f2dba325f3712219efa8f77"},"inLanguage":"it-IT","potentialAction":[{"@type":"ReadAction","target":["https:\/\/giannidavico.it\/gopiedmont\/2012\/11\/07\/piemonteis-ant-el-mond-lissander-motin-e-l-mosambich\/"]}]},{"@type":"WebSite","@id":"https:\/\/giannidavico.it\/gopiedmont\/#website","url":"https:\/\/giannidavico.it\/gopiedmont\/","name":"Go Piedmont","description":"pens\u00e9 dzora l\u00ecber, event e p\u00ebrson-e grop\u00e0 al Piemont e a la lenga piemont\u00e8isa","potentialAction":[{"@type":"SearchAction","target":{"@type":"EntryPoint","urlTemplate":"https:\/\/giannidavico.it\/gopiedmont\/?s={search_term_string}"},"query-input":"required name=search_term_string"}],"inLanguage":"it-IT"},{"@type":"Person","@id":"https:\/\/giannidavico.it\/gopiedmont\/#\/schema\/person\/ea1fd17d8f2dba325f3712219efa8f77","name":"giannidavico","image":{"@type":"ImageObject","inLanguage":"it-IT","@id":"https:\/\/giannidavico.it\/gopiedmont\/#\/schema\/person\/image\/","url":"https:\/\/secure.gravatar.com\/avatar\/337748753d882602f3038b55fb369ba1?s=96&d=mm&r=g","contentUrl":"https:\/\/secure.gravatar.com\/avatar\/337748753d882602f3038b55fb369ba1?s=96&d=mm&r=g","caption":"giannidavico"},"url":"https:\/\/giannidavico.it\/gopiedmont\/author\/giannidavico\/"}]}},"_links":{"self":[{"href":"https:\/\/giannidavico.it\/gopiedmont\/wp-json\/wp\/v2\/posts\/1403"}],"collection":[{"href":"https:\/\/giannidavico.it\/gopiedmont\/wp-json\/wp\/v2\/posts"}],"about":[{"href":"https:\/\/giannidavico.it\/gopiedmont\/wp-json\/wp\/v2\/types\/post"}],"author":[{"embeddable":true,"href":"https:\/\/giannidavico.it\/gopiedmont\/wp-json\/wp\/v2\/users\/4"}],"replies":[{"embeddable":true,"href":"https:\/\/giannidavico.it\/gopiedmont\/wp-json\/wp\/v2\/comments?post=1403"}],"version-history":[{"count":20,"href":"https:\/\/giannidavico.it\/gopiedmont\/wp-json\/wp\/v2\/posts\/1403\/revisions"}],"predecessor-version":[{"id":3099,"href":"https:\/\/giannidavico.it\/gopiedmont\/wp-json\/wp\/v2\/posts\/1403\/revisions\/3099"}],"wp:attachment":[{"href":"https:\/\/giannidavico.it\/gopiedmont\/wp-json\/wp\/v2\/media?parent=1403"}],"wp:term":[{"taxonomy":"category","embeddable":true,"href":"https:\/\/giannidavico.it\/gopiedmont\/wp-json\/wp\/v2\/categories?post=1403"},{"taxonomy":"post_tag","embeddable":true,"href":"https:\/\/giannidavico.it\/gopiedmont\/wp-json\/wp\/v2\/tags?post=1403"}],"curies":[{"name":"wp","href":"https:\/\/api.w.org\/{rel}","templated":true}]}}