{"id":1433,"date":"2012-11-21T09:39:42","date_gmt":"2012-11-21T08:39:42","guid":{"rendered":"https:\/\/giannidavico.it\/staging\/gopiedmont\/?p=1433"},"modified":"2012-11-21T09:39:42","modified_gmt":"2012-11-21T08:39:42","slug":"ij-prim-45-agn-dla-badia-corale-val-chisone","status":"publish","type":"post","link":"https:\/\/giannidavico.it\/gopiedmont\/2012\/11\/21\/ij-prim-45-agn-dla-badia-corale-val-chisone\/","title":{"rendered":"Ij prim 45 agn dla Badia Corale Val Chisone"},"content":{"rendered":"<p><a href=\"https:\/\/giannidavico.it\/gopiedmont\/files\/2012\/11\/Badia-Corale-Val-Chisone.jpg\"><img loading=\"lazy\" src=\"https:\/\/giannidavico.it\/gopiedmont\/files\/2012\/11\/Badia-Corale-Val-Chisone.jpg\" alt=\"\" title=\"Badia Corale Val Chisone\" width=\"171\" height=\"176\" class=\"alignright size-full wp-image-1435\" \/><\/a><br \/>\nBin, costa a l\u2019\u00e9 na segnalassion che an part a s\u00eb slontan-a dal piemont\u00e8is.<\/p>\n<p>It vintre an cost <a href=\"http:\/\/www.bcvc.it\/\" title=\"Badia Corale Val Chisone\" target=\"_blank\">sit<\/a> e it ven-e salut\u00e0 da na bela version dla <em>Bela bergera<\/em>. Na coral ch\u2019a esist da 45 agn. (Mi, ch\u2019i n&#8217;hai 45, i sai l\u00f2n ch\u2019a veul d\u00ec.)<\/p>\n<p>Ansima a YouTube as peul scotesse na <a href=\"http:\/\/www.youtube.com\/watch?v=vbYIz33TwaU\" title=\"La prise de Gaete\" target=\"_blank\">canson<\/a> (a sar\u00e0 \u2018l termo giust? I son tr\u00f2p ignorant an m\u00f9sica), tant p\u00ebr fesse n\u2019id\u00e8ja.<\/p>\n<p>E cost saba, a Pinareul, a neuv ore \u2018d s\u00e8ira ant la basilica \u2018d San Murissi, la Badia Corale Val Chisone a tnir\u00e0 un consert p\u00ebr arcord\u00e9 ij 45 agn d\u2019ativit\u00e0 e \u2018dc\u00f2 present\u00e9 l\u2019\u00f9ltim CD, <em>Ven\u00e9s, ven\u00e9s<\/em>. L\u2019intrada a l\u2019\u00e9 a gratis, lor a n\u00eb speto.<\/p>\n","protected":false},"excerpt":{"rendered":"<p><a href=\"https:\/\/giannidavico.it\/gopiedmont\/files\/2012\/11\/Badia-Corale-Val-Chisone.jpg\"><img loading=\"lazy\" src=\"https:\/\/giannidavico.it\/gopiedmont\/files\/2012\/11\/Badia-Corale-Val-Chisone.jpg\" alt=\"\" title=\"Badia Corale Val Chisone\" width=\"171\" height=\"176\" class=\"alignright size-full wp-image-1435\" \/><\/a><br \/> Bin, costa a l\u2019\u00e9 na segnalassion che an part a s\u00eb slontan-a dal piemont\u00e8is.<\/p>\n<p>It vintre an cost <a href=\"http:\/\/www.bcvc.it\/\" title=\"Badia Corale Val Chisone\" target=\"_blank\">sit<\/a> e it ven-e salut\u00e0 da na bela version dla <em>Bela bergera<\/em>. Na coral ch\u2019a esist da 45 agn. (Mi, ch\u2019i n&#8217;hai 45, i sai l\u00f2n ch\u2019a veul d\u00ec.)<\/p>\n<p>Ansima a YouTube as peul scotesse na <a href=\"http:\/\/www.youtube.com\/watch?v=vbYIz33TwaU\" title=\"La prise de Gaete\" target=\"_blank\">canson<\/a> (a sar\u00e0 \u2018l termo giust? I son tr\u00f2p ignorant an m\u00f9sica), tant p\u00ebr fesse n\u2019id\u00e8ja.<\/p>\n<p>E cost saba, a Pinareul, a neuv ore \u2018d s\u00e8ira ant la basilica \u2018d San Murissi, la Badia Corale Val Chisone a tnir\u00e0 un consert p\u00ebr arcord\u00e9 ij 45 agn d\u2019ativit\u00e0 e \u2018dc\u00f2 present\u00e9 l\u2019\u00f9ltim CD, <em>Ven\u00e9s, ven\u00e9s<\/em>. L\u2019intrada a l\u2019\u00e9 a gratis, lor a n\u00eb speto.<\/p>\n","protected":false},"author":4,"featured_media":0,"comment_status":"open","ping_status":"open","sticky":false,"template":"","format":"standard","meta":[],"categories":[130],"tags":[131,45],"yoast_head":"<!-- This site is optimized with the Yoast SEO plugin v19.14 - https:\/\/yoast.com\/wordpress\/plugins\/seo\/ -->\n<title>Ij prim 45 agn dla Badia Corale Val Chisone - Go Piedmont<\/title>\n<meta name=\"robots\" content=\"index, follow, max-snippet:-1, max-image-preview:large, max-video-preview:-1\" \/>\n<link rel=\"canonical\" href=\"https:\/\/giannidavico.it\/gopiedmont\/2012\/11\/21\/ij-prim-45-agn-dla-badia-corale-val-chisone\/\" \/>\n<meta property=\"og:locale\" content=\"it_IT\" \/>\n<meta property=\"og:type\" content=\"article\" \/>\n<meta property=\"og:title\" content=\"Ij prim 45 agn dla Badia Corale Val Chisone - Go Piedmont\" \/>\n<meta property=\"og:description\" content=\"Bin, costa a l\u2019\u00e9 na segnalassion che an part a s\u00eb slontan-a dal piemont\u00e8is. It vintre an cost sit e it ven-e salut\u00e0 da na bela version dla Bela bergera. Na coral ch\u2019a esist da 45 agn. (Mi, ch\u2019i n&#8217;hai 45, i sai l\u00f2n ch\u2019a veul d\u00ec.) Ansima a YouTube as peul scotesse na canson (a sar\u00e0 \u2018l termo giust? I son tr\u00f2p ignorant an m\u00f9sica), tant p\u00ebr fesse n\u2019id\u00e8ja. E cost saba, a Pinareul, a neuv ore \u2018d s\u00e8ira ant la basilica \u2018d San Murissi, la Badia Corale Val Chisone a tnir\u00e0 un consert p\u00ebr arcord\u00e9 ij 45 agn d\u2019ativit\u00e0 e \u2018dc\u00f2 present\u00e9 l\u2019\u00f9ltim CD, Ven\u00e9s, ven\u00e9s. L\u2019intrada a l\u2019\u00e9 a gratis, lor a n\u00eb speto.\" \/>\n<meta property=\"og:url\" content=\"https:\/\/giannidavico.it\/gopiedmont\/2012\/11\/21\/ij-prim-45-agn-dla-badia-corale-val-chisone\/\" \/>\n<meta property=\"og:site_name\" content=\"Go Piedmont\" \/>\n<meta property=\"article:published_time\" content=\"2012-11-21T08:39:42+00:00\" \/>\n<meta property=\"og:image\" content=\"https:\/\/giannidavico.it\/gopiedmont\/files\/2012\/11\/Badia-Corale-Val-Chisone.jpg\" \/>\n<meta name=\"author\" content=\"giannidavico\" \/>\n<meta name=\"twitter:card\" content=\"summary_large_image\" \/>\n<meta name=\"twitter:label1\" content=\"Scritto da\" \/>\n\t<meta name=\"twitter:data1\" content=\"giannidavico\" \/>\n\t<meta name=\"twitter:label2\" content=\"Tempo di lettura stimato\" \/>\n\t<meta name=\"twitter:data2\" content=\"1 minuto\" \/>\n<script type=\"application\/ld+json\" class=\"yoast-schema-graph\">{\"@context\":\"https:\/\/schema.org\",\"@graph\":[{\"@type\":\"WebPage\",\"@id\":\"https:\/\/giannidavico.it\/gopiedmont\/2012\/11\/21\/ij-prim-45-agn-dla-badia-corale-val-chisone\/\",\"url\":\"https:\/\/giannidavico.it\/gopiedmont\/2012\/11\/21\/ij-prim-45-agn-dla-badia-corale-val-chisone\/\",\"name\":\"Ij prim 45 agn dla Badia Corale Val Chisone - Go Piedmont\",\"isPartOf\":{\"@id\":\"https:\/\/giannidavico.it\/gopiedmont\/#website\"},\"datePublished\":\"2012-11-21T08:39:42+00:00\",\"dateModified\":\"2012-11-21T08:39:42+00:00\",\"author\":{\"@id\":\"https:\/\/giannidavico.it\/gopiedmont\/#\/schema\/person\/ea1fd17d8f2dba325f3712219efa8f77\"},\"inLanguage\":\"it-IT\",\"potentialAction\":[{\"@type\":\"ReadAction\",\"target\":[\"https:\/\/giannidavico.it\/gopiedmont\/2012\/11\/21\/ij-prim-45-agn-dla-badia-corale-val-chisone\/\"]}]},{\"@type\":\"WebSite\",\"@id\":\"https:\/\/giannidavico.it\/gopiedmont\/#website\",\"url\":\"https:\/\/giannidavico.it\/gopiedmont\/\",\"name\":\"Go Piedmont\",\"description\":\"pens\u00e9 dzora l\u00ecber, event e p\u00ebrson-e grop\u00e0 al Piemont e a la lenga piemont\u00e8isa\",\"potentialAction\":[{\"@type\":\"SearchAction\",\"target\":{\"@type\":\"EntryPoint\",\"urlTemplate\":\"https:\/\/giannidavico.it\/gopiedmont\/?s={search_term_string}\"},\"query-input\":\"required name=search_term_string\"}],\"inLanguage\":\"it-IT\"},{\"@type\":\"Person\",\"@id\":\"https:\/\/giannidavico.it\/gopiedmont\/#\/schema\/person\/ea1fd17d8f2dba325f3712219efa8f77\",\"name\":\"giannidavico\",\"image\":{\"@type\":\"ImageObject\",\"inLanguage\":\"it-IT\",\"@id\":\"https:\/\/giannidavico.it\/gopiedmont\/#\/schema\/person\/image\/\",\"url\":\"https:\/\/secure.gravatar.com\/avatar\/337748753d882602f3038b55fb369ba1?s=96&d=mm&r=g\",\"contentUrl\":\"https:\/\/secure.gravatar.com\/avatar\/337748753d882602f3038b55fb369ba1?s=96&d=mm&r=g\",\"caption\":\"giannidavico\"},\"url\":\"https:\/\/giannidavico.it\/gopiedmont\/author\/giannidavico\/\"}]}<\/script>\n<!-- \/ Yoast SEO plugin. -->","yoast_head_json":{"title":"Ij prim 45 agn dla Badia Corale Val Chisone - Go Piedmont","robots":{"index":"index","follow":"follow","max-snippet":"max-snippet:-1","max-image-preview":"max-image-preview:large","max-video-preview":"max-video-preview:-1"},"canonical":"https:\/\/giannidavico.it\/gopiedmont\/2012\/11\/21\/ij-prim-45-agn-dla-badia-corale-val-chisone\/","og_locale":"it_IT","og_type":"article","og_title":"Ij prim 45 agn dla Badia Corale Val Chisone - Go Piedmont","og_description":"Bin, costa a l\u2019\u00e9 na segnalassion che an part a s\u00eb slontan-a dal piemont\u00e8is. It vintre an cost sit e it ven-e salut\u00e0 da na bela version dla Bela bergera. Na coral ch\u2019a esist da 45 agn. (Mi, ch\u2019i n&#8217;hai 45, i sai l\u00f2n ch\u2019a veul d\u00ec.) Ansima a YouTube as peul scotesse na canson (a sar\u00e0 \u2018l termo giust? I son tr\u00f2p ignorant an m\u00f9sica), tant p\u00ebr fesse n\u2019id\u00e8ja. E cost saba, a Pinareul, a neuv ore \u2018d s\u00e8ira ant la basilica \u2018d San Murissi, la Badia Corale Val Chisone a tnir\u00e0 un consert p\u00ebr arcord\u00e9 ij 45 agn d\u2019ativit\u00e0 e \u2018dc\u00f2 present\u00e9 l\u2019\u00f9ltim CD, Ven\u00e9s, ven\u00e9s. L\u2019intrada a l\u2019\u00e9 a gratis, lor a n\u00eb speto.","og_url":"https:\/\/giannidavico.it\/gopiedmont\/2012\/11\/21\/ij-prim-45-agn-dla-badia-corale-val-chisone\/","og_site_name":"Go Piedmont","article_published_time":"2012-11-21T08:39:42+00:00","og_image":[{"url":"https:\/\/giannidavico.it\/gopiedmont\/files\/2012\/11\/Badia-Corale-Val-Chisone.jpg"}],"author":"giannidavico","twitter_card":"summary_large_image","twitter_misc":{"Scritto da":"giannidavico","Tempo di lettura stimato":"1 minuto"},"schema":{"@context":"https:\/\/schema.org","@graph":[{"@type":"WebPage","@id":"https:\/\/giannidavico.it\/gopiedmont\/2012\/11\/21\/ij-prim-45-agn-dla-badia-corale-val-chisone\/","url":"https:\/\/giannidavico.it\/gopiedmont\/2012\/11\/21\/ij-prim-45-agn-dla-badia-corale-val-chisone\/","name":"Ij prim 45 agn dla Badia Corale Val Chisone - Go Piedmont","isPartOf":{"@id":"https:\/\/giannidavico.it\/gopiedmont\/#website"},"datePublished":"2012-11-21T08:39:42+00:00","dateModified":"2012-11-21T08:39:42+00:00","author":{"@id":"https:\/\/giannidavico.it\/gopiedmont\/#\/schema\/person\/ea1fd17d8f2dba325f3712219efa8f77"},"inLanguage":"it-IT","potentialAction":[{"@type":"ReadAction","target":["https:\/\/giannidavico.it\/gopiedmont\/2012\/11\/21\/ij-prim-45-agn-dla-badia-corale-val-chisone\/"]}]},{"@type":"WebSite","@id":"https:\/\/giannidavico.it\/gopiedmont\/#website","url":"https:\/\/giannidavico.it\/gopiedmont\/","name":"Go Piedmont","description":"pens\u00e9 dzora l\u00ecber, event e p\u00ebrson-e grop\u00e0 al Piemont e a la lenga piemont\u00e8isa","potentialAction":[{"@type":"SearchAction","target":{"@type":"EntryPoint","urlTemplate":"https:\/\/giannidavico.it\/gopiedmont\/?s={search_term_string}"},"query-input":"required name=search_term_string"}],"inLanguage":"it-IT"},{"@type":"Person","@id":"https:\/\/giannidavico.it\/gopiedmont\/#\/schema\/person\/ea1fd17d8f2dba325f3712219efa8f77","name":"giannidavico","image":{"@type":"ImageObject","inLanguage":"it-IT","@id":"https:\/\/giannidavico.it\/gopiedmont\/#\/schema\/person\/image\/","url":"https:\/\/secure.gravatar.com\/avatar\/337748753d882602f3038b55fb369ba1?s=96&d=mm&r=g","contentUrl":"https:\/\/secure.gravatar.com\/avatar\/337748753d882602f3038b55fb369ba1?s=96&d=mm&r=g","caption":"giannidavico"},"url":"https:\/\/giannidavico.it\/gopiedmont\/author\/giannidavico\/"}]}},"_links":{"self":[{"href":"https:\/\/giannidavico.it\/gopiedmont\/wp-json\/wp\/v2\/posts\/1433"}],"collection":[{"href":"https:\/\/giannidavico.it\/gopiedmont\/wp-json\/wp\/v2\/posts"}],"about":[{"href":"https:\/\/giannidavico.it\/gopiedmont\/wp-json\/wp\/v2\/types\/post"}],"author":[{"embeddable":true,"href":"https:\/\/giannidavico.it\/gopiedmont\/wp-json\/wp\/v2\/users\/4"}],"replies":[{"embeddable":true,"href":"https:\/\/giannidavico.it\/gopiedmont\/wp-json\/wp\/v2\/comments?post=1433"}],"version-history":[{"count":4,"href":"https:\/\/giannidavico.it\/gopiedmont\/wp-json\/wp\/v2\/posts\/1433\/revisions"}],"predecessor-version":[{"id":1438,"href":"https:\/\/giannidavico.it\/gopiedmont\/wp-json\/wp\/v2\/posts\/1433\/revisions\/1438"}],"wp:attachment":[{"href":"https:\/\/giannidavico.it\/gopiedmont\/wp-json\/wp\/v2\/media?parent=1433"}],"wp:term":[{"taxonomy":"category","embeddable":true,"href":"https:\/\/giannidavico.it\/gopiedmont\/wp-json\/wp\/v2\/categories?post=1433"},{"taxonomy":"post_tag","embeddable":true,"href":"https:\/\/giannidavico.it\/gopiedmont\/wp-json\/wp\/v2\/tags?post=1433"}],"curies":[{"name":"wp","href":"https:\/\/api.w.org\/{rel}","templated":true}]}}