{"id":1441,"date":"2012-11-28T11:38:02","date_gmt":"2012-11-28T10:38:02","guid":{"rendered":"https:\/\/giannidavico.it\/staging\/gopiedmont\/?p=1441"},"modified":"2012-11-28T11:38:02","modified_gmt":"2012-11-28T10:38:02","slug":"concors-ed-piemonteis-a-moncravel","status":"publish","type":"post","link":"https:\/\/giannidavico.it\/gopiedmont\/2012\/11\/28\/concors-ed-piemonteis-a-moncravel\/","title":{"rendered":"Concors \u00ebd piemont\u00e8is a Moncravel"},"content":{"rendered":"<p>La neuva a ven da Liss\u00e0nder Motin (p\u00ebr lese quaic\u00f2s \u00ebscrit da chiel as peul andesse <a href=\"https:\/\/giannidavico.it\/gopiedmont\/2012\/11\/07\/piemonteis-ant-el-mond-lissander-motin-e-l-mosambich\/\" title=\"Piemont\u00e8is ant \u00ebl mond: Liss\u00e0nder Motin e \u2018l Mosambich\">ambelessi<\/a>, <a href=\"https:\/\/giannidavico.it\/gopiedmont\/2011\/06\/15\/lissander-mottino-l%E2%80%99angagg-per-mia-lenga-i-lo-dev-ai-me-grand-e-i-lo-dev-edco-a-mi\/\" title=\"Liss\u00e0nder Mottino: L\u2019angagg p\u00ebr mia lenga i lo dev ai m\u00e8 grand e i lo dev \u00ebdc\u00f2 a mi\">ambeless\u00ec<\/a> e <a href=\"https:\/\/giannidavico.it\/gopiedmont\/2010\/05\/13\/pare-nost-an-tera-santa\/\" title=\"Pare N\u00f2st an T\u00e8ra Santa\">ambeless\u00ec<\/a>), e donca a chiel la par\u00f2la:<\/p>\n<p>La Comun-a e la Pro Loco &#8216;d Moncravel a soagno &#8216;l prim concors literari &#8216;d poes\u00eca e pr\u00f2sa an lenga piemont\u00e8isa.<\/p>\n<p>ARGOMENT: l\u00ecber<\/p>\n<p>SESSION:<br \/>\n1) poes\u00eca<br \/>\n2) conta<\/p>\n<p>CONDISSION:<br \/>\n\u2022 usage dla graf\u00eca unific\u00e0 conform a la codificassion dla Compan\u00eca dij Brand\u00e9<br \/>\n\u2022 a vniran acet\u00e0 \u00ebdc\u00f2 euvre scrite con \u00ebd graf\u00ece &#8220;l\u00ecbere&#8221;<br \/>\n\u2022 minca un partecipant a podr\u00e0 concore con un m\u00e0ssim \u00ebd n&#8217;euvra p\u00ebr session<br \/>\n\u2022 ij travaj a dovran nen pass\u00e9 le 4 faci\u00e0 \u00ebd pap\u00e9 form\u00e0 A4 p\u00ebr la session conta e le 2 faci\u00e0 p\u00ebr la session poes\u00eca<br \/>\n\u2022 tute le composission a dovran esse an\u00e9dite<br \/>\n\u2022 ij travaj a andaran sped\u00ec an 4 c\u00f2pie contn\u00f9e an n&#8217;anvl\u00f2pa. J&#8217;euvre a dovran esse sotsign\u00e0 con na stran\u00f2m. N\u00f2m, n\u00f2m \u00ebd famija, adressa, data \u00ebd n\u00e0ssita e a andaran anser\u00ec an n&#8217;anvl\u00f2pa p\u00ec cita con scrit a s\u00f2 estern la stran\u00f2m dovr\u00e0<\/p>\n<p>COTISS: pa &#8216;d nen, partecipassion a gr\u00e0tis<\/p>\n<p>SCADENSA: j&#8217;euvre a dovran esse adress\u00e0 ant ij 31 \u00ebd mars del 2013 a:<br \/>\nComune di Moncrivello, Assessorato alla Cultura<br \/>\npiazza Castello 6<br \/>\n13040 Moncrivello<\/p>\n<p>PREMIASSION: la premiassion as tnir\u00e0 ant la sala consijar dla Comun-a \u00ebd Moncravel a 10 ore dla matin dij 28 d&#8217;avril 2013<\/p>\n<p>PREMI:<br \/>\n\u2022 pap\u00e9 \u00ebd m\u00e9rit e cavagnin gastron\u00f2mich ai prim 3 classific\u00e0 \u00ebd minca session<br \/>\n\u2022 un prim premi al partecipant p\u00ec giovo<br \/>\n\u2022 un prim premi al partecipant p\u00ec ansian<br \/>\n\u2022 un premi special al prim classific\u00e0 \u00ebd &#8220;Moncravel e anviron&#8221;, ch&#8217;a sia a soa prima partecipassion a un concors \u00ebd piemont\u00e8is<br \/>\n\u2022 ij premi a podran esse artir\u00e0 \u00ebd p\u00ebrson-a o trames un deleg\u00e0 ant la giorn\u00e0 dla premiassion<\/p>\n<p>D\u00f2p la premiassion a-i sar\u00e0 la possibilit\u00e0 \u00ebd disn\u00e9 ant\u00e9 la Pro Loco.<\/p>\n","protected":false},"excerpt":{"rendered":"<p>La neuva a ven da Liss\u00e0nder Motin (p\u00ebr lese quaic\u00f2s \u00ebscrit da chiel as peul andesse <a href=\"https:\/\/giannidavico.it\/gopiedmont\/2012\/11\/07\/piemonteis-ant-el-mond-lissander-motin-e-l-mosambich\/\" title=\"Piemont\u00e8is ant \u00ebl mond: Liss\u00e0nder Motin e \u2018l Mosambich\">ambelessi<\/a>, <a href=\"https:\/\/giannidavico.it\/gopiedmont\/2011\/06\/15\/lissander-mottino-l%E2%80%99angagg-per-mia-lenga-i-lo-dev-ai-me-grand-e-i-lo-dev-edco-a-mi\/\" title=\"Liss\u00e0nder Mottino: L\u2019angagg p\u00ebr mia lenga i lo dev ai m\u00e8 grand e i lo dev \u00ebdc\u00f2 a mi\">ambeless\u00ec<\/a> e <a href=\"https:\/\/giannidavico.it\/gopiedmont\/2010\/05\/13\/pare-nost-an-tera-santa\/\" title=\"Pare N\u00f2st an T\u00e8ra Santa\">ambeless\u00ec<\/a>), e donca a chiel la par\u00f2la:<\/p>\n<p>La Comun-a e la Pro Loco &#8216;d Moncravel a soagno &#8216;l prim concors literari &#8216;d poes\u00eca e pr\u00f2sa an lenga piemont\u00e8isa.<\/p>\n<p>ARGOMENT: l\u00ecber<\/p>\n<p>SESSION:<br \/> 1) poes\u00eca<br \/> 2) conta<\/p>\n<p>CONDISSION:<br \/> \u2022 usage dla graf\u00eca unific\u00e0 conform a la codificassion dla Compan\u00eca dij Brand\u00e9<br \/> \u2022 a vniran acet\u00e0 \u00ebdc\u00f2 euvre scrite con \u00ebd graf\u00ece &#8220;l\u00ecbere&#8221;<br \/> \u2022 minca un partecipant a podr\u00e0 concore con un m\u00e0ssim \u00ebd n&#8217;euvra p\u00ebr session<br \/> \u2022 ij travaj a dovran nen pass\u00e9 le 4 faci\u00e0 \u00ebd pap\u00e9 form\u00e0 A4 p\u00ebr la session conta e le 2 faci\u00e0 p\u00ebr la session poes\u00eca<br \/> \u2022 tute le composission a dovran esse an\u00e9dite<br \/> \u2022 ij travaj a andaran sped\u00ec an 4 c\u00f2pie contn\u00f9e an n&#8217;anvl\u00f2pa. J&#8217;euvre a dovran esse sotsign\u00e0 con na stran\u00f2m. N\u00f2m, n\u00f2m \u00ebd famija, adressa, data \u00ebd n\u00e0ssita e [\u2026] <a class=\"moretag\" href=\"https:\/\/giannidavico.it\/gopiedmont\/2012\/11\/28\/concors-ed-piemonteis-a-moncravel\/\">continua a leggere \u00bb<\/a><\/p>\n","protected":false},"author":4,"featured_media":0,"comment_status":"open","ping_status":"open","sticky":false,"template":"","format":"standard","meta":[],"categories":[130],"tags":[131],"yoast_head":"<!-- This site is optimized with the Yoast SEO plugin v19.14 - https:\/\/yoast.com\/wordpress\/plugins\/seo\/ -->\n<title>Concors \u00ebd piemont\u00e8is a Moncravel - Go Piedmont<\/title>\n<meta name=\"robots\" content=\"index, follow, max-snippet:-1, max-image-preview:large, max-video-preview:-1\" \/>\n<link rel=\"canonical\" href=\"https:\/\/giannidavico.it\/gopiedmont\/2012\/11\/28\/concors-ed-piemonteis-a-moncravel\/\" \/>\n<meta property=\"og:locale\" content=\"it_IT\" \/>\n<meta property=\"og:type\" content=\"article\" \/>\n<meta property=\"og:title\" content=\"Concors \u00ebd piemont\u00e8is a Moncravel - Go Piedmont\" \/>\n<meta property=\"og:description\" content=\"La neuva a ven da Liss\u00e0nder Motin (p\u00ebr lese quaic\u00f2s \u00ebscrit da chiel as peul andesse ambelessi, ambeless\u00ec e ambeless\u00ec), e donca a chiel la par\u00f2la: La Comun-a e la Pro Loco &#8216;d Moncravel a soagno &#8216;l prim concors literari &#8216;d poes\u00eca e pr\u00f2sa an lenga piemont\u00e8isa. ARGOMENT: l\u00ecber SESSION: 1) poes\u00eca 2) conta CONDISSION: \u2022 usage dla graf\u00eca unific\u00e0 conform a la codificassion dla Compan\u00eca dij Brand\u00e9 \u2022 a vniran acet\u00e0 \u00ebdc\u00f2 euvre scrite con \u00ebd graf\u00ece &#8220;l\u00ecbere&#8221; \u2022 minca un partecipant a podr\u00e0 concore con un m\u00e0ssim \u00ebd n&#8217;euvra p\u00ebr session \u2022 ij travaj a dovran nen pass\u00e9 le 4 faci\u00e0 \u00ebd pap\u00e9 form\u00e0 A4 p\u00ebr la session conta e le 2 faci\u00e0 p\u00ebr la session poes\u00eca \u2022 tute le composission a dovran esse an\u00e9dite \u2022 ij travaj a andaran sped\u00ec an 4 c\u00f2pie contn\u00f9e an n&#8217;anvl\u00f2pa. J&#8217;euvre a dovran esse sotsign\u00e0 con na stran\u00f2m. N\u00f2m, n\u00f2m \u00ebd famija, adressa, data \u00ebd n\u00e0ssita e [\u2026] continua a leggere \u00bb\" \/>\n<meta property=\"og:url\" content=\"https:\/\/giannidavico.it\/gopiedmont\/2012\/11\/28\/concors-ed-piemonteis-a-moncravel\/\" \/>\n<meta property=\"og:site_name\" content=\"Go Piedmont\" \/>\n<meta property=\"article:published_time\" content=\"2012-11-28T10:38:02+00:00\" \/>\n<meta name=\"author\" content=\"giannidavico\" \/>\n<meta name=\"twitter:card\" content=\"summary_large_image\" \/>\n<meta name=\"twitter:label1\" content=\"Scritto da\" \/>\n\t<meta name=\"twitter:data1\" content=\"giannidavico\" \/>\n\t<meta name=\"twitter:label2\" content=\"Tempo di lettura stimato\" \/>\n\t<meta name=\"twitter:data2\" content=\"2 minuti\" \/>\n<script type=\"application\/ld+json\" class=\"yoast-schema-graph\">{\"@context\":\"https:\/\/schema.org\",\"@graph\":[{\"@type\":\"WebPage\",\"@id\":\"https:\/\/giannidavico.it\/gopiedmont\/2012\/11\/28\/concors-ed-piemonteis-a-moncravel\/\",\"url\":\"https:\/\/giannidavico.it\/gopiedmont\/2012\/11\/28\/concors-ed-piemonteis-a-moncravel\/\",\"name\":\"Concors \u00ebd piemont\u00e8is a Moncravel - Go Piedmont\",\"isPartOf\":{\"@id\":\"https:\/\/giannidavico.it\/gopiedmont\/#website\"},\"datePublished\":\"2012-11-28T10:38:02+00:00\",\"dateModified\":\"2012-11-28T10:38:02+00:00\",\"author\":{\"@id\":\"https:\/\/giannidavico.it\/gopiedmont\/#\/schema\/person\/ea1fd17d8f2dba325f3712219efa8f77\"},\"inLanguage\":\"it-IT\",\"potentialAction\":[{\"@type\":\"ReadAction\",\"target\":[\"https:\/\/giannidavico.it\/gopiedmont\/2012\/11\/28\/concors-ed-piemonteis-a-moncravel\/\"]}]},{\"@type\":\"WebSite\",\"@id\":\"https:\/\/giannidavico.it\/gopiedmont\/#website\",\"url\":\"https:\/\/giannidavico.it\/gopiedmont\/\",\"name\":\"Go Piedmont\",\"description\":\"pens\u00e9 dzora l\u00ecber, event e p\u00ebrson-e grop\u00e0 al Piemont e a la lenga piemont\u00e8isa\",\"potentialAction\":[{\"@type\":\"SearchAction\",\"target\":{\"@type\":\"EntryPoint\",\"urlTemplate\":\"https:\/\/giannidavico.it\/gopiedmont\/?s={search_term_string}\"},\"query-input\":\"required name=search_term_string\"}],\"inLanguage\":\"it-IT\"},{\"@type\":\"Person\",\"@id\":\"https:\/\/giannidavico.it\/gopiedmont\/#\/schema\/person\/ea1fd17d8f2dba325f3712219efa8f77\",\"name\":\"giannidavico\",\"image\":{\"@type\":\"ImageObject\",\"inLanguage\":\"it-IT\",\"@id\":\"https:\/\/giannidavico.it\/gopiedmont\/#\/schema\/person\/image\/\",\"url\":\"https:\/\/secure.gravatar.com\/avatar\/337748753d882602f3038b55fb369ba1?s=96&d=mm&r=g\",\"contentUrl\":\"https:\/\/secure.gravatar.com\/avatar\/337748753d882602f3038b55fb369ba1?s=96&d=mm&r=g\",\"caption\":\"giannidavico\"},\"url\":\"https:\/\/giannidavico.it\/gopiedmont\/author\/giannidavico\/\"}]}<\/script>\n<!-- \/ Yoast SEO plugin. -->","yoast_head_json":{"title":"Concors \u00ebd piemont\u00e8is a Moncravel - Go Piedmont","robots":{"index":"index","follow":"follow","max-snippet":"max-snippet:-1","max-image-preview":"max-image-preview:large","max-video-preview":"max-video-preview:-1"},"canonical":"https:\/\/giannidavico.it\/gopiedmont\/2012\/11\/28\/concors-ed-piemonteis-a-moncravel\/","og_locale":"it_IT","og_type":"article","og_title":"Concors \u00ebd piemont\u00e8is a Moncravel - Go Piedmont","og_description":"La neuva a ven da Liss\u00e0nder Motin (p\u00ebr lese quaic\u00f2s \u00ebscrit da chiel as peul andesse ambelessi, ambeless\u00ec e ambeless\u00ec), e donca a chiel la par\u00f2la: La Comun-a e la Pro Loco &#8216;d Moncravel a soagno &#8216;l prim concors literari &#8216;d poes\u00eca e pr\u00f2sa an lenga piemont\u00e8isa. ARGOMENT: l\u00ecber SESSION: 1) poes\u00eca 2) conta CONDISSION: \u2022 usage dla graf\u00eca unific\u00e0 conform a la codificassion dla Compan\u00eca dij Brand\u00e9 \u2022 a vniran acet\u00e0 \u00ebdc\u00f2 euvre scrite con \u00ebd graf\u00ece &#8220;l\u00ecbere&#8221; \u2022 minca un partecipant a podr\u00e0 concore con un m\u00e0ssim \u00ebd n&#8217;euvra p\u00ebr session \u2022 ij travaj a dovran nen pass\u00e9 le 4 faci\u00e0 \u00ebd pap\u00e9 form\u00e0 A4 p\u00ebr la session conta e le 2 faci\u00e0 p\u00ebr la session poes\u00eca \u2022 tute le composission a dovran esse an\u00e9dite \u2022 ij travaj a andaran sped\u00ec an 4 c\u00f2pie contn\u00f9e an n&#8217;anvl\u00f2pa. J&#8217;euvre a dovran esse sotsign\u00e0 con na stran\u00f2m. N\u00f2m, n\u00f2m \u00ebd famija, adressa, data \u00ebd n\u00e0ssita e [\u2026] continua a leggere \u00bb","og_url":"https:\/\/giannidavico.it\/gopiedmont\/2012\/11\/28\/concors-ed-piemonteis-a-moncravel\/","og_site_name":"Go Piedmont","article_published_time":"2012-11-28T10:38:02+00:00","author":"giannidavico","twitter_card":"summary_large_image","twitter_misc":{"Scritto da":"giannidavico","Tempo di lettura stimato":"2 minuti"},"schema":{"@context":"https:\/\/schema.org","@graph":[{"@type":"WebPage","@id":"https:\/\/giannidavico.it\/gopiedmont\/2012\/11\/28\/concors-ed-piemonteis-a-moncravel\/","url":"https:\/\/giannidavico.it\/gopiedmont\/2012\/11\/28\/concors-ed-piemonteis-a-moncravel\/","name":"Concors \u00ebd piemont\u00e8is a Moncravel - Go Piedmont","isPartOf":{"@id":"https:\/\/giannidavico.it\/gopiedmont\/#website"},"datePublished":"2012-11-28T10:38:02+00:00","dateModified":"2012-11-28T10:38:02+00:00","author":{"@id":"https:\/\/giannidavico.it\/gopiedmont\/#\/schema\/person\/ea1fd17d8f2dba325f3712219efa8f77"},"inLanguage":"it-IT","potentialAction":[{"@type":"ReadAction","target":["https:\/\/giannidavico.it\/gopiedmont\/2012\/11\/28\/concors-ed-piemonteis-a-moncravel\/"]}]},{"@type":"WebSite","@id":"https:\/\/giannidavico.it\/gopiedmont\/#website","url":"https:\/\/giannidavico.it\/gopiedmont\/","name":"Go Piedmont","description":"pens\u00e9 dzora l\u00ecber, event e p\u00ebrson-e grop\u00e0 al Piemont e a la lenga piemont\u00e8isa","potentialAction":[{"@type":"SearchAction","target":{"@type":"EntryPoint","urlTemplate":"https:\/\/giannidavico.it\/gopiedmont\/?s={search_term_string}"},"query-input":"required name=search_term_string"}],"inLanguage":"it-IT"},{"@type":"Person","@id":"https:\/\/giannidavico.it\/gopiedmont\/#\/schema\/person\/ea1fd17d8f2dba325f3712219efa8f77","name":"giannidavico","image":{"@type":"ImageObject","inLanguage":"it-IT","@id":"https:\/\/giannidavico.it\/gopiedmont\/#\/schema\/person\/image\/","url":"https:\/\/secure.gravatar.com\/avatar\/337748753d882602f3038b55fb369ba1?s=96&d=mm&r=g","contentUrl":"https:\/\/secure.gravatar.com\/avatar\/337748753d882602f3038b55fb369ba1?s=96&d=mm&r=g","caption":"giannidavico"},"url":"https:\/\/giannidavico.it\/gopiedmont\/author\/giannidavico\/"}]}},"_links":{"self":[{"href":"https:\/\/giannidavico.it\/gopiedmont\/wp-json\/wp\/v2\/posts\/1441"}],"collection":[{"href":"https:\/\/giannidavico.it\/gopiedmont\/wp-json\/wp\/v2\/posts"}],"about":[{"href":"https:\/\/giannidavico.it\/gopiedmont\/wp-json\/wp\/v2\/types\/post"}],"author":[{"embeddable":true,"href":"https:\/\/giannidavico.it\/gopiedmont\/wp-json\/wp\/v2\/users\/4"}],"replies":[{"embeddable":true,"href":"https:\/\/giannidavico.it\/gopiedmont\/wp-json\/wp\/v2\/comments?post=1441"}],"version-history":[{"count":7,"href":"https:\/\/giannidavico.it\/gopiedmont\/wp-json\/wp\/v2\/posts\/1441\/revisions"}],"predecessor-version":[{"id":1448,"href":"https:\/\/giannidavico.it\/gopiedmont\/wp-json\/wp\/v2\/posts\/1441\/revisions\/1448"}],"wp:attachment":[{"href":"https:\/\/giannidavico.it\/gopiedmont\/wp-json\/wp\/v2\/media?parent=1441"}],"wp:term":[{"taxonomy":"category","embeddable":true,"href":"https:\/\/giannidavico.it\/gopiedmont\/wp-json\/wp\/v2\/categories?post=1441"},{"taxonomy":"post_tag","embeddable":true,"href":"https:\/\/giannidavico.it\/gopiedmont\/wp-json\/wp\/v2\/tags?post=1441"}],"curies":[{"name":"wp","href":"https:\/\/api.w.org\/{rel}","templated":true}]}}