{"id":1606,"date":"2013-03-20T10:20:59","date_gmt":"2013-03-20T09:20:59","guid":{"rendered":"https:\/\/giannidavico.it\/staging\/gopiedmont\/?p=1606"},"modified":"2013-03-25T17:44:25","modified_gmt":"2013-03-25T16:44:25","slug":"festa-del-piemont-cha-fa-46","status":"publish","type":"post","link":"https:\/\/giannidavico.it\/gopiedmont\/2013\/03\/20\/festa-del-piemont-cha-fa-46\/","title":{"rendered":"Festa d\u00ebl Piemont ch&#8217;a f\u00e0 46"},"content":{"rendered":"<p><a href=\"https:\/\/giannidavico.it\/gopiedmont\/files\/2013\/03\/drapo.jpg\"><img loading=\"lazy\" class=\"alignright size-medium wp-image-1615\" alt=\"drapo\" src=\"https:\/\/giannidavico.it\/gopiedmont\/files\/2013\/03\/drapo-300x209.jpg\" width=\"300\" height=\"209\" srcset=\"https:\/\/giannidavico.it\/gopiedmont\/files\/2013\/03\/drapo-300x209.jpg 300w, https:\/\/giannidavico.it\/gopiedmont\/files\/2013\/03\/drapo.jpg 460w\" sizes=\"(max-width: 300px) 100vw, 300px\" \/><\/a>Organis\u00e9 la festa d\u00ebl Piemont a l&#8217;\u00e9 n&#8217;onor e un bad\u00f2 ansema. (<a title=\"Festa d\u00ebl Piemont \u2013 a l\u2019\u00e9 ancamin\u00e0\" href=\"https:\/\/giannidavico.it\/gopiedmont\/2008\/05\/22\/festa-del-piemont-a-le-ancamina\/\">Ambeless\u00ec<\/a> qu\u00e0ich m\u00e9 pens\u00e9 relativ a quand a j&#8217;era tocane a noi\u00e0utri, singh agn f\u00e0.)<\/p>\n<p>Bin, st&#8217;ann a-i toca al <a title=\"Circolo Culturale Langa Astigiana\" href=\"http:\/\/www.circololangaastigiana.com\/\" target=\"_blank\">s\u00ecrcol coltural Langa Astsan-a<\/a>. E &#8216;l programa a l&#8217;\u00e9 sostn\u00f9: as ancamin-a ai 18 \u00ebd magg, a Coni, con \u00ebl passagi d\u00ebl drap\u00f2, e as va anans fi-a ai 5 d&#8217;otober a Loasseul, con la festa <i>Andoma a sfoj\u00e9 la meria<\/i>.<\/p>\n<p>Ambeless\u00ec &#8216;l <a title=\"Festa d\u00ebl Piemont - programa\" href=\"https:\/\/giannidavico.it\/gopiedmont\/files\/2013\/03\/programa.pdf\">programa<\/a> complet, e ambeless\u00ec tuta la <a title=\"Festa d\u00ebl Piemont - st\u00f2ria\" href=\"https:\/\/giannidavico.it\/gopiedmont\/files\/2013\/03\/st%C3%B2ria.pdf\">st\u00f2ria<\/a>. P\u00ebr l\u00f2n ch&#8217;am r\u00ebsguarda, i na parlerai sens&#8217;\u00e0utr p\u00ec anans an manera est\u00e8isa, ma a j&#8217;era important p\u00ebr adess d\u00e9 la neuva.<\/p>\n<p><em>Last but not least<\/em>: un gr\u00f2ss, gr\u00f2ss, gr\u00f2ss mers\u00ec a Clara Nervi p\u00ebr l\u00f2n ch&#8217;a f\u00e0.<\/p>\n","protected":false},"excerpt":{"rendered":"<p><a href=\"https:\/\/giannidavico.it\/gopiedmont\/files\/2013\/03\/drapo.jpg\"><img loading=\"lazy\" class=\"alignright size-medium wp-image-1615\" alt=\"drapo\" src=\"https:\/\/giannidavico.it\/gopiedmont\/files\/2013\/03\/drapo-300x209.jpg\" width=\"300\" height=\"209\" srcset=\"https:\/\/giannidavico.it\/gopiedmont\/files\/2013\/03\/drapo-300x209.jpg 300w, https:\/\/giannidavico.it\/gopiedmont\/files\/2013\/03\/drapo.jpg 460w\" sizes=\"(max-width: 300px) 100vw, 300px\" \/><\/a>Organis\u00e9 la festa d\u00ebl Piemont a l&#8217;\u00e9 n&#8217;onor e un bad\u00f2 ansema. (<a title=\"Festa d\u00ebl Piemont \u2013 a l\u2019\u00e9 ancamin\u00e0\" href=\"https:\/\/giannidavico.it\/gopiedmont\/2008\/05\/22\/festa-del-piemont-a-le-ancamina\/\">Ambeless\u00ec<\/a> qu\u00e0ich m\u00e9 pens\u00e9 relativ a quand a j&#8217;era tocane a noi\u00e0utri, singh agn f\u00e0.)<\/p>\n<p>Bin, st&#8217;ann a-i toca al <a title=\"Circolo Culturale Langa Astigiana\" href=\"http:\/\/www.circololangaastigiana.com\/\" target=\"_blank\">s\u00ecrcol coltural Langa Astsan-a<\/a>. E &#8216;l programa a l&#8217;\u00e9 sostn\u00f9: as ancamin-a ai 18 \u00ebd magg, a Coni, con \u00ebl passagi d\u00ebl drap\u00f2, e as va anans fi-a ai 5 d&#8217;otober a Loasseul, con la festa Andoma a sfoj\u00e9 la meria.<\/p>\n<p>Ambeless\u00ec &#8216;l <a title=\"Festa d\u00ebl Piemont - programa\" href=\"https:\/\/giannidavico.it\/gopiedmont\/files\/2013\/03\/programa.pdf\">programa<\/a> complet, e ambeless\u00ec tuta la <a title=\"Festa d\u00ebl Piemont - st\u00f2ria\" href=\"https:\/\/giannidavico.it\/gopiedmont\/files\/2013\/03\/st%C3%B2ria.pdf\">st\u00f2ria<\/a>. P\u00ebr l\u00f2n ch&#8217;am r\u00ebsguarda, i na parlerai sens&#8217;\u00e0utr p\u00ec anans an manera est\u00e8isa, ma a j&#8217;era important p\u00ebr adess d\u00e9 la neuva.<\/p>\n<p><em>Last but not least<\/em>: un gr\u00f2ss, gr\u00f2ss, gr\u00f2ss mers\u00ec a Clara Nervi p\u00ebr l\u00f2n ch&#8217;a f\u00e0.<\/p>\n","protected":false},"author":4,"featured_media":0,"comment_status":"open","ping_status":"open","sticky":false,"template":"","format":"standard","meta":[],"categories":[130],"tags":[131],"yoast_head":"<!-- This site is optimized with the Yoast SEO plugin v19.14 - https:\/\/yoast.com\/wordpress\/plugins\/seo\/ -->\n<title>Festa d\u00ebl Piemont ch&#039;a f\u00e0 46 - Go Piedmont<\/title>\n<meta name=\"robots\" content=\"index, follow, max-snippet:-1, max-image-preview:large, max-video-preview:-1\" \/>\n<link rel=\"canonical\" href=\"https:\/\/giannidavico.it\/gopiedmont\/2013\/03\/20\/festa-del-piemont-cha-fa-46\/\" \/>\n<meta property=\"og:locale\" content=\"it_IT\" \/>\n<meta property=\"og:type\" content=\"article\" \/>\n<meta property=\"og:title\" content=\"Festa d\u00ebl Piemont ch&#039;a f\u00e0 46 - Go Piedmont\" \/>\n<meta property=\"og:description\" content=\"Organis\u00e9 la festa d\u00ebl Piemont a l&#8217;\u00e9 n&#8217;onor e un bad\u00f2 ansema. (Ambeless\u00ec qu\u00e0ich m\u00e9 pens\u00e9 relativ a quand a j&#8217;era tocane a noi\u00e0utri, singh agn f\u00e0.) Bin, st&#8217;ann a-i toca al s\u00ecrcol coltural Langa Astsan-a. E &#8216;l programa a l&#8217;\u00e9 sostn\u00f9: as ancamin-a ai 18 \u00ebd magg, a Coni, con \u00ebl passagi d\u00ebl drap\u00f2, e as va anans fi-a ai 5 d&#8217;otober a Loasseul, con la festa Andoma a sfoj\u00e9 la meria. Ambeless\u00ec &#8216;l programa complet, e ambeless\u00ec tuta la st\u00f2ria. P\u00ebr l\u00f2n ch&#8217;am r\u00ebsguarda, i na parlerai sens&#8217;\u00e0utr p\u00ec anans an manera est\u00e8isa, ma a j&#8217;era important p\u00ebr adess d\u00e9 la neuva. Last but not least: un gr\u00f2ss, gr\u00f2ss, gr\u00f2ss mers\u00ec a Clara Nervi p\u00ebr l\u00f2n ch&#8217;a f\u00e0.\" \/>\n<meta property=\"og:url\" content=\"https:\/\/giannidavico.it\/gopiedmont\/2013\/03\/20\/festa-del-piemont-cha-fa-46\/\" \/>\n<meta property=\"og:site_name\" content=\"Go Piedmont\" \/>\n<meta property=\"article:published_time\" content=\"2013-03-20T09:20:59+00:00\" \/>\n<meta property=\"article:modified_time\" content=\"2013-03-25T16:44:25+00:00\" \/>\n<meta property=\"og:image\" content=\"https:\/\/giannidavico.it\/gopiedmont\/files\/2013\/03\/drapo-300x209.jpg\" \/>\n<meta name=\"author\" content=\"giannidavico\" \/>\n<meta name=\"twitter:card\" content=\"summary_large_image\" \/>\n<meta name=\"twitter:label1\" content=\"Scritto da\" \/>\n\t<meta name=\"twitter:data1\" content=\"giannidavico\" \/>\n\t<meta name=\"twitter:label2\" content=\"Tempo di lettura stimato\" \/>\n\t<meta name=\"twitter:data2\" content=\"1 minuto\" \/>\n<script type=\"application\/ld+json\" class=\"yoast-schema-graph\">{\"@context\":\"https:\/\/schema.org\",\"@graph\":[{\"@type\":\"WebPage\",\"@id\":\"https:\/\/giannidavico.it\/gopiedmont\/2013\/03\/20\/festa-del-piemont-cha-fa-46\/\",\"url\":\"https:\/\/giannidavico.it\/gopiedmont\/2013\/03\/20\/festa-del-piemont-cha-fa-46\/\",\"name\":\"Festa d\u00ebl Piemont ch'a f\u00e0 46 - Go Piedmont\",\"isPartOf\":{\"@id\":\"https:\/\/giannidavico.it\/gopiedmont\/#website\"},\"datePublished\":\"2013-03-20T09:20:59+00:00\",\"dateModified\":\"2013-03-25T16:44:25+00:00\",\"author\":{\"@id\":\"https:\/\/giannidavico.it\/gopiedmont\/#\/schema\/person\/ea1fd17d8f2dba325f3712219efa8f77\"},\"inLanguage\":\"it-IT\",\"potentialAction\":[{\"@type\":\"ReadAction\",\"target\":[\"https:\/\/giannidavico.it\/gopiedmont\/2013\/03\/20\/festa-del-piemont-cha-fa-46\/\"]}]},{\"@type\":\"WebSite\",\"@id\":\"https:\/\/giannidavico.it\/gopiedmont\/#website\",\"url\":\"https:\/\/giannidavico.it\/gopiedmont\/\",\"name\":\"Go Piedmont\",\"description\":\"pens\u00e9 dzora l\u00ecber, event e p\u00ebrson-e grop\u00e0 al Piemont e a la lenga piemont\u00e8isa\",\"potentialAction\":[{\"@type\":\"SearchAction\",\"target\":{\"@type\":\"EntryPoint\",\"urlTemplate\":\"https:\/\/giannidavico.it\/gopiedmont\/?s={search_term_string}\"},\"query-input\":\"required name=search_term_string\"}],\"inLanguage\":\"it-IT\"},{\"@type\":\"Person\",\"@id\":\"https:\/\/giannidavico.it\/gopiedmont\/#\/schema\/person\/ea1fd17d8f2dba325f3712219efa8f77\",\"name\":\"giannidavico\",\"image\":{\"@type\":\"ImageObject\",\"inLanguage\":\"it-IT\",\"@id\":\"https:\/\/giannidavico.it\/gopiedmont\/#\/schema\/person\/image\/\",\"url\":\"https:\/\/secure.gravatar.com\/avatar\/337748753d882602f3038b55fb369ba1?s=96&d=mm&r=g\",\"contentUrl\":\"https:\/\/secure.gravatar.com\/avatar\/337748753d882602f3038b55fb369ba1?s=96&d=mm&r=g\",\"caption\":\"giannidavico\"},\"url\":\"https:\/\/giannidavico.it\/gopiedmont\/author\/giannidavico\/\"}]}<\/script>\n<!-- \/ Yoast SEO plugin. -->","yoast_head_json":{"title":"Festa d\u00ebl Piemont ch'a f\u00e0 46 - Go Piedmont","robots":{"index":"index","follow":"follow","max-snippet":"max-snippet:-1","max-image-preview":"max-image-preview:large","max-video-preview":"max-video-preview:-1"},"canonical":"https:\/\/giannidavico.it\/gopiedmont\/2013\/03\/20\/festa-del-piemont-cha-fa-46\/","og_locale":"it_IT","og_type":"article","og_title":"Festa d\u00ebl Piemont ch'a f\u00e0 46 - Go Piedmont","og_description":"Organis\u00e9 la festa d\u00ebl Piemont a l&#8217;\u00e9 n&#8217;onor e un bad\u00f2 ansema. (Ambeless\u00ec qu\u00e0ich m\u00e9 pens\u00e9 relativ a quand a j&#8217;era tocane a noi\u00e0utri, singh agn f\u00e0.) Bin, st&#8217;ann a-i toca al s\u00ecrcol coltural Langa Astsan-a. E &#8216;l programa a l&#8217;\u00e9 sostn\u00f9: as ancamin-a ai 18 \u00ebd magg, a Coni, con \u00ebl passagi d\u00ebl drap\u00f2, e as va anans fi-a ai 5 d&#8217;otober a Loasseul, con la festa Andoma a sfoj\u00e9 la meria. Ambeless\u00ec &#8216;l programa complet, e ambeless\u00ec tuta la st\u00f2ria. P\u00ebr l\u00f2n ch&#8217;am r\u00ebsguarda, i na parlerai sens&#8217;\u00e0utr p\u00ec anans an manera est\u00e8isa, ma a j&#8217;era important p\u00ebr adess d\u00e9 la neuva. Last but not least: un gr\u00f2ss, gr\u00f2ss, gr\u00f2ss mers\u00ec a Clara Nervi p\u00ebr l\u00f2n ch&#8217;a f\u00e0.","og_url":"https:\/\/giannidavico.it\/gopiedmont\/2013\/03\/20\/festa-del-piemont-cha-fa-46\/","og_site_name":"Go Piedmont","article_published_time":"2013-03-20T09:20:59+00:00","article_modified_time":"2013-03-25T16:44:25+00:00","og_image":[{"url":"https:\/\/giannidavico.it\/gopiedmont\/files\/2013\/03\/drapo-300x209.jpg"}],"author":"giannidavico","twitter_card":"summary_large_image","twitter_misc":{"Scritto da":"giannidavico","Tempo di lettura stimato":"1 minuto"},"schema":{"@context":"https:\/\/schema.org","@graph":[{"@type":"WebPage","@id":"https:\/\/giannidavico.it\/gopiedmont\/2013\/03\/20\/festa-del-piemont-cha-fa-46\/","url":"https:\/\/giannidavico.it\/gopiedmont\/2013\/03\/20\/festa-del-piemont-cha-fa-46\/","name":"Festa d\u00ebl Piemont ch'a f\u00e0 46 - Go Piedmont","isPartOf":{"@id":"https:\/\/giannidavico.it\/gopiedmont\/#website"},"datePublished":"2013-03-20T09:20:59+00:00","dateModified":"2013-03-25T16:44:25+00:00","author":{"@id":"https:\/\/giannidavico.it\/gopiedmont\/#\/schema\/person\/ea1fd17d8f2dba325f3712219efa8f77"},"inLanguage":"it-IT","potentialAction":[{"@type":"ReadAction","target":["https:\/\/giannidavico.it\/gopiedmont\/2013\/03\/20\/festa-del-piemont-cha-fa-46\/"]}]},{"@type":"WebSite","@id":"https:\/\/giannidavico.it\/gopiedmont\/#website","url":"https:\/\/giannidavico.it\/gopiedmont\/","name":"Go Piedmont","description":"pens\u00e9 dzora l\u00ecber, event e p\u00ebrson-e grop\u00e0 al Piemont e a la lenga piemont\u00e8isa","potentialAction":[{"@type":"SearchAction","target":{"@type":"EntryPoint","urlTemplate":"https:\/\/giannidavico.it\/gopiedmont\/?s={search_term_string}"},"query-input":"required name=search_term_string"}],"inLanguage":"it-IT"},{"@type":"Person","@id":"https:\/\/giannidavico.it\/gopiedmont\/#\/schema\/person\/ea1fd17d8f2dba325f3712219efa8f77","name":"giannidavico","image":{"@type":"ImageObject","inLanguage":"it-IT","@id":"https:\/\/giannidavico.it\/gopiedmont\/#\/schema\/person\/image\/","url":"https:\/\/secure.gravatar.com\/avatar\/337748753d882602f3038b55fb369ba1?s=96&d=mm&r=g","contentUrl":"https:\/\/secure.gravatar.com\/avatar\/337748753d882602f3038b55fb369ba1?s=96&d=mm&r=g","caption":"giannidavico"},"url":"https:\/\/giannidavico.it\/gopiedmont\/author\/giannidavico\/"}]}},"_links":{"self":[{"href":"https:\/\/giannidavico.it\/gopiedmont\/wp-json\/wp\/v2\/posts\/1606"}],"collection":[{"href":"https:\/\/giannidavico.it\/gopiedmont\/wp-json\/wp\/v2\/posts"}],"about":[{"href":"https:\/\/giannidavico.it\/gopiedmont\/wp-json\/wp\/v2\/types\/post"}],"author":[{"embeddable":true,"href":"https:\/\/giannidavico.it\/gopiedmont\/wp-json\/wp\/v2\/users\/4"}],"replies":[{"embeddable":true,"href":"https:\/\/giannidavico.it\/gopiedmont\/wp-json\/wp\/v2\/comments?post=1606"}],"version-history":[{"count":5,"href":"https:\/\/giannidavico.it\/gopiedmont\/wp-json\/wp\/v2\/posts\/1606\/revisions"}],"predecessor-version":[{"id":1617,"href":"https:\/\/giannidavico.it\/gopiedmont\/wp-json\/wp\/v2\/posts\/1606\/revisions\/1617"}],"wp:attachment":[{"href":"https:\/\/giannidavico.it\/gopiedmont\/wp-json\/wp\/v2\/media?parent=1606"}],"wp:term":[{"taxonomy":"category","embeddable":true,"href":"https:\/\/giannidavico.it\/gopiedmont\/wp-json\/wp\/v2\/categories?post=1606"},{"taxonomy":"post_tag","embeddable":true,"href":"https:\/\/giannidavico.it\/gopiedmont\/wp-json\/wp\/v2\/tags?post=1606"}],"curies":[{"name":"wp","href":"https:\/\/api.w.org\/{rel}","templated":true}]}}