{"id":1642,"date":"2013-04-03T10:16:25","date_gmt":"2013-04-03T09:16:25","guid":{"rendered":"https:\/\/giannidavico.it\/staging\/gopiedmont\/?p=1642"},"modified":"2015-09-24T08:58:37","modified_gmt":"2015-09-24T07:58:37","slug":"ij-sit-an-piemonteis-2","status":"publish","type":"post","link":"https:\/\/giannidavico.it\/gopiedmont\/2013\/04\/03\/ij-sit-an-piemonteis-2\/","title":{"rendered":"Ij sit an piemont\u00e8is"},"content":{"rendered":"<p><a href=\"https:\/\/giannidavico.it\/gopiedmont\/files\/2013\/04\/A.jpg\"><img loading=\"lazy\" src=\"https:\/\/giannidavico.it\/gopiedmont\/files\/2013\/04\/A-300x135.jpg\" alt=\"A\" width=\"300\" height=\"135\" class=\"alignright size-medium wp-image-2741\" srcset=\"https:\/\/giannidavico.it\/gopiedmont\/files\/2013\/04\/A-300x135.jpg 300w, https:\/\/giannidavico.it\/gopiedmont\/files\/2013\/04\/A-1024x460.jpg 1024w, https:\/\/giannidavico.it\/gopiedmont\/files\/2013\/04\/A.jpg 1132w\" sizes=\"(max-width: 300px) 100vw, 300px\" \/><\/a><br \/>\nDoi agn fa i l&#8217;av\u00eca scriv\u00f9 <a href=\"https:\/\/giannidavico.it\/gopiedmont\/2011\/03\/09\/ij-sit-an-piemonteis\/\" title=\"Ij sit an piemont\u00e8is\">un p\u00f2st ansima ai sit an piemont\u00e8is<\/a>: na lista &#8216;d l\u00f2n che la ragn\u00e0 a eufr an n\u00f2sta lenga. Bin, doi agn ansima al Web a son n&#8217;eternit\u00e0 \u2013 costa a l&#8217;\u00e9 donca na &#8220;radiograf\u00eca&#8221; dl&#8217;esistent ancheuj.<\/p>\n<p><strong>1. Pijoma l&#8217;andi<\/strong><\/p>\n<p>As peul nen nen ancaminesse da la <a href=\"http:\/\/pms.wikipedia.org\/wiki\/Intrada\" title=\"Bin \u00ebvn\u00f9 ant la Wikipedia\" target=\"_blank\">Wikipedia piemont\u00e8isa<\/a>, che con p\u00ec \u2018d 60mila art\u00eccoj (a j&#8217;ero 35mila mach doi agn f\u00e0 \u2013 e peui a dijo che ij piemont\u00e8is a son bogianen!) e al p\u00f2st n\u00f9mer 57 ant \u00ebl mond (a j&#8217;era 58) p\u00ebr s\u00f2n a l\u2019\u00e9 divent\u00e0 na s\u00f2rta \u2018d manifest e drap\u00f2 d\u00ebl piemont\u00e8is dzora la Ragn\u00e0.<\/p>\n<p><strong>2. J&#8217;associassion<\/strong><\/p>\n<p>A-i son peui ij sit dj&#8217;associassion (\u00ebd sigura i na d\u00ebsmentierai quaidun-a). Alfabeticament:<\/p>\n<p>&#8211; <a href=\"http:\/\/www.studipiemontesi.it\/index.html\" title=\"Ca d\u00eb Studi Piemont\u00e8is\" target=\"_blank\">Ca d\u00eb Studi Piemont\u00e8is<\/a>, ch\u2019am pias consider\u00e9 la <em>prima inter pares<\/em>, e ch&#8217;a sta donca f\u00f2ra da la lista;<\/p>\n<p>&#8211; l&#8217;<a href=\"http:\/\/www.associassionalp.com\/\" title=\"Associassion ALP\" target=\"_blank\">associassion Alp<\/a>, che con fatiga a va anans d\u00f2p che Tavo Burat a-i \u00e9 p\u00ec nen;<\/p>\n<p>&#8211; <a href=\"http:\/\/www.solalp.it\/solalp\/index.html\" title=\"\u00cbl Sol \u00ebd j'Alp\" target=\"_blank\">\u00cbl Sol \u00ebd j&#8217;Alp<\/a>: Gioanin Ross a Biela;<\/p>\n<p>&#8211; <a href=\"http:\/\/www.gioventurapiemonteisa.net\/\" title=\"Gioventura Piemont\u00e8isa\" target=\"_blank\">Gioventura Piemont\u00e8isa<\/a>, un bel sit con tanti agiornament;<\/p>\n<p>&#8211; <a href=\"http:\/\/www.circololangaastigiana.com\/\" title=\"Circolo Culturale Langa Astigiana\" target=\"_blank\">Langa Astsan-a<\/a>, visad\u00ec ij f\u00e0it prima dle par\u00f2le a dif\u00e8isa \u2018d na coltura (e da nen d\u00ebsmenti\u00e9 ch&#8217;a son j&#8217;organisador dla <a href=\"https:\/\/giannidavico.it\/gopiedmont\/2013\/03\/20\/festa-del-piemont-cha-fa-46\/\" title=\"Festa d\u00ebl Piemont ch\u2019a f\u00e0 46\">festa d\u00ebl Piemont 2013<\/a>);<\/p>\n<p>&#8211; <a href=\"http:\/\/www.nostereis.org\/\" title=\"N\u00f2ste R\u00e8is\" target=\"_blank\">N\u00f2ste R\u00e8is<\/a>, e ij cors \u00ebd piemont\u00e8is ant le sc\u00f2le;<\/p>\n<p>&#8211; <strike><a href=\"https:\/\/sites.google.com\/site\/associazionepiemontdevvive\/\" title=\"Piemont dev vive\" target=\"_blank\">Piemont dev vive<\/a><\/strike>, e tute le bele r\u00f2be che Driano \u2018d Caval e ij s\u00f2 amis a fan a Coni.<\/p>\n<p><strong>3. Giornaj e scartari<\/strong><\/p>\n<p><a href=\"http:\/\/www.lastampa.it\/torinosette\/rubriche\/an-piemonteis\" title=\"An piemont\u00e8is\" target=\"_blank\">An piemont\u00e8is<\/a>, la rubrica d&#8217;Albina Malerba e Giovanni Tesio ansima a &#8220;La stampa&#8221;.<\/p>\n<p>La <a href=\"http:\/\/piemonteis.xoom.it\" title=\"Piemont\u00e8is Ancheuj\" target=\"_blank\">p\u00e0gina<\/a> \u2018d &#8220;Piemont\u00e8is Ancheuj&#8221;: j\u00eb sf\u00f2rs \u00ebd Michel dij Bonav\u00e9 e tanti amis \u00ebd n\u00f2sta lenga.<\/p>\n<p><a href=\"http:\/\/pms.i-iter.org\/\" title=\"La c\u00f2ca dij bogianen ch'a bogio\" target=\"_blank\">La c\u00f2ca dij bogianen ch&#8217;a bogio<\/a>: B\u00e8rto &#8216;d Sera e tut s\u00f2 travaj a pro d\u00ebl piemont\u00e8is digital (e nen mach).<\/p>\n<p>J&#8217;archivi d&#8217;<a href=\"http:\/\/piemontliber.altervista.org\/\" title=\"Assion Piemont\u00e8isa\" target=\"_blank\">Assion piemont\u00e8isa<\/a>, l&#8217;arvista &#8216;d bonanima &#8216;d Beppe Burzio (i l&#8217;hai mai conossulo e am dispias), ch&#8217;a l&#8217;\u00e9 st\u00e0it un p\u00f2ch \u00ebl pare putativ d'&#8221;<a href=\"http:\/\/pms.wikipedia.org\/wiki\/%C3%89!\" title=\"\u00e9! Afermativ. Piemont\u00e8is\" target=\"_blank\">\u00e9!<\/a>&#8221;<\/p>\n<p><strong>4. P\u00ebr fin\u00ec<\/strong><\/p>\n<p><a href=\"http:\/\/arsorsepiemonteise.wikispaces.com\/\" title=\"arsorse piemont\u00e8ise\" target=\"_blank\">arsorsepiemonteise<\/a>, \u00ebl sit \u00ebd Borich\u00e8t che p\u00f2ch a p\u00f2ch a s\u00eb slarga (minca tant i pijo quaic\u00f2s da les-je a m\u00e9 cita cita).<\/p>\n<p>Giovanni Delfino a l\u2019ha but\u00e0 <a href=\"http:\/\/luigiolivero.altervista.org\/\" title=\"Luigi Olivero\" target=\"_blank\">ambeless\u00ec<\/a> un p\u00ebrfond \u00ebd r\u00f2ba ansima a Luigi Olivero.<\/p>\n<p><a href=\"http:\/\/www.piemonteis.com\/\" title=\"Piemont\u00e8is\" target=\"_blank\">Piemont\u00e8is<\/a>, vocabolari e gram\u00e0tica &#8216;d Br\u00e9.<\/p>\n<p><a href=\"http:\/\/www.canavesano.org\/\" title=\"Gli amici del canavesano\" target=\"_blank\">Ambeless\u00ec<\/a> Livio Tonso a part dal canavzan p\u00ebr slarghesse a tante r\u00f2be d\u00ebl piemont\u00e8is.<\/p>\n<p><a href=\"http:\/\/castellina.altervista.org\/piemont\/\" title=\"\u00cbl m\u00e8 Piemont\" target=\"_blank\">\u00cbl m\u00e8 Piemont<\/a>, \u00ebd Paolo Castellina.<\/p>\n<p><a href=\"http:\/\/elmepiemonteis.blogspot.it\/\" title=\"\u00cbl m\u00e8 piemont\u00e8is\" target=\"_blank\">\u00cbl m\u00e8 piemont\u00e8is<\/a>: amprende n\u00f2sta lenga da l&#8217;Illinois mers\u00ec a la Ragn\u00e0.<\/p>\n<p>A-i son \u00ebdc\u00f2 dij grup ansima a Facebook, come pr\u2019esempi <a href=\"http:\/\/www.facebook.com\/bogianen\" title=\"Bogianen\" target=\"_blank\">Bogianen<\/a>.<\/p>\n<p>Tute r\u00f2be cite, as capiss. I foma l\u00f2n ch&#8217;i podoma, bin savend che \u2013 p\u00ebr dila con Federico Bavagnoli &#8211; <\/p>\n<blockquote><p>s&#8217;i lo foma nen ancheuj i lo foma p\u00ec nen; s&#8217;i lo foma nen noi a lo f\u00e0 gnun.<\/p><\/blockquote>\n<p>Naturalment i peuss av\u00e8j d\u00ebsment\u00eca quaic\u00f2s, e donca chi ch&#8217;a sa ch&#8217;a parla!<\/p>\n","protected":false},"excerpt":{"rendered":"<p><a href=\"https:\/\/giannidavico.it\/gopiedmont\/files\/2013\/04\/A.jpg\"><img loading=\"lazy\" src=\"https:\/\/giannidavico.it\/gopiedmont\/files\/2013\/04\/A-300x135.jpg\" alt=\"A\" width=\"300\" height=\"135\" class=\"alignright size-medium wp-image-2741\" srcset=\"https:\/\/giannidavico.it\/gopiedmont\/files\/2013\/04\/A-300x135.jpg 300w, https:\/\/giannidavico.it\/gopiedmont\/files\/2013\/04\/A-1024x460.jpg 1024w, https:\/\/giannidavico.it\/gopiedmont\/files\/2013\/04\/A.jpg 1132w\" sizes=\"(max-width: 300px) 100vw, 300px\" \/><\/a><br \/> Doi agn fa i l&#8217;av\u00eca scriv\u00f9 <a href=\"https:\/\/giannidavico.it\/gopiedmont\/2011\/03\/09\/ij-sit-an-piemonteis\/\" title=\"Ij sit an piemont\u00e8is\">un p\u00f2st ansima ai sit an piemont\u00e8is<\/a>: na lista &#8216;d l\u00f2n che la ragn\u00e0 a eufr an n\u00f2sta lenga. Bin, doi agn ansima al Web a son n&#8217;eternit\u00e0 \u2013 costa a l&#8217;\u00e9 donca na &#8220;radiograf\u00eca&#8221; dl&#8217;esistent ancheuj.<\/p>\n<p><strong>1. Pijoma l&#8217;andi<\/strong><\/p>\n<p>As peul nen nen ancaminesse da la <a href=\"http:\/\/pms.wikipedia.org\/wiki\/Intrada\" title=\"Bin \u00ebvn\u00f9 ant la Wikipedia\" target=\"_blank\">Wikipedia piemont\u00e8isa<\/a>, che con p\u00ec \u2018d 60mila art\u00eccoj (a j&#8217;ero 35mila mach doi agn f\u00e0 \u2013 e peui a dijo che ij piemont\u00e8is a son bogianen!) e al p\u00f2st n\u00f9mer 57 ant \u00ebl mond (a j&#8217;era 58) p\u00ebr s\u00f2n a l\u2019\u00e9 divent\u00e0 na s\u00f2rta \u2018d manifest e drap\u00f2 d\u00ebl piemont\u00e8is dzora la Ragn\u00e0.<\/p>\n<p><strong>2. J&#8217;associassion<\/strong><\/p>\n<p>A-i son peui ij sit dj&#8217;associassion (\u00ebd sigura i na d\u00ebsmentierai quaidun-a). Alfabeticament:<\/p>\n<p>&#8211; <a href=\"http:\/\/www.studipiemontesi.it\/index.html\" title=\"Ca d\u00eb Studi Piemont\u00e8is\" target=\"_blank\">Ca d\u00eb Studi Piemont\u00e8is<\/a>, ch\u2019am pias consider\u00e9 la <em>prima inter pares<\/em>, e ch&#8217;a sta donca f\u00f2ra da la lista;<\/p>\n<p>&#8211; l&#8217;<a href=\"http:\/\/www.associassionalp.com\/\" title=\"Associassion ALP\" target=\"_blank\">associassion Alp<\/a>, che con fatiga a va anans d\u00f2p che Tavo Burat a-i \u00e9 [\u2026] <a class=\"moretag\" href=\"https:\/\/giannidavico.it\/gopiedmont\/2013\/04\/03\/ij-sit-an-piemonteis-2\/\">continua a leggere \u00bb<\/a><\/p>\n","protected":false},"author":4,"featured_media":0,"comment_status":"open","ping_status":"open","sticky":false,"template":"","format":"standard","meta":[],"categories":[130],"tags":[107,125],"yoast_head":"<!-- This site is optimized with the Yoast SEO plugin v19.14 - https:\/\/yoast.com\/wordpress\/plugins\/seo\/ -->\n<title>Ij sit an piemont\u00e8is - Go Piedmont<\/title>\n<meta name=\"robots\" content=\"index, follow, max-snippet:-1, max-image-preview:large, max-video-preview:-1\" \/>\n<link rel=\"canonical\" href=\"https:\/\/giannidavico.it\/gopiedmont\/2013\/04\/03\/ij-sit-an-piemonteis-2\/\" \/>\n<meta property=\"og:locale\" content=\"it_IT\" \/>\n<meta property=\"og:type\" content=\"article\" \/>\n<meta property=\"og:title\" content=\"Ij sit an piemont\u00e8is - Go Piedmont\" \/>\n<meta property=\"og:description\" content=\"Doi agn fa i l&#8217;av\u00eca scriv\u00f9 un p\u00f2st ansima ai sit an piemont\u00e8is: na lista &#8216;d l\u00f2n che la ragn\u00e0 a eufr an n\u00f2sta lenga. Bin, doi agn ansima al Web a son n&#8217;eternit\u00e0 \u2013 costa a l&#8217;\u00e9 donca na &#8220;radiograf\u00eca&#8221; dl&#8217;esistent ancheuj. 1. Pijoma l&#8217;andi As peul nen nen ancaminesse da la Wikipedia piemont\u00e8isa, che con p\u00ec \u2018d 60mila art\u00eccoj (a j&#8217;ero 35mila mach doi agn f\u00e0 \u2013 e peui a dijo che ij piemont\u00e8is a son bogianen!) e al p\u00f2st n\u00f9mer 57 ant \u00ebl mond (a j&#8217;era 58) p\u00ebr s\u00f2n a l\u2019\u00e9 divent\u00e0 na s\u00f2rta \u2018d manifest e drap\u00f2 d\u00ebl piemont\u00e8is dzora la Ragn\u00e0. 2. J&#8217;associassion A-i son peui ij sit dj&#8217;associassion (\u00ebd sigura i na d\u00ebsmentierai quaidun-a). Alfabeticament: &#8211; Ca d\u00eb Studi Piemont\u00e8is, ch\u2019am pias consider\u00e9 la prima inter pares, e ch&#8217;a sta donca f\u00f2ra da la lista; &#8211; l&#8217;associassion Alp, che con fatiga a va anans d\u00f2p che Tavo Burat a-i \u00e9 [\u2026] continua a leggere \u00bb\" \/>\n<meta property=\"og:url\" content=\"https:\/\/giannidavico.it\/gopiedmont\/2013\/04\/03\/ij-sit-an-piemonteis-2\/\" \/>\n<meta property=\"og:site_name\" content=\"Go Piedmont\" \/>\n<meta property=\"article:published_time\" content=\"2013-04-03T09:16:25+00:00\" \/>\n<meta property=\"article:modified_time\" content=\"2015-09-24T07:58:37+00:00\" \/>\n<meta property=\"og:image\" content=\"https:\/\/giannidavico.it\/gopiedmont\/files\/2013\/04\/A-300x135.jpg\" \/>\n<meta name=\"author\" content=\"giannidavico\" \/>\n<meta name=\"twitter:card\" content=\"summary_large_image\" \/>\n<meta name=\"twitter:label1\" content=\"Scritto da\" \/>\n\t<meta name=\"twitter:data1\" content=\"giannidavico\" \/>\n\t<meta name=\"twitter:label2\" content=\"Tempo di lettura stimato\" \/>\n\t<meta name=\"twitter:data2\" content=\"3 minuti\" \/>\n<script type=\"application\/ld+json\" class=\"yoast-schema-graph\">{\"@context\":\"https:\/\/schema.org\",\"@graph\":[{\"@type\":\"WebPage\",\"@id\":\"https:\/\/giannidavico.it\/gopiedmont\/2013\/04\/03\/ij-sit-an-piemonteis-2\/\",\"url\":\"https:\/\/giannidavico.it\/gopiedmont\/2013\/04\/03\/ij-sit-an-piemonteis-2\/\",\"name\":\"Ij sit an piemont\u00e8is - Go Piedmont\",\"isPartOf\":{\"@id\":\"https:\/\/giannidavico.it\/gopiedmont\/#website\"},\"datePublished\":\"2013-04-03T09:16:25+00:00\",\"dateModified\":\"2015-09-24T07:58:37+00:00\",\"author\":{\"@id\":\"https:\/\/giannidavico.it\/gopiedmont\/#\/schema\/person\/ea1fd17d8f2dba325f3712219efa8f77\"},\"inLanguage\":\"it-IT\",\"potentialAction\":[{\"@type\":\"ReadAction\",\"target\":[\"https:\/\/giannidavico.it\/gopiedmont\/2013\/04\/03\/ij-sit-an-piemonteis-2\/\"]}]},{\"@type\":\"WebSite\",\"@id\":\"https:\/\/giannidavico.it\/gopiedmont\/#website\",\"url\":\"https:\/\/giannidavico.it\/gopiedmont\/\",\"name\":\"Go Piedmont\",\"description\":\"pens\u00e9 dzora l\u00ecber, event e p\u00ebrson-e grop\u00e0 al Piemont e a la lenga piemont\u00e8isa\",\"potentialAction\":[{\"@type\":\"SearchAction\",\"target\":{\"@type\":\"EntryPoint\",\"urlTemplate\":\"https:\/\/giannidavico.it\/gopiedmont\/?s={search_term_string}\"},\"query-input\":\"required name=search_term_string\"}],\"inLanguage\":\"it-IT\"},{\"@type\":\"Person\",\"@id\":\"https:\/\/giannidavico.it\/gopiedmont\/#\/schema\/person\/ea1fd17d8f2dba325f3712219efa8f77\",\"name\":\"giannidavico\",\"image\":{\"@type\":\"ImageObject\",\"inLanguage\":\"it-IT\",\"@id\":\"https:\/\/giannidavico.it\/gopiedmont\/#\/schema\/person\/image\/\",\"url\":\"https:\/\/secure.gravatar.com\/avatar\/337748753d882602f3038b55fb369ba1?s=96&d=mm&r=g\",\"contentUrl\":\"https:\/\/secure.gravatar.com\/avatar\/337748753d882602f3038b55fb369ba1?s=96&d=mm&r=g\",\"caption\":\"giannidavico\"},\"url\":\"https:\/\/giannidavico.it\/gopiedmont\/author\/giannidavico\/\"}]}<\/script>\n<!-- \/ Yoast SEO plugin. -->","yoast_head_json":{"title":"Ij sit an piemont\u00e8is - Go Piedmont","robots":{"index":"index","follow":"follow","max-snippet":"max-snippet:-1","max-image-preview":"max-image-preview:large","max-video-preview":"max-video-preview:-1"},"canonical":"https:\/\/giannidavico.it\/gopiedmont\/2013\/04\/03\/ij-sit-an-piemonteis-2\/","og_locale":"it_IT","og_type":"article","og_title":"Ij sit an piemont\u00e8is - Go Piedmont","og_description":"Doi agn fa i l&#8217;av\u00eca scriv\u00f9 un p\u00f2st ansima ai sit an piemont\u00e8is: na lista &#8216;d l\u00f2n che la ragn\u00e0 a eufr an n\u00f2sta lenga. Bin, doi agn ansima al Web a son n&#8217;eternit\u00e0 \u2013 costa a l&#8217;\u00e9 donca na &#8220;radiograf\u00eca&#8221; dl&#8217;esistent ancheuj. 1. Pijoma l&#8217;andi As peul nen nen ancaminesse da la Wikipedia piemont\u00e8isa, che con p\u00ec \u2018d 60mila art\u00eccoj (a j&#8217;ero 35mila mach doi agn f\u00e0 \u2013 e peui a dijo che ij piemont\u00e8is a son bogianen!) e al p\u00f2st n\u00f9mer 57 ant \u00ebl mond (a j&#8217;era 58) p\u00ebr s\u00f2n a l\u2019\u00e9 divent\u00e0 na s\u00f2rta \u2018d manifest e drap\u00f2 d\u00ebl piemont\u00e8is dzora la Ragn\u00e0. 2. J&#8217;associassion A-i son peui ij sit dj&#8217;associassion (\u00ebd sigura i na d\u00ebsmentierai quaidun-a). Alfabeticament: &#8211; Ca d\u00eb Studi Piemont\u00e8is, ch\u2019am pias consider\u00e9 la prima inter pares, e ch&#8217;a sta donca f\u00f2ra da la lista; &#8211; l&#8217;associassion Alp, che con fatiga a va anans d\u00f2p che Tavo Burat a-i \u00e9 [\u2026] continua a leggere \u00bb","og_url":"https:\/\/giannidavico.it\/gopiedmont\/2013\/04\/03\/ij-sit-an-piemonteis-2\/","og_site_name":"Go Piedmont","article_published_time":"2013-04-03T09:16:25+00:00","article_modified_time":"2015-09-24T07:58:37+00:00","og_image":[{"url":"https:\/\/giannidavico.it\/gopiedmont\/files\/2013\/04\/A-300x135.jpg"}],"author":"giannidavico","twitter_card":"summary_large_image","twitter_misc":{"Scritto da":"giannidavico","Tempo di lettura stimato":"3 minuti"},"schema":{"@context":"https:\/\/schema.org","@graph":[{"@type":"WebPage","@id":"https:\/\/giannidavico.it\/gopiedmont\/2013\/04\/03\/ij-sit-an-piemonteis-2\/","url":"https:\/\/giannidavico.it\/gopiedmont\/2013\/04\/03\/ij-sit-an-piemonteis-2\/","name":"Ij sit an piemont\u00e8is - Go Piedmont","isPartOf":{"@id":"https:\/\/giannidavico.it\/gopiedmont\/#website"},"datePublished":"2013-04-03T09:16:25+00:00","dateModified":"2015-09-24T07:58:37+00:00","author":{"@id":"https:\/\/giannidavico.it\/gopiedmont\/#\/schema\/person\/ea1fd17d8f2dba325f3712219efa8f77"},"inLanguage":"it-IT","potentialAction":[{"@type":"ReadAction","target":["https:\/\/giannidavico.it\/gopiedmont\/2013\/04\/03\/ij-sit-an-piemonteis-2\/"]}]},{"@type":"WebSite","@id":"https:\/\/giannidavico.it\/gopiedmont\/#website","url":"https:\/\/giannidavico.it\/gopiedmont\/","name":"Go Piedmont","description":"pens\u00e9 dzora l\u00ecber, event e p\u00ebrson-e grop\u00e0 al Piemont e a la lenga piemont\u00e8isa","potentialAction":[{"@type":"SearchAction","target":{"@type":"EntryPoint","urlTemplate":"https:\/\/giannidavico.it\/gopiedmont\/?s={search_term_string}"},"query-input":"required name=search_term_string"}],"inLanguage":"it-IT"},{"@type":"Person","@id":"https:\/\/giannidavico.it\/gopiedmont\/#\/schema\/person\/ea1fd17d8f2dba325f3712219efa8f77","name":"giannidavico","image":{"@type":"ImageObject","inLanguage":"it-IT","@id":"https:\/\/giannidavico.it\/gopiedmont\/#\/schema\/person\/image\/","url":"https:\/\/secure.gravatar.com\/avatar\/337748753d882602f3038b55fb369ba1?s=96&d=mm&r=g","contentUrl":"https:\/\/secure.gravatar.com\/avatar\/337748753d882602f3038b55fb369ba1?s=96&d=mm&r=g","caption":"giannidavico"},"url":"https:\/\/giannidavico.it\/gopiedmont\/author\/giannidavico\/"}]}},"_links":{"self":[{"href":"https:\/\/giannidavico.it\/gopiedmont\/wp-json\/wp\/v2\/posts\/1642"}],"collection":[{"href":"https:\/\/giannidavico.it\/gopiedmont\/wp-json\/wp\/v2\/posts"}],"about":[{"href":"https:\/\/giannidavico.it\/gopiedmont\/wp-json\/wp\/v2\/types\/post"}],"author":[{"embeddable":true,"href":"https:\/\/giannidavico.it\/gopiedmont\/wp-json\/wp\/v2\/users\/4"}],"replies":[{"embeddable":true,"href":"https:\/\/giannidavico.it\/gopiedmont\/wp-json\/wp\/v2\/comments?post=1642"}],"version-history":[{"count":26,"href":"https:\/\/giannidavico.it\/gopiedmont\/wp-json\/wp\/v2\/posts\/1642\/revisions"}],"predecessor-version":[{"id":3115,"href":"https:\/\/giannidavico.it\/gopiedmont\/wp-json\/wp\/v2\/posts\/1642\/revisions\/3115"}],"wp:attachment":[{"href":"https:\/\/giannidavico.it\/gopiedmont\/wp-json\/wp\/v2\/media?parent=1642"}],"wp:term":[{"taxonomy":"category","embeddable":true,"href":"https:\/\/giannidavico.it\/gopiedmont\/wp-json\/wp\/v2\/categories?post=1642"},{"taxonomy":"post_tag","embeddable":true,"href":"https:\/\/giannidavico.it\/gopiedmont\/wp-json\/wp\/v2\/tags?post=1642"}],"curies":[{"name":"wp","href":"https:\/\/api.w.org\/{rel}","templated":true}]}}