{"id":1665,"date":"2013-04-10T06:00:25","date_gmt":"2013-04-10T05:00:25","guid":{"rendered":"https:\/\/giannidavico.it\/staging\/gopiedmont\/?p=1665"},"modified":"2015-09-24T08:56:15","modified_gmt":"2015-09-24T07:56:15","slug":"el-piemonteis-na-lenga-da-salve","status":"publish","type":"post","link":"https:\/\/giannidavico.it\/gopiedmont\/2013\/04\/10\/el-piemonteis-na-lenga-da-salve\/","title":{"rendered":"\u00cbl piemont\u00e8is? Na lenga da salv\u00e9"},"content":{"rendered":"<p>A scriv <a href=\"http:\/\/bertola.eu\/\" title=\"Vittorio Bertola\" target=\"_blank\">Vittorio Bertola<\/a> ansima a soa p\u00e0gina Facebook:<\/p>\n<blockquote><p>So che \u00e8 un tema difficile e non prioritario, ma (con mia sorpresa) dopo un anno di attesa il consiglio comunale ha approvato il nostro ordine del giorno che chiede al Parlamento di inserire il piemontese tra le lingue minoritarie riconosciute ufficialmente nella legge 482\/99, come da appello gi\u00e0 approvato da tanti comuni piemontesi di ogni colore politico. Non sosteniamo inesistenti superiorit\u00e0 locali (la tutela peraltro andrebbe concessa a tutte le lingue locali d&#8217;Italia e del mondo) e nemmeno vogliamo alimentare stupidaggini leghiste, ma vorremmo tutelare un patrimonio culturale millenario che, bello o brutto, esiste soltanto qui e che sparir\u00e0 nel giro di un paio di generazioni se non facciamo qualcosa per salvarlo.<\/p><\/blockquote>\n<p>An s\u00ebl sit dla comun-a &#8216;d Turin a-i \u00e9 \u00ebl <a href=\"http:\/\/www.comune.torino.it\/ucstampa\/2013\/article_234.shtml\" title=\"Il piemontese? Una lingua da salvare\" target=\"_blank\">comunic\u00e0 ufissial<\/a>.<\/p>\n<p>Mi &#8216;d pol\u00ectica i na capiss p\u00f2ch, ma quaicos\u00ebtta an sl&#8217;argoment i la sai.<\/p>\n<p>1. A-i \u00e9 tanta ignoransa (ant \u00ebl sens etimol\u00f2gich d\u00ebl termo, gnun as senta of\u00e8is) an s\u00ebl tema, a parte da chi ch&#8217;a dovr\u00eca f\u00e9 le legi an gi\u00f9 (<em>in primis<\/em> la distinsion an tra <i>lenga<\/i> e <i>dial\u00e8t<\/i>).<\/p>\n<p>2. Purtr\u00f2p na lenga viva e mnass\u00e0 come la n\u00f2stra (e come tante \u00e0utre) a peul nen f\u00e9 a meno dla pol\u00ectica p\u00ebr and\u00e9 anans, p\u00ebrch\u00e8 sensa s\u00f2ld i foma tanti bej proclama ma i podoma f\u00e9 p\u00f2ch.<\/p>\n<p>3. Donca a l&#8217;\u00e9 p\u00ec che bin vn\u00f9a costa inissiativa. A servir\u00e0 a quaic\u00f2s? A servir\u00e0 a gnente? I lo soma nen, ma na r\u00f2ba a l&#8217;\u00e9 sigura: sensa &#8216;d r\u00f2be par\u00e8j n\u00f2sta lenga a l&#8217;\u00e9 bele che m\u00f2rta.<\/p>\n<p>4. I podoma esse o n\u00f2 d&#8217;ac\u00f2rde con j&#8217;id\u00e8je pol\u00ectiche &#8216;d Bertola, ma da piemont\u00e8is \u2013 o mej, da p\u00ebrson-a ch&#8217;a sta ant \u00ebl mond (<a href=\"https:\/\/giannidavico.it\/gopiedmont\/2009\/04\/02\/homo-sum-leture-an-piemonteis-da-terenzio-a-tavo-burat\/\" title=\"Homo sum. Leture an piemont\u00e8is da Terenzio a Tavo Burat\"><i>homo sum, humani nihil a me alienum puto<\/i><\/a>) \u2013 mi i lo ringrassio p\u00ebr s\u00f2n.<\/p>\n","protected":false},"excerpt":{"rendered":"<p>A scriv <a href=\"http:\/\/bertola.eu\/\" title=\"Vittorio Bertola\" target=\"_blank\">Vittorio Bertola<\/a> ansima a soa p\u00e0gina Facebook:<\/p>\n<p>So che \u00e8 un tema difficile e non prioritario, ma (con mia sorpresa) dopo un anno di attesa il consiglio comunale ha approvato il nostro ordine del giorno che chiede al Parlamento di inserire il piemontese tra le lingue minoritarie riconosciute ufficialmente nella legge 482\/99, come da appello gi\u00e0 approvato da tanti comuni piemontesi di ogni colore politico. Non sosteniamo inesistenti superiorit\u00e0 locali (la tutela peraltro andrebbe concessa a tutte le lingue locali d&#8217;Italia e del mondo) e nemmeno vogliamo alimentare stupidaggini leghiste, ma vorremmo tutelare un patrimonio culturale millenario che, bello o brutto, esiste soltanto qui e che sparir\u00e0 nel giro di un paio di generazioni se non facciamo qualcosa per salvarlo.<\/p>\n<p>An s\u00ebl sit dla comun-a &#8216;d Turin a-i \u00e9 \u00ebl <a href=\"http:\/\/www.comune.torino.it\/ucstampa\/2013\/article_234.shtml\" title=\"Il piemontese? Una lingua da salvare\" target=\"_blank\">comunic\u00e0 ufissial<\/a>.<\/p>\n<p>Mi &#8216;d pol\u00ectica i na capiss p\u00f2ch, ma quaicos\u00ebtta an sl&#8217;argoment i la sai.<\/p>\n<p>1. A-i \u00e9 tanta ignoransa (ant \u00ebl sens etimol\u00f2gich d\u00ebl termo, gnun as senta of\u00e8is) an s\u00ebl tema, a parte da chi ch&#8217;a dovr\u00eca f\u00e9 le legi an gi\u00f9 (<em>in primis<\/em> la distinsion an tra lenga e dial\u00e8t).<\/p>\n<p>2. Purtr\u00f2p [\u2026] <a class=\"moretag\" href=\"https:\/\/giannidavico.it\/gopiedmont\/2013\/04\/10\/el-piemonteis-na-lenga-da-salve\/\">continua a leggere \u00bb<\/a><\/p>\n","protected":false},"author":4,"featured_media":0,"comment_status":"open","ping_status":"open","sticky":false,"template":"","format":"standard","meta":[],"categories":[130],"tags":[131,107],"yoast_head":"<!-- This site is optimized with the Yoast SEO plugin v19.14 - https:\/\/yoast.com\/wordpress\/plugins\/seo\/ -->\n<title>\u00cbl piemont\u00e8is? Na lenga da salv\u00e9 - Go Piedmont<\/title>\n<meta name=\"robots\" content=\"index, follow, max-snippet:-1, max-image-preview:large, max-video-preview:-1\" \/>\n<link rel=\"canonical\" href=\"https:\/\/giannidavico.it\/gopiedmont\/2013\/04\/10\/el-piemonteis-na-lenga-da-salve\/\" \/>\n<meta property=\"og:locale\" content=\"it_IT\" \/>\n<meta property=\"og:type\" content=\"article\" \/>\n<meta property=\"og:title\" content=\"\u00cbl piemont\u00e8is? Na lenga da salv\u00e9 - Go Piedmont\" \/>\n<meta property=\"og:description\" content=\"A scriv Vittorio Bertola ansima a soa p\u00e0gina Facebook: So che \u00e8 un tema difficile e non prioritario, ma (con mia sorpresa) dopo un anno di attesa il consiglio comunale ha approvato il nostro ordine del giorno che chiede al Parlamento di inserire il piemontese tra le lingue minoritarie riconosciute ufficialmente nella legge 482\/99, come da appello gi\u00e0 approvato da tanti comuni piemontesi di ogni colore politico. Non sosteniamo inesistenti superiorit\u00e0 locali (la tutela peraltro andrebbe concessa a tutte le lingue locali d&#8217;Italia e del mondo) e nemmeno vogliamo alimentare stupidaggini leghiste, ma vorremmo tutelare un patrimonio culturale millenario che, bello o brutto, esiste soltanto qui e che sparir\u00e0 nel giro di un paio di generazioni se non facciamo qualcosa per salvarlo. An s\u00ebl sit dla comun-a &#8216;d Turin a-i \u00e9 \u00ebl comunic\u00e0 ufissial. Mi &#8216;d pol\u00ectica i na capiss p\u00f2ch, ma quaicos\u00ebtta an sl&#8217;argoment i la sai. 1. A-i \u00e9 tanta ignoransa (ant \u00ebl sens etimol\u00f2gich d\u00ebl termo, gnun as senta of\u00e8is) an s\u00ebl tema, a parte da chi ch&#8217;a dovr\u00eca f\u00e9 le legi an gi\u00f9 (in primis la distinsion an tra lenga e dial\u00e8t). 2. Purtr\u00f2p [\u2026] continua a leggere \u00bb\" \/>\n<meta property=\"og:url\" content=\"https:\/\/giannidavico.it\/gopiedmont\/2013\/04\/10\/el-piemonteis-na-lenga-da-salve\/\" \/>\n<meta property=\"og:site_name\" content=\"Go Piedmont\" \/>\n<meta property=\"article:published_time\" content=\"2013-04-10T05:00:25+00:00\" \/>\n<meta property=\"article:modified_time\" content=\"2015-09-24T07:56:15+00:00\" \/>\n<meta name=\"author\" content=\"giannidavico\" \/>\n<meta name=\"twitter:card\" content=\"summary_large_image\" \/>\n<meta name=\"twitter:label1\" content=\"Scritto da\" \/>\n\t<meta name=\"twitter:data1\" content=\"giannidavico\" \/>\n\t<meta name=\"twitter:label2\" content=\"Tempo di lettura stimato\" \/>\n\t<meta name=\"twitter:data2\" content=\"2 minuti\" \/>\n<script type=\"application\/ld+json\" class=\"yoast-schema-graph\">{\"@context\":\"https:\/\/schema.org\",\"@graph\":[{\"@type\":\"WebPage\",\"@id\":\"https:\/\/giannidavico.it\/gopiedmont\/2013\/04\/10\/el-piemonteis-na-lenga-da-salve\/\",\"url\":\"https:\/\/giannidavico.it\/gopiedmont\/2013\/04\/10\/el-piemonteis-na-lenga-da-salve\/\",\"name\":\"\u00cbl piemont\u00e8is? Na lenga da salv\u00e9 - Go Piedmont\",\"isPartOf\":{\"@id\":\"https:\/\/giannidavico.it\/gopiedmont\/#website\"},\"datePublished\":\"2013-04-10T05:00:25+00:00\",\"dateModified\":\"2015-09-24T07:56:15+00:00\",\"author\":{\"@id\":\"https:\/\/giannidavico.it\/gopiedmont\/#\/schema\/person\/ea1fd17d8f2dba325f3712219efa8f77\"},\"inLanguage\":\"it-IT\",\"potentialAction\":[{\"@type\":\"ReadAction\",\"target\":[\"https:\/\/giannidavico.it\/gopiedmont\/2013\/04\/10\/el-piemonteis-na-lenga-da-salve\/\"]}]},{\"@type\":\"WebSite\",\"@id\":\"https:\/\/giannidavico.it\/gopiedmont\/#website\",\"url\":\"https:\/\/giannidavico.it\/gopiedmont\/\",\"name\":\"Go Piedmont\",\"description\":\"pens\u00e9 dzora l\u00ecber, event e p\u00ebrson-e grop\u00e0 al Piemont e a la lenga piemont\u00e8isa\",\"potentialAction\":[{\"@type\":\"SearchAction\",\"target\":{\"@type\":\"EntryPoint\",\"urlTemplate\":\"https:\/\/giannidavico.it\/gopiedmont\/?s={search_term_string}\"},\"query-input\":\"required name=search_term_string\"}],\"inLanguage\":\"it-IT\"},{\"@type\":\"Person\",\"@id\":\"https:\/\/giannidavico.it\/gopiedmont\/#\/schema\/person\/ea1fd17d8f2dba325f3712219efa8f77\",\"name\":\"giannidavico\",\"image\":{\"@type\":\"ImageObject\",\"inLanguage\":\"it-IT\",\"@id\":\"https:\/\/giannidavico.it\/gopiedmont\/#\/schema\/person\/image\/\",\"url\":\"https:\/\/secure.gravatar.com\/avatar\/337748753d882602f3038b55fb369ba1?s=96&d=mm&r=g\",\"contentUrl\":\"https:\/\/secure.gravatar.com\/avatar\/337748753d882602f3038b55fb369ba1?s=96&d=mm&r=g\",\"caption\":\"giannidavico\"},\"url\":\"https:\/\/giannidavico.it\/gopiedmont\/author\/giannidavico\/\"}]}<\/script>\n<!-- \/ Yoast SEO plugin. -->","yoast_head_json":{"title":"\u00cbl piemont\u00e8is? Na lenga da salv\u00e9 - Go Piedmont","robots":{"index":"index","follow":"follow","max-snippet":"max-snippet:-1","max-image-preview":"max-image-preview:large","max-video-preview":"max-video-preview:-1"},"canonical":"https:\/\/giannidavico.it\/gopiedmont\/2013\/04\/10\/el-piemonteis-na-lenga-da-salve\/","og_locale":"it_IT","og_type":"article","og_title":"\u00cbl piemont\u00e8is? Na lenga da salv\u00e9 - Go Piedmont","og_description":"A scriv Vittorio Bertola ansima a soa p\u00e0gina Facebook: So che \u00e8 un tema difficile e non prioritario, ma (con mia sorpresa) dopo un anno di attesa il consiglio comunale ha approvato il nostro ordine del giorno che chiede al Parlamento di inserire il piemontese tra le lingue minoritarie riconosciute ufficialmente nella legge 482\/99, come da appello gi\u00e0 approvato da tanti comuni piemontesi di ogni colore politico. Non sosteniamo inesistenti superiorit\u00e0 locali (la tutela peraltro andrebbe concessa a tutte le lingue locali d&#8217;Italia e del mondo) e nemmeno vogliamo alimentare stupidaggini leghiste, ma vorremmo tutelare un patrimonio culturale millenario che, bello o brutto, esiste soltanto qui e che sparir\u00e0 nel giro di un paio di generazioni se non facciamo qualcosa per salvarlo. An s\u00ebl sit dla comun-a &#8216;d Turin a-i \u00e9 \u00ebl comunic\u00e0 ufissial. Mi &#8216;d pol\u00ectica i na capiss p\u00f2ch, ma quaicos\u00ebtta an sl&#8217;argoment i la sai. 1. A-i \u00e9 tanta ignoransa (ant \u00ebl sens etimol\u00f2gich d\u00ebl termo, gnun as senta of\u00e8is) an s\u00ebl tema, a parte da chi ch&#8217;a dovr\u00eca f\u00e9 le legi an gi\u00f9 (in primis la distinsion an tra lenga e dial\u00e8t). 2. Purtr\u00f2p [\u2026] continua a leggere \u00bb","og_url":"https:\/\/giannidavico.it\/gopiedmont\/2013\/04\/10\/el-piemonteis-na-lenga-da-salve\/","og_site_name":"Go Piedmont","article_published_time":"2013-04-10T05:00:25+00:00","article_modified_time":"2015-09-24T07:56:15+00:00","author":"giannidavico","twitter_card":"summary_large_image","twitter_misc":{"Scritto da":"giannidavico","Tempo di lettura stimato":"2 minuti"},"schema":{"@context":"https:\/\/schema.org","@graph":[{"@type":"WebPage","@id":"https:\/\/giannidavico.it\/gopiedmont\/2013\/04\/10\/el-piemonteis-na-lenga-da-salve\/","url":"https:\/\/giannidavico.it\/gopiedmont\/2013\/04\/10\/el-piemonteis-na-lenga-da-salve\/","name":"\u00cbl piemont\u00e8is? Na lenga da salv\u00e9 - Go Piedmont","isPartOf":{"@id":"https:\/\/giannidavico.it\/gopiedmont\/#website"},"datePublished":"2013-04-10T05:00:25+00:00","dateModified":"2015-09-24T07:56:15+00:00","author":{"@id":"https:\/\/giannidavico.it\/gopiedmont\/#\/schema\/person\/ea1fd17d8f2dba325f3712219efa8f77"},"inLanguage":"it-IT","potentialAction":[{"@type":"ReadAction","target":["https:\/\/giannidavico.it\/gopiedmont\/2013\/04\/10\/el-piemonteis-na-lenga-da-salve\/"]}]},{"@type":"WebSite","@id":"https:\/\/giannidavico.it\/gopiedmont\/#website","url":"https:\/\/giannidavico.it\/gopiedmont\/","name":"Go Piedmont","description":"pens\u00e9 dzora l\u00ecber, event e p\u00ebrson-e grop\u00e0 al Piemont e a la lenga piemont\u00e8isa","potentialAction":[{"@type":"SearchAction","target":{"@type":"EntryPoint","urlTemplate":"https:\/\/giannidavico.it\/gopiedmont\/?s={search_term_string}"},"query-input":"required name=search_term_string"}],"inLanguage":"it-IT"},{"@type":"Person","@id":"https:\/\/giannidavico.it\/gopiedmont\/#\/schema\/person\/ea1fd17d8f2dba325f3712219efa8f77","name":"giannidavico","image":{"@type":"ImageObject","inLanguage":"it-IT","@id":"https:\/\/giannidavico.it\/gopiedmont\/#\/schema\/person\/image\/","url":"https:\/\/secure.gravatar.com\/avatar\/337748753d882602f3038b55fb369ba1?s=96&d=mm&r=g","contentUrl":"https:\/\/secure.gravatar.com\/avatar\/337748753d882602f3038b55fb369ba1?s=96&d=mm&r=g","caption":"giannidavico"},"url":"https:\/\/giannidavico.it\/gopiedmont\/author\/giannidavico\/"}]}},"_links":{"self":[{"href":"https:\/\/giannidavico.it\/gopiedmont\/wp-json\/wp\/v2\/posts\/1665"}],"collection":[{"href":"https:\/\/giannidavico.it\/gopiedmont\/wp-json\/wp\/v2\/posts"}],"about":[{"href":"https:\/\/giannidavico.it\/gopiedmont\/wp-json\/wp\/v2\/types\/post"}],"author":[{"embeddable":true,"href":"https:\/\/giannidavico.it\/gopiedmont\/wp-json\/wp\/v2\/users\/4"}],"replies":[{"embeddable":true,"href":"https:\/\/giannidavico.it\/gopiedmont\/wp-json\/wp\/v2\/comments?post=1665"}],"version-history":[{"count":6,"href":"https:\/\/giannidavico.it\/gopiedmont\/wp-json\/wp\/v2\/posts\/1665\/revisions"}],"predecessor-version":[{"id":3113,"href":"https:\/\/giannidavico.it\/gopiedmont\/wp-json\/wp\/v2\/posts\/1665\/revisions\/3113"}],"wp:attachment":[{"href":"https:\/\/giannidavico.it\/gopiedmont\/wp-json\/wp\/v2\/media?parent=1665"}],"wp:term":[{"taxonomy":"category","embeddable":true,"href":"https:\/\/giannidavico.it\/gopiedmont\/wp-json\/wp\/v2\/categories?post=1665"},{"taxonomy":"post_tag","embeddable":true,"href":"https:\/\/giannidavico.it\/gopiedmont\/wp-json\/wp\/v2\/tags?post=1665"}],"curies":[{"name":"wp","href":"https:\/\/api.w.org\/{rel}","templated":true}]}}