{"id":17,"date":"2008-07-24T13:17:00","date_gmt":"2008-07-24T13:17:00","guid":{"rendered":"https:\/\/giannidavico.it\/staging\/gopiedmont\/2008\/07\/24\/ti-tavo-no\/"},"modified":"2015-09-23T10:05:23","modified_gmt":"2015-09-23T09:05:23","slug":"ti-tavo-no","status":"publish","type":"post","link":"https:\/\/giannidavico.it\/gopiedmont\/2008\/07\/24\/ti-tavo-no\/","title":{"rendered":"Ti Tavo n\u00f2"},"content":{"rendered":"<p>A m\u00eb scriv Tavo Burat:<\/p>\n<blockquote><p>I son \u00ebst\u00e0it a l&#8217;ospidal doe vire, e adess i son oblig\u00e0 a st\u00e9 grop\u00e0 a na b\u00f2mbla d&#8217;ossigeno 15 ore al di. Lol\u00ec a l&#8217;ha portame a &#8216;mbaron\u00e9 travaj e corispondensa. [&#8230;] Adess a l&#8217;\u00e9 &#8216;ndasne &#8216;dc\u00f2 Remo Bertodatti&#8230; i soma s\u00e8mper p\u00ec nen v\u00e0ire a tir\u00e9 la car\u00ebtta!<\/p><\/blockquote>\n<p>I soma p\u00ec nen v\u00e0ire, a l&#8217;\u00e9 vera. E \u00ebd Tavo i l&#8217;oma nen na c\u00f2pia. A l&#8217;\u00e9 p\u00ebr s\u00f2n ch&#8217;a venta che ti it ten-e dur, ch&#8217;a costa l\u00f2n ch&#8217;a costa, \u00ebdc\u00f2 arcordand Quasimodo:<\/p>\n<blockquote><p>Ah, m\u00f2rt gentila,<br \/>\ntoca nen la mostra an cusin-a che a bat an sla muraja:<br \/>\ntut \u00ebl m\u00e9 temp masn\u00e0 a l\u2019\u00e9 pass\u00e0 an sl\u00eb smalt<br \/>\nd\u00ebl s\u00f2 quadrant, ansima a cole fior pitur\u00e0;<br \/>\ntoca nen le man e \u2018l cheur dij vej.<br \/>\nMa f\u00f2rse quaidun a rispond? O m\u00f2rt \u00ebd piet\u00e0,<br \/>\nm\u00f2rt \u00ebd pudor. Ad\u00eco, cara, ad\u00eco, m\u00e8 <span style=\"font-style: italic\">dulcissima mater<\/span>\u201d.<\/p><\/blockquote>\n","protected":false},"excerpt":{"rendered":"<p>A m\u00eb scriv Tavo Burat:<\/p>\n<p>I son \u00ebst\u00e0it a l&#8217;ospidal doe vire, e adess i son oblig\u00e0 a st\u00e9 grop\u00e0 a na b\u00f2mbla d&#8217;ossigeno 15 ore al di. Lol\u00ec a l&#8217;ha portame a &#8216;mbaron\u00e9 travaj e corispondensa. [&#8230;] Adess a l&#8217;\u00e9 &#8216;ndasne &#8216;dc\u00f2 Remo Bertodatti&#8230; i soma s\u00e8mper p\u00ec nen v\u00e0ire a tir\u00e9 la car\u00ebtta!<\/p>\n<p>I soma p\u00ec nen v\u00e0ire, a l&#8217;\u00e9 vera. E \u00ebd Tavo i l&#8217;oma nen na c\u00f2pia. A l&#8217;\u00e9 p\u00ebr s\u00f2n ch&#8217;a venta che ti it ten-e dur, ch&#8217;a costa l\u00f2n ch&#8217;a costa, \u00ebdc\u00f2 arcordand Quasimodo:<\/p>\n<p>Ah, m\u00f2rt gentila,<br \/> toca nen la mostra an cusin-a che a bat an sla muraja:<br \/> tut \u00ebl m\u00e9 temp masn\u00e0 a l\u2019\u00e9 pass\u00e0 an sl\u00eb smalt<br \/> d\u00ebl s\u00f2 quadrant, ansima a cole fior pitur\u00e0;<br \/> toca nen le man e \u2018l cheur dij vej.<br \/> Ma f\u00f2rse quaidun a rispond? O m\u00f2rt \u00ebd piet\u00e0,<br \/> m\u00f2rt \u00ebd pudor. Ad\u00eco, cara, ad\u00eco, m\u00e8 dulcissima mater\u201d.<\/p>\n","protected":false},"author":1,"featured_media":0,"comment_status":"open","ping_status":"open","sticky":false,"template":"","format":"standard","meta":[],"categories":[130],"tags":[132],"yoast_head":"<!-- This site is optimized with the Yoast SEO plugin v19.14 - https:\/\/yoast.com\/wordpress\/plugins\/seo\/ -->\n<title>Ti Tavo n\u00f2 - Go Piedmont<\/title>\n<meta name=\"robots\" content=\"index, follow, max-snippet:-1, max-image-preview:large, max-video-preview:-1\" \/>\n<link rel=\"canonical\" href=\"https:\/\/giannidavico.it\/gopiedmont\/2008\/07\/24\/ti-tavo-no\/\" \/>\n<meta property=\"og:locale\" content=\"it_IT\" \/>\n<meta property=\"og:type\" content=\"article\" \/>\n<meta property=\"og:title\" content=\"Ti Tavo n\u00f2 - Go Piedmont\" \/>\n<meta property=\"og:description\" content=\"A m\u00eb scriv Tavo Burat: I son \u00ebst\u00e0it a l&#8217;ospidal doe vire, e adess i son oblig\u00e0 a st\u00e9 grop\u00e0 a na b\u00f2mbla d&#8217;ossigeno 15 ore al di. Lol\u00ec a l&#8217;ha portame a &#8216;mbaron\u00e9 travaj e corispondensa. [&#8230;] Adess a l&#8217;\u00e9 &#8216;ndasne &#8216;dc\u00f2 Remo Bertodatti&#8230; i soma s\u00e8mper p\u00ec nen v\u00e0ire a tir\u00e9 la car\u00ebtta! I soma p\u00ec nen v\u00e0ire, a l&#8217;\u00e9 vera. E \u00ebd Tavo i l&#8217;oma nen na c\u00f2pia. A l&#8217;\u00e9 p\u00ebr s\u00f2n ch&#8217;a venta che ti it ten-e dur, ch&#8217;a costa l\u00f2n ch&#8217;a costa, \u00ebdc\u00f2 arcordand Quasimodo: Ah, m\u00f2rt gentila, toca nen la mostra an cusin-a che a bat an sla muraja: tut \u00ebl m\u00e9 temp masn\u00e0 a l\u2019\u00e9 pass\u00e0 an sl\u00eb smalt d\u00ebl s\u00f2 quadrant, ansima a cole fior pitur\u00e0; toca nen le man e \u2018l cheur dij vej. Ma f\u00f2rse quaidun a rispond? O m\u00f2rt \u00ebd piet\u00e0, m\u00f2rt \u00ebd pudor. Ad\u00eco, cara, ad\u00eco, m\u00e8 dulcissima mater\u201d.\" \/>\n<meta property=\"og:url\" content=\"https:\/\/giannidavico.it\/gopiedmont\/2008\/07\/24\/ti-tavo-no\/\" \/>\n<meta property=\"og:site_name\" content=\"Go Piedmont\" \/>\n<meta property=\"article:published_time\" content=\"2008-07-24T13:17:00+00:00\" \/>\n<meta property=\"article:modified_time\" content=\"2015-09-23T09:05:23+00:00\" \/>\n<meta name=\"author\" content=\"admin\" \/>\n<meta name=\"twitter:card\" content=\"summary_large_image\" \/>\n<meta name=\"twitter:label1\" content=\"Scritto da\" \/>\n\t<meta name=\"twitter:data1\" content=\"admin\" \/>\n\t<meta name=\"twitter:label2\" content=\"Tempo di lettura stimato\" \/>\n\t<meta name=\"twitter:data2\" content=\"1 minuto\" \/>\n<script type=\"application\/ld+json\" class=\"yoast-schema-graph\">{\"@context\":\"https:\/\/schema.org\",\"@graph\":[{\"@type\":\"WebPage\",\"@id\":\"https:\/\/giannidavico.it\/gopiedmont\/2008\/07\/24\/ti-tavo-no\/\",\"url\":\"https:\/\/giannidavico.it\/gopiedmont\/2008\/07\/24\/ti-tavo-no\/\",\"name\":\"Ti Tavo n\u00f2 - Go Piedmont\",\"isPartOf\":{\"@id\":\"https:\/\/giannidavico.it\/gopiedmont\/#website\"},\"datePublished\":\"2008-07-24T13:17:00+00:00\",\"dateModified\":\"2015-09-23T09:05:23+00:00\",\"author\":{\"@id\":\"https:\/\/giannidavico.it\/gopiedmont\/#\/schema\/person\/6a96d8672f14b275ece93af45a6da78b\"},\"inLanguage\":\"it-IT\",\"potentialAction\":[{\"@type\":\"ReadAction\",\"target\":[\"https:\/\/giannidavico.it\/gopiedmont\/2008\/07\/24\/ti-tavo-no\/\"]}]},{\"@type\":\"WebSite\",\"@id\":\"https:\/\/giannidavico.it\/gopiedmont\/#website\",\"url\":\"https:\/\/giannidavico.it\/gopiedmont\/\",\"name\":\"Go Piedmont\",\"description\":\"pens\u00e9 dzora l\u00ecber, event e p\u00ebrson-e grop\u00e0 al Piemont e a la lenga piemont\u00e8isa\",\"potentialAction\":[{\"@type\":\"SearchAction\",\"target\":{\"@type\":\"EntryPoint\",\"urlTemplate\":\"https:\/\/giannidavico.it\/gopiedmont\/?s={search_term_string}\"},\"query-input\":\"required name=search_term_string\"}],\"inLanguage\":\"it-IT\"},{\"@type\":\"Person\",\"@id\":\"https:\/\/giannidavico.it\/gopiedmont\/#\/schema\/person\/6a96d8672f14b275ece93af45a6da78b\",\"name\":\"admin\",\"image\":{\"@type\":\"ImageObject\",\"inLanguage\":\"it-IT\",\"@id\":\"https:\/\/giannidavico.it\/gopiedmont\/#\/schema\/person\/image\/\",\"url\":\"https:\/\/secure.gravatar.com\/avatar\/337748753d882602f3038b55fb369ba1?s=96&d=mm&r=g\",\"contentUrl\":\"https:\/\/secure.gravatar.com\/avatar\/337748753d882602f3038b55fb369ba1?s=96&d=mm&r=g\",\"caption\":\"admin\"},\"url\":\"https:\/\/giannidavico.it\/gopiedmont\/author\/admin\/\"}]}<\/script>\n<!-- \/ Yoast SEO plugin. -->","yoast_head_json":{"title":"Ti Tavo n\u00f2 - Go Piedmont","robots":{"index":"index","follow":"follow","max-snippet":"max-snippet:-1","max-image-preview":"max-image-preview:large","max-video-preview":"max-video-preview:-1"},"canonical":"https:\/\/giannidavico.it\/gopiedmont\/2008\/07\/24\/ti-tavo-no\/","og_locale":"it_IT","og_type":"article","og_title":"Ti Tavo n\u00f2 - Go Piedmont","og_description":"A m\u00eb scriv Tavo Burat: I son \u00ebst\u00e0it a l&#8217;ospidal doe vire, e adess i son oblig\u00e0 a st\u00e9 grop\u00e0 a na b\u00f2mbla d&#8217;ossigeno 15 ore al di. Lol\u00ec a l&#8217;ha portame a &#8216;mbaron\u00e9 travaj e corispondensa. [&#8230;] Adess a l&#8217;\u00e9 &#8216;ndasne &#8216;dc\u00f2 Remo Bertodatti&#8230; i soma s\u00e8mper p\u00ec nen v\u00e0ire a tir\u00e9 la car\u00ebtta! I soma p\u00ec nen v\u00e0ire, a l&#8217;\u00e9 vera. E \u00ebd Tavo i l&#8217;oma nen na c\u00f2pia. A l&#8217;\u00e9 p\u00ebr s\u00f2n ch&#8217;a venta che ti it ten-e dur, ch&#8217;a costa l\u00f2n ch&#8217;a costa, \u00ebdc\u00f2 arcordand Quasimodo: Ah, m\u00f2rt gentila, toca nen la mostra an cusin-a che a bat an sla muraja: tut \u00ebl m\u00e9 temp masn\u00e0 a l\u2019\u00e9 pass\u00e0 an sl\u00eb smalt d\u00ebl s\u00f2 quadrant, ansima a cole fior pitur\u00e0; toca nen le man e \u2018l cheur dij vej. Ma f\u00f2rse quaidun a rispond? O m\u00f2rt \u00ebd piet\u00e0, m\u00f2rt \u00ebd pudor. Ad\u00eco, cara, ad\u00eco, m\u00e8 dulcissima mater\u201d.","og_url":"https:\/\/giannidavico.it\/gopiedmont\/2008\/07\/24\/ti-tavo-no\/","og_site_name":"Go Piedmont","article_published_time":"2008-07-24T13:17:00+00:00","article_modified_time":"2015-09-23T09:05:23+00:00","author":"admin","twitter_card":"summary_large_image","twitter_misc":{"Scritto da":"admin","Tempo di lettura stimato":"1 minuto"},"schema":{"@context":"https:\/\/schema.org","@graph":[{"@type":"WebPage","@id":"https:\/\/giannidavico.it\/gopiedmont\/2008\/07\/24\/ti-tavo-no\/","url":"https:\/\/giannidavico.it\/gopiedmont\/2008\/07\/24\/ti-tavo-no\/","name":"Ti Tavo n\u00f2 - Go Piedmont","isPartOf":{"@id":"https:\/\/giannidavico.it\/gopiedmont\/#website"},"datePublished":"2008-07-24T13:17:00+00:00","dateModified":"2015-09-23T09:05:23+00:00","author":{"@id":"https:\/\/giannidavico.it\/gopiedmont\/#\/schema\/person\/6a96d8672f14b275ece93af45a6da78b"},"inLanguage":"it-IT","potentialAction":[{"@type":"ReadAction","target":["https:\/\/giannidavico.it\/gopiedmont\/2008\/07\/24\/ti-tavo-no\/"]}]},{"@type":"WebSite","@id":"https:\/\/giannidavico.it\/gopiedmont\/#website","url":"https:\/\/giannidavico.it\/gopiedmont\/","name":"Go Piedmont","description":"pens\u00e9 dzora l\u00ecber, event e p\u00ebrson-e grop\u00e0 al Piemont e a la lenga piemont\u00e8isa","potentialAction":[{"@type":"SearchAction","target":{"@type":"EntryPoint","urlTemplate":"https:\/\/giannidavico.it\/gopiedmont\/?s={search_term_string}"},"query-input":"required name=search_term_string"}],"inLanguage":"it-IT"},{"@type":"Person","@id":"https:\/\/giannidavico.it\/gopiedmont\/#\/schema\/person\/6a96d8672f14b275ece93af45a6da78b","name":"admin","image":{"@type":"ImageObject","inLanguage":"it-IT","@id":"https:\/\/giannidavico.it\/gopiedmont\/#\/schema\/person\/image\/","url":"https:\/\/secure.gravatar.com\/avatar\/337748753d882602f3038b55fb369ba1?s=96&d=mm&r=g","contentUrl":"https:\/\/secure.gravatar.com\/avatar\/337748753d882602f3038b55fb369ba1?s=96&d=mm&r=g","caption":"admin"},"url":"https:\/\/giannidavico.it\/gopiedmont\/author\/admin\/"}]}},"_links":{"self":[{"href":"https:\/\/giannidavico.it\/gopiedmont\/wp-json\/wp\/v2\/posts\/17"}],"collection":[{"href":"https:\/\/giannidavico.it\/gopiedmont\/wp-json\/wp\/v2\/posts"}],"about":[{"href":"https:\/\/giannidavico.it\/gopiedmont\/wp-json\/wp\/v2\/types\/post"}],"author":[{"embeddable":true,"href":"https:\/\/giannidavico.it\/gopiedmont\/wp-json\/wp\/v2\/users\/1"}],"replies":[{"embeddable":true,"href":"https:\/\/giannidavico.it\/gopiedmont\/wp-json\/wp\/v2\/comments?post=17"}],"version-history":[{"count":3,"href":"https:\/\/giannidavico.it\/gopiedmont\/wp-json\/wp\/v2\/posts\/17\/revisions"}],"predecessor-version":[{"id":3006,"href":"https:\/\/giannidavico.it\/gopiedmont\/wp-json\/wp\/v2\/posts\/17\/revisions\/3006"}],"wp:attachment":[{"href":"https:\/\/giannidavico.it\/gopiedmont\/wp-json\/wp\/v2\/media?parent=17"}],"wp:term":[{"taxonomy":"category","embeddable":true,"href":"https:\/\/giannidavico.it\/gopiedmont\/wp-json\/wp\/v2\/categories?post=17"},{"taxonomy":"post_tag","embeddable":true,"href":"https:\/\/giannidavico.it\/gopiedmont\/wp-json\/wp\/v2\/tags?post=17"}],"curies":[{"name":"wp","href":"https:\/\/api.w.org\/{rel}","templated":true}]}}