{"id":1716,"date":"2013-05-22T05:00:17","date_gmt":"2013-05-22T04:00:17","guid":{"rendered":"https:\/\/giannidavico.it\/staging\/gopiedmont\/?p=1716"},"modified":"2015-09-24T08:54:32","modified_gmt":"2015-09-24T07:54:32","slug":"amemanera","status":"publish","type":"post","link":"https:\/\/giannidavico.it\/gopiedmont\/2013\/05\/22\/amemanera\/","title":{"rendered":"AMEMANERA"},"content":{"rendered":"<p><a href=\"https:\/\/giannidavico.it\/gopiedmont\/files\/2013\/05\/amemanera.jpg\"><img loading=\"lazy\" src=\"https:\/\/giannidavico.it\/gopiedmont\/files\/2013\/05\/amemanera-300x229.jpg\" alt=\"amemanera\" width=\"300\" height=\"229\" class=\"alignright size-medium wp-image-1717\" srcset=\"https:\/\/giannidavico.it\/gopiedmont\/files\/2013\/05\/amemanera-300x229.jpg 300w, https:\/\/giannidavico.it\/gopiedmont\/files\/2013\/05\/amemanera.jpg 432w\" sizes=\"(max-width: 300px) 100vw, 300px\" \/><\/a><br \/>\nN\u00f2, mi <a href=\"http:\/\/amemanera.com\/\" title=\"AMEMANERA\" target=\"_blank\">i-i<\/a> con\u00f2ss nen. Mers\u00ec a <a href=\"http:\/\/www.scaliti.com\/\" title=\"Fabio Scaliti Traduzioni\" target=\"_blank\">Fabio<\/a> i l&#8217;hai sav\u00f9 ch&#8217;a-i son, e cost a l&#8217;\u00e9 gi\u00e0 un pont \u00ebd partensa.<\/p>\n<p>N\u00f2, i-i con\u00f2ss nen ma i capiss che &#8216;l piemont\u00e8is andrinta &#8216;d ti, girlo com ch&#8217;it veule, se a-i \u00e9 prima o peui a ven f\u00f2ra (Fabio a lo dis\u00eca gi\u00e0 <strike><a href=\"http:\/\/www.scaliti.com\/conclusionisconclusionate\/radici\/\" title=\"Radici\" target=\"_blank\">ambeless\u00ec<\/a><\/strike>). <em>Tout se tient<\/em>, noi i campoma via gnente.<\/p>\n<p>O, p\u00ebr butela an manera diferenta: mi in ciam sovens a l\u00f2n ch&#8217;a serv m\u00e9 piemont\u00e8is, e tante vire i sai nen deme na risp\u00f2sta. Peui i sc\u00f2t dij t\u00f2ch come <a href=\"http:\/\/amemanera.com\/index.php\/ascolti\" title=\"AMEMANERA, Ascolti\" target=\"_blank\">costi<\/a> e i capiss. La risp\u00f2sta a j&#8217;era gi\u00e0 andrinta &#8216;d mi, bele pronta, a spetava mach \u00ebd seurte, d&#8217;esse but\u00e0 an par\u00f2le.<\/p>\n<p>Cost a l&#8217;\u00e9 un bel prog\u00e8t. Ij test an piemont\u00e8is a son bastansa a p\u00f2st, la m\u00f9sica a l&#8217;\u00e9 tradissional e moderna ant l&#8217;istess temp. Miraco as peul fesse bin p\u00f2ch p\u00ebr n\u00f2sta lenga, miraco a sar\u00e0 vanta via ant l\u00eb spassi &#8216;d na generassion o doe ma antratant a-i \u00e9. Lenga viva, lenga moderna, lenga &#8216;d comunicassion, lenga ch&#8217;a emossiona e che andrinta &#8216;d chila a l&#8217;ha gi\u00e0 tute le risp\u00f2ste ch&#8217;a-i van.<\/p>\n<p>Marica Canavese e Marco Soria: a v\u00f2sta manera (e nen mach), i seve an pi\u00f2ta.<\/p>\n","protected":false},"excerpt":{"rendered":"<p><a href=\"https:\/\/giannidavico.it\/gopiedmont\/files\/2013\/05\/amemanera.jpg\"><img loading=\"lazy\" src=\"https:\/\/giannidavico.it\/gopiedmont\/files\/2013\/05\/amemanera-300x229.jpg\" alt=\"amemanera\" width=\"300\" height=\"229\" class=\"alignright size-medium wp-image-1717\" srcset=\"https:\/\/giannidavico.it\/gopiedmont\/files\/2013\/05\/amemanera-300x229.jpg 300w, https:\/\/giannidavico.it\/gopiedmont\/files\/2013\/05\/amemanera.jpg 432w\" sizes=\"(max-width: 300px) 100vw, 300px\" \/><\/a><br \/> N\u00f2, mi <a href=\"http:\/\/amemanera.com\/\" title=\"AMEMANERA\" target=\"_blank\">i-i<\/a> con\u00f2ss nen. Mers\u00ec a <a href=\"http:\/\/www.scaliti.com\/\" title=\"Fabio Scaliti Traduzioni\" target=\"_blank\">Fabio<\/a> i l&#8217;hai sav\u00f9 ch&#8217;a-i son, e cost a l&#8217;\u00e9 gi\u00e0 un pont \u00ebd partensa.<\/p>\n<p>N\u00f2, i-i con\u00f2ss nen ma i capiss che &#8216;l piemont\u00e8is andrinta &#8216;d ti, girlo com ch&#8217;it veule, se a-i \u00e9 prima o peui a ven f\u00f2ra (Fabio a lo dis\u00eca gi\u00e0 <a href=\"http:\/\/www.scaliti.com\/conclusionisconclusionate\/radici\/\" title=\"Radici\" target=\"_blank\">ambeless\u00ec<\/a>). <em>Tout se tient<\/em>, noi i campoma via gnente.<\/p>\n<p>O, p\u00ebr butela an manera diferenta: mi in ciam sovens a l\u00f2n ch&#8217;a serv m\u00e9 piemont\u00e8is, e tante vire i sai nen deme na risp\u00f2sta. Peui i sc\u00f2t dij t\u00f2ch come <a href=\"http:\/\/amemanera.com\/index.php\/ascolti\" title=\"AMEMANERA, Ascolti\" target=\"_blank\">costi<\/a> e i capiss. La risp\u00f2sta a j&#8217;era gi\u00e0 andrinta &#8216;d mi, bele pronta, a spetava mach \u00ebd seurte, d&#8217;esse but\u00e0 an par\u00f2le.<\/p>\n<p>Cost a l&#8217;\u00e9 un bel prog\u00e8t. Ij test an piemont\u00e8is a son bastansa a p\u00f2st, la m\u00f9sica a l&#8217;\u00e9 tradissional e moderna ant l&#8217;istess temp. Miraco as peul fesse bin p\u00f2ch p\u00ebr n\u00f2sta lenga, miraco a sar\u00e0 vanta via ant l\u00eb spassi &#8216;d na generassion o doe ma antratant [\u2026] <a class=\"moretag\" href=\"https:\/\/giannidavico.it\/gopiedmont\/2013\/05\/22\/amemanera\/\">continua a leggere \u00bb<\/a><\/p>\n","protected":false},"author":4,"featured_media":0,"comment_status":"open","ping_status":"open","sticky":false,"template":"","format":"standard","meta":[],"categories":[130],"tags":[107,45],"yoast_head":"<!-- This site is optimized with the Yoast SEO plugin v19.14 - https:\/\/yoast.com\/wordpress\/plugins\/seo\/ -->\n<title>AMEMANERA - Go Piedmont<\/title>\n<meta name=\"robots\" content=\"index, follow, max-snippet:-1, max-image-preview:large, max-video-preview:-1\" \/>\n<link rel=\"canonical\" href=\"https:\/\/giannidavico.it\/gopiedmont\/2013\/05\/22\/amemanera\/\" \/>\n<meta property=\"og:locale\" content=\"it_IT\" \/>\n<meta property=\"og:type\" content=\"article\" \/>\n<meta property=\"og:title\" content=\"AMEMANERA - Go Piedmont\" \/>\n<meta property=\"og:description\" content=\"N\u00f2, mi i-i con\u00f2ss nen. Mers\u00ec a Fabio i l&#8217;hai sav\u00f9 ch&#8217;a-i son, e cost a l&#8217;\u00e9 gi\u00e0 un pont \u00ebd partensa. N\u00f2, i-i con\u00f2ss nen ma i capiss che &#8216;l piemont\u00e8is andrinta &#8216;d ti, girlo com ch&#8217;it veule, se a-i \u00e9 prima o peui a ven f\u00f2ra (Fabio a lo dis\u00eca gi\u00e0 ambeless\u00ec). Tout se tient, noi i campoma via gnente. O, p\u00ebr butela an manera diferenta: mi in ciam sovens a l\u00f2n ch&#8217;a serv m\u00e9 piemont\u00e8is, e tante vire i sai nen deme na risp\u00f2sta. Peui i sc\u00f2t dij t\u00f2ch come costi e i capiss. La risp\u00f2sta a j&#8217;era gi\u00e0 andrinta &#8216;d mi, bele pronta, a spetava mach \u00ebd seurte, d&#8217;esse but\u00e0 an par\u00f2le. Cost a l&#8217;\u00e9 un bel prog\u00e8t. Ij test an piemont\u00e8is a son bastansa a p\u00f2st, la m\u00f9sica a l&#8217;\u00e9 tradissional e moderna ant l&#8217;istess temp. Miraco as peul fesse bin p\u00f2ch p\u00ebr n\u00f2sta lenga, miraco a sar\u00e0 vanta via ant l\u00eb spassi &#8216;d na generassion o doe ma antratant [\u2026] continua a leggere \u00bb\" \/>\n<meta property=\"og:url\" content=\"https:\/\/giannidavico.it\/gopiedmont\/2013\/05\/22\/amemanera\/\" \/>\n<meta property=\"og:site_name\" content=\"Go Piedmont\" \/>\n<meta property=\"article:published_time\" content=\"2013-05-22T04:00:17+00:00\" \/>\n<meta property=\"article:modified_time\" content=\"2015-09-24T07:54:32+00:00\" \/>\n<meta property=\"og:image\" content=\"https:\/\/giannidavico.it\/gopiedmont\/files\/2013\/05\/amemanera-300x229.jpg\" \/>\n<meta name=\"author\" content=\"giannidavico\" \/>\n<meta name=\"twitter:card\" content=\"summary_large_image\" \/>\n<meta name=\"twitter:label1\" content=\"Scritto da\" \/>\n\t<meta name=\"twitter:data1\" content=\"giannidavico\" \/>\n\t<meta name=\"twitter:label2\" content=\"Tempo di lettura stimato\" \/>\n\t<meta name=\"twitter:data2\" content=\"1 minuto\" \/>\n<script type=\"application\/ld+json\" class=\"yoast-schema-graph\">{\"@context\":\"https:\/\/schema.org\",\"@graph\":[{\"@type\":\"WebPage\",\"@id\":\"https:\/\/giannidavico.it\/gopiedmont\/2013\/05\/22\/amemanera\/\",\"url\":\"https:\/\/giannidavico.it\/gopiedmont\/2013\/05\/22\/amemanera\/\",\"name\":\"AMEMANERA - Go Piedmont\",\"isPartOf\":{\"@id\":\"https:\/\/giannidavico.it\/gopiedmont\/#website\"},\"datePublished\":\"2013-05-22T04:00:17+00:00\",\"dateModified\":\"2015-09-24T07:54:32+00:00\",\"author\":{\"@id\":\"https:\/\/giannidavico.it\/gopiedmont\/#\/schema\/person\/ea1fd17d8f2dba325f3712219efa8f77\"},\"inLanguage\":\"it-IT\",\"potentialAction\":[{\"@type\":\"ReadAction\",\"target\":[\"https:\/\/giannidavico.it\/gopiedmont\/2013\/05\/22\/amemanera\/\"]}]},{\"@type\":\"WebSite\",\"@id\":\"https:\/\/giannidavico.it\/gopiedmont\/#website\",\"url\":\"https:\/\/giannidavico.it\/gopiedmont\/\",\"name\":\"Go Piedmont\",\"description\":\"pens\u00e9 dzora l\u00ecber, event e p\u00ebrson-e grop\u00e0 al Piemont e a la lenga piemont\u00e8isa\",\"potentialAction\":[{\"@type\":\"SearchAction\",\"target\":{\"@type\":\"EntryPoint\",\"urlTemplate\":\"https:\/\/giannidavico.it\/gopiedmont\/?s={search_term_string}\"},\"query-input\":\"required name=search_term_string\"}],\"inLanguage\":\"it-IT\"},{\"@type\":\"Person\",\"@id\":\"https:\/\/giannidavico.it\/gopiedmont\/#\/schema\/person\/ea1fd17d8f2dba325f3712219efa8f77\",\"name\":\"giannidavico\",\"image\":{\"@type\":\"ImageObject\",\"inLanguage\":\"it-IT\",\"@id\":\"https:\/\/giannidavico.it\/gopiedmont\/#\/schema\/person\/image\/\",\"url\":\"https:\/\/secure.gravatar.com\/avatar\/337748753d882602f3038b55fb369ba1?s=96&d=mm&r=g\",\"contentUrl\":\"https:\/\/secure.gravatar.com\/avatar\/337748753d882602f3038b55fb369ba1?s=96&d=mm&r=g\",\"caption\":\"giannidavico\"},\"url\":\"https:\/\/giannidavico.it\/gopiedmont\/author\/giannidavico\/\"}]}<\/script>\n<!-- \/ Yoast SEO plugin. -->","yoast_head_json":{"title":"AMEMANERA - Go Piedmont","robots":{"index":"index","follow":"follow","max-snippet":"max-snippet:-1","max-image-preview":"max-image-preview:large","max-video-preview":"max-video-preview:-1"},"canonical":"https:\/\/giannidavico.it\/gopiedmont\/2013\/05\/22\/amemanera\/","og_locale":"it_IT","og_type":"article","og_title":"AMEMANERA - Go Piedmont","og_description":"N\u00f2, mi i-i con\u00f2ss nen. Mers\u00ec a Fabio i l&#8217;hai sav\u00f9 ch&#8217;a-i son, e cost a l&#8217;\u00e9 gi\u00e0 un pont \u00ebd partensa. N\u00f2, i-i con\u00f2ss nen ma i capiss che &#8216;l piemont\u00e8is andrinta &#8216;d ti, girlo com ch&#8217;it veule, se a-i \u00e9 prima o peui a ven f\u00f2ra (Fabio a lo dis\u00eca gi\u00e0 ambeless\u00ec). Tout se tient, noi i campoma via gnente. O, p\u00ebr butela an manera diferenta: mi in ciam sovens a l\u00f2n ch&#8217;a serv m\u00e9 piemont\u00e8is, e tante vire i sai nen deme na risp\u00f2sta. Peui i sc\u00f2t dij t\u00f2ch come costi e i capiss. La risp\u00f2sta a j&#8217;era gi\u00e0 andrinta &#8216;d mi, bele pronta, a spetava mach \u00ebd seurte, d&#8217;esse but\u00e0 an par\u00f2le. Cost a l&#8217;\u00e9 un bel prog\u00e8t. Ij test an piemont\u00e8is a son bastansa a p\u00f2st, la m\u00f9sica a l&#8217;\u00e9 tradissional e moderna ant l&#8217;istess temp. Miraco as peul fesse bin p\u00f2ch p\u00ebr n\u00f2sta lenga, miraco a sar\u00e0 vanta via ant l\u00eb spassi &#8216;d na generassion o doe ma antratant [\u2026] continua a leggere \u00bb","og_url":"https:\/\/giannidavico.it\/gopiedmont\/2013\/05\/22\/amemanera\/","og_site_name":"Go Piedmont","article_published_time":"2013-05-22T04:00:17+00:00","article_modified_time":"2015-09-24T07:54:32+00:00","og_image":[{"url":"https:\/\/giannidavico.it\/gopiedmont\/files\/2013\/05\/amemanera-300x229.jpg"}],"author":"giannidavico","twitter_card":"summary_large_image","twitter_misc":{"Scritto da":"giannidavico","Tempo di lettura stimato":"1 minuto"},"schema":{"@context":"https:\/\/schema.org","@graph":[{"@type":"WebPage","@id":"https:\/\/giannidavico.it\/gopiedmont\/2013\/05\/22\/amemanera\/","url":"https:\/\/giannidavico.it\/gopiedmont\/2013\/05\/22\/amemanera\/","name":"AMEMANERA - Go Piedmont","isPartOf":{"@id":"https:\/\/giannidavico.it\/gopiedmont\/#website"},"datePublished":"2013-05-22T04:00:17+00:00","dateModified":"2015-09-24T07:54:32+00:00","author":{"@id":"https:\/\/giannidavico.it\/gopiedmont\/#\/schema\/person\/ea1fd17d8f2dba325f3712219efa8f77"},"inLanguage":"it-IT","potentialAction":[{"@type":"ReadAction","target":["https:\/\/giannidavico.it\/gopiedmont\/2013\/05\/22\/amemanera\/"]}]},{"@type":"WebSite","@id":"https:\/\/giannidavico.it\/gopiedmont\/#website","url":"https:\/\/giannidavico.it\/gopiedmont\/","name":"Go Piedmont","description":"pens\u00e9 dzora l\u00ecber, event e p\u00ebrson-e grop\u00e0 al Piemont e a la lenga piemont\u00e8isa","potentialAction":[{"@type":"SearchAction","target":{"@type":"EntryPoint","urlTemplate":"https:\/\/giannidavico.it\/gopiedmont\/?s={search_term_string}"},"query-input":"required name=search_term_string"}],"inLanguage":"it-IT"},{"@type":"Person","@id":"https:\/\/giannidavico.it\/gopiedmont\/#\/schema\/person\/ea1fd17d8f2dba325f3712219efa8f77","name":"giannidavico","image":{"@type":"ImageObject","inLanguage":"it-IT","@id":"https:\/\/giannidavico.it\/gopiedmont\/#\/schema\/person\/image\/","url":"https:\/\/secure.gravatar.com\/avatar\/337748753d882602f3038b55fb369ba1?s=96&d=mm&r=g","contentUrl":"https:\/\/secure.gravatar.com\/avatar\/337748753d882602f3038b55fb369ba1?s=96&d=mm&r=g","caption":"giannidavico"},"url":"https:\/\/giannidavico.it\/gopiedmont\/author\/giannidavico\/"}]}},"_links":{"self":[{"href":"https:\/\/giannidavico.it\/gopiedmont\/wp-json\/wp\/v2\/posts\/1716"}],"collection":[{"href":"https:\/\/giannidavico.it\/gopiedmont\/wp-json\/wp\/v2\/posts"}],"about":[{"href":"https:\/\/giannidavico.it\/gopiedmont\/wp-json\/wp\/v2\/types\/post"}],"author":[{"embeddable":true,"href":"https:\/\/giannidavico.it\/gopiedmont\/wp-json\/wp\/v2\/users\/4"}],"replies":[{"embeddable":true,"href":"https:\/\/giannidavico.it\/gopiedmont\/wp-json\/wp\/v2\/comments?post=1716"}],"version-history":[{"count":22,"href":"https:\/\/giannidavico.it\/gopiedmont\/wp-json\/wp\/v2\/posts\/1716\/revisions"}],"predecessor-version":[{"id":3111,"href":"https:\/\/giannidavico.it\/gopiedmont\/wp-json\/wp\/v2\/posts\/1716\/revisions\/3111"}],"wp:attachment":[{"href":"https:\/\/giannidavico.it\/gopiedmont\/wp-json\/wp\/v2\/media?parent=1716"}],"wp:term":[{"taxonomy":"category","embeddable":true,"href":"https:\/\/giannidavico.it\/gopiedmont\/wp-json\/wp\/v2\/categories?post=1716"},{"taxonomy":"post_tag","embeddable":true,"href":"https:\/\/giannidavico.it\/gopiedmont\/wp-json\/wp\/v2\/tags?post=1716"}],"curies":[{"name":"wp","href":"https:\/\/api.w.org\/{rel}","templated":true}]}}