{"id":1746,"date":"2013-06-05T06:00:39","date_gmt":"2013-06-05T05:00:39","guid":{"rendered":"https:\/\/giannidavico.it\/staging\/gopiedmont\/?p=1746"},"modified":"2014-02-12T19:42:41","modified_gmt":"2014-02-12T18:42:41","slug":"cose-cha-fan-to-arfugi-an-tra-ij-mont","status":"publish","type":"post","link":"https:\/\/giannidavico.it\/gopiedmont\/2013\/06\/05\/cose-cha-fan-to-arfugi-an-tra-ij-mont\/","title":{"rendered":"C\u00f2se ch&#8217;a fan t\u00f2 arfugi an tra ij mont"},"content":{"rendered":"<p><a href=\"https:\/\/giannidavico.it\/brainfood\/files\/2013\/06\/rifugio.jpg\"><img loading=\"lazy\" src=\"https:\/\/giannidavico.it\/brainfood\/files\/2013\/06\/rifugio-300x200.jpg\" alt=\"rifugio\" width=\"300\" height=\"200\" class=\"alignright size-medium wp-image-1720\" \/><\/a><br \/>\nLa colassion d\u00ebdnans a ca, \u00ebl sol che pian pian\u00f2t a riva, ij mont ch&#8217;at vardo maestos l\u00e0 an f\u00e0cia.<\/p>\n<p>\u00cbl sursoris dl\u2019eva ch&#8217;a scor ant l&#8217;arian\u00f2t p\u00f2ch p\u00ec sota, la s\u00e8ira prima &#8216;d deurme quand che tut a l&#8217;\u00e9 silensi.<\/p>\n<p>\u00cbl cant dj&#8217;osej a l\u2019ambrun-a, osej dij quai it vorr\u00ece sav\u00e8j \u00ebl n\u00f2m ma it sa nen.<\/p>\n<p>Le spasgiade, longhe opura curte a sconda dl&#8217;anv\u00eca.<\/p>\n<p>La fontan-a ch&#8217;a garg\u00f2ja an fond a la cort.<\/p>\n<p>Ij linseuj un p\u00f2ch r\u00f9vid ch&#8217;a ars\u00e8ivo toa seugn. Deurme sensa pens\u00e9 e sensa ciadel.<\/p>\n<p>Cal\u00e9 an pa\u00ecs, minca tant, e sentse a ca. Cat\u00e9 ant un <i>ver<\/i> neg\u00f2ssi.<\/p>\n<p>Taj\u00e9 l&#8217;erba, s-ciap\u00e9 &#8216;l b\u00f2sch, ambaron\u00e9 &#8216;l b\u00f2sch.<\/p>\n<p>Visch\u00e9 la st\u00f9a anvers s\u00e8ira, e sente la c\u00e0ud dossa ch&#8217;a anvlopa la cusin-a.<\/p>\n<p>\u00cbl ciusion\u00e9 d\u00ebl vent ant tra le fronde.<\/p>\n<p>Ij cravieuj ch&#8217;a s\u00e0uto con n\u2019agilit\u00e0 ch&#8217;at anciarma minca vira.<\/p>\n<p>Gieughe con toe fije, lassesse trasport\u00e9 da s\u00f2 entusiasm.<\/p>\n<p>\u00cbl sugn\u00e8t d\u00ebl d\u00f2p-disn\u00e0.<\/p>\n<p>Le ciaciarade con t\u00f2 padron \u00ebd ca, guardian \u00ebd costa t\u00e8ra malgr\u00e9 minca evidensa.<\/p>\n<p>Le sensassion, pens\u00e9 p\u00f2chi.<\/p>\n<p>Sentse a ca. <i>Esse<\/i> a ca.<\/p>\n","protected":false},"excerpt":{"rendered":"<p><a href=\"https:\/\/giannidavico.it\/brainfood\/files\/2013\/06\/rifugio.jpg\"><img loading=\"lazy\" src=\"https:\/\/giannidavico.it\/brainfood\/files\/2013\/06\/rifugio-300x200.jpg\" alt=\"rifugio\" width=\"300\" height=\"200\" class=\"alignright size-medium wp-image-1720\" \/><\/a><br \/> La colassion d\u00ebdnans a ca, \u00ebl sol che pian pian\u00f2t a riva, ij mont ch&#8217;at vardo maestos l\u00e0 an f\u00e0cia.<\/p>\n<p>\u00cbl sursoris dl\u2019eva ch&#8217;a scor ant l&#8217;arian\u00f2t p\u00f2ch p\u00ec sota, la s\u00e8ira prima &#8216;d deurme quand che tut a l&#8217;\u00e9 silensi.<\/p>\n<p>\u00cbl cant dj&#8217;osej a l\u2019ambrun-a, osej dij quai it vorr\u00ece sav\u00e8j \u00ebl n\u00f2m ma it sa nen.<\/p>\n<p>Le spasgiade, longhe opura curte a sconda dl&#8217;anv\u00eca.<\/p>\n<p>La fontan-a ch&#8217;a garg\u00f2ja an fond a la cort.<\/p>\n<p>Ij linseuj un p\u00f2ch r\u00f9vid ch&#8217;a ars\u00e8ivo toa seugn. Deurme sensa pens\u00e9 e sensa ciadel.<\/p>\n<p>Cal\u00e9 an pa\u00ecs, minca tant, e sentse a ca. Cat\u00e9 ant un ver neg\u00f2ssi.<\/p>\n<p>Taj\u00e9 l&#8217;erba, s-ciap\u00e9 &#8216;l b\u00f2sch, ambaron\u00e9 &#8216;l b\u00f2sch.<\/p>\n<p>Visch\u00e9 la st\u00f9a anvers s\u00e8ira, e sente la c\u00e0ud dossa ch&#8217;a anvlopa la cusin-a.<\/p>\n<p>\u00cbl ciusion\u00e9 d\u00ebl vent ant tra le fronde.<\/p>\n<p>Ij cravieuj ch&#8217;a s\u00e0uto con n\u2019agilit\u00e0 ch&#8217;at anciarma minca vira.<\/p>\n<p>Gieughe con toe fije, lassesse trasport\u00e9 da s\u00f2 entusiasm.<\/p>\n<p>\u00cbl sugn\u00e8t d\u00ebl d\u00f2p-disn\u00e0.<\/p>\n<p>Le ciaciarade con t\u00f2 padron \u00ebd ca, guardian \u00ebd costa t\u00e8ra malgr\u00e9 minca evidensa.<\/p>\n<p>Le sensassion, pens\u00e9 p\u00f2chi.<\/p>\n<p>Sentse a ca. Esse a ca.<\/p>\n","protected":false},"author":4,"featured_media":0,"comment_status":"open","ping_status":"open","sticky":false,"template":"","format":"standard","meta":[],"categories":[130],"tags":[4020],"yoast_head":"<!-- This site is optimized with the Yoast SEO plugin v19.14 - https:\/\/yoast.com\/wordpress\/plugins\/seo\/ -->\n<title>C\u00f2se ch&#039;a fan t\u00f2 arfugi an tra ij mont - Go Piedmont<\/title>\n<meta name=\"robots\" content=\"index, follow, max-snippet:-1, max-image-preview:large, max-video-preview:-1\" \/>\n<link rel=\"canonical\" href=\"https:\/\/giannidavico.it\/gopiedmont\/2013\/06\/05\/cose-cha-fan-to-arfugi-an-tra-ij-mont\/\" \/>\n<meta property=\"og:locale\" content=\"it_IT\" \/>\n<meta property=\"og:type\" content=\"article\" \/>\n<meta property=\"og:title\" content=\"C\u00f2se ch&#039;a fan t\u00f2 arfugi an tra ij mont - Go Piedmont\" \/>\n<meta property=\"og:description\" content=\"La colassion d\u00ebdnans a ca, \u00ebl sol che pian pian\u00f2t a riva, ij mont ch&#8217;at vardo maestos l\u00e0 an f\u00e0cia. \u00cbl sursoris dl\u2019eva ch&#8217;a scor ant l&#8217;arian\u00f2t p\u00f2ch p\u00ec sota, la s\u00e8ira prima &#8216;d deurme quand che tut a l&#8217;\u00e9 silensi. \u00cbl cant dj&#8217;osej a l\u2019ambrun-a, osej dij quai it vorr\u00ece sav\u00e8j \u00ebl n\u00f2m ma it sa nen. Le spasgiade, longhe opura curte a sconda dl&#8217;anv\u00eca. La fontan-a ch&#8217;a garg\u00f2ja an fond a la cort. Ij linseuj un p\u00f2ch r\u00f9vid ch&#8217;a ars\u00e8ivo toa seugn. Deurme sensa pens\u00e9 e sensa ciadel. Cal\u00e9 an pa\u00ecs, minca tant, e sentse a ca. Cat\u00e9 ant un ver neg\u00f2ssi. Taj\u00e9 l&#8217;erba, s-ciap\u00e9 &#8216;l b\u00f2sch, ambaron\u00e9 &#8216;l b\u00f2sch. Visch\u00e9 la st\u00f9a anvers s\u00e8ira, e sente la c\u00e0ud dossa ch&#8217;a anvlopa la cusin-a. \u00cbl ciusion\u00e9 d\u00ebl vent ant tra le fronde. Ij cravieuj ch&#8217;a s\u00e0uto con n\u2019agilit\u00e0 ch&#8217;at anciarma minca vira. Gieughe con toe fije, lassesse trasport\u00e9 da s\u00f2 entusiasm. \u00cbl sugn\u00e8t d\u00ebl d\u00f2p-disn\u00e0. Le ciaciarade con t\u00f2 padron \u00ebd ca, guardian \u00ebd costa t\u00e8ra malgr\u00e9 minca evidensa. Le sensassion, pens\u00e9 p\u00f2chi. Sentse a ca. Esse a ca.\" \/>\n<meta property=\"og:url\" content=\"https:\/\/giannidavico.it\/gopiedmont\/2013\/06\/05\/cose-cha-fan-to-arfugi-an-tra-ij-mont\/\" \/>\n<meta property=\"og:site_name\" content=\"Go Piedmont\" \/>\n<meta property=\"article:published_time\" content=\"2013-06-05T05:00:39+00:00\" \/>\n<meta property=\"article:modified_time\" content=\"2014-02-12T18:42:41+00:00\" \/>\n<meta property=\"og:image\" content=\"https:\/\/giannidavico.it\/brainfood\/files\/2013\/06\/rifugio-300x200.jpg\" \/>\n<meta name=\"author\" content=\"giannidavico\" \/>\n<meta name=\"twitter:card\" content=\"summary_large_image\" \/>\n<meta name=\"twitter:label1\" content=\"Scritto da\" \/>\n\t<meta name=\"twitter:data1\" content=\"giannidavico\" \/>\n\t<meta name=\"twitter:label2\" content=\"Tempo di lettura stimato\" \/>\n\t<meta name=\"twitter:data2\" content=\"1 minuto\" \/>\n<script type=\"application\/ld+json\" class=\"yoast-schema-graph\">{\"@context\":\"https:\/\/schema.org\",\"@graph\":[{\"@type\":\"WebPage\",\"@id\":\"https:\/\/giannidavico.it\/gopiedmont\/2013\/06\/05\/cose-cha-fan-to-arfugi-an-tra-ij-mont\/\",\"url\":\"https:\/\/giannidavico.it\/gopiedmont\/2013\/06\/05\/cose-cha-fan-to-arfugi-an-tra-ij-mont\/\",\"name\":\"C\u00f2se ch'a fan t\u00f2 arfugi an tra ij mont - Go Piedmont\",\"isPartOf\":{\"@id\":\"https:\/\/giannidavico.it\/gopiedmont\/#website\"},\"datePublished\":\"2013-06-05T05:00:39+00:00\",\"dateModified\":\"2014-02-12T18:42:41+00:00\",\"author\":{\"@id\":\"https:\/\/giannidavico.it\/gopiedmont\/#\/schema\/person\/ea1fd17d8f2dba325f3712219efa8f77\"},\"inLanguage\":\"it-IT\",\"potentialAction\":[{\"@type\":\"ReadAction\",\"target\":[\"https:\/\/giannidavico.it\/gopiedmont\/2013\/06\/05\/cose-cha-fan-to-arfugi-an-tra-ij-mont\/\"]}]},{\"@type\":\"WebSite\",\"@id\":\"https:\/\/giannidavico.it\/gopiedmont\/#website\",\"url\":\"https:\/\/giannidavico.it\/gopiedmont\/\",\"name\":\"Go Piedmont\",\"description\":\"pens\u00e9 dzora l\u00ecber, event e p\u00ebrson-e grop\u00e0 al Piemont e a la lenga piemont\u00e8isa\",\"potentialAction\":[{\"@type\":\"SearchAction\",\"target\":{\"@type\":\"EntryPoint\",\"urlTemplate\":\"https:\/\/giannidavico.it\/gopiedmont\/?s={search_term_string}\"},\"query-input\":\"required name=search_term_string\"}],\"inLanguage\":\"it-IT\"},{\"@type\":\"Person\",\"@id\":\"https:\/\/giannidavico.it\/gopiedmont\/#\/schema\/person\/ea1fd17d8f2dba325f3712219efa8f77\",\"name\":\"giannidavico\",\"image\":{\"@type\":\"ImageObject\",\"inLanguage\":\"it-IT\",\"@id\":\"https:\/\/giannidavico.it\/gopiedmont\/#\/schema\/person\/image\/\",\"url\":\"https:\/\/secure.gravatar.com\/avatar\/337748753d882602f3038b55fb369ba1?s=96&d=mm&r=g\",\"contentUrl\":\"https:\/\/secure.gravatar.com\/avatar\/337748753d882602f3038b55fb369ba1?s=96&d=mm&r=g\",\"caption\":\"giannidavico\"},\"url\":\"https:\/\/giannidavico.it\/gopiedmont\/author\/giannidavico\/\"}]}<\/script>\n<!-- \/ Yoast SEO plugin. -->","yoast_head_json":{"title":"C\u00f2se ch'a fan t\u00f2 arfugi an tra ij mont - Go Piedmont","robots":{"index":"index","follow":"follow","max-snippet":"max-snippet:-1","max-image-preview":"max-image-preview:large","max-video-preview":"max-video-preview:-1"},"canonical":"https:\/\/giannidavico.it\/gopiedmont\/2013\/06\/05\/cose-cha-fan-to-arfugi-an-tra-ij-mont\/","og_locale":"it_IT","og_type":"article","og_title":"C\u00f2se ch'a fan t\u00f2 arfugi an tra ij mont - Go Piedmont","og_description":"La colassion d\u00ebdnans a ca, \u00ebl sol che pian pian\u00f2t a riva, ij mont ch&#8217;at vardo maestos l\u00e0 an f\u00e0cia. \u00cbl sursoris dl\u2019eva ch&#8217;a scor ant l&#8217;arian\u00f2t p\u00f2ch p\u00ec sota, la s\u00e8ira prima &#8216;d deurme quand che tut a l&#8217;\u00e9 silensi. \u00cbl cant dj&#8217;osej a l\u2019ambrun-a, osej dij quai it vorr\u00ece sav\u00e8j \u00ebl n\u00f2m ma it sa nen. Le spasgiade, longhe opura curte a sconda dl&#8217;anv\u00eca. La fontan-a ch&#8217;a garg\u00f2ja an fond a la cort. Ij linseuj un p\u00f2ch r\u00f9vid ch&#8217;a ars\u00e8ivo toa seugn. Deurme sensa pens\u00e9 e sensa ciadel. Cal\u00e9 an pa\u00ecs, minca tant, e sentse a ca. Cat\u00e9 ant un ver neg\u00f2ssi. Taj\u00e9 l&#8217;erba, s-ciap\u00e9 &#8216;l b\u00f2sch, ambaron\u00e9 &#8216;l b\u00f2sch. Visch\u00e9 la st\u00f9a anvers s\u00e8ira, e sente la c\u00e0ud dossa ch&#8217;a anvlopa la cusin-a. \u00cbl ciusion\u00e9 d\u00ebl vent ant tra le fronde. Ij cravieuj ch&#8217;a s\u00e0uto con n\u2019agilit\u00e0 ch&#8217;at anciarma minca vira. Gieughe con toe fije, lassesse trasport\u00e9 da s\u00f2 entusiasm. \u00cbl sugn\u00e8t d\u00ebl d\u00f2p-disn\u00e0. Le ciaciarade con t\u00f2 padron \u00ebd ca, guardian \u00ebd costa t\u00e8ra malgr\u00e9 minca evidensa. Le sensassion, pens\u00e9 p\u00f2chi. Sentse a ca. Esse a ca.","og_url":"https:\/\/giannidavico.it\/gopiedmont\/2013\/06\/05\/cose-cha-fan-to-arfugi-an-tra-ij-mont\/","og_site_name":"Go Piedmont","article_published_time":"2013-06-05T05:00:39+00:00","article_modified_time":"2014-02-12T18:42:41+00:00","og_image":[{"url":"https:\/\/giannidavico.it\/brainfood\/files\/2013\/06\/rifugio-300x200.jpg"}],"author":"giannidavico","twitter_card":"summary_large_image","twitter_misc":{"Scritto da":"giannidavico","Tempo di lettura stimato":"1 minuto"},"schema":{"@context":"https:\/\/schema.org","@graph":[{"@type":"WebPage","@id":"https:\/\/giannidavico.it\/gopiedmont\/2013\/06\/05\/cose-cha-fan-to-arfugi-an-tra-ij-mont\/","url":"https:\/\/giannidavico.it\/gopiedmont\/2013\/06\/05\/cose-cha-fan-to-arfugi-an-tra-ij-mont\/","name":"C\u00f2se ch'a fan t\u00f2 arfugi an tra ij mont - Go Piedmont","isPartOf":{"@id":"https:\/\/giannidavico.it\/gopiedmont\/#website"},"datePublished":"2013-06-05T05:00:39+00:00","dateModified":"2014-02-12T18:42:41+00:00","author":{"@id":"https:\/\/giannidavico.it\/gopiedmont\/#\/schema\/person\/ea1fd17d8f2dba325f3712219efa8f77"},"inLanguage":"it-IT","potentialAction":[{"@type":"ReadAction","target":["https:\/\/giannidavico.it\/gopiedmont\/2013\/06\/05\/cose-cha-fan-to-arfugi-an-tra-ij-mont\/"]}]},{"@type":"WebSite","@id":"https:\/\/giannidavico.it\/gopiedmont\/#website","url":"https:\/\/giannidavico.it\/gopiedmont\/","name":"Go Piedmont","description":"pens\u00e9 dzora l\u00ecber, event e p\u00ebrson-e grop\u00e0 al Piemont e a la lenga piemont\u00e8isa","potentialAction":[{"@type":"SearchAction","target":{"@type":"EntryPoint","urlTemplate":"https:\/\/giannidavico.it\/gopiedmont\/?s={search_term_string}"},"query-input":"required name=search_term_string"}],"inLanguage":"it-IT"},{"@type":"Person","@id":"https:\/\/giannidavico.it\/gopiedmont\/#\/schema\/person\/ea1fd17d8f2dba325f3712219efa8f77","name":"giannidavico","image":{"@type":"ImageObject","inLanguage":"it-IT","@id":"https:\/\/giannidavico.it\/gopiedmont\/#\/schema\/person\/image\/","url":"https:\/\/secure.gravatar.com\/avatar\/337748753d882602f3038b55fb369ba1?s=96&d=mm&r=g","contentUrl":"https:\/\/secure.gravatar.com\/avatar\/337748753d882602f3038b55fb369ba1?s=96&d=mm&r=g","caption":"giannidavico"},"url":"https:\/\/giannidavico.it\/gopiedmont\/author\/giannidavico\/"}]}},"_links":{"self":[{"href":"https:\/\/giannidavico.it\/gopiedmont\/wp-json\/wp\/v2\/posts\/1746"}],"collection":[{"href":"https:\/\/giannidavico.it\/gopiedmont\/wp-json\/wp\/v2\/posts"}],"about":[{"href":"https:\/\/giannidavico.it\/gopiedmont\/wp-json\/wp\/v2\/types\/post"}],"author":[{"embeddable":true,"href":"https:\/\/giannidavico.it\/gopiedmont\/wp-json\/wp\/v2\/users\/4"}],"replies":[{"embeddable":true,"href":"https:\/\/giannidavico.it\/gopiedmont\/wp-json\/wp\/v2\/comments?post=1746"}],"version-history":[{"count":9,"href":"https:\/\/giannidavico.it\/gopiedmont\/wp-json\/wp\/v2\/posts\/1746\/revisions"}],"predecessor-version":[{"id":2167,"href":"https:\/\/giannidavico.it\/gopiedmont\/wp-json\/wp\/v2\/posts\/1746\/revisions\/2167"}],"wp:attachment":[{"href":"https:\/\/giannidavico.it\/gopiedmont\/wp-json\/wp\/v2\/media?parent=1746"}],"wp:term":[{"taxonomy":"category","embeddable":true,"href":"https:\/\/giannidavico.it\/gopiedmont\/wp-json\/wp\/v2\/categories?post=1746"},{"taxonomy":"post_tag","embeddable":true,"href":"https:\/\/giannidavico.it\/gopiedmont\/wp-json\/wp\/v2\/tags?post=1746"}],"curies":[{"name":"wp","href":"https:\/\/api.w.org\/{rel}","templated":true}]}}