{"id":1754,"date":"2013-06-12T06:00:56","date_gmt":"2013-06-12T05:00:56","guid":{"rendered":"https:\/\/giannidavico.it\/staging\/gopiedmont\/?p=1754"},"modified":"2013-12-17T14:18:00","modified_gmt":"2013-12-17T13:18:00","slug":"beppe-barberis-la-droga","status":"publish","type":"post","link":"https:\/\/giannidavico.it\/gopiedmont\/2013\/06\/12\/beppe-barberis-la-droga\/","title":{"rendered":"Beppe Barberis, La dr\u00f2ga"},"content":{"rendered":"<p>Veuj f\u00e9 &#8216;n s\u00e0ut e peui con f\u00f2ga<br \/>\ndije a chi l&#8217;\u00e9 s-ciav dla dr\u00f2ga<br \/>\nche a comincia a gir\u00e9 a Cher:<br \/>\ns\u00ec da noi l&#8217;\u00e9 nen da jer<br \/>\ne ancor meno a l&#8217;\u00e9 p\u00ebr vant,<br \/>\nma a l&#8217;\u00e9 sempe staje &#8216;d drogant<br \/>\nche a viv\u00eco sensa guai<br \/>\nmach al\u00e8rgich al travaj&#8230;<br \/>\nJ&#8217;era chi con la vos fosca<br \/>\na cantava ij t\u00f2ch dla Tosca,<br \/>\nchi p\u00ebr pud\u00e8j f\u00e9 Pasqu\u00ebtta<br \/>\na fregava na bicicl\u00ebtta,<br \/>\nchi at ciamava con deuitin<br \/>\n\u00ebd pagheje &#8216;n quart \u00ebd vin<br \/>\ne peui tuti ansema al saba<br \/>\na giravo a pij\u00e9 la paga<br \/>\nda j\u00eb sgnor \u00ebd tuta Cher<br \/>\np\u00ebr paghesse qu\u00e0ich bicer&#8230;<br \/>\nMa ij drog\u00e0 d\u00ebl di d&#8217;ancheuj<br \/>\nson bin pess, l&#8217;\u00e9 l\u00ec l&#8217;ambreuj:<br \/>\nvist da f\u00f2ra a son soagn\u00e0<br \/>\nper\u00f2 andrinta a son guast\u00e0&#8230;<br \/>\nP\u00f2vri fieuj coj ch&#8217;a barato<br \/>\ncon sta pover \u00ebd papato<br \/>\nla soa bela giovent\u00f9,<br \/>\nma i lo seve f\u00f2j fot\u00f9<br \/>\nche la vita a l&#8217;\u00e9 &#8216;n dover?<br \/>\nFeve f\u00f2rsa fieuj \u00ebd Cher!<br \/>\nSe a ve bz\u00f2gna ciam\u00e9 aiut,<br \/>\npiant\u00e9 mach la dr\u00f2ga &#8216;d brut,<br \/>\nten-e dur e auss\u00e9 la testa<br \/>\nche iv faroma tuti festa,<br \/>\nquand sareve pa p\u00ec s-ciav<br \/>\nd\u00eb sta pover na dal diav&#8230;<br \/>\nS\u00f9, scoteme; dom-je &#8216;n taj,<br \/>\nritorn\u00e9 tuti al travaj<br \/>\ne ampar\u00e9 a sudeve &#8216;l pan<br \/>\ncome a fan ij brav paisan,<br \/>\npeui gum\u00e9 con tanta f\u00f2ga<br \/>\nda scord\u00e9 sta p\u00f2rca dr\u00f2ga<br \/>\nch&#8217;av d\u00e0 mach mila assident&#8230;<br \/>\ne s\u00ebrch\u00e9 d\u00eb st\u00e9 content<br \/>\nricordand col dit profond:<br \/>\nL&#8217;ha damanca &#8216;d giovo &#8216;l mond!<br \/>\nP\u00ebr sta fiusa e v\u00f2str onor<br \/>\ndon\u00e9 gi\u00f2ja, don\u00e9 amor&#8230;<br \/>\nE a sar\u00e0 giutand \u00ebd cheur<br \/>\nchi a l&#8217;ha mach av\u00f9 &#8216;d maleur<br \/>\nch&#8217;av far\u00e0 sente &#8216;l conf\u00f2rt<br \/>\nd&#8217;esse ancora an pi\u00f2ta e f\u00f2rt!<\/p>\n<p>An s\u00ebl ch\u00e8r!<\/p>\n","protected":false},"excerpt":{"rendered":"<p>Veuj f\u00e9 &#8216;n s\u00e0ut e peui con f\u00f2ga<br \/> dije a chi l&#8217;\u00e9 s-ciav dla dr\u00f2ga<br \/> che a comincia a gir\u00e9 a Cher:<br \/> s\u00ec da noi l&#8217;\u00e9 nen da jer<br \/> e ancor meno a l&#8217;\u00e9 p\u00ebr vant,<br \/> ma a l&#8217;\u00e9 sempe staje &#8216;d drogant<br \/> che a viv\u00eco sensa guai<br \/> mach al\u00e8rgich al travaj&#8230;<br \/> J&#8217;era chi con la vos fosca<br \/> a cantava ij t\u00f2ch dla Tosca,<br \/> chi p\u00ebr pud\u00e8j f\u00e9 Pasqu\u00ebtta<br \/> a fregava na bicicl\u00ebtta,<br \/> chi at ciamava con deuitin<br \/> \u00ebd pagheje &#8216;n quart \u00ebd vin<br \/> e peui tuti ansema al saba<br \/> a giravo a pij\u00e9 la paga<br \/> da j\u00eb sgnor \u00ebd tuta Cher<br \/> p\u00ebr paghesse qu\u00e0ich bicer&#8230;<br \/> Ma ij drog\u00e0 d\u00ebl di d&#8217;ancheuj<br \/> son bin pess, l&#8217;\u00e9 l\u00ec l&#8217;ambreuj:<br \/> vist da f\u00f2ra a son soagn\u00e0<br \/> per\u00f2 andrinta a son guast\u00e0&#8230;<br \/> P\u00f2vri fieuj coj ch&#8217;a barato<br \/> con sta pover \u00ebd papato<br \/> la soa bela giovent\u00f9,<br \/> ma i lo seve f\u00f2j fot\u00f9<br \/> che la vita a l&#8217;\u00e9 &#8216;n dover?<br \/> Feve f\u00f2rsa fieuj \u00ebd Cher!<br \/> Se a ve bz\u00f2gna ciam\u00e9 aiut,<br \/> piant\u00e9 mach la dr\u00f2ga [\u2026] <a class=\"moretag\" href=\"https:\/\/giannidavico.it\/gopiedmont\/2013\/06\/12\/beppe-barberis-la-droga\/\">continua a leggere \u00bb<\/a><\/p>\n","protected":false},"author":4,"featured_media":0,"comment_status":"open","ping_status":"open","sticky":false,"template":"","format":"standard","meta":[],"categories":[130],"tags":[104],"yoast_head":"<!-- This site is optimized with the Yoast SEO plugin v19.14 - https:\/\/yoast.com\/wordpress\/plugins\/seo\/ -->\n<title>Beppe Barberis, La dr\u00f2ga - Go Piedmont<\/title>\n<meta name=\"robots\" content=\"index, follow, max-snippet:-1, max-image-preview:large, max-video-preview:-1\" \/>\n<link rel=\"canonical\" href=\"https:\/\/giannidavico.it\/gopiedmont\/2013\/06\/12\/beppe-barberis-la-droga\/\" \/>\n<meta property=\"og:locale\" content=\"it_IT\" \/>\n<meta property=\"og:type\" content=\"article\" \/>\n<meta property=\"og:title\" content=\"Beppe Barberis, La dr\u00f2ga - Go Piedmont\" \/>\n<meta property=\"og:description\" content=\"Veuj f\u00e9 &#8216;n s\u00e0ut e peui con f\u00f2ga dije a chi l&#8217;\u00e9 s-ciav dla dr\u00f2ga che a comincia a gir\u00e9 a Cher: s\u00ec da noi l&#8217;\u00e9 nen da jer e ancor meno a l&#8217;\u00e9 p\u00ebr vant, ma a l&#8217;\u00e9 sempe staje &#8216;d drogant che a viv\u00eco sensa guai mach al\u00e8rgich al travaj&#8230; J&#8217;era chi con la vos fosca a cantava ij t\u00f2ch dla Tosca, chi p\u00ebr pud\u00e8j f\u00e9 Pasqu\u00ebtta a fregava na bicicl\u00ebtta, chi at ciamava con deuitin \u00ebd pagheje &#8216;n quart \u00ebd vin e peui tuti ansema al saba a giravo a pij\u00e9 la paga da j\u00eb sgnor \u00ebd tuta Cher p\u00ebr paghesse qu\u00e0ich bicer&#8230; Ma ij drog\u00e0 d\u00ebl di d&#8217;ancheuj son bin pess, l&#8217;\u00e9 l\u00ec l&#8217;ambreuj: vist da f\u00f2ra a son soagn\u00e0 per\u00f2 andrinta a son guast\u00e0&#8230; P\u00f2vri fieuj coj ch&#8217;a barato con sta pover \u00ebd papato la soa bela giovent\u00f9, ma i lo seve f\u00f2j fot\u00f9 che la vita a l&#8217;\u00e9 &#8216;n dover? Feve f\u00f2rsa fieuj \u00ebd Cher! Se a ve bz\u00f2gna ciam\u00e9 aiut, piant\u00e9 mach la dr\u00f2ga [\u2026] continua a leggere \u00bb\" \/>\n<meta property=\"og:url\" content=\"https:\/\/giannidavico.it\/gopiedmont\/2013\/06\/12\/beppe-barberis-la-droga\/\" \/>\n<meta property=\"og:site_name\" content=\"Go Piedmont\" \/>\n<meta property=\"article:published_time\" content=\"2013-06-12T05:00:56+00:00\" \/>\n<meta property=\"article:modified_time\" content=\"2013-12-17T13:18:00+00:00\" \/>\n<meta name=\"author\" content=\"giannidavico\" \/>\n<meta name=\"twitter:card\" content=\"summary_large_image\" \/>\n<meta name=\"twitter:label1\" content=\"Scritto da\" \/>\n\t<meta name=\"twitter:data1\" content=\"giannidavico\" \/>\n\t<meta name=\"twitter:label2\" content=\"Tempo di lettura stimato\" \/>\n\t<meta name=\"twitter:data2\" content=\"2 minuti\" \/>\n<script type=\"application\/ld+json\" class=\"yoast-schema-graph\">{\"@context\":\"https:\/\/schema.org\",\"@graph\":[{\"@type\":\"WebPage\",\"@id\":\"https:\/\/giannidavico.it\/gopiedmont\/2013\/06\/12\/beppe-barberis-la-droga\/\",\"url\":\"https:\/\/giannidavico.it\/gopiedmont\/2013\/06\/12\/beppe-barberis-la-droga\/\",\"name\":\"Beppe Barberis, La dr\u00f2ga - Go Piedmont\",\"isPartOf\":{\"@id\":\"https:\/\/giannidavico.it\/gopiedmont\/#website\"},\"datePublished\":\"2013-06-12T05:00:56+00:00\",\"dateModified\":\"2013-12-17T13:18:00+00:00\",\"author\":{\"@id\":\"https:\/\/giannidavico.it\/gopiedmont\/#\/schema\/person\/ea1fd17d8f2dba325f3712219efa8f77\"},\"inLanguage\":\"it-IT\",\"potentialAction\":[{\"@type\":\"ReadAction\",\"target\":[\"https:\/\/giannidavico.it\/gopiedmont\/2013\/06\/12\/beppe-barberis-la-droga\/\"]}]},{\"@type\":\"WebSite\",\"@id\":\"https:\/\/giannidavico.it\/gopiedmont\/#website\",\"url\":\"https:\/\/giannidavico.it\/gopiedmont\/\",\"name\":\"Go Piedmont\",\"description\":\"pens\u00e9 dzora l\u00ecber, event e p\u00ebrson-e grop\u00e0 al Piemont e a la lenga piemont\u00e8isa\",\"potentialAction\":[{\"@type\":\"SearchAction\",\"target\":{\"@type\":\"EntryPoint\",\"urlTemplate\":\"https:\/\/giannidavico.it\/gopiedmont\/?s={search_term_string}\"},\"query-input\":\"required name=search_term_string\"}],\"inLanguage\":\"it-IT\"},{\"@type\":\"Person\",\"@id\":\"https:\/\/giannidavico.it\/gopiedmont\/#\/schema\/person\/ea1fd17d8f2dba325f3712219efa8f77\",\"name\":\"giannidavico\",\"image\":{\"@type\":\"ImageObject\",\"inLanguage\":\"it-IT\",\"@id\":\"https:\/\/giannidavico.it\/gopiedmont\/#\/schema\/person\/image\/\",\"url\":\"https:\/\/secure.gravatar.com\/avatar\/337748753d882602f3038b55fb369ba1?s=96&d=mm&r=g\",\"contentUrl\":\"https:\/\/secure.gravatar.com\/avatar\/337748753d882602f3038b55fb369ba1?s=96&d=mm&r=g\",\"caption\":\"giannidavico\"},\"url\":\"https:\/\/giannidavico.it\/gopiedmont\/author\/giannidavico\/\"}]}<\/script>\n<!-- \/ Yoast SEO plugin. -->","yoast_head_json":{"title":"Beppe Barberis, La dr\u00f2ga - Go Piedmont","robots":{"index":"index","follow":"follow","max-snippet":"max-snippet:-1","max-image-preview":"max-image-preview:large","max-video-preview":"max-video-preview:-1"},"canonical":"https:\/\/giannidavico.it\/gopiedmont\/2013\/06\/12\/beppe-barberis-la-droga\/","og_locale":"it_IT","og_type":"article","og_title":"Beppe Barberis, La dr\u00f2ga - Go Piedmont","og_description":"Veuj f\u00e9 &#8216;n s\u00e0ut e peui con f\u00f2ga dije a chi l&#8217;\u00e9 s-ciav dla dr\u00f2ga che a comincia a gir\u00e9 a Cher: s\u00ec da noi l&#8217;\u00e9 nen da jer e ancor meno a l&#8217;\u00e9 p\u00ebr vant, ma a l&#8217;\u00e9 sempe staje &#8216;d drogant che a viv\u00eco sensa guai mach al\u00e8rgich al travaj&#8230; J&#8217;era chi con la vos fosca a cantava ij t\u00f2ch dla Tosca, chi p\u00ebr pud\u00e8j f\u00e9 Pasqu\u00ebtta a fregava na bicicl\u00ebtta, chi at ciamava con deuitin \u00ebd pagheje &#8216;n quart \u00ebd vin e peui tuti ansema al saba a giravo a pij\u00e9 la paga da j\u00eb sgnor \u00ebd tuta Cher p\u00ebr paghesse qu\u00e0ich bicer&#8230; Ma ij drog\u00e0 d\u00ebl di d&#8217;ancheuj son bin pess, l&#8217;\u00e9 l\u00ec l&#8217;ambreuj: vist da f\u00f2ra a son soagn\u00e0 per\u00f2 andrinta a son guast\u00e0&#8230; P\u00f2vri fieuj coj ch&#8217;a barato con sta pover \u00ebd papato la soa bela giovent\u00f9, ma i lo seve f\u00f2j fot\u00f9 che la vita a l&#8217;\u00e9 &#8216;n dover? Feve f\u00f2rsa fieuj \u00ebd Cher! Se a ve bz\u00f2gna ciam\u00e9 aiut, piant\u00e9 mach la dr\u00f2ga [\u2026] continua a leggere \u00bb","og_url":"https:\/\/giannidavico.it\/gopiedmont\/2013\/06\/12\/beppe-barberis-la-droga\/","og_site_name":"Go Piedmont","article_published_time":"2013-06-12T05:00:56+00:00","article_modified_time":"2013-12-17T13:18:00+00:00","author":"giannidavico","twitter_card":"summary_large_image","twitter_misc":{"Scritto da":"giannidavico","Tempo di lettura stimato":"2 minuti"},"schema":{"@context":"https:\/\/schema.org","@graph":[{"@type":"WebPage","@id":"https:\/\/giannidavico.it\/gopiedmont\/2013\/06\/12\/beppe-barberis-la-droga\/","url":"https:\/\/giannidavico.it\/gopiedmont\/2013\/06\/12\/beppe-barberis-la-droga\/","name":"Beppe Barberis, La dr\u00f2ga - Go Piedmont","isPartOf":{"@id":"https:\/\/giannidavico.it\/gopiedmont\/#website"},"datePublished":"2013-06-12T05:00:56+00:00","dateModified":"2013-12-17T13:18:00+00:00","author":{"@id":"https:\/\/giannidavico.it\/gopiedmont\/#\/schema\/person\/ea1fd17d8f2dba325f3712219efa8f77"},"inLanguage":"it-IT","potentialAction":[{"@type":"ReadAction","target":["https:\/\/giannidavico.it\/gopiedmont\/2013\/06\/12\/beppe-barberis-la-droga\/"]}]},{"@type":"WebSite","@id":"https:\/\/giannidavico.it\/gopiedmont\/#website","url":"https:\/\/giannidavico.it\/gopiedmont\/","name":"Go Piedmont","description":"pens\u00e9 dzora l\u00ecber, event e p\u00ebrson-e grop\u00e0 al Piemont e a la lenga piemont\u00e8isa","potentialAction":[{"@type":"SearchAction","target":{"@type":"EntryPoint","urlTemplate":"https:\/\/giannidavico.it\/gopiedmont\/?s={search_term_string}"},"query-input":"required name=search_term_string"}],"inLanguage":"it-IT"},{"@type":"Person","@id":"https:\/\/giannidavico.it\/gopiedmont\/#\/schema\/person\/ea1fd17d8f2dba325f3712219efa8f77","name":"giannidavico","image":{"@type":"ImageObject","inLanguage":"it-IT","@id":"https:\/\/giannidavico.it\/gopiedmont\/#\/schema\/person\/image\/","url":"https:\/\/secure.gravatar.com\/avatar\/337748753d882602f3038b55fb369ba1?s=96&d=mm&r=g","contentUrl":"https:\/\/secure.gravatar.com\/avatar\/337748753d882602f3038b55fb369ba1?s=96&d=mm&r=g","caption":"giannidavico"},"url":"https:\/\/giannidavico.it\/gopiedmont\/author\/giannidavico\/"}]}},"_links":{"self":[{"href":"https:\/\/giannidavico.it\/gopiedmont\/wp-json\/wp\/v2\/posts\/1754"}],"collection":[{"href":"https:\/\/giannidavico.it\/gopiedmont\/wp-json\/wp\/v2\/posts"}],"about":[{"href":"https:\/\/giannidavico.it\/gopiedmont\/wp-json\/wp\/v2\/types\/post"}],"author":[{"embeddable":true,"href":"https:\/\/giannidavico.it\/gopiedmont\/wp-json\/wp\/v2\/users\/4"}],"replies":[{"embeddable":true,"href":"https:\/\/giannidavico.it\/gopiedmont\/wp-json\/wp\/v2\/comments?post=1754"}],"version-history":[{"count":6,"href":"https:\/\/giannidavico.it\/gopiedmont\/wp-json\/wp\/v2\/posts\/1754\/revisions"}],"predecessor-version":[{"id":2034,"href":"https:\/\/giannidavico.it\/gopiedmont\/wp-json\/wp\/v2\/posts\/1754\/revisions\/2034"}],"wp:attachment":[{"href":"https:\/\/giannidavico.it\/gopiedmont\/wp-json\/wp\/v2\/media?parent=1754"}],"wp:term":[{"taxonomy":"category","embeddable":true,"href":"https:\/\/giannidavico.it\/gopiedmont\/wp-json\/wp\/v2\/categories?post=1754"},{"taxonomy":"post_tag","embeddable":true,"href":"https:\/\/giannidavico.it\/gopiedmont\/wp-json\/wp\/v2\/tags?post=1754"}],"curies":[{"name":"wp","href":"https:\/\/api.w.org\/{rel}","templated":true}]}}