{"id":1761,"date":"2013-06-19T09:30:30","date_gmt":"2013-06-19T08:30:30","guid":{"rendered":"https:\/\/giannidavico.it\/staging\/gopiedmont\/?p=1761"},"modified":"2015-09-24T09:10:33","modified_gmt":"2015-09-24T08:10:33","slug":"premi-gianni-oberto-2013","status":"publish","type":"post","link":"https:\/\/giannidavico.it\/gopiedmont\/2013\/06\/19\/premi-gianni-oberto-2013\/","title":{"rendered":"Premi Gianni Oberto 2013"},"content":{"rendered":"<p>I segnal na bela oportunit\u00e0 p\u00ebr chi ch&#8217;a l&#8217;\u00e9 laureasse an literatura an tra &#8216;l 2009 e st&#8217;ann ansima a n&#8217;argoment grop\u00e0 al Piemont: \u00ebl <em>Premio Gianni Oberto 2013<\/em>.<\/p>\n<p>Tute j&#8217;anformassion a son <strike><a href=\"http:\/\/www.cr.piemonte.it\/cms\/bandi-avvisi.html\" title=\"Premio Gianni Oberto 2013\" target=\"_blank\">ambeless\u00ec<\/a><\/strike>.<\/p>\n","protected":false},"excerpt":{"rendered":"<p>I segnal na bela oportunit\u00e0 p\u00ebr chi ch&#8217;a l&#8217;\u00e9 laureasse an literatura an tra &#8216;l 2009 e st&#8217;ann ansima a n&#8217;argoment grop\u00e0 al Piemont: \u00ebl <em>Premio Gianni Oberto 2013<\/em>.<\/p>\n<p>Tute j&#8217;anformassion a son <a href=\"http:\/\/www.cr.piemonte.it\/cms\/bandi-avvisi.html\" title=\"Premio Gianni Oberto 2013\" target=\"_blank\">ambeless\u00ec<\/a>.<\/p>\n","protected":false},"author":4,"featured_media":0,"comment_status":"open","ping_status":"open","sticky":false,"template":"","format":"standard","meta":[],"categories":[130],"tags":[131],"yoast_head":"<!-- This site is optimized with the Yoast SEO plugin v19.14 - https:\/\/yoast.com\/wordpress\/plugins\/seo\/ -->\n<title>Premi Gianni Oberto 2013 - Go Piedmont<\/title>\n<meta name=\"robots\" content=\"index, follow, max-snippet:-1, max-image-preview:large, max-video-preview:-1\" \/>\n<link rel=\"canonical\" href=\"https:\/\/giannidavico.it\/gopiedmont\/2013\/06\/19\/premi-gianni-oberto-2013\/\" \/>\n<meta property=\"og:locale\" content=\"it_IT\" \/>\n<meta property=\"og:type\" content=\"article\" \/>\n<meta property=\"og:title\" content=\"Premi Gianni Oberto 2013 - Go Piedmont\" \/>\n<meta property=\"og:description\" content=\"I segnal na bela oportunit\u00e0 p\u00ebr chi ch&#8217;a l&#8217;\u00e9 laureasse an literatura an tra &#8216;l 2009 e st&#8217;ann ansima a n&#8217;argoment grop\u00e0 al Piemont: \u00ebl Premio Gianni Oberto 2013. Tute j&#8217;anformassion a son ambeless\u00ec.\" \/>\n<meta property=\"og:url\" content=\"https:\/\/giannidavico.it\/gopiedmont\/2013\/06\/19\/premi-gianni-oberto-2013\/\" \/>\n<meta property=\"og:site_name\" content=\"Go Piedmont\" \/>\n<meta property=\"article:published_time\" content=\"2013-06-19T08:30:30+00:00\" \/>\n<meta property=\"article:modified_time\" content=\"2015-09-24T08:10:33+00:00\" \/>\n<meta name=\"author\" content=\"giannidavico\" \/>\n<meta name=\"twitter:card\" content=\"summary_large_image\" \/>\n<meta name=\"twitter:label1\" content=\"Scritto da\" \/>\n\t<meta name=\"twitter:data1\" content=\"giannidavico\" \/>\n<script type=\"application\/ld+json\" class=\"yoast-schema-graph\">{\"@context\":\"https:\/\/schema.org\",\"@graph\":[{\"@type\":\"WebPage\",\"@id\":\"https:\/\/giannidavico.it\/gopiedmont\/2013\/06\/19\/premi-gianni-oberto-2013\/\",\"url\":\"https:\/\/giannidavico.it\/gopiedmont\/2013\/06\/19\/premi-gianni-oberto-2013\/\",\"name\":\"Premi Gianni Oberto 2013 - Go Piedmont\",\"isPartOf\":{\"@id\":\"https:\/\/giannidavico.it\/gopiedmont\/#website\"},\"datePublished\":\"2013-06-19T08:30:30+00:00\",\"dateModified\":\"2015-09-24T08:10:33+00:00\",\"author\":{\"@id\":\"https:\/\/giannidavico.it\/gopiedmont\/#\/schema\/person\/ea1fd17d8f2dba325f3712219efa8f77\"},\"inLanguage\":\"it-IT\",\"potentialAction\":[{\"@type\":\"ReadAction\",\"target\":[\"https:\/\/giannidavico.it\/gopiedmont\/2013\/06\/19\/premi-gianni-oberto-2013\/\"]}]},{\"@type\":\"WebSite\",\"@id\":\"https:\/\/giannidavico.it\/gopiedmont\/#website\",\"url\":\"https:\/\/giannidavico.it\/gopiedmont\/\",\"name\":\"Go Piedmont\",\"description\":\"pens\u00e9 dzora l\u00ecber, event e p\u00ebrson-e grop\u00e0 al Piemont e a la lenga piemont\u00e8isa\",\"potentialAction\":[{\"@type\":\"SearchAction\",\"target\":{\"@type\":\"EntryPoint\",\"urlTemplate\":\"https:\/\/giannidavico.it\/gopiedmont\/?s={search_term_string}\"},\"query-input\":\"required name=search_term_string\"}],\"inLanguage\":\"it-IT\"},{\"@type\":\"Person\",\"@id\":\"https:\/\/giannidavico.it\/gopiedmont\/#\/schema\/person\/ea1fd17d8f2dba325f3712219efa8f77\",\"name\":\"giannidavico\",\"image\":{\"@type\":\"ImageObject\",\"inLanguage\":\"it-IT\",\"@id\":\"https:\/\/giannidavico.it\/gopiedmont\/#\/schema\/person\/image\/\",\"url\":\"https:\/\/secure.gravatar.com\/avatar\/337748753d882602f3038b55fb369ba1?s=96&d=mm&r=g\",\"contentUrl\":\"https:\/\/secure.gravatar.com\/avatar\/337748753d882602f3038b55fb369ba1?s=96&d=mm&r=g\",\"caption\":\"giannidavico\"},\"url\":\"https:\/\/giannidavico.it\/gopiedmont\/author\/giannidavico\/\"}]}<\/script>\n<!-- \/ Yoast SEO plugin. -->","yoast_head_json":{"title":"Premi Gianni Oberto 2013 - Go Piedmont","robots":{"index":"index","follow":"follow","max-snippet":"max-snippet:-1","max-image-preview":"max-image-preview:large","max-video-preview":"max-video-preview:-1"},"canonical":"https:\/\/giannidavico.it\/gopiedmont\/2013\/06\/19\/premi-gianni-oberto-2013\/","og_locale":"it_IT","og_type":"article","og_title":"Premi Gianni Oberto 2013 - Go Piedmont","og_description":"I segnal na bela oportunit\u00e0 p\u00ebr chi ch&#8217;a l&#8217;\u00e9 laureasse an literatura an tra &#8216;l 2009 e st&#8217;ann ansima a n&#8217;argoment grop\u00e0 al Piemont: \u00ebl Premio Gianni Oberto 2013. Tute j&#8217;anformassion a son ambeless\u00ec.","og_url":"https:\/\/giannidavico.it\/gopiedmont\/2013\/06\/19\/premi-gianni-oberto-2013\/","og_site_name":"Go Piedmont","article_published_time":"2013-06-19T08:30:30+00:00","article_modified_time":"2015-09-24T08:10:33+00:00","author":"giannidavico","twitter_card":"summary_large_image","twitter_misc":{"Scritto da":"giannidavico"},"schema":{"@context":"https:\/\/schema.org","@graph":[{"@type":"WebPage","@id":"https:\/\/giannidavico.it\/gopiedmont\/2013\/06\/19\/premi-gianni-oberto-2013\/","url":"https:\/\/giannidavico.it\/gopiedmont\/2013\/06\/19\/premi-gianni-oberto-2013\/","name":"Premi Gianni Oberto 2013 - Go Piedmont","isPartOf":{"@id":"https:\/\/giannidavico.it\/gopiedmont\/#website"},"datePublished":"2013-06-19T08:30:30+00:00","dateModified":"2015-09-24T08:10:33+00:00","author":{"@id":"https:\/\/giannidavico.it\/gopiedmont\/#\/schema\/person\/ea1fd17d8f2dba325f3712219efa8f77"},"inLanguage":"it-IT","potentialAction":[{"@type":"ReadAction","target":["https:\/\/giannidavico.it\/gopiedmont\/2013\/06\/19\/premi-gianni-oberto-2013\/"]}]},{"@type":"WebSite","@id":"https:\/\/giannidavico.it\/gopiedmont\/#website","url":"https:\/\/giannidavico.it\/gopiedmont\/","name":"Go Piedmont","description":"pens\u00e9 dzora l\u00ecber, event e p\u00ebrson-e grop\u00e0 al Piemont e a la lenga piemont\u00e8isa","potentialAction":[{"@type":"SearchAction","target":{"@type":"EntryPoint","urlTemplate":"https:\/\/giannidavico.it\/gopiedmont\/?s={search_term_string}"},"query-input":"required name=search_term_string"}],"inLanguage":"it-IT"},{"@type":"Person","@id":"https:\/\/giannidavico.it\/gopiedmont\/#\/schema\/person\/ea1fd17d8f2dba325f3712219efa8f77","name":"giannidavico","image":{"@type":"ImageObject","inLanguage":"it-IT","@id":"https:\/\/giannidavico.it\/gopiedmont\/#\/schema\/person\/image\/","url":"https:\/\/secure.gravatar.com\/avatar\/337748753d882602f3038b55fb369ba1?s=96&d=mm&r=g","contentUrl":"https:\/\/secure.gravatar.com\/avatar\/337748753d882602f3038b55fb369ba1?s=96&d=mm&r=g","caption":"giannidavico"},"url":"https:\/\/giannidavico.it\/gopiedmont\/author\/giannidavico\/"}]}},"_links":{"self":[{"href":"https:\/\/giannidavico.it\/gopiedmont\/wp-json\/wp\/v2\/posts\/1761"}],"collection":[{"href":"https:\/\/giannidavico.it\/gopiedmont\/wp-json\/wp\/v2\/posts"}],"about":[{"href":"https:\/\/giannidavico.it\/gopiedmont\/wp-json\/wp\/v2\/types\/post"}],"author":[{"embeddable":true,"href":"https:\/\/giannidavico.it\/gopiedmont\/wp-json\/wp\/v2\/users\/4"}],"replies":[{"embeddable":true,"href":"https:\/\/giannidavico.it\/gopiedmont\/wp-json\/wp\/v2\/comments?post=1761"}],"version-history":[{"count":4,"href":"https:\/\/giannidavico.it\/gopiedmont\/wp-json\/wp\/v2\/posts\/1761\/revisions"}],"predecessor-version":[{"id":3116,"href":"https:\/\/giannidavico.it\/gopiedmont\/wp-json\/wp\/v2\/posts\/1761\/revisions\/3116"}],"wp:attachment":[{"href":"https:\/\/giannidavico.it\/gopiedmont\/wp-json\/wp\/v2\/media?parent=1761"}],"wp:term":[{"taxonomy":"category","embeddable":true,"href":"https:\/\/giannidavico.it\/gopiedmont\/wp-json\/wp\/v2\/categories?post=1761"},{"taxonomy":"post_tag","embeddable":true,"href":"https:\/\/giannidavico.it\/gopiedmont\/wp-json\/wp\/v2\/tags?post=1761"}],"curies":[{"name":"wp","href":"https:\/\/api.w.org\/{rel}","templated":true}]}}