{"id":1776,"date":"2013-07-03T06:00:08","date_gmt":"2013-07-03T05:00:08","guid":{"rendered":"https:\/\/giannidavico.it\/staging\/gopiedmont\/?p=1776"},"modified":"2013-07-02T15:05:36","modified_gmt":"2013-07-02T14:05:36","slug":"beppe-barberis-la-freisa-d-cher","status":"publish","type":"post","link":"https:\/\/giannidavico.it\/gopiedmont\/2013\/07\/03\/beppe-barberis-la-freisa-d-cher\/","title":{"rendered":"Beppe Barberis, La fr\u00e8isa &#8216;d Cher"},"content":{"rendered":"<p>T\u00f2st i veuj saut\u00e9 an dif\u00e8isa<br \/>\n\u00ebd col vin ch&#8217;a l&#8217;ha n\u00f2m Fr\u00e8isa<br \/>\ne as produv antorn a Cher,<br \/>\nvin brios, gustos, sincer&#8230;<br \/>\nC\u00f2sa a-j taca a sti monfrin<br \/>\nd&#8217;and\u00e9 an gir a d\u00ec che &#8216;s vin<br \/>\na l&#8217;\u00e9 mach coma ch&#8217;as deuv,<br \/>\nquand a ven da Castelneuv?<br \/>\nMa schersoma? Sente amis,<br \/>\nfin che iv feve &#8216;l servel gris<br \/>\np\u00ebr truv\u00e9 m\u00f2da e manera<br \/>\n\u00ebd laud\u00e9 v\u00f2stra Barbera,<br \/>\nnoi i l&#8217;oma pa da d\u00ec&#8230;<br \/>\nPer\u00f2 quand da farinej<br \/>\ntoche &#8216;l vin dij n\u00f2stri Vej,<br \/>\narogandve la pret\u00e8isa<br \/>\nd&#8217;esse j&#8217;inventor dla Fr\u00e8isa,<br \/>\nscus\u00e9 tant gent d\u00ebl Monfr\u00e0,<br \/>\nma stav\u00f2lta i-i soma pa.<br \/>\nF\u00e9 atension e scot\u00e9 bin,<br \/>\nche la st\u00f2ria &#8216;d cost bon vin<br \/>\niv la fiche a la p\u00ec lesta<br \/>\nbin piant\u00e0 drinta la testa.<br \/>\nL&#8217;\u00e9 da secoj che s\u00ec a Cher<br \/>\nas produv cost vin sincer,<br \/>\ndoss o s\u00e8ch, sempe bocant;<br \/>\nporta an t\u00e0ula a l&#8217;\u00e9 n&#8217;incant<br \/>\nch&#8217;a sa d\u00e9 g\u00f2j e gig\u00e8t&#8230;<br \/>\nCara gent, cost l&#8217;\u00e9 vin s-c\u00e8t<br \/>\nverament da intenditor<br \/>\nche confonde a venta pa<br \/>\ncon la Fr\u00e8isa d\u00ebl Monfr\u00e0&#8230;<br \/>\nComsess\u00eca riv\u00e0 a la fin<br \/>\nchi a veul b\u00e8ive d\u00ebl bon vin,<br \/>\na deuv nen guard\u00e9 a la sp\u00e8isa,<br \/>\nma cat\u00e9 dla bon-a Fr\u00e8isa,<br \/>\nche lo crijo al mond anter:<br \/>\nsar\u00e0 sempe cola &#8216;d Cher!<\/p>\n<p>An s\u00ebl ch\u00e8r!<\/p>\n","protected":false},"excerpt":{"rendered":"<p>T\u00f2st i veuj saut\u00e9 an dif\u00e8isa<br \/> \u00ebd col vin ch&#8217;a l&#8217;ha n\u00f2m Fr\u00e8isa<br \/> e as produv antorn a Cher,<br \/> vin brios, gustos, sincer&#8230;<br \/> C\u00f2sa a-j taca a sti monfrin<br \/> d&#8217;and\u00e9 an gir a d\u00ec che &#8216;s vin<br \/> a l&#8217;\u00e9 mach coma ch&#8217;as deuv,<br \/> quand a ven da Castelneuv?<br \/> Ma schersoma? Sente amis,<br \/> fin che iv feve &#8216;l servel gris<br \/> p\u00ebr truv\u00e9 m\u00f2da e manera<br \/> \u00ebd laud\u00e9 v\u00f2stra Barbera,<br \/> noi i l&#8217;oma pa da d\u00ec&#8230;<br \/> Per\u00f2 quand da farinej<br \/> toche &#8216;l vin dij n\u00f2stri Vej,<br \/> arogandve la pret\u00e8isa<br \/> d&#8217;esse j&#8217;inventor dla Fr\u00e8isa,<br \/> scus\u00e9 tant gent d\u00ebl Monfr\u00e0,<br \/> ma stav\u00f2lta i-i soma pa.<br \/> F\u00e9 atension e scot\u00e9 bin,<br \/> che la st\u00f2ria &#8216;d cost bon vin<br \/> iv la fiche a la p\u00ec lesta<br \/> bin piant\u00e0 drinta la testa.<br \/> L&#8217;\u00e9 da secoj che s\u00ec a Cher<br \/> as produv cost vin sincer,<br \/> doss o s\u00e8ch, sempe bocant;<br \/> porta an t\u00e0ula a l&#8217;\u00e9 n&#8217;incant<br \/> ch&#8217;a sa d\u00e9 g\u00f2j e gig\u00e8t&#8230;<br \/> Cara gent, cost l&#8217;\u00e9 vin s-c\u00e8t<br \/> verament da intenditor<br \/> che confonde a venta pa<br \/> con [\u2026] <a class=\"moretag\" href=\"https:\/\/giannidavico.it\/gopiedmont\/2013\/07\/03\/beppe-barberis-la-freisa-d-cher\/\">continua a leggere \u00bb<\/a><\/p>\n","protected":false},"author":4,"featured_media":0,"comment_status":"open","ping_status":"open","sticky":false,"template":"","format":"standard","meta":[],"categories":[130],"tags":[104],"yoast_head":"<!-- This site is optimized with the Yoast SEO plugin v19.14 - https:\/\/yoast.com\/wordpress\/plugins\/seo\/ -->\n<title>Beppe Barberis, La fr\u00e8isa &#039;d Cher - Go Piedmont<\/title>\n<meta name=\"robots\" content=\"index, follow, max-snippet:-1, max-image-preview:large, max-video-preview:-1\" \/>\n<link rel=\"canonical\" href=\"https:\/\/giannidavico.it\/gopiedmont\/2013\/07\/03\/beppe-barberis-la-freisa-d-cher\/\" \/>\n<meta property=\"og:locale\" content=\"it_IT\" \/>\n<meta property=\"og:type\" content=\"article\" \/>\n<meta property=\"og:title\" content=\"Beppe Barberis, La fr\u00e8isa &#039;d Cher - Go Piedmont\" \/>\n<meta property=\"og:description\" content=\"T\u00f2st i veuj saut\u00e9 an dif\u00e8isa \u00ebd col vin ch&#8217;a l&#8217;ha n\u00f2m Fr\u00e8isa e as produv antorn a Cher, vin brios, gustos, sincer&#8230; C\u00f2sa a-j taca a sti monfrin d&#8217;and\u00e9 an gir a d\u00ec che &#8216;s vin a l&#8217;\u00e9 mach coma ch&#8217;as deuv, quand a ven da Castelneuv? Ma schersoma? Sente amis, fin che iv feve &#8216;l servel gris p\u00ebr truv\u00e9 m\u00f2da e manera \u00ebd laud\u00e9 v\u00f2stra Barbera, noi i l&#8217;oma pa da d\u00ec&#8230; Per\u00f2 quand da farinej toche &#8216;l vin dij n\u00f2stri Vej, arogandve la pret\u00e8isa d&#8217;esse j&#8217;inventor dla Fr\u00e8isa, scus\u00e9 tant gent d\u00ebl Monfr\u00e0, ma stav\u00f2lta i-i soma pa. F\u00e9 atension e scot\u00e9 bin, che la st\u00f2ria &#8216;d cost bon vin iv la fiche a la p\u00ec lesta bin piant\u00e0 drinta la testa. L&#8217;\u00e9 da secoj che s\u00ec a Cher as produv cost vin sincer, doss o s\u00e8ch, sempe bocant; porta an t\u00e0ula a l&#8217;\u00e9 n&#8217;incant ch&#8217;a sa d\u00e9 g\u00f2j e gig\u00e8t&#8230; Cara gent, cost l&#8217;\u00e9 vin s-c\u00e8t verament da intenditor che confonde a venta pa con [\u2026] continua a leggere \u00bb\" \/>\n<meta property=\"og:url\" content=\"https:\/\/giannidavico.it\/gopiedmont\/2013\/07\/03\/beppe-barberis-la-freisa-d-cher\/\" \/>\n<meta property=\"og:site_name\" content=\"Go Piedmont\" \/>\n<meta property=\"article:published_time\" content=\"2013-07-03T05:00:08+00:00\" \/>\n<meta property=\"article:modified_time\" content=\"2013-07-02T14:05:36+00:00\" \/>\n<meta name=\"author\" content=\"giannidavico\" \/>\n<meta name=\"twitter:card\" content=\"summary_large_image\" \/>\n<meta name=\"twitter:label1\" content=\"Scritto da\" \/>\n\t<meta name=\"twitter:data1\" content=\"giannidavico\" \/>\n\t<meta name=\"twitter:label2\" content=\"Tempo di lettura stimato\" \/>\n\t<meta name=\"twitter:data2\" content=\"1 minuto\" \/>\n<script type=\"application\/ld+json\" class=\"yoast-schema-graph\">{\"@context\":\"https:\/\/schema.org\",\"@graph\":[{\"@type\":\"WebPage\",\"@id\":\"https:\/\/giannidavico.it\/gopiedmont\/2013\/07\/03\/beppe-barberis-la-freisa-d-cher\/\",\"url\":\"https:\/\/giannidavico.it\/gopiedmont\/2013\/07\/03\/beppe-barberis-la-freisa-d-cher\/\",\"name\":\"Beppe Barberis, La fr\u00e8isa 'd Cher - Go Piedmont\",\"isPartOf\":{\"@id\":\"https:\/\/giannidavico.it\/gopiedmont\/#website\"},\"datePublished\":\"2013-07-03T05:00:08+00:00\",\"dateModified\":\"2013-07-02T14:05:36+00:00\",\"author\":{\"@id\":\"https:\/\/giannidavico.it\/gopiedmont\/#\/schema\/person\/ea1fd17d8f2dba325f3712219efa8f77\"},\"inLanguage\":\"it-IT\",\"potentialAction\":[{\"@type\":\"ReadAction\",\"target\":[\"https:\/\/giannidavico.it\/gopiedmont\/2013\/07\/03\/beppe-barberis-la-freisa-d-cher\/\"]}]},{\"@type\":\"WebSite\",\"@id\":\"https:\/\/giannidavico.it\/gopiedmont\/#website\",\"url\":\"https:\/\/giannidavico.it\/gopiedmont\/\",\"name\":\"Go Piedmont\",\"description\":\"pens\u00e9 dzora l\u00ecber, event e p\u00ebrson-e grop\u00e0 al Piemont e a la lenga piemont\u00e8isa\",\"potentialAction\":[{\"@type\":\"SearchAction\",\"target\":{\"@type\":\"EntryPoint\",\"urlTemplate\":\"https:\/\/giannidavico.it\/gopiedmont\/?s={search_term_string}\"},\"query-input\":\"required name=search_term_string\"}],\"inLanguage\":\"it-IT\"},{\"@type\":\"Person\",\"@id\":\"https:\/\/giannidavico.it\/gopiedmont\/#\/schema\/person\/ea1fd17d8f2dba325f3712219efa8f77\",\"name\":\"giannidavico\",\"image\":{\"@type\":\"ImageObject\",\"inLanguage\":\"it-IT\",\"@id\":\"https:\/\/giannidavico.it\/gopiedmont\/#\/schema\/person\/image\/\",\"url\":\"https:\/\/secure.gravatar.com\/avatar\/337748753d882602f3038b55fb369ba1?s=96&d=mm&r=g\",\"contentUrl\":\"https:\/\/secure.gravatar.com\/avatar\/337748753d882602f3038b55fb369ba1?s=96&d=mm&r=g\",\"caption\":\"giannidavico\"},\"url\":\"https:\/\/giannidavico.it\/gopiedmont\/author\/giannidavico\/\"}]}<\/script>\n<!-- \/ Yoast SEO plugin. -->","yoast_head_json":{"title":"Beppe Barberis, La fr\u00e8isa 'd Cher - Go Piedmont","robots":{"index":"index","follow":"follow","max-snippet":"max-snippet:-1","max-image-preview":"max-image-preview:large","max-video-preview":"max-video-preview:-1"},"canonical":"https:\/\/giannidavico.it\/gopiedmont\/2013\/07\/03\/beppe-barberis-la-freisa-d-cher\/","og_locale":"it_IT","og_type":"article","og_title":"Beppe Barberis, La fr\u00e8isa 'd Cher - Go Piedmont","og_description":"T\u00f2st i veuj saut\u00e9 an dif\u00e8isa \u00ebd col vin ch&#8217;a l&#8217;ha n\u00f2m Fr\u00e8isa e as produv antorn a Cher, vin brios, gustos, sincer&#8230; C\u00f2sa a-j taca a sti monfrin d&#8217;and\u00e9 an gir a d\u00ec che &#8216;s vin a l&#8217;\u00e9 mach coma ch&#8217;as deuv, quand a ven da Castelneuv? Ma schersoma? Sente amis, fin che iv feve &#8216;l servel gris p\u00ebr truv\u00e9 m\u00f2da e manera \u00ebd laud\u00e9 v\u00f2stra Barbera, noi i l&#8217;oma pa da d\u00ec&#8230; Per\u00f2 quand da farinej toche &#8216;l vin dij n\u00f2stri Vej, arogandve la pret\u00e8isa d&#8217;esse j&#8217;inventor dla Fr\u00e8isa, scus\u00e9 tant gent d\u00ebl Monfr\u00e0, ma stav\u00f2lta i-i soma pa. F\u00e9 atension e scot\u00e9 bin, che la st\u00f2ria &#8216;d cost bon vin iv la fiche a la p\u00ec lesta bin piant\u00e0 drinta la testa. L&#8217;\u00e9 da secoj che s\u00ec a Cher as produv cost vin sincer, doss o s\u00e8ch, sempe bocant; porta an t\u00e0ula a l&#8217;\u00e9 n&#8217;incant ch&#8217;a sa d\u00e9 g\u00f2j e gig\u00e8t&#8230; Cara gent, cost l&#8217;\u00e9 vin s-c\u00e8t verament da intenditor che confonde a venta pa con [\u2026] continua a leggere \u00bb","og_url":"https:\/\/giannidavico.it\/gopiedmont\/2013\/07\/03\/beppe-barberis-la-freisa-d-cher\/","og_site_name":"Go Piedmont","article_published_time":"2013-07-03T05:00:08+00:00","article_modified_time":"2013-07-02T14:05:36+00:00","author":"giannidavico","twitter_card":"summary_large_image","twitter_misc":{"Scritto da":"giannidavico","Tempo di lettura stimato":"1 minuto"},"schema":{"@context":"https:\/\/schema.org","@graph":[{"@type":"WebPage","@id":"https:\/\/giannidavico.it\/gopiedmont\/2013\/07\/03\/beppe-barberis-la-freisa-d-cher\/","url":"https:\/\/giannidavico.it\/gopiedmont\/2013\/07\/03\/beppe-barberis-la-freisa-d-cher\/","name":"Beppe Barberis, La fr\u00e8isa 'd Cher - Go Piedmont","isPartOf":{"@id":"https:\/\/giannidavico.it\/gopiedmont\/#website"},"datePublished":"2013-07-03T05:00:08+00:00","dateModified":"2013-07-02T14:05:36+00:00","author":{"@id":"https:\/\/giannidavico.it\/gopiedmont\/#\/schema\/person\/ea1fd17d8f2dba325f3712219efa8f77"},"inLanguage":"it-IT","potentialAction":[{"@type":"ReadAction","target":["https:\/\/giannidavico.it\/gopiedmont\/2013\/07\/03\/beppe-barberis-la-freisa-d-cher\/"]}]},{"@type":"WebSite","@id":"https:\/\/giannidavico.it\/gopiedmont\/#website","url":"https:\/\/giannidavico.it\/gopiedmont\/","name":"Go Piedmont","description":"pens\u00e9 dzora l\u00ecber, event e p\u00ebrson-e grop\u00e0 al Piemont e a la lenga piemont\u00e8isa","potentialAction":[{"@type":"SearchAction","target":{"@type":"EntryPoint","urlTemplate":"https:\/\/giannidavico.it\/gopiedmont\/?s={search_term_string}"},"query-input":"required name=search_term_string"}],"inLanguage":"it-IT"},{"@type":"Person","@id":"https:\/\/giannidavico.it\/gopiedmont\/#\/schema\/person\/ea1fd17d8f2dba325f3712219efa8f77","name":"giannidavico","image":{"@type":"ImageObject","inLanguage":"it-IT","@id":"https:\/\/giannidavico.it\/gopiedmont\/#\/schema\/person\/image\/","url":"https:\/\/secure.gravatar.com\/avatar\/337748753d882602f3038b55fb369ba1?s=96&d=mm&r=g","contentUrl":"https:\/\/secure.gravatar.com\/avatar\/337748753d882602f3038b55fb369ba1?s=96&d=mm&r=g","caption":"giannidavico"},"url":"https:\/\/giannidavico.it\/gopiedmont\/author\/giannidavico\/"}]}},"_links":{"self":[{"href":"https:\/\/giannidavico.it\/gopiedmont\/wp-json\/wp\/v2\/posts\/1776"}],"collection":[{"href":"https:\/\/giannidavico.it\/gopiedmont\/wp-json\/wp\/v2\/posts"}],"about":[{"href":"https:\/\/giannidavico.it\/gopiedmont\/wp-json\/wp\/v2\/types\/post"}],"author":[{"embeddable":true,"href":"https:\/\/giannidavico.it\/gopiedmont\/wp-json\/wp\/v2\/users\/4"}],"replies":[{"embeddable":true,"href":"https:\/\/giannidavico.it\/gopiedmont\/wp-json\/wp\/v2\/comments?post=1776"}],"version-history":[{"count":5,"href":"https:\/\/giannidavico.it\/gopiedmont\/wp-json\/wp\/v2\/posts\/1776\/revisions"}],"predecessor-version":[{"id":1782,"href":"https:\/\/giannidavico.it\/gopiedmont\/wp-json\/wp\/v2\/posts\/1776\/revisions\/1782"}],"wp:attachment":[{"href":"https:\/\/giannidavico.it\/gopiedmont\/wp-json\/wp\/v2\/media?parent=1776"}],"wp:term":[{"taxonomy":"category","embeddable":true,"href":"https:\/\/giannidavico.it\/gopiedmont\/wp-json\/wp\/v2\/categories?post=1776"},{"taxonomy":"post_tag","embeddable":true,"href":"https:\/\/giannidavico.it\/gopiedmont\/wp-json\/wp\/v2\/tags?post=1776"}],"curies":[{"name":"wp","href":"https:\/\/api.w.org\/{rel}","templated":true}]}}