{"id":1811,"date":"2013-07-31T06:00:46","date_gmt":"2013-07-31T05:00:46","guid":{"rendered":"https:\/\/giannidavico.it\/staging\/gopiedmont\/?p=1811"},"modified":"2013-12-17T14:17:08","modified_gmt":"2013-12-17T13:17:08","slug":"en-toch-en-montomaleis","status":"publish","type":"post","link":"https:\/\/giannidavico.it\/gopiedmont\/2013\/07\/31\/en-toch-en-montomaleis\/","title":{"rendered":"\u00cbn t\u00f2ch \u00ebn montomal\u00e8is"},"content":{"rendered":"<p><a href=\"https:\/\/giannidavico.it\/gopiedmont\/files\/2013\/07\/montagne.jpg\"><img loading=\"lazy\" src=\"https:\/\/giannidavico.it\/gopiedmont\/files\/2013\/07\/montagne-300x225.jpg\" alt=\"montagne\" width=\"300\" height=\"225\" class=\"alignright size-medium wp-image-1812\" srcset=\"https:\/\/giannidavico.it\/gopiedmont\/files\/2013\/07\/montagne-300x225.jpg 300w, https:\/\/giannidavico.it\/gopiedmont\/files\/2013\/07\/montagne.jpg 640w\" sizes=\"(max-width: 300px) 100vw, 300px\" \/><\/a><br \/>\nCh\u00ebst p\u00f2st a l&#8217;\u00e9 na preuva de scritura an la lenga che se parla da coste bande (<a href=\"http:\/\/www.comune.montemale.cn.it\/\" title=\"Comune di Montemale di Cuneo\" target=\"_blank\">Montomal<\/a>). Se fon rij ciam \u00ebscusa, ma an ch\u00ebsti b\u00f2sch am ven p\u00ec facil pens\u00e9 a tute le smerse \u2018d piemont\u00e8is coma na lenga sola, ne sbuf de vent \u00f9nich. E peui <em>when in Montemale di Cuneo do as Montemaleans do<\/em>, podr\u00eco d\u00ec.<\/p>\n<p>A ist\u00e9 s\u00ec, \u00ebn mes a coste montagne, l\u2019aria sclinta e ci\u00e0ira, tra ij cit che se desmuro, a senti lenghe che se mes-cio \u2018n manera natural, it sentes cus\u00eca a c\u00f2l la descrission de <a href=\"https:\/\/www.facebook.com\/pecoraneralibro\" title=\"pecoranera\" target=\"_blank\">pecoranera<\/a>:<\/p>\n<blockquote><p>Quando si inizia a essere la propria idea non c\u2019\u00e8 pi\u00f9 necessit\u00e0 di parlarne, di farne propaganda, di urlarla addosso al mondo. Eccomi, sono qua a coltivare i miei pomodori, era questo che aveva sostituito le infinite discussioni sui massimi sistemi. Quel che avrei da dirvi lo sto facendo.<\/p><\/blockquote>\n<p>Servo nen tante par\u00f2le, s\u00ec i-\u00e9 gi\u00e0 tut (<em>tomatoes included<\/em>). Vivi ch\u00ebsti moment l\u2019\u00e9 p\u00ec \u2018mportant che scrivne. \u00d2h giacche.<\/p>\n","protected":false},"excerpt":{"rendered":"<p><a href=\"https:\/\/giannidavico.it\/gopiedmont\/files\/2013\/07\/montagne.jpg\"><img loading=\"lazy\" src=\"https:\/\/giannidavico.it\/gopiedmont\/files\/2013\/07\/montagne-300x225.jpg\" alt=\"montagne\" width=\"300\" height=\"225\" class=\"alignright size-medium wp-image-1812\" srcset=\"https:\/\/giannidavico.it\/gopiedmont\/files\/2013\/07\/montagne-300x225.jpg 300w, https:\/\/giannidavico.it\/gopiedmont\/files\/2013\/07\/montagne.jpg 640w\" sizes=\"(max-width: 300px) 100vw, 300px\" \/><\/a><br \/> Ch\u00ebst p\u00f2st a l&#8217;\u00e9 na preuva de scritura an la lenga che se parla da coste bande (<a href=\"http:\/\/www.comune.montemale.cn.it\/\" title=\"Comune di Montemale di Cuneo\" target=\"_blank\">Montomal<\/a>). Se fon rij ciam \u00ebscusa, ma an ch\u00ebsti b\u00f2sch am ven p\u00ec facil pens\u00e9 a tute le smerse \u2018d piemont\u00e8is coma na lenga sola, ne sbuf de vent \u00f9nich. E peui <em>when in Montemale di Cuneo do as Montemaleans do<\/em>, podr\u00eco d\u00ec.<\/p>\n<p>A ist\u00e9 s\u00ec, \u00ebn mes a coste montagne, l\u2019aria sclinta e ci\u00e0ira, tra ij cit che se desmuro, a senti lenghe che se mes-cio \u2018n manera natural, it sentes cus\u00eca a c\u00f2l la descrission de <a href=\"https:\/\/www.facebook.com\/pecoraneralibro\" title=\"pecoranera\" target=\"_blank\">pecoranera<\/a>:<\/p>\n<p>Quando si inizia a essere la propria idea non c\u2019\u00e8 pi\u00f9 necessit\u00e0 di parlarne, di farne propaganda, di urlarla addosso al mondo. Eccomi, sono qua a coltivare i miei pomodori, era questo che aveva sostituito le infinite discussioni sui massimi sistemi. Quel che avrei da dirvi lo sto facendo.<\/p>\n<p>Servo nen tante par\u00f2le, s\u00ec i-\u00e9 gi\u00e0 tut (<em>tomatoes included<\/em>). Vivi ch\u00ebsti moment l\u2019\u00e9 p\u00ec \u2018mportant che scrivne. \u00d2h giacche.<\/p>\n","protected":false},"author":4,"featured_media":0,"comment_status":"open","ping_status":"open","sticky":false,"template":"","format":"standard","meta":[],"categories":[130],"tags":[4020],"yoast_head":"<!-- This site is optimized with the Yoast SEO plugin v19.14 - https:\/\/yoast.com\/wordpress\/plugins\/seo\/ -->\n<title>\u00cbn t\u00f2ch \u00ebn montomal\u00e8is - Go Piedmont<\/title>\n<meta name=\"robots\" content=\"index, follow, max-snippet:-1, max-image-preview:large, max-video-preview:-1\" \/>\n<link rel=\"canonical\" href=\"https:\/\/giannidavico.it\/gopiedmont\/2013\/07\/31\/en-toch-en-montomaleis\/\" \/>\n<meta property=\"og:locale\" content=\"it_IT\" \/>\n<meta property=\"og:type\" content=\"article\" \/>\n<meta property=\"og:title\" content=\"\u00cbn t\u00f2ch \u00ebn montomal\u00e8is - Go Piedmont\" \/>\n<meta property=\"og:description\" content=\"Ch\u00ebst p\u00f2st a l&#8217;\u00e9 na preuva de scritura an la lenga che se parla da coste bande (Montomal). Se fon rij ciam \u00ebscusa, ma an ch\u00ebsti b\u00f2sch am ven p\u00ec facil pens\u00e9 a tute le smerse \u2018d piemont\u00e8is coma na lenga sola, ne sbuf de vent \u00f9nich. E peui when in Montemale di Cuneo do as Montemaleans do, podr\u00eco d\u00ec. A ist\u00e9 s\u00ec, \u00ebn mes a coste montagne, l\u2019aria sclinta e ci\u00e0ira, tra ij cit che se desmuro, a senti lenghe che se mes-cio \u2018n manera natural, it sentes cus\u00eca a c\u00f2l la descrission de pecoranera: Quando si inizia a essere la propria idea non c\u2019\u00e8 pi\u00f9 necessit\u00e0 di parlarne, di farne propaganda, di urlarla addosso al mondo. Eccomi, sono qua a coltivare i miei pomodori, era questo che aveva sostituito le infinite discussioni sui massimi sistemi. Quel che avrei da dirvi lo sto facendo. Servo nen tante par\u00f2le, s\u00ec i-\u00e9 gi\u00e0 tut (tomatoes included). Vivi ch\u00ebsti moment l\u2019\u00e9 p\u00ec \u2018mportant che scrivne. \u00d2h giacche.\" \/>\n<meta property=\"og:url\" content=\"https:\/\/giannidavico.it\/gopiedmont\/2013\/07\/31\/en-toch-en-montomaleis\/\" \/>\n<meta property=\"og:site_name\" content=\"Go Piedmont\" \/>\n<meta property=\"article:published_time\" content=\"2013-07-31T05:00:46+00:00\" \/>\n<meta property=\"article:modified_time\" content=\"2013-12-17T13:17:08+00:00\" \/>\n<meta property=\"og:image\" content=\"https:\/\/giannidavico.it\/gopiedmont\/files\/2013\/07\/montagne-300x225.jpg\" \/>\n<meta name=\"author\" content=\"giannidavico\" \/>\n<meta name=\"twitter:card\" content=\"summary_large_image\" \/>\n<meta name=\"twitter:label1\" content=\"Scritto da\" \/>\n\t<meta name=\"twitter:data1\" content=\"giannidavico\" \/>\n\t<meta name=\"twitter:label2\" content=\"Tempo di lettura stimato\" \/>\n\t<meta name=\"twitter:data2\" content=\"1 minuto\" \/>\n<script type=\"application\/ld+json\" class=\"yoast-schema-graph\">{\"@context\":\"https:\/\/schema.org\",\"@graph\":[{\"@type\":\"WebPage\",\"@id\":\"https:\/\/giannidavico.it\/gopiedmont\/2013\/07\/31\/en-toch-en-montomaleis\/\",\"url\":\"https:\/\/giannidavico.it\/gopiedmont\/2013\/07\/31\/en-toch-en-montomaleis\/\",\"name\":\"\u00cbn t\u00f2ch \u00ebn montomal\u00e8is - Go Piedmont\",\"isPartOf\":{\"@id\":\"https:\/\/giannidavico.it\/gopiedmont\/#website\"},\"datePublished\":\"2013-07-31T05:00:46+00:00\",\"dateModified\":\"2013-12-17T13:17:08+00:00\",\"author\":{\"@id\":\"https:\/\/giannidavico.it\/gopiedmont\/#\/schema\/person\/ea1fd17d8f2dba325f3712219efa8f77\"},\"inLanguage\":\"it-IT\",\"potentialAction\":[{\"@type\":\"ReadAction\",\"target\":[\"https:\/\/giannidavico.it\/gopiedmont\/2013\/07\/31\/en-toch-en-montomaleis\/\"]}]},{\"@type\":\"WebSite\",\"@id\":\"https:\/\/giannidavico.it\/gopiedmont\/#website\",\"url\":\"https:\/\/giannidavico.it\/gopiedmont\/\",\"name\":\"Go Piedmont\",\"description\":\"pens\u00e9 dzora l\u00ecber, event e p\u00ebrson-e grop\u00e0 al Piemont e a la lenga piemont\u00e8isa\",\"potentialAction\":[{\"@type\":\"SearchAction\",\"target\":{\"@type\":\"EntryPoint\",\"urlTemplate\":\"https:\/\/giannidavico.it\/gopiedmont\/?s={search_term_string}\"},\"query-input\":\"required name=search_term_string\"}],\"inLanguage\":\"it-IT\"},{\"@type\":\"Person\",\"@id\":\"https:\/\/giannidavico.it\/gopiedmont\/#\/schema\/person\/ea1fd17d8f2dba325f3712219efa8f77\",\"name\":\"giannidavico\",\"image\":{\"@type\":\"ImageObject\",\"inLanguage\":\"it-IT\",\"@id\":\"https:\/\/giannidavico.it\/gopiedmont\/#\/schema\/person\/image\/\",\"url\":\"https:\/\/secure.gravatar.com\/avatar\/337748753d882602f3038b55fb369ba1?s=96&d=mm&r=g\",\"contentUrl\":\"https:\/\/secure.gravatar.com\/avatar\/337748753d882602f3038b55fb369ba1?s=96&d=mm&r=g\",\"caption\":\"giannidavico\"},\"url\":\"https:\/\/giannidavico.it\/gopiedmont\/author\/giannidavico\/\"}]}<\/script>\n<!-- \/ Yoast SEO plugin. -->","yoast_head_json":{"title":"\u00cbn t\u00f2ch \u00ebn montomal\u00e8is - Go Piedmont","robots":{"index":"index","follow":"follow","max-snippet":"max-snippet:-1","max-image-preview":"max-image-preview:large","max-video-preview":"max-video-preview:-1"},"canonical":"https:\/\/giannidavico.it\/gopiedmont\/2013\/07\/31\/en-toch-en-montomaleis\/","og_locale":"it_IT","og_type":"article","og_title":"\u00cbn t\u00f2ch \u00ebn montomal\u00e8is - Go Piedmont","og_description":"Ch\u00ebst p\u00f2st a l&#8217;\u00e9 na preuva de scritura an la lenga che se parla da coste bande (Montomal). Se fon rij ciam \u00ebscusa, ma an ch\u00ebsti b\u00f2sch am ven p\u00ec facil pens\u00e9 a tute le smerse \u2018d piemont\u00e8is coma na lenga sola, ne sbuf de vent \u00f9nich. E peui when in Montemale di Cuneo do as Montemaleans do, podr\u00eco d\u00ec. A ist\u00e9 s\u00ec, \u00ebn mes a coste montagne, l\u2019aria sclinta e ci\u00e0ira, tra ij cit che se desmuro, a senti lenghe che se mes-cio \u2018n manera natural, it sentes cus\u00eca a c\u00f2l la descrission de pecoranera: Quando si inizia a essere la propria idea non c\u2019\u00e8 pi\u00f9 necessit\u00e0 di parlarne, di farne propaganda, di urlarla addosso al mondo. Eccomi, sono qua a coltivare i miei pomodori, era questo che aveva sostituito le infinite discussioni sui massimi sistemi. Quel che avrei da dirvi lo sto facendo. Servo nen tante par\u00f2le, s\u00ec i-\u00e9 gi\u00e0 tut (tomatoes included). Vivi ch\u00ebsti moment l\u2019\u00e9 p\u00ec \u2018mportant che scrivne. \u00d2h giacche.","og_url":"https:\/\/giannidavico.it\/gopiedmont\/2013\/07\/31\/en-toch-en-montomaleis\/","og_site_name":"Go Piedmont","article_published_time":"2013-07-31T05:00:46+00:00","article_modified_time":"2013-12-17T13:17:08+00:00","og_image":[{"url":"https:\/\/giannidavico.it\/gopiedmont\/files\/2013\/07\/montagne-300x225.jpg"}],"author":"giannidavico","twitter_card":"summary_large_image","twitter_misc":{"Scritto da":"giannidavico","Tempo di lettura stimato":"1 minuto"},"schema":{"@context":"https:\/\/schema.org","@graph":[{"@type":"WebPage","@id":"https:\/\/giannidavico.it\/gopiedmont\/2013\/07\/31\/en-toch-en-montomaleis\/","url":"https:\/\/giannidavico.it\/gopiedmont\/2013\/07\/31\/en-toch-en-montomaleis\/","name":"\u00cbn t\u00f2ch \u00ebn montomal\u00e8is - Go Piedmont","isPartOf":{"@id":"https:\/\/giannidavico.it\/gopiedmont\/#website"},"datePublished":"2013-07-31T05:00:46+00:00","dateModified":"2013-12-17T13:17:08+00:00","author":{"@id":"https:\/\/giannidavico.it\/gopiedmont\/#\/schema\/person\/ea1fd17d8f2dba325f3712219efa8f77"},"inLanguage":"it-IT","potentialAction":[{"@type":"ReadAction","target":["https:\/\/giannidavico.it\/gopiedmont\/2013\/07\/31\/en-toch-en-montomaleis\/"]}]},{"@type":"WebSite","@id":"https:\/\/giannidavico.it\/gopiedmont\/#website","url":"https:\/\/giannidavico.it\/gopiedmont\/","name":"Go Piedmont","description":"pens\u00e9 dzora l\u00ecber, event e p\u00ebrson-e grop\u00e0 al Piemont e a la lenga piemont\u00e8isa","potentialAction":[{"@type":"SearchAction","target":{"@type":"EntryPoint","urlTemplate":"https:\/\/giannidavico.it\/gopiedmont\/?s={search_term_string}"},"query-input":"required name=search_term_string"}],"inLanguage":"it-IT"},{"@type":"Person","@id":"https:\/\/giannidavico.it\/gopiedmont\/#\/schema\/person\/ea1fd17d8f2dba325f3712219efa8f77","name":"giannidavico","image":{"@type":"ImageObject","inLanguage":"it-IT","@id":"https:\/\/giannidavico.it\/gopiedmont\/#\/schema\/person\/image\/","url":"https:\/\/secure.gravatar.com\/avatar\/337748753d882602f3038b55fb369ba1?s=96&d=mm&r=g","contentUrl":"https:\/\/secure.gravatar.com\/avatar\/337748753d882602f3038b55fb369ba1?s=96&d=mm&r=g","caption":"giannidavico"},"url":"https:\/\/giannidavico.it\/gopiedmont\/author\/giannidavico\/"}]}},"_links":{"self":[{"href":"https:\/\/giannidavico.it\/gopiedmont\/wp-json\/wp\/v2\/posts\/1811"}],"collection":[{"href":"https:\/\/giannidavico.it\/gopiedmont\/wp-json\/wp\/v2\/posts"}],"about":[{"href":"https:\/\/giannidavico.it\/gopiedmont\/wp-json\/wp\/v2\/types\/post"}],"author":[{"embeddable":true,"href":"https:\/\/giannidavico.it\/gopiedmont\/wp-json\/wp\/v2\/users\/4"}],"replies":[{"embeddable":true,"href":"https:\/\/giannidavico.it\/gopiedmont\/wp-json\/wp\/v2\/comments?post=1811"}],"version-history":[{"count":4,"href":"https:\/\/giannidavico.it\/gopiedmont\/wp-json\/wp\/v2\/posts\/1811\/revisions"}],"predecessor-version":[{"id":2031,"href":"https:\/\/giannidavico.it\/gopiedmont\/wp-json\/wp\/v2\/posts\/1811\/revisions\/2031"}],"wp:attachment":[{"href":"https:\/\/giannidavico.it\/gopiedmont\/wp-json\/wp\/v2\/media?parent=1811"}],"wp:term":[{"taxonomy":"category","embeddable":true,"href":"https:\/\/giannidavico.it\/gopiedmont\/wp-json\/wp\/v2\/categories?post=1811"},{"taxonomy":"post_tag","embeddable":true,"href":"https:\/\/giannidavico.it\/gopiedmont\/wp-json\/wp\/v2\/tags?post=1811"}],"curies":[{"name":"wp","href":"https:\/\/api.w.org\/{rel}","templated":true}]}}