{"id":1817,"date":"2013-08-07T06:00:32","date_gmt":"2013-08-07T05:00:32","guid":{"rendered":"https:\/\/giannidavico.it\/staging\/gopiedmont\/?p=1817"},"modified":"2013-12-17T14:16:50","modified_gmt":"2013-12-17T13:16:50","slug":"montemale-festa-dellassunta-2013","status":"publish","type":"post","link":"https:\/\/giannidavico.it\/gopiedmont\/2013\/08\/07\/montemale-festa-dellassunta-2013\/","title":{"rendered":"Montemale, festa dell\u2019Assunta 2013"},"content":{"rendered":"<p><a href=\"https:\/\/giannidavico.it\/gopiedmont\/files\/2013\/08\/Assunta.jpg\"><img loading=\"lazy\" src=\"https:\/\/giannidavico.it\/gopiedmont\/files\/2013\/08\/Assunta-216x300.jpg\" alt=\"Assunta\" width=\"216\" height=\"300\" class=\"alignright size-medium wp-image-1818\" srcset=\"https:\/\/giannidavico.it\/gopiedmont\/files\/2013\/08\/Assunta-216x300.jpg 216w, https:\/\/giannidavico.it\/gopiedmont\/files\/2013\/08\/Assunta.jpg 692w\" sizes=\"(max-width: 216px) 100vw, 216px\" \/><\/a><\/p>\n<p style=\"text-align: left; padding-left: 150px;\">&#8220;Il mio paese sono quattro baracche e un gran fango, ma lo attraversa lo stradone provinciale dove giocavo da bambino. Siccome \u2013 ripeto \u2013 sono ambizioso, volevo girare per tutto il mondo e, giunto nei siti pi\u00f9 lontani, voltarmi e dire in presenza di tutti: Non avete mai sentito nominare quei quattro tetti? Ebbene, io vengo di l\u00e0&#8221;.<br \/>\nCesare Pavese<\/p>\n<p><a href=\"http:\/\/www.comune.montemale.cn.it\/\" title=\"Comune di Montemale di Cuneo\" target=\"_blank\">Montomal<\/a>, ij m\u00e9 vintesingh letor a lo san, a l\u2019\u00e9 m\u00e9 pais d\u2019elession, leu \u2018d partense e d\u2019artorn. Cola ca an mes ai b\u00f2sch, bele ch\u2019a l\u2019abia gnente d\u00eb special, a l\u2019\u00e9 \u2018l p\u00f2st che, an sarand j\u2019euj, p\u00ebr mi a l\u2019\u00e9 <a href=\"https:\/\/giannidavico.it\/gopiedmont\/2013\/06\/05\/cose-cha-fan-to-arfugi-an-tra-ij-mont\/\" title=\"C\u00f2se ch\u2019a fan t\u00f2 arfugi an tra ij mont\">ca<\/a>.<\/p>\n<p>Come tuti j\u2019agn (<a href=\"https:\/\/giannidavico.it\/gopiedmont\/2012\/08\/15\/montemale-festa-dellassunta\/\" title=\"Montemale, Festa dell\u2019Assunta\">ambeless\u00ec<\/a> la notissia dl\u2019\u00e0utr ann), cost a l\u2019\u00e9 \u2018l moment \u00ebd f\u00e9 un p\u00f2ch \u00ebd ciadel. La festa a ancamin-a stas\u00e8ira, con na gara a carte (a la <em>belotte<\/em>) a l\u2019\u00f2sto d\u00ebl Castel, ma \u2018l s\u00e9nter a sar\u00e0 n\u2019\u00e0utra sman-a:<\/p>\n<p>&#8211;\tl\u00f9n-es 12 agost s\u00e8ira spet\u00e0col \u00ebd te\u00e0ter d\u00eb stra;<br \/>\n&#8211;\tm\u00e0rtes gara a la petanca;<br \/>\n&#8211;\tmerco d\u00f2p-mesd\u00ec gara con b\u00f2ce quadre, a la s\u00e8ira raviol\u00e0 e \u2013 d\u00f2p sin-a \u2013 \u00ebl bal;<br \/>\n&#8211;\tgi\u00f2bia 15, Feragost, m\u00ebssa granda a ondes ore \u2013 cost a l\u2019\u00e9 \u2018l ver s\u00e9nter dla festa, ch\u2019as ciama dl\u2019Assunta nen p\u00ebr cas \u2013; e al d\u00f2p-mesd\u00ec festa d\u00ebl pais (gieugh p\u00ebr ij cit, degustassion \u00ebd torte f\u00e0ite an ca, baj popolar); a la s\u00e8ira rust\u00eca (<em>pizza<\/em>, i dir\u00eco an lenga dominanta) an piassa e peui as bala torna;<br \/>\n&#8211;\tv\u00e9ner s\u00e8ira polenta e bal, e la festa a sar\u00e0 fin\u00eca.<\/p>\n<p>\u00cbl programma complet a l\u2019\u00e8 an sla pagina FB dla <a href=\"https:\/\/www.facebook.com\/proloco.montemale\" title=\"ProLoco Montemale\" target=\"_blank\">ProLoco Montemale<\/a>.<\/p>\n<p>Fin\u00eca la festa \u2018dc\u00f2 mi i partirai anvers \u00ebl mesd\u00ec, a la v\u00f2lta \u2018d <a href=\"https:\/\/giannidavico.it\/brainfood\/2011\/07\/11\/c%E2%80%99e-terra-all%E2%80%99orizzonte\/\" title=\"C\u2019\u00e8 terra all\u2019orizzonte\">mia patria seconda<\/a>. Ma antratant i v\u00eb speto an costi di ant \u00ebl pais\u00f2t con l\u2019\u00e0nima andrinta.<\/p>\n","protected":false},"excerpt":{"rendered":"<p><a href=\"https:\/\/giannidavico.it\/gopiedmont\/files\/2013\/08\/Assunta.jpg\"><img loading=\"lazy\" src=\"https:\/\/giannidavico.it\/gopiedmont\/files\/2013\/08\/Assunta-216x300.jpg\" alt=\"Assunta\" width=\"216\" height=\"300\" class=\"alignright size-medium wp-image-1818\" srcset=\"https:\/\/giannidavico.it\/gopiedmont\/files\/2013\/08\/Assunta-216x300.jpg 216w, https:\/\/giannidavico.it\/gopiedmont\/files\/2013\/08\/Assunta.jpg 692w\" sizes=\"(max-width: 216px) 100vw, 216px\" \/><\/a><\/p>\n<p style=\"text-align: left; padding-left: 150px;\">&#8220;Il mio paese sono quattro baracche e un gran fango, ma lo attraversa lo stradone provinciale dove giocavo da bambino. Siccome \u2013 ripeto \u2013 sono ambizioso, volevo girare per tutto il mondo e, giunto nei siti pi\u00f9 lontani, voltarmi e dire in presenza di tutti: Non avete mai sentito nominare quei quattro tetti? Ebbene, io vengo di l\u00e0&#8221;.<br \/> Cesare Pavese<\/p>\n<p><a href=\"http:\/\/www.comune.montemale.cn.it\/\" title=\"Comune di Montemale di Cuneo\" target=\"_blank\">Montomal<\/a>, ij m\u00e9 vintesingh letor a lo san, a l\u2019\u00e9 m\u00e9 pais d\u2019elession, leu \u2018d partense e d\u2019artorn. Cola ca an mes ai b\u00f2sch, bele ch\u2019a l\u2019abia gnente d\u00eb special, a l\u2019\u00e9 \u2018l p\u00f2st che, an sarand j\u2019euj, p\u00ebr mi a l\u2019\u00e9 <a href=\"https:\/\/giannidavico.it\/gopiedmont\/2013\/06\/05\/cose-cha-fan-to-arfugi-an-tra-ij-mont\/\" title=\"C\u00f2se ch\u2019a fan t\u00f2 arfugi an tra ij mont\">ca<\/a>.<\/p>\n<p>Come tuti j\u2019agn (<a href=\"https:\/\/giannidavico.it\/gopiedmont\/2012\/08\/15\/montemale-festa-dellassunta\/\" title=\"Montemale, Festa dell\u2019Assunta\">ambeless\u00ec<\/a> la notissia dl\u2019\u00e0utr ann), cost a l\u2019\u00e9 \u2018l moment \u00ebd f\u00e9 un p\u00f2ch \u00ebd ciadel. La festa a ancamin-a stas\u00e8ira, con na gara a carte (a la <em>belotte<\/em>) a l\u2019\u00f2sto d\u00ebl Castel, ma \u2018l s\u00e9nter a sar\u00e0 n\u2019\u00e0utra sman-a:<\/p>\n<p>&#8211; l\u00f9n-es 12 agost s\u00e8ira spet\u00e0col \u00ebd te\u00e0ter d\u00eb [\u2026] <a class=\"moretag\" href=\"https:\/\/giannidavico.it\/gopiedmont\/2013\/08\/07\/montemale-festa-dellassunta-2013\/\">continua a leggere \u00bb<\/a><\/p>\n","protected":false},"author":4,"featured_media":0,"comment_status":"open","ping_status":"open","sticky":false,"template":"","format":"standard","meta":[],"categories":[130],"tags":[],"yoast_head":"<!-- This site is optimized with the Yoast SEO plugin v19.14 - https:\/\/yoast.com\/wordpress\/plugins\/seo\/ -->\n<title>Montemale, festa dell\u2019Assunta 2013 - Go Piedmont<\/title>\n<meta name=\"robots\" content=\"index, follow, max-snippet:-1, max-image-preview:large, max-video-preview:-1\" \/>\n<link rel=\"canonical\" href=\"https:\/\/giannidavico.it\/gopiedmont\/2013\/08\/07\/montemale-festa-dellassunta-2013\/\" \/>\n<meta property=\"og:locale\" content=\"it_IT\" \/>\n<meta property=\"og:type\" content=\"article\" \/>\n<meta property=\"og:title\" content=\"Montemale, festa dell\u2019Assunta 2013 - Go Piedmont\" \/>\n<meta property=\"og:description\" content=\"&#8220;Il mio paese sono quattro baracche e un gran fango, ma lo attraversa lo stradone provinciale dove giocavo da bambino. Siccome \u2013 ripeto \u2013 sono ambizioso, volevo girare per tutto il mondo e, giunto nei siti pi\u00f9 lontani, voltarmi e dire in presenza di tutti: Non avete mai sentito nominare quei quattro tetti? Ebbene, io vengo di l\u00e0&#8221;. Cesare Pavese Montomal, ij m\u00e9 vintesingh letor a lo san, a l\u2019\u00e9 m\u00e9 pais d\u2019elession, leu \u2018d partense e d\u2019artorn. Cola ca an mes ai b\u00f2sch, bele ch\u2019a l\u2019abia gnente d\u00eb special, a l\u2019\u00e9 \u2018l p\u00f2st che, an sarand j\u2019euj, p\u00ebr mi a l\u2019\u00e9 ca. Come tuti j\u2019agn (ambeless\u00ec la notissia dl\u2019\u00e0utr ann), cost a l\u2019\u00e9 \u2018l moment \u00ebd f\u00e9 un p\u00f2ch \u00ebd ciadel. La festa a ancamin-a stas\u00e8ira, con na gara a carte (a la belotte) a l\u2019\u00f2sto d\u00ebl Castel, ma \u2018l s\u00e9nter a sar\u00e0 n\u2019\u00e0utra sman-a: &#8211; l\u00f9n-es 12 agost s\u00e8ira spet\u00e0col \u00ebd te\u00e0ter d\u00eb [\u2026] continua a leggere \u00bb\" \/>\n<meta property=\"og:url\" content=\"https:\/\/giannidavico.it\/gopiedmont\/2013\/08\/07\/montemale-festa-dellassunta-2013\/\" \/>\n<meta property=\"og:site_name\" content=\"Go Piedmont\" \/>\n<meta property=\"article:published_time\" content=\"2013-08-07T05:00:32+00:00\" \/>\n<meta property=\"article:modified_time\" content=\"2013-12-17T13:16:50+00:00\" \/>\n<meta property=\"og:image\" content=\"https:\/\/giannidavico.it\/gopiedmont\/files\/2013\/08\/Assunta-216x300.jpg\" \/>\n<meta name=\"author\" content=\"giannidavico\" \/>\n<meta name=\"twitter:card\" content=\"summary_large_image\" \/>\n<meta name=\"twitter:label1\" content=\"Scritto da\" \/>\n\t<meta name=\"twitter:data1\" content=\"giannidavico\" \/>\n\t<meta name=\"twitter:label2\" content=\"Tempo di lettura stimato\" \/>\n\t<meta name=\"twitter:data2\" content=\"2 minuti\" \/>\n<script type=\"application\/ld+json\" class=\"yoast-schema-graph\">{\"@context\":\"https:\/\/schema.org\",\"@graph\":[{\"@type\":\"WebPage\",\"@id\":\"https:\/\/giannidavico.it\/gopiedmont\/2013\/08\/07\/montemale-festa-dellassunta-2013\/\",\"url\":\"https:\/\/giannidavico.it\/gopiedmont\/2013\/08\/07\/montemale-festa-dellassunta-2013\/\",\"name\":\"Montemale, festa dell\u2019Assunta 2013 - Go Piedmont\",\"isPartOf\":{\"@id\":\"https:\/\/giannidavico.it\/gopiedmont\/#website\"},\"datePublished\":\"2013-08-07T05:00:32+00:00\",\"dateModified\":\"2013-12-17T13:16:50+00:00\",\"author\":{\"@id\":\"https:\/\/giannidavico.it\/gopiedmont\/#\/schema\/person\/ea1fd17d8f2dba325f3712219efa8f77\"},\"inLanguage\":\"it-IT\",\"potentialAction\":[{\"@type\":\"ReadAction\",\"target\":[\"https:\/\/giannidavico.it\/gopiedmont\/2013\/08\/07\/montemale-festa-dellassunta-2013\/\"]}]},{\"@type\":\"WebSite\",\"@id\":\"https:\/\/giannidavico.it\/gopiedmont\/#website\",\"url\":\"https:\/\/giannidavico.it\/gopiedmont\/\",\"name\":\"Go Piedmont\",\"description\":\"pens\u00e9 dzora l\u00ecber, event e p\u00ebrson-e grop\u00e0 al Piemont e a la lenga piemont\u00e8isa\",\"potentialAction\":[{\"@type\":\"SearchAction\",\"target\":{\"@type\":\"EntryPoint\",\"urlTemplate\":\"https:\/\/giannidavico.it\/gopiedmont\/?s={search_term_string}\"},\"query-input\":\"required name=search_term_string\"}],\"inLanguage\":\"it-IT\"},{\"@type\":\"Person\",\"@id\":\"https:\/\/giannidavico.it\/gopiedmont\/#\/schema\/person\/ea1fd17d8f2dba325f3712219efa8f77\",\"name\":\"giannidavico\",\"image\":{\"@type\":\"ImageObject\",\"inLanguage\":\"it-IT\",\"@id\":\"https:\/\/giannidavico.it\/gopiedmont\/#\/schema\/person\/image\/\",\"url\":\"https:\/\/secure.gravatar.com\/avatar\/337748753d882602f3038b55fb369ba1?s=96&d=mm&r=g\",\"contentUrl\":\"https:\/\/secure.gravatar.com\/avatar\/337748753d882602f3038b55fb369ba1?s=96&d=mm&r=g\",\"caption\":\"giannidavico\"},\"url\":\"https:\/\/giannidavico.it\/gopiedmont\/author\/giannidavico\/\"}]}<\/script>\n<!-- \/ Yoast SEO plugin. -->","yoast_head_json":{"title":"Montemale, festa dell\u2019Assunta 2013 - Go Piedmont","robots":{"index":"index","follow":"follow","max-snippet":"max-snippet:-1","max-image-preview":"max-image-preview:large","max-video-preview":"max-video-preview:-1"},"canonical":"https:\/\/giannidavico.it\/gopiedmont\/2013\/08\/07\/montemale-festa-dellassunta-2013\/","og_locale":"it_IT","og_type":"article","og_title":"Montemale, festa dell\u2019Assunta 2013 - Go Piedmont","og_description":"&#8220;Il mio paese sono quattro baracche e un gran fango, ma lo attraversa lo stradone provinciale dove giocavo da bambino. Siccome \u2013 ripeto \u2013 sono ambizioso, volevo girare per tutto il mondo e, giunto nei siti pi\u00f9 lontani, voltarmi e dire in presenza di tutti: Non avete mai sentito nominare quei quattro tetti? Ebbene, io vengo di l\u00e0&#8221;. Cesare Pavese Montomal, ij m\u00e9 vintesingh letor a lo san, a l\u2019\u00e9 m\u00e9 pais d\u2019elession, leu \u2018d partense e d\u2019artorn. Cola ca an mes ai b\u00f2sch, bele ch\u2019a l\u2019abia gnente d\u00eb special, a l\u2019\u00e9 \u2018l p\u00f2st che, an sarand j\u2019euj, p\u00ebr mi a l\u2019\u00e9 ca. Come tuti j\u2019agn (ambeless\u00ec la notissia dl\u2019\u00e0utr ann), cost a l\u2019\u00e9 \u2018l moment \u00ebd f\u00e9 un p\u00f2ch \u00ebd ciadel. La festa a ancamin-a stas\u00e8ira, con na gara a carte (a la belotte) a l\u2019\u00f2sto d\u00ebl Castel, ma \u2018l s\u00e9nter a sar\u00e0 n\u2019\u00e0utra sman-a: &#8211; l\u00f9n-es 12 agost s\u00e8ira spet\u00e0col \u00ebd te\u00e0ter d\u00eb [\u2026] continua a leggere \u00bb","og_url":"https:\/\/giannidavico.it\/gopiedmont\/2013\/08\/07\/montemale-festa-dellassunta-2013\/","og_site_name":"Go Piedmont","article_published_time":"2013-08-07T05:00:32+00:00","article_modified_time":"2013-12-17T13:16:50+00:00","og_image":[{"url":"https:\/\/giannidavico.it\/gopiedmont\/files\/2013\/08\/Assunta-216x300.jpg"}],"author":"giannidavico","twitter_card":"summary_large_image","twitter_misc":{"Scritto da":"giannidavico","Tempo di lettura stimato":"2 minuti"},"schema":{"@context":"https:\/\/schema.org","@graph":[{"@type":"WebPage","@id":"https:\/\/giannidavico.it\/gopiedmont\/2013\/08\/07\/montemale-festa-dellassunta-2013\/","url":"https:\/\/giannidavico.it\/gopiedmont\/2013\/08\/07\/montemale-festa-dellassunta-2013\/","name":"Montemale, festa dell\u2019Assunta 2013 - Go Piedmont","isPartOf":{"@id":"https:\/\/giannidavico.it\/gopiedmont\/#website"},"datePublished":"2013-08-07T05:00:32+00:00","dateModified":"2013-12-17T13:16:50+00:00","author":{"@id":"https:\/\/giannidavico.it\/gopiedmont\/#\/schema\/person\/ea1fd17d8f2dba325f3712219efa8f77"},"inLanguage":"it-IT","potentialAction":[{"@type":"ReadAction","target":["https:\/\/giannidavico.it\/gopiedmont\/2013\/08\/07\/montemale-festa-dellassunta-2013\/"]}]},{"@type":"WebSite","@id":"https:\/\/giannidavico.it\/gopiedmont\/#website","url":"https:\/\/giannidavico.it\/gopiedmont\/","name":"Go Piedmont","description":"pens\u00e9 dzora l\u00ecber, event e p\u00ebrson-e grop\u00e0 al Piemont e a la lenga piemont\u00e8isa","potentialAction":[{"@type":"SearchAction","target":{"@type":"EntryPoint","urlTemplate":"https:\/\/giannidavico.it\/gopiedmont\/?s={search_term_string}"},"query-input":"required name=search_term_string"}],"inLanguage":"it-IT"},{"@type":"Person","@id":"https:\/\/giannidavico.it\/gopiedmont\/#\/schema\/person\/ea1fd17d8f2dba325f3712219efa8f77","name":"giannidavico","image":{"@type":"ImageObject","inLanguage":"it-IT","@id":"https:\/\/giannidavico.it\/gopiedmont\/#\/schema\/person\/image\/","url":"https:\/\/secure.gravatar.com\/avatar\/337748753d882602f3038b55fb369ba1?s=96&d=mm&r=g","contentUrl":"https:\/\/secure.gravatar.com\/avatar\/337748753d882602f3038b55fb369ba1?s=96&d=mm&r=g","caption":"giannidavico"},"url":"https:\/\/giannidavico.it\/gopiedmont\/author\/giannidavico\/"}]}},"_links":{"self":[{"href":"https:\/\/giannidavico.it\/gopiedmont\/wp-json\/wp\/v2\/posts\/1817"}],"collection":[{"href":"https:\/\/giannidavico.it\/gopiedmont\/wp-json\/wp\/v2\/posts"}],"about":[{"href":"https:\/\/giannidavico.it\/gopiedmont\/wp-json\/wp\/v2\/types\/post"}],"author":[{"embeddable":true,"href":"https:\/\/giannidavico.it\/gopiedmont\/wp-json\/wp\/v2\/users\/4"}],"replies":[{"embeddable":true,"href":"https:\/\/giannidavico.it\/gopiedmont\/wp-json\/wp\/v2\/comments?post=1817"}],"version-history":[{"count":8,"href":"https:\/\/giannidavico.it\/gopiedmont\/wp-json\/wp\/v2\/posts\/1817\/revisions"}],"predecessor-version":[{"id":2030,"href":"https:\/\/giannidavico.it\/gopiedmont\/wp-json\/wp\/v2\/posts\/1817\/revisions\/2030"}],"wp:attachment":[{"href":"https:\/\/giannidavico.it\/gopiedmont\/wp-json\/wp\/v2\/media?parent=1817"}],"wp:term":[{"taxonomy":"category","embeddable":true,"href":"https:\/\/giannidavico.it\/gopiedmont\/wp-json\/wp\/v2\/categories?post=1817"},{"taxonomy":"post_tag","embeddable":true,"href":"https:\/\/giannidavico.it\/gopiedmont\/wp-json\/wp\/v2\/tags?post=1817"}],"curies":[{"name":"wp","href":"https:\/\/api.w.org\/{rel}","templated":true}]}}