{"id":1827,"date":"2013-08-14T10:39:01","date_gmt":"2013-08-14T09:39:01","guid":{"rendered":"https:\/\/giannidavico.it\/staging\/gopiedmont\/?p=1827"},"modified":"2013-12-17T14:16:35","modified_gmt":"2013-12-17T13:16:35","slug":"addio-monti-visadi-dop-a-n-temp-a-i-na-ven-naut","status":"publish","type":"post","link":"https:\/\/giannidavico.it\/gopiedmont\/2013\/08\/14\/addio-monti-visadi-dop-a-n-temp-a-i-na-ven-naut\/","title":{"rendered":"Addio monti, visad\u00ec: d\u00f2p a \u2018n temp a-i na ven n\u2019aut"},"content":{"rendered":"<p><a href=\"https:\/\/giannidavico.it\/gopiedmont\/files\/2013\/08\/montagne.jpg\"><img loading=\"lazy\" src=\"https:\/\/giannidavico.it\/gopiedmont\/files\/2013\/08\/montagne-300x225.jpg\" alt=\"montagne\" width=\"300\" height=\"225\" class=\"alignright size-medium wp-image-1830\" srcset=\"https:\/\/giannidavico.it\/gopiedmont\/files\/2013\/08\/montagne-300x225.jpg 300w, https:\/\/giannidavico.it\/gopiedmont\/files\/2013\/08\/montagne.jpg 672w\" sizes=\"(max-width: 300px) 100vw, 300px\" \/><\/a><br \/>\nAncheuj doi sentiment contrastant a bogio andrinta \u2018d mi: \u00ebl prim, dominant, a l\u2019\u00e9 la nostalgia ch\u2019a ven dal dov\u00e8j lass\u00e9 <a href=\"https:\/\/giannidavico.it\/gopiedmont\/2013\/06\/05\/cose-cha-fan-to-arfugi-an-tra-ij-mont\/\" title=\"C\u00f2se ch\u2019a fan t\u00f2 arfugi an tra ij mont\">coste montagne<\/a>, coste bande che p\u00ebr mi a son <i>ca<\/i>; l\u00eb scond a l\u2019\u00e9 la g\u00f2j d\u2019and\u00e9 anvers al mesd\u00ec, anvers a <a href=\"https:\/\/giannidavico.it\/gopiedmont\/2012\/08\/29\/la-corsica-torna\/\" title=\"La C\u00f2rsica, torna\">cola t\u00e8ra<\/a> ch\u2019a l\u2019\u00e9 mia patria sconda.<\/p>\n<p>Ma a l\u2019\u00e9 \u2018l prim, aponto, ch\u2019a guida. I son s\u00ec da \u2018n m\u00e8is e passa, i l\u2019hai f\u00e0it tut da ambeless\u00ec. A l\u2019\u00e9 st\u00e0it \u00ebn m\u00e8is \u00ebd b\u00f2sch taj\u00e0, d\u2019erba gav\u00e0, \u00ebd fal\u00f2 a la s\u00e8ira; \u00ebn m\u00e8is d\u00eb sp\u00f2rt (g\u00f2lf e corsa); \u00ebn m\u00e8is con tant temp p\u00ebr pens\u00e9, marc\u00e9, tant temp da pass\u00e9 con le masn\u00e0 \u2013 e bele f\u00e9 gnente.<\/p>\n<p>I lass na <a href=\"https:\/\/giannidavico.it\/gopiedmont\/2013\/08\/07\/montemale-festa-dellassunta-2013\/\" title=\"Montemale, festa dell\u2019Assunta 2013\">festa<\/a> ant \u00ebl mes ma adess \u00ebl temp am p\u00f2rta an C\u00f2rsica. \u00cbd s\u00f2n i son content, ma ant l\u2019istess temp am ven an ment Dante:<\/p>\n<blockquote><p>Era gi\u00e0 l&#8217;ora che volge il disio<br \/>\nai navicanti e &#8216;ntenerisce il core<br \/>\nlo d\u00ec c&#8217;han detto ai dolci amici addio.<\/p><\/blockquote>\n<p>E peui costa partensa a l\u2019\u00e9 grop\u00e0 a n\u2019artorn, a st\u00e8mber. \u00cbl cercc as sara sempe. E va l\u00e0.<\/p>\n","protected":false},"excerpt":{"rendered":"<p><a href=\"https:\/\/giannidavico.it\/gopiedmont\/files\/2013\/08\/montagne.jpg\"><img loading=\"lazy\" src=\"https:\/\/giannidavico.it\/gopiedmont\/files\/2013\/08\/montagne-300x225.jpg\" alt=\"montagne\" width=\"300\" height=\"225\" class=\"alignright size-medium wp-image-1830\" srcset=\"https:\/\/giannidavico.it\/gopiedmont\/files\/2013\/08\/montagne-300x225.jpg 300w, https:\/\/giannidavico.it\/gopiedmont\/files\/2013\/08\/montagne.jpg 672w\" sizes=\"(max-width: 300px) 100vw, 300px\" \/><\/a><br \/> Ancheuj doi sentiment contrastant a bogio andrinta \u2018d mi: \u00ebl prim, dominant, a l\u2019\u00e9 la nostalgia ch\u2019a ven dal dov\u00e8j lass\u00e9 <a href=\"https:\/\/giannidavico.it\/gopiedmont\/2013\/06\/05\/cose-cha-fan-to-arfugi-an-tra-ij-mont\/\" title=\"C\u00f2se ch\u2019a fan t\u00f2 arfugi an tra ij mont\">coste montagne<\/a>, coste bande che p\u00ebr mi a son ca; l\u00eb scond a l\u2019\u00e9 la g\u00f2j d\u2019and\u00e9 anvers al mesd\u00ec, anvers a <a href=\"https:\/\/giannidavico.it\/gopiedmont\/2012\/08\/29\/la-corsica-torna\/\" title=\"La C\u00f2rsica, torna\">cola t\u00e8ra<\/a> ch\u2019a l\u2019\u00e9 mia patria sconda.<\/p>\n<p>Ma a l\u2019\u00e9 \u2018l prim, aponto, ch\u2019a guida. I son s\u00ec da \u2018n m\u00e8is e passa, i l\u2019hai f\u00e0it tut da ambeless\u00ec. A l\u2019\u00e9 st\u00e0it \u00ebn m\u00e8is \u00ebd b\u00f2sch taj\u00e0, d\u2019erba gav\u00e0, \u00ebd fal\u00f2 a la s\u00e8ira; \u00ebn m\u00e8is d\u00eb sp\u00f2rt (g\u00f2lf e corsa); \u00ebn m\u00e8is con tant temp p\u00ebr pens\u00e9, marc\u00e9, tant temp da pass\u00e9 con le masn\u00e0 \u2013 e bele f\u00e9 gnente.<\/p>\n<p>I lass na <a href=\"https:\/\/giannidavico.it\/gopiedmont\/2013\/08\/07\/montemale-festa-dellassunta-2013\/\" title=\"Montemale, festa dell\u2019Assunta 2013\">festa<\/a> ant \u00ebl mes ma adess \u00ebl temp am p\u00f2rta an C\u00f2rsica. \u00cbd s\u00f2n i son content, ma ant l\u2019istess temp am ven an ment Dante:<\/p>\n<p>Era gi\u00e0 l&#8217;ora che volge il disio<br \/> ai navicanti e &#8216;ntenerisce il core<br \/> lo d\u00ec c&#8217;han [\u2026] <a class=\"moretag\" href=\"https:\/\/giannidavico.it\/gopiedmont\/2013\/08\/14\/addio-monti-visadi-dop-a-n-temp-a-i-na-ven-naut\/\">continua a leggere \u00bb<\/a><\/p>\n","protected":false},"author":4,"featured_media":0,"comment_status":"open","ping_status":"open","sticky":false,"template":"","format":"standard","meta":[],"categories":[130],"tags":[4020],"yoast_head":"<!-- This site is optimized with the Yoast SEO plugin v19.14 - https:\/\/yoast.com\/wordpress\/plugins\/seo\/ -->\n<title>Addio monti, visad\u00ec: d\u00f2p a \u2018n temp a-i na ven n\u2019aut - Go Piedmont<\/title>\n<meta name=\"robots\" content=\"index, follow, max-snippet:-1, max-image-preview:large, max-video-preview:-1\" \/>\n<link rel=\"canonical\" href=\"https:\/\/giannidavico.it\/gopiedmont\/2013\/08\/14\/addio-monti-visadi-dop-a-n-temp-a-i-na-ven-naut\/\" \/>\n<meta property=\"og:locale\" content=\"it_IT\" \/>\n<meta property=\"og:type\" content=\"article\" \/>\n<meta property=\"og:title\" content=\"Addio monti, visad\u00ec: d\u00f2p a \u2018n temp a-i na ven n\u2019aut - Go Piedmont\" \/>\n<meta property=\"og:description\" content=\"Ancheuj doi sentiment contrastant a bogio andrinta \u2018d mi: \u00ebl prim, dominant, a l\u2019\u00e9 la nostalgia ch\u2019a ven dal dov\u00e8j lass\u00e9 coste montagne, coste bande che p\u00ebr mi a son ca; l\u00eb scond a l\u2019\u00e9 la g\u00f2j d\u2019and\u00e9 anvers al mesd\u00ec, anvers a cola t\u00e8ra ch\u2019a l\u2019\u00e9 mia patria sconda. Ma a l\u2019\u00e9 \u2018l prim, aponto, ch\u2019a guida. I son s\u00ec da \u2018n m\u00e8is e passa, i l\u2019hai f\u00e0it tut da ambeless\u00ec. A l\u2019\u00e9 st\u00e0it \u00ebn m\u00e8is \u00ebd b\u00f2sch taj\u00e0, d\u2019erba gav\u00e0, \u00ebd fal\u00f2 a la s\u00e8ira; \u00ebn m\u00e8is d\u00eb sp\u00f2rt (g\u00f2lf e corsa); \u00ebn m\u00e8is con tant temp p\u00ebr pens\u00e9, marc\u00e9, tant temp da pass\u00e9 con le masn\u00e0 \u2013 e bele f\u00e9 gnente. I lass na festa ant \u00ebl mes ma adess \u00ebl temp am p\u00f2rta an C\u00f2rsica. \u00cbd s\u00f2n i son content, ma ant l\u2019istess temp am ven an ment Dante: Era gi\u00e0 l&#8217;ora che volge il disio ai navicanti e &#8216;ntenerisce il core lo d\u00ec c&#8217;han [\u2026] continua a leggere \u00bb\" \/>\n<meta property=\"og:url\" content=\"https:\/\/giannidavico.it\/gopiedmont\/2013\/08\/14\/addio-monti-visadi-dop-a-n-temp-a-i-na-ven-naut\/\" \/>\n<meta property=\"og:site_name\" content=\"Go Piedmont\" \/>\n<meta property=\"article:published_time\" content=\"2013-08-14T09:39:01+00:00\" \/>\n<meta property=\"article:modified_time\" content=\"2013-12-17T13:16:35+00:00\" \/>\n<meta property=\"og:image\" content=\"https:\/\/giannidavico.it\/gopiedmont\/files\/2013\/08\/montagne-300x225.jpg\" \/>\n<meta name=\"author\" content=\"giannidavico\" \/>\n<meta name=\"twitter:card\" content=\"summary_large_image\" \/>\n<meta name=\"twitter:label1\" content=\"Scritto da\" \/>\n\t<meta name=\"twitter:data1\" content=\"giannidavico\" \/>\n\t<meta name=\"twitter:label2\" content=\"Tempo di lettura stimato\" \/>\n\t<meta name=\"twitter:data2\" content=\"1 minuto\" \/>\n<script type=\"application\/ld+json\" class=\"yoast-schema-graph\">{\"@context\":\"https:\/\/schema.org\",\"@graph\":[{\"@type\":\"WebPage\",\"@id\":\"https:\/\/giannidavico.it\/gopiedmont\/2013\/08\/14\/addio-monti-visadi-dop-a-n-temp-a-i-na-ven-naut\/\",\"url\":\"https:\/\/giannidavico.it\/gopiedmont\/2013\/08\/14\/addio-monti-visadi-dop-a-n-temp-a-i-na-ven-naut\/\",\"name\":\"Addio monti, visad\u00ec: d\u00f2p a \u2018n temp a-i na ven n\u2019aut - Go Piedmont\",\"isPartOf\":{\"@id\":\"https:\/\/giannidavico.it\/gopiedmont\/#website\"},\"datePublished\":\"2013-08-14T09:39:01+00:00\",\"dateModified\":\"2013-12-17T13:16:35+00:00\",\"author\":{\"@id\":\"https:\/\/giannidavico.it\/gopiedmont\/#\/schema\/person\/ea1fd17d8f2dba325f3712219efa8f77\"},\"inLanguage\":\"it-IT\",\"potentialAction\":[{\"@type\":\"ReadAction\",\"target\":[\"https:\/\/giannidavico.it\/gopiedmont\/2013\/08\/14\/addio-monti-visadi-dop-a-n-temp-a-i-na-ven-naut\/\"]}]},{\"@type\":\"WebSite\",\"@id\":\"https:\/\/giannidavico.it\/gopiedmont\/#website\",\"url\":\"https:\/\/giannidavico.it\/gopiedmont\/\",\"name\":\"Go Piedmont\",\"description\":\"pens\u00e9 dzora l\u00ecber, event e p\u00ebrson-e grop\u00e0 al Piemont e a la lenga piemont\u00e8isa\",\"potentialAction\":[{\"@type\":\"SearchAction\",\"target\":{\"@type\":\"EntryPoint\",\"urlTemplate\":\"https:\/\/giannidavico.it\/gopiedmont\/?s={search_term_string}\"},\"query-input\":\"required name=search_term_string\"}],\"inLanguage\":\"it-IT\"},{\"@type\":\"Person\",\"@id\":\"https:\/\/giannidavico.it\/gopiedmont\/#\/schema\/person\/ea1fd17d8f2dba325f3712219efa8f77\",\"name\":\"giannidavico\",\"image\":{\"@type\":\"ImageObject\",\"inLanguage\":\"it-IT\",\"@id\":\"https:\/\/giannidavico.it\/gopiedmont\/#\/schema\/person\/image\/\",\"url\":\"https:\/\/secure.gravatar.com\/avatar\/337748753d882602f3038b55fb369ba1?s=96&d=mm&r=g\",\"contentUrl\":\"https:\/\/secure.gravatar.com\/avatar\/337748753d882602f3038b55fb369ba1?s=96&d=mm&r=g\",\"caption\":\"giannidavico\"},\"url\":\"https:\/\/giannidavico.it\/gopiedmont\/author\/giannidavico\/\"}]}<\/script>\n<!-- \/ Yoast SEO plugin. -->","yoast_head_json":{"title":"Addio monti, visad\u00ec: d\u00f2p a \u2018n temp a-i na ven n\u2019aut - Go Piedmont","robots":{"index":"index","follow":"follow","max-snippet":"max-snippet:-1","max-image-preview":"max-image-preview:large","max-video-preview":"max-video-preview:-1"},"canonical":"https:\/\/giannidavico.it\/gopiedmont\/2013\/08\/14\/addio-monti-visadi-dop-a-n-temp-a-i-na-ven-naut\/","og_locale":"it_IT","og_type":"article","og_title":"Addio monti, visad\u00ec: d\u00f2p a \u2018n temp a-i na ven n\u2019aut - Go Piedmont","og_description":"Ancheuj doi sentiment contrastant a bogio andrinta \u2018d mi: \u00ebl prim, dominant, a l\u2019\u00e9 la nostalgia ch\u2019a ven dal dov\u00e8j lass\u00e9 coste montagne, coste bande che p\u00ebr mi a son ca; l\u00eb scond a l\u2019\u00e9 la g\u00f2j d\u2019and\u00e9 anvers al mesd\u00ec, anvers a cola t\u00e8ra ch\u2019a l\u2019\u00e9 mia patria sconda. Ma a l\u2019\u00e9 \u2018l prim, aponto, ch\u2019a guida. I son s\u00ec da \u2018n m\u00e8is e passa, i l\u2019hai f\u00e0it tut da ambeless\u00ec. A l\u2019\u00e9 st\u00e0it \u00ebn m\u00e8is \u00ebd b\u00f2sch taj\u00e0, d\u2019erba gav\u00e0, \u00ebd fal\u00f2 a la s\u00e8ira; \u00ebn m\u00e8is d\u00eb sp\u00f2rt (g\u00f2lf e corsa); \u00ebn m\u00e8is con tant temp p\u00ebr pens\u00e9, marc\u00e9, tant temp da pass\u00e9 con le masn\u00e0 \u2013 e bele f\u00e9 gnente. I lass na festa ant \u00ebl mes ma adess \u00ebl temp am p\u00f2rta an C\u00f2rsica. \u00cbd s\u00f2n i son content, ma ant l\u2019istess temp am ven an ment Dante: Era gi\u00e0 l&#8217;ora che volge il disio ai navicanti e &#8216;ntenerisce il core lo d\u00ec c&#8217;han [\u2026] continua a leggere \u00bb","og_url":"https:\/\/giannidavico.it\/gopiedmont\/2013\/08\/14\/addio-monti-visadi-dop-a-n-temp-a-i-na-ven-naut\/","og_site_name":"Go Piedmont","article_published_time":"2013-08-14T09:39:01+00:00","article_modified_time":"2013-12-17T13:16:35+00:00","og_image":[{"url":"https:\/\/giannidavico.it\/gopiedmont\/files\/2013\/08\/montagne-300x225.jpg"}],"author":"giannidavico","twitter_card":"summary_large_image","twitter_misc":{"Scritto da":"giannidavico","Tempo di lettura stimato":"1 minuto"},"schema":{"@context":"https:\/\/schema.org","@graph":[{"@type":"WebPage","@id":"https:\/\/giannidavico.it\/gopiedmont\/2013\/08\/14\/addio-monti-visadi-dop-a-n-temp-a-i-na-ven-naut\/","url":"https:\/\/giannidavico.it\/gopiedmont\/2013\/08\/14\/addio-monti-visadi-dop-a-n-temp-a-i-na-ven-naut\/","name":"Addio monti, visad\u00ec: d\u00f2p a \u2018n temp a-i na ven n\u2019aut - Go Piedmont","isPartOf":{"@id":"https:\/\/giannidavico.it\/gopiedmont\/#website"},"datePublished":"2013-08-14T09:39:01+00:00","dateModified":"2013-12-17T13:16:35+00:00","author":{"@id":"https:\/\/giannidavico.it\/gopiedmont\/#\/schema\/person\/ea1fd17d8f2dba325f3712219efa8f77"},"inLanguage":"it-IT","potentialAction":[{"@type":"ReadAction","target":["https:\/\/giannidavico.it\/gopiedmont\/2013\/08\/14\/addio-monti-visadi-dop-a-n-temp-a-i-na-ven-naut\/"]}]},{"@type":"WebSite","@id":"https:\/\/giannidavico.it\/gopiedmont\/#website","url":"https:\/\/giannidavico.it\/gopiedmont\/","name":"Go Piedmont","description":"pens\u00e9 dzora l\u00ecber, event e p\u00ebrson-e grop\u00e0 al Piemont e a la lenga piemont\u00e8isa","potentialAction":[{"@type":"SearchAction","target":{"@type":"EntryPoint","urlTemplate":"https:\/\/giannidavico.it\/gopiedmont\/?s={search_term_string}"},"query-input":"required name=search_term_string"}],"inLanguage":"it-IT"},{"@type":"Person","@id":"https:\/\/giannidavico.it\/gopiedmont\/#\/schema\/person\/ea1fd17d8f2dba325f3712219efa8f77","name":"giannidavico","image":{"@type":"ImageObject","inLanguage":"it-IT","@id":"https:\/\/giannidavico.it\/gopiedmont\/#\/schema\/person\/image\/","url":"https:\/\/secure.gravatar.com\/avatar\/337748753d882602f3038b55fb369ba1?s=96&d=mm&r=g","contentUrl":"https:\/\/secure.gravatar.com\/avatar\/337748753d882602f3038b55fb369ba1?s=96&d=mm&r=g","caption":"giannidavico"},"url":"https:\/\/giannidavico.it\/gopiedmont\/author\/giannidavico\/"}]}},"_links":{"self":[{"href":"https:\/\/giannidavico.it\/gopiedmont\/wp-json\/wp\/v2\/posts\/1827"}],"collection":[{"href":"https:\/\/giannidavico.it\/gopiedmont\/wp-json\/wp\/v2\/posts"}],"about":[{"href":"https:\/\/giannidavico.it\/gopiedmont\/wp-json\/wp\/v2\/types\/post"}],"author":[{"embeddable":true,"href":"https:\/\/giannidavico.it\/gopiedmont\/wp-json\/wp\/v2\/users\/4"}],"replies":[{"embeddable":true,"href":"https:\/\/giannidavico.it\/gopiedmont\/wp-json\/wp\/v2\/comments?post=1827"}],"version-history":[{"count":5,"href":"https:\/\/giannidavico.it\/gopiedmont\/wp-json\/wp\/v2\/posts\/1827\/revisions"}],"predecessor-version":[{"id":2029,"href":"https:\/\/giannidavico.it\/gopiedmont\/wp-json\/wp\/v2\/posts\/1827\/revisions\/2029"}],"wp:attachment":[{"href":"https:\/\/giannidavico.it\/gopiedmont\/wp-json\/wp\/v2\/media?parent=1827"}],"wp:term":[{"taxonomy":"category","embeddable":true,"href":"https:\/\/giannidavico.it\/gopiedmont\/wp-json\/wp\/v2\/categories?post=1827"},{"taxonomy":"post_tag","embeddable":true,"href":"https:\/\/giannidavico.it\/gopiedmont\/wp-json\/wp\/v2\/tags?post=1827"}],"curies":[{"name":"wp","href":"https:\/\/api.w.org\/{rel}","templated":true}]}}