{"id":1845,"date":"2013-08-28T06:00:04","date_gmt":"2013-08-28T05:00:04","guid":{"rendered":"https:\/\/giannidavico.it\/staging\/gopiedmont\/?p=1845"},"modified":"2013-08-28T08:38:12","modified_gmt":"2013-08-28T07:38:12","slug":"svegliu-disula-a-paulu","status":"publish","type":"post","link":"https:\/\/giannidavico.it\/gopiedmont\/2013\/08\/28\/svegliu-disula-a-paulu\/","title":{"rendered":"Svegliu d&#8217;isula, A Paulu"},"content":{"rendered":"<p><iframe loading=\"lazy\" width=\"420\" height=\"315\" src=\"\/\/www.youtube.com\/embed\/IVf8UD5kWVk\" frameborder=\"0\" allowfullscreen><\/iframe><\/p>\n<p>It j&#8217;ere an tuta la val cavali\u00e9 arnom\u00e0<br \/>\nancheuj \u00ebl b\u00f2sch as lamenta che l&#8217;etern a l&#8217;ha ciamate<br \/>\nan mes a la toa stra, o P\u00e0, it ses andatne<\/p>\n<p>O amis, o fratel, \u00ebl destin a l&#8217;\u00e9 malarconossent<br \/>\nma coj ch&#8217;a son \u00ebst\u00e0it ij t\u00f2 t\u00f2rt?<br \/>\nTi ch&#8217;it j\u00eb vur\u00ece bin a la vita an manera talment f\u00f2rta<\/p>\n<p><strong>I porterai sempe andrinta &#8216;d mi \u00ebl t\u00f2 amor p\u00ebr costa t\u00e8ra<br \/>\nsoa felicit\u00e0 quand ch&#8217;a sponta l&#8217;alba ci\u00e0ira<br \/>\nadess arp\u00f2s-te, o P\u00e0, ant la toa foresta cara<\/strong><\/p>\n<p>Da &#8216;l Tarav, da la R\u00f2ca e da le vaj d&#8217;Alisgian<br \/>\na son riunisse tuti, amis e paisan<br \/>\nquand a l&#8217;\u00e9 ruvaje la neuva causa &#8216;d tanti dan<\/p>\n<p>As sentiran p\u00ec nen \u00ebd rime an coste v\u00ebrde colin-e<br \/>\nbele j&#8217;osej a son mut dai camp a la marin-a<br \/>\na bogia gnanca &#8216;l vent p\u00ebr coste foreste davsin-e<\/p>\n<p><strong>I porterai sempe andrinta &#8216;d mi \u00ebl t\u00f2 amor p\u00ebr costa t\u00e8ra<br \/>\nsoa felicit\u00e0 quand ch&#8217;a sponta l&#8217;alba ci\u00e0ira<br \/>\nadess arp\u00f2s-te, o P\u00e0, ant la toa foresta cara<\/strong><\/p>\n<p>V\u00e0ire galop\u00e0 i l&#8217;oma f\u00e0it, v\u00e0ire seir\u00e0 &#8216;d cant<br \/>\nan costi t\u00e8mp benedet minca di a j&#8217;era n&#8217;incant<br \/>\n\u00ebl sol ch&#8217;a dventava ci\u00e0ir a j&#8217;era n&#8217;amor grand<\/p>\n<p>La passion a j&#8217;era &#8216;l t\u00f2 fi\u00e0, \u00ebl vers la t\u00f2 manera<br \/>\nat bastava un caf\u00e8 o qu\u00e0ich camp \u00ebd fera<br \/>\np\u00ebr d\u00ebsmenti\u00e9 tut e pass\u00e9 la neuit antera<\/p>\n<p><strong>I porterai sempe andrinta &#8216;d mi \u00ebl t\u00f2 amor p\u00ebr costa t\u00e8ra<br \/>\nsoa felicit\u00e0 quand ch&#8217;a sponta l&#8217;alba ci\u00e0ira<br \/>\nadess arp\u00f2s-te, o P\u00e0, ant la toa foresta cara<\/strong><\/p>\n","protected":false},"excerpt":{"rendered":"<\/p>\n<p>It j&#8217;ere an tuta la val cavali\u00e9 arnom\u00e0<br \/> ancheuj \u00ebl b\u00f2sch as lamenta che l&#8217;etern a l&#8217;ha ciamate<br \/> an mes a la toa stra, o P\u00e0, it ses andatne<\/p>\n<p>O amis, o fratel, \u00ebl destin a l&#8217;\u00e9 malarconossent<br \/> ma coj ch&#8217;a son \u00ebst\u00e0it ij t\u00f2 t\u00f2rt?<br \/> Ti ch&#8217;it j\u00eb vur\u00ece bin a la vita an manera talment f\u00f2rta<\/p>\n<p><strong>I porterai sempe andrinta &#8216;d mi \u00ebl t\u00f2 amor p\u00ebr costa t\u00e8ra<br \/> soa felicit\u00e0 quand ch&#8217;a sponta l&#8217;alba ci\u00e0ira<br \/> adess arp\u00f2s-te, o P\u00e0, ant la toa foresta cara<\/strong><\/p>\n<p>Da &#8216;l Tarav, da la R\u00f2ca e da le vaj d&#8217;Alisgian<br \/> a son riunisse tuti, amis e paisan<br \/> quand a l&#8217;\u00e9 ruvaje la neuva causa &#8216;d tanti dan<\/p>\n<p>As sentiran p\u00ec nen \u00ebd rime an coste v\u00ebrde colin-e<br \/> bele j&#8217;osej a son mut dai camp a la marin-a<br \/> a bogia gnanca &#8216;l vent p\u00ebr coste foreste davsin-e<\/p>\n<p><strong>I porterai sempe andrinta &#8216;d mi \u00ebl t\u00f2 amor p\u00ebr costa t\u00e8ra<br \/> soa felicit\u00e0 quand ch&#8217;a sponta l&#8217;alba ci\u00e0ira<br \/> adess arp\u00f2s-te, o P\u00e0, ant la toa foresta cara<\/strong><\/p>\n<p>V\u00e0ire galop\u00e0 i l&#8217;oma f\u00e0it, v\u00e0ire seir\u00e0 &#8216;d cant<br \/> an costi t\u00e8mp benedet minca di [\u2026] <a class=\"moretag\" href=\"https:\/\/giannidavico.it\/gopiedmont\/2013\/08\/28\/svegliu-disula-a-paulu\/\">continua a leggere \u00bb<\/a><\/p>\n","protected":false},"author":4,"featured_media":0,"comment_status":"open","ping_status":"open","sticky":false,"template":"","format":"standard","meta":[],"categories":[130],"tags":[45],"yoast_head":"<!-- This site is optimized with the Yoast SEO plugin v19.14 - https:\/\/yoast.com\/wordpress\/plugins\/seo\/ -->\n<title>Svegliu d&#039;isula, A Paulu - Go Piedmont<\/title>\n<meta name=\"robots\" content=\"index, follow, max-snippet:-1, max-image-preview:large, max-video-preview:-1\" \/>\n<link rel=\"canonical\" href=\"https:\/\/giannidavico.it\/gopiedmont\/2013\/08\/28\/svegliu-disula-a-paulu\/\" \/>\n<meta property=\"og:locale\" content=\"it_IT\" \/>\n<meta property=\"og:type\" content=\"article\" \/>\n<meta property=\"og:title\" content=\"Svegliu d&#039;isula, A Paulu - Go Piedmont\" \/>\n<meta property=\"og:description\" content=\"It j&#8217;ere an tuta la val cavali\u00e9 arnom\u00e0 ancheuj \u00ebl b\u00f2sch as lamenta che l&#8217;etern a l&#8217;ha ciamate an mes a la toa stra, o P\u00e0, it ses andatne O amis, o fratel, \u00ebl destin a l&#8217;\u00e9 malarconossent ma coj ch&#8217;a son \u00ebst\u00e0it ij t\u00f2 t\u00f2rt? Ti ch&#8217;it j\u00eb vur\u00ece bin a la vita an manera talment f\u00f2rta I porterai sempe andrinta &#8216;d mi \u00ebl t\u00f2 amor p\u00ebr costa t\u00e8ra soa felicit\u00e0 quand ch&#8217;a sponta l&#8217;alba ci\u00e0ira adess arp\u00f2s-te, o P\u00e0, ant la toa foresta cara Da &#8216;l Tarav, da la R\u00f2ca e da le vaj d&#8217;Alisgian a son riunisse tuti, amis e paisan quand a l&#8217;\u00e9 ruvaje la neuva causa &#8216;d tanti dan As sentiran p\u00ec nen \u00ebd rime an coste v\u00ebrde colin-e bele j&#8217;osej a son mut dai camp a la marin-a a bogia gnanca &#8216;l vent p\u00ebr coste foreste davsin-e I porterai sempe andrinta &#8216;d mi \u00ebl t\u00f2 amor p\u00ebr costa t\u00e8ra soa felicit\u00e0 quand ch&#8217;a sponta l&#8217;alba ci\u00e0ira adess arp\u00f2s-te, o P\u00e0, ant la toa foresta cara V\u00e0ire galop\u00e0 i l&#8217;oma f\u00e0it, v\u00e0ire seir\u00e0 &#8216;d cant an costi t\u00e8mp benedet minca di [\u2026] continua a leggere \u00bb\" \/>\n<meta property=\"og:url\" content=\"https:\/\/giannidavico.it\/gopiedmont\/2013\/08\/28\/svegliu-disula-a-paulu\/\" \/>\n<meta property=\"og:site_name\" content=\"Go Piedmont\" \/>\n<meta property=\"article:published_time\" content=\"2013-08-28T05:00:04+00:00\" \/>\n<meta property=\"article:modified_time\" content=\"2013-08-28T07:38:12+00:00\" \/>\n<meta name=\"author\" content=\"giannidavico\" \/>\n<meta name=\"twitter:card\" content=\"summary_large_image\" \/>\n<meta name=\"twitter:label1\" content=\"Scritto da\" \/>\n\t<meta name=\"twitter:data1\" content=\"giannidavico\" \/>\n\t<meta name=\"twitter:label2\" content=\"Tempo di lettura stimato\" \/>\n\t<meta name=\"twitter:data2\" content=\"1 minuto\" \/>\n<script type=\"application\/ld+json\" class=\"yoast-schema-graph\">{\"@context\":\"https:\/\/schema.org\",\"@graph\":[{\"@type\":\"WebPage\",\"@id\":\"https:\/\/giannidavico.it\/gopiedmont\/2013\/08\/28\/svegliu-disula-a-paulu\/\",\"url\":\"https:\/\/giannidavico.it\/gopiedmont\/2013\/08\/28\/svegliu-disula-a-paulu\/\",\"name\":\"Svegliu d'isula, A Paulu - Go Piedmont\",\"isPartOf\":{\"@id\":\"https:\/\/giannidavico.it\/gopiedmont\/#website\"},\"datePublished\":\"2013-08-28T05:00:04+00:00\",\"dateModified\":\"2013-08-28T07:38:12+00:00\",\"author\":{\"@id\":\"https:\/\/giannidavico.it\/gopiedmont\/#\/schema\/person\/ea1fd17d8f2dba325f3712219efa8f77\"},\"inLanguage\":\"it-IT\",\"potentialAction\":[{\"@type\":\"ReadAction\",\"target\":[\"https:\/\/giannidavico.it\/gopiedmont\/2013\/08\/28\/svegliu-disula-a-paulu\/\"]}]},{\"@type\":\"WebSite\",\"@id\":\"https:\/\/giannidavico.it\/gopiedmont\/#website\",\"url\":\"https:\/\/giannidavico.it\/gopiedmont\/\",\"name\":\"Go Piedmont\",\"description\":\"pens\u00e9 dzora l\u00ecber, event e p\u00ebrson-e grop\u00e0 al Piemont e a la lenga piemont\u00e8isa\",\"potentialAction\":[{\"@type\":\"SearchAction\",\"target\":{\"@type\":\"EntryPoint\",\"urlTemplate\":\"https:\/\/giannidavico.it\/gopiedmont\/?s={search_term_string}\"},\"query-input\":\"required name=search_term_string\"}],\"inLanguage\":\"it-IT\"},{\"@type\":\"Person\",\"@id\":\"https:\/\/giannidavico.it\/gopiedmont\/#\/schema\/person\/ea1fd17d8f2dba325f3712219efa8f77\",\"name\":\"giannidavico\",\"image\":{\"@type\":\"ImageObject\",\"inLanguage\":\"it-IT\",\"@id\":\"https:\/\/giannidavico.it\/gopiedmont\/#\/schema\/person\/image\/\",\"url\":\"https:\/\/secure.gravatar.com\/avatar\/337748753d882602f3038b55fb369ba1?s=96&d=mm&r=g\",\"contentUrl\":\"https:\/\/secure.gravatar.com\/avatar\/337748753d882602f3038b55fb369ba1?s=96&d=mm&r=g\",\"caption\":\"giannidavico\"},\"url\":\"https:\/\/giannidavico.it\/gopiedmont\/author\/giannidavico\/\"}]}<\/script>\n<!-- \/ Yoast SEO plugin. -->","yoast_head_json":{"title":"Svegliu d'isula, A Paulu - Go Piedmont","robots":{"index":"index","follow":"follow","max-snippet":"max-snippet:-1","max-image-preview":"max-image-preview:large","max-video-preview":"max-video-preview:-1"},"canonical":"https:\/\/giannidavico.it\/gopiedmont\/2013\/08\/28\/svegliu-disula-a-paulu\/","og_locale":"it_IT","og_type":"article","og_title":"Svegliu d'isula, A Paulu - Go Piedmont","og_description":"It j&#8217;ere an tuta la val cavali\u00e9 arnom\u00e0 ancheuj \u00ebl b\u00f2sch as lamenta che l&#8217;etern a l&#8217;ha ciamate an mes a la toa stra, o P\u00e0, it ses andatne O amis, o fratel, \u00ebl destin a l&#8217;\u00e9 malarconossent ma coj ch&#8217;a son \u00ebst\u00e0it ij t\u00f2 t\u00f2rt? Ti ch&#8217;it j\u00eb vur\u00ece bin a la vita an manera talment f\u00f2rta I porterai sempe andrinta &#8216;d mi \u00ebl t\u00f2 amor p\u00ebr costa t\u00e8ra soa felicit\u00e0 quand ch&#8217;a sponta l&#8217;alba ci\u00e0ira adess arp\u00f2s-te, o P\u00e0, ant la toa foresta cara Da &#8216;l Tarav, da la R\u00f2ca e da le vaj d&#8217;Alisgian a son riunisse tuti, amis e paisan quand a l&#8217;\u00e9 ruvaje la neuva causa &#8216;d tanti dan As sentiran p\u00ec nen \u00ebd rime an coste v\u00ebrde colin-e bele j&#8217;osej a son mut dai camp a la marin-a a bogia gnanca &#8216;l vent p\u00ebr coste foreste davsin-e I porterai sempe andrinta &#8216;d mi \u00ebl t\u00f2 amor p\u00ebr costa t\u00e8ra soa felicit\u00e0 quand ch&#8217;a sponta l&#8217;alba ci\u00e0ira adess arp\u00f2s-te, o P\u00e0, ant la toa foresta cara V\u00e0ire galop\u00e0 i l&#8217;oma f\u00e0it, v\u00e0ire seir\u00e0 &#8216;d cant an costi t\u00e8mp benedet minca di [\u2026] continua a leggere \u00bb","og_url":"https:\/\/giannidavico.it\/gopiedmont\/2013\/08\/28\/svegliu-disula-a-paulu\/","og_site_name":"Go Piedmont","article_published_time":"2013-08-28T05:00:04+00:00","article_modified_time":"2013-08-28T07:38:12+00:00","author":"giannidavico","twitter_card":"summary_large_image","twitter_misc":{"Scritto da":"giannidavico","Tempo di lettura stimato":"1 minuto"},"schema":{"@context":"https:\/\/schema.org","@graph":[{"@type":"WebPage","@id":"https:\/\/giannidavico.it\/gopiedmont\/2013\/08\/28\/svegliu-disula-a-paulu\/","url":"https:\/\/giannidavico.it\/gopiedmont\/2013\/08\/28\/svegliu-disula-a-paulu\/","name":"Svegliu d'isula, A Paulu - Go Piedmont","isPartOf":{"@id":"https:\/\/giannidavico.it\/gopiedmont\/#website"},"datePublished":"2013-08-28T05:00:04+00:00","dateModified":"2013-08-28T07:38:12+00:00","author":{"@id":"https:\/\/giannidavico.it\/gopiedmont\/#\/schema\/person\/ea1fd17d8f2dba325f3712219efa8f77"},"inLanguage":"it-IT","potentialAction":[{"@type":"ReadAction","target":["https:\/\/giannidavico.it\/gopiedmont\/2013\/08\/28\/svegliu-disula-a-paulu\/"]}]},{"@type":"WebSite","@id":"https:\/\/giannidavico.it\/gopiedmont\/#website","url":"https:\/\/giannidavico.it\/gopiedmont\/","name":"Go Piedmont","description":"pens\u00e9 dzora l\u00ecber, event e p\u00ebrson-e grop\u00e0 al Piemont e a la lenga piemont\u00e8isa","potentialAction":[{"@type":"SearchAction","target":{"@type":"EntryPoint","urlTemplate":"https:\/\/giannidavico.it\/gopiedmont\/?s={search_term_string}"},"query-input":"required name=search_term_string"}],"inLanguage":"it-IT"},{"@type":"Person","@id":"https:\/\/giannidavico.it\/gopiedmont\/#\/schema\/person\/ea1fd17d8f2dba325f3712219efa8f77","name":"giannidavico","image":{"@type":"ImageObject","inLanguage":"it-IT","@id":"https:\/\/giannidavico.it\/gopiedmont\/#\/schema\/person\/image\/","url":"https:\/\/secure.gravatar.com\/avatar\/337748753d882602f3038b55fb369ba1?s=96&d=mm&r=g","contentUrl":"https:\/\/secure.gravatar.com\/avatar\/337748753d882602f3038b55fb369ba1?s=96&d=mm&r=g","caption":"giannidavico"},"url":"https:\/\/giannidavico.it\/gopiedmont\/author\/giannidavico\/"}]}},"_links":{"self":[{"href":"https:\/\/giannidavico.it\/gopiedmont\/wp-json\/wp\/v2\/posts\/1845"}],"collection":[{"href":"https:\/\/giannidavico.it\/gopiedmont\/wp-json\/wp\/v2\/posts"}],"about":[{"href":"https:\/\/giannidavico.it\/gopiedmont\/wp-json\/wp\/v2\/types\/post"}],"author":[{"embeddable":true,"href":"https:\/\/giannidavico.it\/gopiedmont\/wp-json\/wp\/v2\/users\/4"}],"replies":[{"embeddable":true,"href":"https:\/\/giannidavico.it\/gopiedmont\/wp-json\/wp\/v2\/comments?post=1845"}],"version-history":[{"count":10,"href":"https:\/\/giannidavico.it\/gopiedmont\/wp-json\/wp\/v2\/posts\/1845\/revisions"}],"predecessor-version":[{"id":1855,"href":"https:\/\/giannidavico.it\/gopiedmont\/wp-json\/wp\/v2\/posts\/1845\/revisions\/1855"}],"wp:attachment":[{"href":"https:\/\/giannidavico.it\/gopiedmont\/wp-json\/wp\/v2\/media?parent=1845"}],"wp:term":[{"taxonomy":"category","embeddable":true,"href":"https:\/\/giannidavico.it\/gopiedmont\/wp-json\/wp\/v2\/categories?post=1845"},{"taxonomy":"post_tag","embeddable":true,"href":"https:\/\/giannidavico.it\/gopiedmont\/wp-json\/wp\/v2\/tags?post=1845"}],"curies":[{"name":"wp","href":"https:\/\/api.w.org\/{rel}","templated":true}]}}