{"id":1868,"date":"2013-09-11T07:36:07","date_gmt":"2013-09-11T06:36:07","guid":{"rendered":"https:\/\/giannidavico.it\/staging\/gopiedmont\/?p=1868"},"modified":"2015-09-22T13:31:07","modified_gmt":"2015-09-22T12:31:07","slug":"el-piemont-an-langa","status":"publish","type":"post","link":"https:\/\/giannidavico.it\/gopiedmont\/2013\/09\/11\/el-piemont-an-langa\/","title":{"rendered":"\u00cbl Piemont an Langa"},"content":{"rendered":"<p><a href=\"https:\/\/giannidavico.it\/gopiedmont\/files\/2013\/09\/Monastero.jpg\"><img loading=\"lazy\" src=\"https:\/\/giannidavico.it\/gopiedmont\/files\/2013\/09\/Monastero-300x286.jpg\" alt=\"Monastero\" width=\"300\" height=\"286\" class=\"alignright size-medium wp-image-1872\" srcset=\"https:\/\/giannidavico.it\/gopiedmont\/files\/2013\/09\/Monastero-300x286.jpg 300w, https:\/\/giannidavico.it\/gopiedmont\/files\/2013\/09\/Monastero.jpg 803w\" sizes=\"(max-width: 300px) 100vw, 300px\" \/><\/a><br \/>\nI l&#8217;av\u00eca parl\u00e0 <a href=\"https:\/\/giannidavico.it\/gopiedmont\/2013\/03\/20\/festa-del-piemont-cha-fa-46\/\" title=\"Festa d\u00ebl Piemont ch\u2019a f\u00e0 46\">ambeless\u00ec<\/a> dla festa d\u00ebl Piemont ch\u2019a f\u00e0 46, organis\u00e0 dal s\u00ecrcol coltural Langa Astsan-a.<\/p>\n<p>Bin, la festa a s\u00e9guita cost saba: al castel d\u00ebl Monast\u00e9, a des ore, a-i sar\u00e0 n&#8217;ancontr an tra j&#8217;associassion piemont\u00e8ise. La ciaciarada a seguiter\u00e0 peui ant \u00ebl disn\u00e9 ofert an semplicit\u00e0 dal s\u00ecrcol Langa Astsan-a.<\/p>\n<p>Al d\u00f2p-mesd\u00ec as podr\u00e0 visit\u00e9 &#8216;l castel, e a singh ore a-i sar\u00e0 la presentassion d\u00ebl l\u00ecber <a href=\"http:\/\/www.amazon.it\/Monastero-Bormida-suo-patrimonio-Giana\/dp\/8861951104\/ref=sr_1_1?ie=UTF8&#038;qid=1442925037&#038;sr=8-1&#038;keywords=Monastero+Bormida+e+le+storie+del+suo+patrimonio&#038;tag=giandavi-21\" title=\"Monastero Bormida e le storie del suo patrimonio\" target=\"_blank\"><em>Monastero Bormida e le storie del suo patrimonio<\/em><\/a>. <a href=\"https:\/\/giannidavico.it\/gopiedmont\/files\/2013\/09\/Monast\u00e9.pdf\" title=\"\u00cbl Piemont an Langa\">Ambeless\u00ec<\/a> \u00ebl programa complet e ij detaj.<\/p>\n<p>Mi, am d\u00ebspias, i podrai nen partissip\u00e9; ma i conserv andrinta al cheur, e i porterai sempe con mi, l&#8217;arc\u00f2rd dl&#8217;acoliensa c\u00e0uda, sempia e soas\u00eca ch&#8217;i l&#8217;hai av\u00f9, con m\u00e9 famija, \u00ebl d\u00ec ch&#8217;i son and\u00e0it ambelel\u00e0. Gent \u00ebd gran cheur; e ij m\u00e9 letor, donca, a son anvit\u00e0.<\/p>\n","protected":false},"excerpt":{"rendered":"<p><a href=\"https:\/\/giannidavico.it\/gopiedmont\/files\/2013\/09\/Monastero.jpg\"><img loading=\"lazy\" src=\"https:\/\/giannidavico.it\/gopiedmont\/files\/2013\/09\/Monastero-300x286.jpg\" alt=\"Monastero\" width=\"300\" height=\"286\" class=\"alignright size-medium wp-image-1872\" srcset=\"https:\/\/giannidavico.it\/gopiedmont\/files\/2013\/09\/Monastero-300x286.jpg 300w, https:\/\/giannidavico.it\/gopiedmont\/files\/2013\/09\/Monastero.jpg 803w\" sizes=\"(max-width: 300px) 100vw, 300px\" \/><\/a><br \/> I l&#8217;av\u00eca parl\u00e0 <a href=\"https:\/\/giannidavico.it\/gopiedmont\/2013\/03\/20\/festa-del-piemont-cha-fa-46\/\" title=\"Festa d\u00ebl Piemont ch\u2019a f\u00e0 46\">ambeless\u00ec<\/a> dla festa d\u00ebl Piemont ch\u2019a f\u00e0 46, organis\u00e0 dal s\u00ecrcol coltural Langa Astsan-a.<\/p>\n<p>Bin, la festa a s\u00e9guita cost saba: al castel d\u00ebl Monast\u00e9, a des ore, a-i sar\u00e0 n&#8217;ancontr an tra j&#8217;associassion piemont\u00e8ise. La ciaciarada a seguiter\u00e0 peui ant \u00ebl disn\u00e9 ofert an semplicit\u00e0 dal s\u00ecrcol Langa Astsan-a.<\/p>\n<p>Al d\u00f2p-mesd\u00ec as podr\u00e0 visit\u00e9 &#8216;l castel, e a singh ore a-i sar\u00e0 la presentassion d\u00ebl l\u00ecber <a href=\"http:\/\/www.amazon.it\/Monastero-Bormida-suo-patrimonio-Giana\/dp\/8861951104\/ref=sr_1_1?ie=UTF8&#038;qid=1442925037&#038;sr=8-1&#038;keywords=Monastero+Bormida+e+le+storie+del+suo+patrimonio&#038;tag=giandavi-21\" title=\"Monastero Bormida e le storie del suo patrimonio\" target=\"_blank\"><em>Monastero Bormida e le storie del suo patrimonio<\/em><\/a>. <a href=\"https:\/\/giannidavico.it\/gopiedmont\/files\/2013\/09\/Monast\u00e9.pdf\" title=\"\u00cbl Piemont an Langa\">Ambeless\u00ec<\/a> \u00ebl programa complet e ij detaj.<\/p>\n<p>Mi, am d\u00ebspias, i podrai nen partissip\u00e9; ma i conserv andrinta al cheur, e i porterai sempe con mi, l&#8217;arc\u00f2rd dl&#8217;acoliensa c\u00e0uda, sempia e soas\u00eca ch&#8217;i l&#8217;hai av\u00f9, con m\u00e9 famija, \u00ebl d\u00ec ch&#8217;i son and\u00e0it ambelel\u00e0. Gent \u00ebd gran cheur; e ij m\u00e9 letor, donca, a son anvit\u00e0.<\/p>\n","protected":false},"author":4,"featured_media":0,"comment_status":"open","ping_status":"open","sticky":false,"template":"","format":"standard","meta":[],"categories":[130],"tags":[131,107],"yoast_head":"<!-- This site is optimized with the Yoast SEO plugin v19.14 - https:\/\/yoast.com\/wordpress\/plugins\/seo\/ -->\n<title>\u00cbl Piemont an Langa - Go Piedmont<\/title>\n<meta name=\"robots\" content=\"index, follow, max-snippet:-1, max-image-preview:large, max-video-preview:-1\" \/>\n<link rel=\"canonical\" href=\"https:\/\/giannidavico.it\/gopiedmont\/2013\/09\/11\/el-piemont-an-langa\/\" \/>\n<meta property=\"og:locale\" content=\"it_IT\" \/>\n<meta property=\"og:type\" content=\"article\" \/>\n<meta property=\"og:title\" content=\"\u00cbl Piemont an Langa - Go Piedmont\" \/>\n<meta property=\"og:description\" content=\"I l&#8217;av\u00eca parl\u00e0 ambeless\u00ec dla festa d\u00ebl Piemont ch\u2019a f\u00e0 46, organis\u00e0 dal s\u00ecrcol coltural Langa Astsan-a. Bin, la festa a s\u00e9guita cost saba: al castel d\u00ebl Monast\u00e9, a des ore, a-i sar\u00e0 n&#8217;ancontr an tra j&#8217;associassion piemont\u00e8ise. La ciaciarada a seguiter\u00e0 peui ant \u00ebl disn\u00e9 ofert an semplicit\u00e0 dal s\u00ecrcol Langa Astsan-a. Al d\u00f2p-mesd\u00ec as podr\u00e0 visit\u00e9 &#8216;l castel, e a singh ore a-i sar\u00e0 la presentassion d\u00ebl l\u00ecber Monastero Bormida e le storie del suo patrimonio. Ambeless\u00ec \u00ebl programa complet e ij detaj. Mi, am d\u00ebspias, i podrai nen partissip\u00e9; ma i conserv andrinta al cheur, e i porterai sempe con mi, l&#8217;arc\u00f2rd dl&#8217;acoliensa c\u00e0uda, sempia e soas\u00eca ch&#8217;i l&#8217;hai av\u00f9, con m\u00e9 famija, \u00ebl d\u00ec ch&#8217;i son and\u00e0it ambelel\u00e0. Gent \u00ebd gran cheur; e ij m\u00e9 letor, donca, a son anvit\u00e0.\" \/>\n<meta property=\"og:url\" content=\"https:\/\/giannidavico.it\/gopiedmont\/2013\/09\/11\/el-piemont-an-langa\/\" \/>\n<meta property=\"og:site_name\" content=\"Go Piedmont\" \/>\n<meta property=\"article:published_time\" content=\"2013-09-11T06:36:07+00:00\" \/>\n<meta property=\"article:modified_time\" content=\"2015-09-22T12:31:07+00:00\" \/>\n<meta property=\"og:image\" content=\"https:\/\/giannidavico.it\/gopiedmont\/files\/2013\/09\/Monastero-300x286.jpg\" \/>\n<meta name=\"author\" content=\"giannidavico\" \/>\n<meta name=\"twitter:card\" content=\"summary_large_image\" \/>\n<meta name=\"twitter:label1\" content=\"Scritto da\" \/>\n\t<meta name=\"twitter:data1\" content=\"giannidavico\" \/>\n\t<meta name=\"twitter:label2\" content=\"Tempo di lettura stimato\" \/>\n\t<meta name=\"twitter:data2\" content=\"1 minuto\" \/>\n<script type=\"application\/ld+json\" class=\"yoast-schema-graph\">{\"@context\":\"https:\/\/schema.org\",\"@graph\":[{\"@type\":\"WebPage\",\"@id\":\"https:\/\/giannidavico.it\/gopiedmont\/2013\/09\/11\/el-piemont-an-langa\/\",\"url\":\"https:\/\/giannidavico.it\/gopiedmont\/2013\/09\/11\/el-piemont-an-langa\/\",\"name\":\"\u00cbl Piemont an Langa - Go Piedmont\",\"isPartOf\":{\"@id\":\"https:\/\/giannidavico.it\/gopiedmont\/#website\"},\"datePublished\":\"2013-09-11T06:36:07+00:00\",\"dateModified\":\"2015-09-22T12:31:07+00:00\",\"author\":{\"@id\":\"https:\/\/giannidavico.it\/gopiedmont\/#\/schema\/person\/ea1fd17d8f2dba325f3712219efa8f77\"},\"inLanguage\":\"it-IT\",\"potentialAction\":[{\"@type\":\"ReadAction\",\"target\":[\"https:\/\/giannidavico.it\/gopiedmont\/2013\/09\/11\/el-piemont-an-langa\/\"]}]},{\"@type\":\"WebSite\",\"@id\":\"https:\/\/giannidavico.it\/gopiedmont\/#website\",\"url\":\"https:\/\/giannidavico.it\/gopiedmont\/\",\"name\":\"Go Piedmont\",\"description\":\"pens\u00e9 dzora l\u00ecber, event e p\u00ebrson-e grop\u00e0 al Piemont e a la lenga piemont\u00e8isa\",\"potentialAction\":[{\"@type\":\"SearchAction\",\"target\":{\"@type\":\"EntryPoint\",\"urlTemplate\":\"https:\/\/giannidavico.it\/gopiedmont\/?s={search_term_string}\"},\"query-input\":\"required name=search_term_string\"}],\"inLanguage\":\"it-IT\"},{\"@type\":\"Person\",\"@id\":\"https:\/\/giannidavico.it\/gopiedmont\/#\/schema\/person\/ea1fd17d8f2dba325f3712219efa8f77\",\"name\":\"giannidavico\",\"image\":{\"@type\":\"ImageObject\",\"inLanguage\":\"it-IT\",\"@id\":\"https:\/\/giannidavico.it\/gopiedmont\/#\/schema\/person\/image\/\",\"url\":\"https:\/\/secure.gravatar.com\/avatar\/337748753d882602f3038b55fb369ba1?s=96&d=mm&r=g\",\"contentUrl\":\"https:\/\/secure.gravatar.com\/avatar\/337748753d882602f3038b55fb369ba1?s=96&d=mm&r=g\",\"caption\":\"giannidavico\"},\"url\":\"https:\/\/giannidavico.it\/gopiedmont\/author\/giannidavico\/\"}]}<\/script>\n<!-- \/ Yoast SEO plugin. -->","yoast_head_json":{"title":"\u00cbl Piemont an Langa - Go Piedmont","robots":{"index":"index","follow":"follow","max-snippet":"max-snippet:-1","max-image-preview":"max-image-preview:large","max-video-preview":"max-video-preview:-1"},"canonical":"https:\/\/giannidavico.it\/gopiedmont\/2013\/09\/11\/el-piemont-an-langa\/","og_locale":"it_IT","og_type":"article","og_title":"\u00cbl Piemont an Langa - Go Piedmont","og_description":"I l&#8217;av\u00eca parl\u00e0 ambeless\u00ec dla festa d\u00ebl Piemont ch\u2019a f\u00e0 46, organis\u00e0 dal s\u00ecrcol coltural Langa Astsan-a. Bin, la festa a s\u00e9guita cost saba: al castel d\u00ebl Monast\u00e9, a des ore, a-i sar\u00e0 n&#8217;ancontr an tra j&#8217;associassion piemont\u00e8ise. La ciaciarada a seguiter\u00e0 peui ant \u00ebl disn\u00e9 ofert an semplicit\u00e0 dal s\u00ecrcol Langa Astsan-a. Al d\u00f2p-mesd\u00ec as podr\u00e0 visit\u00e9 &#8216;l castel, e a singh ore a-i sar\u00e0 la presentassion d\u00ebl l\u00ecber Monastero Bormida e le storie del suo patrimonio. Ambeless\u00ec \u00ebl programa complet e ij detaj. Mi, am d\u00ebspias, i podrai nen partissip\u00e9; ma i conserv andrinta al cheur, e i porterai sempe con mi, l&#8217;arc\u00f2rd dl&#8217;acoliensa c\u00e0uda, sempia e soas\u00eca ch&#8217;i l&#8217;hai av\u00f9, con m\u00e9 famija, \u00ebl d\u00ec ch&#8217;i son and\u00e0it ambelel\u00e0. Gent \u00ebd gran cheur; e ij m\u00e9 letor, donca, a son anvit\u00e0.","og_url":"https:\/\/giannidavico.it\/gopiedmont\/2013\/09\/11\/el-piemont-an-langa\/","og_site_name":"Go Piedmont","article_published_time":"2013-09-11T06:36:07+00:00","article_modified_time":"2015-09-22T12:31:07+00:00","og_image":[{"url":"https:\/\/giannidavico.it\/gopiedmont\/files\/2013\/09\/Monastero-300x286.jpg"}],"author":"giannidavico","twitter_card":"summary_large_image","twitter_misc":{"Scritto da":"giannidavico","Tempo di lettura stimato":"1 minuto"},"schema":{"@context":"https:\/\/schema.org","@graph":[{"@type":"WebPage","@id":"https:\/\/giannidavico.it\/gopiedmont\/2013\/09\/11\/el-piemont-an-langa\/","url":"https:\/\/giannidavico.it\/gopiedmont\/2013\/09\/11\/el-piemont-an-langa\/","name":"\u00cbl Piemont an Langa - Go Piedmont","isPartOf":{"@id":"https:\/\/giannidavico.it\/gopiedmont\/#website"},"datePublished":"2013-09-11T06:36:07+00:00","dateModified":"2015-09-22T12:31:07+00:00","author":{"@id":"https:\/\/giannidavico.it\/gopiedmont\/#\/schema\/person\/ea1fd17d8f2dba325f3712219efa8f77"},"inLanguage":"it-IT","potentialAction":[{"@type":"ReadAction","target":["https:\/\/giannidavico.it\/gopiedmont\/2013\/09\/11\/el-piemont-an-langa\/"]}]},{"@type":"WebSite","@id":"https:\/\/giannidavico.it\/gopiedmont\/#website","url":"https:\/\/giannidavico.it\/gopiedmont\/","name":"Go Piedmont","description":"pens\u00e9 dzora l\u00ecber, event e p\u00ebrson-e grop\u00e0 al Piemont e a la lenga piemont\u00e8isa","potentialAction":[{"@type":"SearchAction","target":{"@type":"EntryPoint","urlTemplate":"https:\/\/giannidavico.it\/gopiedmont\/?s={search_term_string}"},"query-input":"required name=search_term_string"}],"inLanguage":"it-IT"},{"@type":"Person","@id":"https:\/\/giannidavico.it\/gopiedmont\/#\/schema\/person\/ea1fd17d8f2dba325f3712219efa8f77","name":"giannidavico","image":{"@type":"ImageObject","inLanguage":"it-IT","@id":"https:\/\/giannidavico.it\/gopiedmont\/#\/schema\/person\/image\/","url":"https:\/\/secure.gravatar.com\/avatar\/337748753d882602f3038b55fb369ba1?s=96&d=mm&r=g","contentUrl":"https:\/\/secure.gravatar.com\/avatar\/337748753d882602f3038b55fb369ba1?s=96&d=mm&r=g","caption":"giannidavico"},"url":"https:\/\/giannidavico.it\/gopiedmont\/author\/giannidavico\/"}]}},"_links":{"self":[{"href":"https:\/\/giannidavico.it\/gopiedmont\/wp-json\/wp\/v2\/posts\/1868"}],"collection":[{"href":"https:\/\/giannidavico.it\/gopiedmont\/wp-json\/wp\/v2\/posts"}],"about":[{"href":"https:\/\/giannidavico.it\/gopiedmont\/wp-json\/wp\/v2\/types\/post"}],"author":[{"embeddable":true,"href":"https:\/\/giannidavico.it\/gopiedmont\/wp-json\/wp\/v2\/users\/4"}],"replies":[{"embeddable":true,"href":"https:\/\/giannidavico.it\/gopiedmont\/wp-json\/wp\/v2\/comments?post=1868"}],"version-history":[{"count":6,"href":"https:\/\/giannidavico.it\/gopiedmont\/wp-json\/wp\/v2\/posts\/1868\/revisions"}],"predecessor-version":[{"id":2963,"href":"https:\/\/giannidavico.it\/gopiedmont\/wp-json\/wp\/v2\/posts\/1868\/revisions\/2963"}],"wp:attachment":[{"href":"https:\/\/giannidavico.it\/gopiedmont\/wp-json\/wp\/v2\/media?parent=1868"}],"wp:term":[{"taxonomy":"category","embeddable":true,"href":"https:\/\/giannidavico.it\/gopiedmont\/wp-json\/wp\/v2\/categories?post=1868"},{"taxonomy":"post_tag","embeddable":true,"href":"https:\/\/giannidavico.it\/gopiedmont\/wp-json\/wp\/v2\/tags?post=1868"}],"curies":[{"name":"wp","href":"https:\/\/api.w.org\/{rel}","templated":true}]}}