{"id":1877,"date":"2013-09-18T08:16:21","date_gmt":"2013-09-18T07:16:21","guid":{"rendered":"https:\/\/giannidavico.it\/staging\/gopiedmont\/?p=1877"},"modified":"2015-09-24T09:17:17","modified_gmt":"2015-09-24T08:17:17","slug":"el-vej-maritan","status":"publish","type":"post","link":"https:\/\/giannidavico.it\/gopiedmont\/2013\/09\/18\/el-vej-maritan\/","title":{"rendered":"\u00cbl vej Maritan"},"content":{"rendered":"<p>L&#8217;art\u00eccol d&#8217;ancheuj a l&#8217;\u00e9 na tradussion d&#8217;un racont \u00ebd Giovanni Guareschi, <em>Il cittadino Demei<\/em>, ch&#8217;a j&#8217;era st\u00e0it public\u00e0 ansima a \u201cCandido\u201d n. 43 d\u00ebl 21 otober 1956 e ch&#8217;as treuva ansima a <a href=\"http:\/\/www.amazon.it\/Baffo-racconta-Giovannino-Guareschi-Narrativa-ebook\/dp\/B00CFF3ZXW\/ref=sr_1_1?ie=UTF8&#038;qid=1442924925&#038;sr=8-1&#038;keywords=baffo+racconta&#038;tag=giandavi-21\" title=\"Giovanni Guareschi, Baffo racconta\" target=\"_blank\">cost l\u00ecber<\/a>. As peul \u00ebdc\u00f2 trovesse <a href=\"http:\/\/www.brunoleonimedia.it\/public\/Papers\/IBL_Lettere_Guareschi.pdf\" title=\"Giovanni Guareschi, Il cittadino Demei\" target=\"_blank\">ambeless\u00ec<\/a>.<\/p>\n<p>La tradussion an piemont\u00e8is a l&#8217;\u00e9 <a href=\"https:\/\/giannidavico.it\/gopiedmont\/files\/2015\/09\/Maritan.pdf\" title=\"Giovanni Guareschi, \u00cbl vej Maritan\">ambeless\u00ec<\/a>. L&#8217;autor dla tradussion a l&#8217;\u00e9 Renato Agagliate, n&#8217;ovri\u00e9 dla Fiat an pension ch&#8217;a l&#8217;\u00e9 butasse a studi\u00e9 &#8216;l piemont\u00e8is e a l&#8217;\u00e9 riv\u00e0 a ten-e dij cors p\u00ebr l&#8217;<a href=\"http:\/\/www.nostereis.org\/\" title=\"Associazione Culturale Piemontese N\u00f2ste R\u00e8is\" target=\"_blank\">associassion N\u00f2ste R\u00e8is<\/a> (compliment!).<\/p>\n<p>La responsabilit\u00e0 dla publicassion a l&#8217;\u00e9 mia: da na mira legal i l&#8217;avr\u00eca dov\u00f9 ciam\u00e9 &#8216;l p\u00ebrmess, ma bele se i son a disposission p\u00ebr f\u00e9 tute le modifiche necessarie i l&#8217;hai pens\u00e0 ch&#8217;a l&#8217;\u00e9 bel propon-e cost t\u00f2ch, e p\u00ebr l&#8217;atualit\u00e0 d\u00ebl contn\u00f9 (l&#8217;argoment a l&#8217;\u00e9 sempe atual, ma ancheuj &#8211; s&#8217;as peul &#8211; ancora &#8216;d p\u00ec), e p\u00ebr la vajantisa dl&#8217;autor, e p\u00ebr la bl\u00ebssa dla tradussion. (Sensa d\u00ebsmenti\u00e9 ch&#8217;a son <em>lavori ad alto rendimento<\/em>, f\u00e0it p\u00ebr amor \u00ebd na lenga &#8211; <em>navigare necesse, vivere non necesse<\/em>, i lo soma &#8211; e nen p\u00ebr av\u00e8j dij vantagi.)<\/p>\n<p><a href=\"http:\/\/it.wikipedia.org\/wiki\/Giovannino_Guareschi\" title=\"Giovannino Guareschi\" target=\"_blank\">Giovannino Guareschi<\/a> a l&#8217;\u00e9 n&#8217;autor ch&#8217;a venta torn\u00e9 a lese con atension, p\u00ebrch\u00e8  tante r\u00f2be ch&#8217;a dis\u00eca a smijo taj\u00e0 ant l&#8217;Italia d&#8217;ancheuj.<\/p>\n<p>P\u00ebr fin\u00ec: mons\u00f9 Agagliate, mers\u00ec p\u00ebr s\u00f2 t\u00f2ch. Adess ch&#8217;i l&#8217;oma ancamin\u00e0 i pudoma seguit\u00e9, n\u00f2?<\/p>\n","protected":false},"excerpt":{"rendered":"<p>L&#8217;art\u00eccol d&#8217;ancheuj a l&#8217;\u00e9 na tradussion d&#8217;un racont \u00ebd Giovanni Guareschi, <em>Il cittadino Demei<\/em>, ch&#8217;a j&#8217;era st\u00e0it public\u00e0 ansima a \u201cCandido\u201d n. 43 d\u00ebl 21 otober 1956 e ch&#8217;as treuva ansima a <a href=\"http:\/\/www.amazon.it\/Baffo-racconta-Giovannino-Guareschi-Narrativa-ebook\/dp\/B00CFF3ZXW\/ref=sr_1_1?ie=UTF8&#038;qid=1442924925&#038;sr=8-1&#038;keywords=baffo+racconta&#038;tag=giandavi-21\" title=\"Giovanni Guareschi, Baffo racconta\" target=\"_blank\">cost l\u00ecber<\/a>. As peul \u00ebdc\u00f2 trovesse <a href=\"http:\/\/www.brunoleonimedia.it\/public\/Papers\/IBL_Lettere_Guareschi.pdf\" title=\"Giovanni Guareschi, Il cittadino Demei\" target=\"_blank\">ambeless\u00ec<\/a>.<\/p>\n<p>La tradussion an piemont\u00e8is a l&#8217;\u00e9 <a href=\"https:\/\/giannidavico.it\/gopiedmont\/files\/2015\/09\/Maritan.pdf\" title=\"Giovanni Guareschi, \u00cbl vej Maritan\">ambeless\u00ec<\/a>. L&#8217;autor dla tradussion a l&#8217;\u00e9 Renato Agagliate, n&#8217;ovri\u00e9 dla Fiat an pension ch&#8217;a l&#8217;\u00e9 butasse a studi\u00e9 &#8216;l piemont\u00e8is e a l&#8217;\u00e9 riv\u00e0 a ten-e dij cors p\u00ebr l&#8217;<a href=\"http:\/\/www.nostereis.org\/\" title=\"Associazione Culturale Piemontese N\u00f2ste R\u00e8is\" target=\"_blank\">associassion N\u00f2ste R\u00e8is<\/a> (compliment!).<\/p>\n<p>La responsabilit\u00e0 dla publicassion a l&#8217;\u00e9 mia: da na mira legal i l&#8217;avr\u00eca dov\u00f9 ciam\u00e9 &#8216;l p\u00ebrmess, ma bele se i son a disposission p\u00ebr f\u00e9 tute le modifiche necessarie i l&#8217;hai pens\u00e0 ch&#8217;a l&#8217;\u00e9 bel propon-e cost t\u00f2ch, e p\u00ebr l&#8217;atualit\u00e0 d\u00ebl contn\u00f9 (l&#8217;argoment a l&#8217;\u00e9 sempe atual, ma ancheuj &#8211; s&#8217;as peul &#8211; ancora &#8216;d p\u00ec), e p\u00ebr la vajantisa dl&#8217;autor, e p\u00ebr la bl\u00ebssa dla tradussion. (Sensa d\u00ebsmenti\u00e9 ch&#8217;a son <em>lavori ad alto rendimento<\/em>, f\u00e0it p\u00ebr amor \u00ebd na lenga &#8211; <em>navigare necesse, vivere non necesse<\/em>, i lo soma &#8211; e nen p\u00ebr [\u2026] <a class=\"moretag\" href=\"https:\/\/giannidavico.it\/gopiedmont\/2013\/09\/18\/el-vej-maritan\/\">continua a leggere \u00bb<\/a><\/p>\n","protected":false},"author":4,"featured_media":0,"comment_status":"open","ping_status":"open","sticky":false,"template":"","format":"standard","meta":[],"categories":[130],"tags":[7851],"yoast_head":"<!-- This site is optimized with the Yoast SEO plugin v19.14 - https:\/\/yoast.com\/wordpress\/plugins\/seo\/ -->\n<title>\u00cbl vej Maritan - Go Piedmont<\/title>\n<meta name=\"robots\" content=\"index, follow, max-snippet:-1, max-image-preview:large, max-video-preview:-1\" \/>\n<link rel=\"canonical\" href=\"https:\/\/giannidavico.it\/gopiedmont\/2013\/09\/18\/el-vej-maritan\/\" \/>\n<meta property=\"og:locale\" content=\"it_IT\" \/>\n<meta property=\"og:type\" content=\"article\" \/>\n<meta property=\"og:title\" content=\"\u00cbl vej Maritan - Go Piedmont\" \/>\n<meta property=\"og:description\" content=\"L&#8217;art\u00eccol d&#8217;ancheuj a l&#8217;\u00e9 na tradussion d&#8217;un racont \u00ebd Giovanni Guareschi, Il cittadino Demei, ch&#8217;a j&#8217;era st\u00e0it public\u00e0 ansima a \u201cCandido\u201d n. 43 d\u00ebl 21 otober 1956 e ch&#8217;as treuva ansima a cost l\u00ecber. As peul \u00ebdc\u00f2 trovesse ambeless\u00ec. La tradussion an piemont\u00e8is a l&#8217;\u00e9 ambeless\u00ec. L&#8217;autor dla tradussion a l&#8217;\u00e9 Renato Agagliate, n&#8217;ovri\u00e9 dla Fiat an pension ch&#8217;a l&#8217;\u00e9 butasse a studi\u00e9 &#8216;l piemont\u00e8is e a l&#8217;\u00e9 riv\u00e0 a ten-e dij cors p\u00ebr l&#8217;associassion N\u00f2ste R\u00e8is (compliment!). La responsabilit\u00e0 dla publicassion a l&#8217;\u00e9 mia: da na mira legal i l&#8217;avr\u00eca dov\u00f9 ciam\u00e9 &#8216;l p\u00ebrmess, ma bele se i son a disposission p\u00ebr f\u00e9 tute le modifiche necessarie i l&#8217;hai pens\u00e0 ch&#8217;a l&#8217;\u00e9 bel propon-e cost t\u00f2ch, e p\u00ebr l&#8217;atualit\u00e0 d\u00ebl contn\u00f9 (l&#8217;argoment a l&#8217;\u00e9 sempe atual, ma ancheuj &#8211; s&#8217;as peul &#8211; ancora &#8216;d p\u00ec), e p\u00ebr la vajantisa dl&#8217;autor, e p\u00ebr la bl\u00ebssa dla tradussion. (Sensa d\u00ebsmenti\u00e9 ch&#8217;a son lavori ad alto rendimento, f\u00e0it p\u00ebr amor \u00ebd na lenga &#8211; navigare necesse, vivere non necesse, i lo soma &#8211; e nen p\u00ebr [\u2026] continua a leggere \u00bb\" \/>\n<meta property=\"og:url\" content=\"https:\/\/giannidavico.it\/gopiedmont\/2013\/09\/18\/el-vej-maritan\/\" \/>\n<meta property=\"og:site_name\" content=\"Go Piedmont\" \/>\n<meta property=\"article:published_time\" content=\"2013-09-18T07:16:21+00:00\" \/>\n<meta property=\"article:modified_time\" content=\"2015-09-24T08:17:17+00:00\" \/>\n<meta name=\"author\" content=\"giannidavico\" \/>\n<meta name=\"twitter:card\" content=\"summary_large_image\" \/>\n<meta name=\"twitter:label1\" content=\"Scritto da\" \/>\n\t<meta name=\"twitter:data1\" content=\"giannidavico\" \/>\n\t<meta name=\"twitter:label2\" content=\"Tempo di lettura stimato\" \/>\n\t<meta name=\"twitter:data2\" content=\"1 minuto\" \/>\n<script type=\"application\/ld+json\" class=\"yoast-schema-graph\">{\"@context\":\"https:\/\/schema.org\",\"@graph\":[{\"@type\":\"WebPage\",\"@id\":\"https:\/\/giannidavico.it\/gopiedmont\/2013\/09\/18\/el-vej-maritan\/\",\"url\":\"https:\/\/giannidavico.it\/gopiedmont\/2013\/09\/18\/el-vej-maritan\/\",\"name\":\"\u00cbl vej Maritan - Go Piedmont\",\"isPartOf\":{\"@id\":\"https:\/\/giannidavico.it\/gopiedmont\/#website\"},\"datePublished\":\"2013-09-18T07:16:21+00:00\",\"dateModified\":\"2015-09-24T08:17:17+00:00\",\"author\":{\"@id\":\"https:\/\/giannidavico.it\/gopiedmont\/#\/schema\/person\/ea1fd17d8f2dba325f3712219efa8f77\"},\"inLanguage\":\"it-IT\",\"potentialAction\":[{\"@type\":\"ReadAction\",\"target\":[\"https:\/\/giannidavico.it\/gopiedmont\/2013\/09\/18\/el-vej-maritan\/\"]}]},{\"@type\":\"WebSite\",\"@id\":\"https:\/\/giannidavico.it\/gopiedmont\/#website\",\"url\":\"https:\/\/giannidavico.it\/gopiedmont\/\",\"name\":\"Go Piedmont\",\"description\":\"pens\u00e9 dzora l\u00ecber, event e p\u00ebrson-e grop\u00e0 al Piemont e a la lenga piemont\u00e8isa\",\"potentialAction\":[{\"@type\":\"SearchAction\",\"target\":{\"@type\":\"EntryPoint\",\"urlTemplate\":\"https:\/\/giannidavico.it\/gopiedmont\/?s={search_term_string}\"},\"query-input\":\"required name=search_term_string\"}],\"inLanguage\":\"it-IT\"},{\"@type\":\"Person\",\"@id\":\"https:\/\/giannidavico.it\/gopiedmont\/#\/schema\/person\/ea1fd17d8f2dba325f3712219efa8f77\",\"name\":\"giannidavico\",\"image\":{\"@type\":\"ImageObject\",\"inLanguage\":\"it-IT\",\"@id\":\"https:\/\/giannidavico.it\/gopiedmont\/#\/schema\/person\/image\/\",\"url\":\"https:\/\/secure.gravatar.com\/avatar\/337748753d882602f3038b55fb369ba1?s=96&d=mm&r=g\",\"contentUrl\":\"https:\/\/secure.gravatar.com\/avatar\/337748753d882602f3038b55fb369ba1?s=96&d=mm&r=g\",\"caption\":\"giannidavico\"},\"url\":\"https:\/\/giannidavico.it\/gopiedmont\/author\/giannidavico\/\"}]}<\/script>\n<!-- \/ Yoast SEO plugin. -->","yoast_head_json":{"title":"\u00cbl vej Maritan - Go Piedmont","robots":{"index":"index","follow":"follow","max-snippet":"max-snippet:-1","max-image-preview":"max-image-preview:large","max-video-preview":"max-video-preview:-1"},"canonical":"https:\/\/giannidavico.it\/gopiedmont\/2013\/09\/18\/el-vej-maritan\/","og_locale":"it_IT","og_type":"article","og_title":"\u00cbl vej Maritan - Go Piedmont","og_description":"L&#8217;art\u00eccol d&#8217;ancheuj a l&#8217;\u00e9 na tradussion d&#8217;un racont \u00ebd Giovanni Guareschi, Il cittadino Demei, ch&#8217;a j&#8217;era st\u00e0it public\u00e0 ansima a \u201cCandido\u201d n. 43 d\u00ebl 21 otober 1956 e ch&#8217;as treuva ansima a cost l\u00ecber. As peul \u00ebdc\u00f2 trovesse ambeless\u00ec. La tradussion an piemont\u00e8is a l&#8217;\u00e9 ambeless\u00ec. L&#8217;autor dla tradussion a l&#8217;\u00e9 Renato Agagliate, n&#8217;ovri\u00e9 dla Fiat an pension ch&#8217;a l&#8217;\u00e9 butasse a studi\u00e9 &#8216;l piemont\u00e8is e a l&#8217;\u00e9 riv\u00e0 a ten-e dij cors p\u00ebr l&#8217;associassion N\u00f2ste R\u00e8is (compliment!). La responsabilit\u00e0 dla publicassion a l&#8217;\u00e9 mia: da na mira legal i l&#8217;avr\u00eca dov\u00f9 ciam\u00e9 &#8216;l p\u00ebrmess, ma bele se i son a disposission p\u00ebr f\u00e9 tute le modifiche necessarie i l&#8217;hai pens\u00e0 ch&#8217;a l&#8217;\u00e9 bel propon-e cost t\u00f2ch, e p\u00ebr l&#8217;atualit\u00e0 d\u00ebl contn\u00f9 (l&#8217;argoment a l&#8217;\u00e9 sempe atual, ma ancheuj &#8211; s&#8217;as peul &#8211; ancora &#8216;d p\u00ec), e p\u00ebr la vajantisa dl&#8217;autor, e p\u00ebr la bl\u00ebssa dla tradussion. (Sensa d\u00ebsmenti\u00e9 ch&#8217;a son lavori ad alto rendimento, f\u00e0it p\u00ebr amor \u00ebd na lenga &#8211; navigare necesse, vivere non necesse, i lo soma &#8211; e nen p\u00ebr [\u2026] continua a leggere \u00bb","og_url":"https:\/\/giannidavico.it\/gopiedmont\/2013\/09\/18\/el-vej-maritan\/","og_site_name":"Go Piedmont","article_published_time":"2013-09-18T07:16:21+00:00","article_modified_time":"2015-09-24T08:17:17+00:00","author":"giannidavico","twitter_card":"summary_large_image","twitter_misc":{"Scritto da":"giannidavico","Tempo di lettura stimato":"1 minuto"},"schema":{"@context":"https:\/\/schema.org","@graph":[{"@type":"WebPage","@id":"https:\/\/giannidavico.it\/gopiedmont\/2013\/09\/18\/el-vej-maritan\/","url":"https:\/\/giannidavico.it\/gopiedmont\/2013\/09\/18\/el-vej-maritan\/","name":"\u00cbl vej Maritan - Go Piedmont","isPartOf":{"@id":"https:\/\/giannidavico.it\/gopiedmont\/#website"},"datePublished":"2013-09-18T07:16:21+00:00","dateModified":"2015-09-24T08:17:17+00:00","author":{"@id":"https:\/\/giannidavico.it\/gopiedmont\/#\/schema\/person\/ea1fd17d8f2dba325f3712219efa8f77"},"inLanguage":"it-IT","potentialAction":[{"@type":"ReadAction","target":["https:\/\/giannidavico.it\/gopiedmont\/2013\/09\/18\/el-vej-maritan\/"]}]},{"@type":"WebSite","@id":"https:\/\/giannidavico.it\/gopiedmont\/#website","url":"https:\/\/giannidavico.it\/gopiedmont\/","name":"Go Piedmont","description":"pens\u00e9 dzora l\u00ecber, event e p\u00ebrson-e grop\u00e0 al Piemont e a la lenga piemont\u00e8isa","potentialAction":[{"@type":"SearchAction","target":{"@type":"EntryPoint","urlTemplate":"https:\/\/giannidavico.it\/gopiedmont\/?s={search_term_string}"},"query-input":"required name=search_term_string"}],"inLanguage":"it-IT"},{"@type":"Person","@id":"https:\/\/giannidavico.it\/gopiedmont\/#\/schema\/person\/ea1fd17d8f2dba325f3712219efa8f77","name":"giannidavico","image":{"@type":"ImageObject","inLanguage":"it-IT","@id":"https:\/\/giannidavico.it\/gopiedmont\/#\/schema\/person\/image\/","url":"https:\/\/secure.gravatar.com\/avatar\/337748753d882602f3038b55fb369ba1?s=96&d=mm&r=g","contentUrl":"https:\/\/secure.gravatar.com\/avatar\/337748753d882602f3038b55fb369ba1?s=96&d=mm&r=g","caption":"giannidavico"},"url":"https:\/\/giannidavico.it\/gopiedmont\/author\/giannidavico\/"}]}},"_links":{"self":[{"href":"https:\/\/giannidavico.it\/gopiedmont\/wp-json\/wp\/v2\/posts\/1877"}],"collection":[{"href":"https:\/\/giannidavico.it\/gopiedmont\/wp-json\/wp\/v2\/posts"}],"about":[{"href":"https:\/\/giannidavico.it\/gopiedmont\/wp-json\/wp\/v2\/types\/post"}],"author":[{"embeddable":true,"href":"https:\/\/giannidavico.it\/gopiedmont\/wp-json\/wp\/v2\/users\/4"}],"replies":[{"embeddable":true,"href":"https:\/\/giannidavico.it\/gopiedmont\/wp-json\/wp\/v2\/comments?post=1877"}],"version-history":[{"count":12,"href":"https:\/\/giannidavico.it\/gopiedmont\/wp-json\/wp\/v2\/posts\/1877\/revisions"}],"predecessor-version":[{"id":3119,"href":"https:\/\/giannidavico.it\/gopiedmont\/wp-json\/wp\/v2\/posts\/1877\/revisions\/3119"}],"wp:attachment":[{"href":"https:\/\/giannidavico.it\/gopiedmont\/wp-json\/wp\/v2\/media?parent=1877"}],"wp:term":[{"taxonomy":"category","embeddable":true,"href":"https:\/\/giannidavico.it\/gopiedmont\/wp-json\/wp\/v2\/categories?post=1877"},{"taxonomy":"post_tag","embeddable":true,"href":"https:\/\/giannidavico.it\/gopiedmont\/wp-json\/wp\/v2\/tags?post=1877"}],"curies":[{"name":"wp","href":"https:\/\/api.w.org\/{rel}","templated":true}]}}