{"id":1901,"date":"2013-10-02T06:00:15","date_gmt":"2013-10-02T05:00:15","guid":{"rendered":"https:\/\/giannidavico.it\/staging\/gopiedmont\/?p=1901"},"modified":"2013-10-01T19:03:07","modified_gmt":"2013-10-01T18:03:07","slug":"feste-cha-finisso-nen","status":"publish","type":"post","link":"https:\/\/giannidavico.it\/gopiedmont\/2013\/10\/02\/feste-cha-finisso-nen\/","title":{"rendered":"Feste ch&#8217;a finisso (nen)"},"content":{"rendered":"<p>La <a href=\"https:\/\/giannidavico.it\/gopiedmont\/2013\/09\/11\/el-piemont-an-langa\/\" title=\"\u00cbl Piemont an Langa\">festa d\u00ebl Piemont ch&#8217;a f\u00e0 46<\/a> a finiss cost saba &#8211; d\u00f2p-mesd\u00ec e s\u00e8ira &#8211; ant la sede d\u00ebl s\u00ecrcol Langa Astsan-a. \u00cbl programa a l&#8217;\u00e9 <a href=\"https:\/\/giannidavico.it\/gopiedmont\/files\/2013\/10\/Meria.pdf\" title=\"Andoma a sfoj\u00e9 la meria\">ambeless\u00ec<\/a>.<\/p>\n<p>P\u00ebr dila con Silvana e Clara:<\/p>\n<blockquote><p>A ve spetoma tucc a sfoj\u00e8 la meria ansem a nojacc!<\/p><\/blockquote>\n<p>Ma p\u00ebr na festa ch&#8217;a finiss, n&#8217;\u00e0uta a ancamina: p\u00ebrch\u00e8 saba a-i sar\u00e0 &#8216;l passage dle consigne a la comun-a &#8216;d Pian\u00ebssa, e an particolar a l&#8217;associassion Gorisa che a ospiter\u00e0, d\u00ebl 2014, la festa n\u00f9mer 47.<\/p>\n<p>Da signal\u00e9 \u00ebdc\u00f2, \u00ebl di d\u00f2p, la festa dl&#8217;associassion \u00ebl Sol \u00ebd j&#8217;Alp (programa <a href=\"https:\/\/giannidavico.it\/gopiedmont\/files\/2013\/10\/Sol.pdf\" title=\"Festa d\u00ebl Sol \u00ebd j'Alp ch'a f\u00e0 19\">ambeless\u00ec<\/a>).<\/p>\n<p>R\u00f2be cite, as capiss; ma r\u00f2be bele.<\/p>\n","protected":false},"excerpt":{"rendered":"<p>La <a href=\"https:\/\/giannidavico.it\/gopiedmont\/2013\/09\/11\/el-piemont-an-langa\/\" title=\"\u00cbl Piemont an Langa\">festa d\u00ebl Piemont ch&#8217;a f\u00e0 46<\/a> a finiss cost saba &#8211; d\u00f2p-mesd\u00ec e s\u00e8ira &#8211; ant la sede d\u00ebl s\u00ecrcol Langa Astsan-a. \u00cbl programa a l&#8217;\u00e9 <a href=\"https:\/\/giannidavico.it\/gopiedmont\/files\/2013\/10\/Meria.pdf\" title=\"Andoma a sfoj\u00e9 la meria\">ambeless\u00ec<\/a>.<\/p>\n<p>P\u00ebr dila con Silvana e Clara:<\/p>\n<p>A ve spetoma tucc a sfoj\u00e8 la meria ansem a nojacc!<\/p>\n<p>Ma p\u00ebr na festa ch&#8217;a finiss, n&#8217;\u00e0uta a ancamina: p\u00ebrch\u00e8 saba a-i sar\u00e0 &#8216;l passage dle consigne a la comun-a &#8216;d Pian\u00ebssa, e an particolar a l&#8217;associassion Gorisa che a ospiter\u00e0, d\u00ebl 2014, la festa n\u00f9mer 47.<\/p>\n<p>Da signal\u00e9 \u00ebdc\u00f2, \u00ebl di d\u00f2p, la festa dl&#8217;associassion \u00ebl Sol \u00ebd j&#8217;Alp (programa <a href=\"https:\/\/giannidavico.it\/gopiedmont\/files\/2013\/10\/Sol.pdf\" title=\"Festa d\u00ebl Sol \u00ebd j'Alp ch'a f\u00e0 19\">ambeless\u00ec<\/a>).<\/p>\n<p>R\u00f2be cite, as capiss; ma r\u00f2be bele.<\/p>\n","protected":false},"author":4,"featured_media":0,"comment_status":"open","ping_status":"open","sticky":false,"template":"","format":"standard","meta":[],"categories":[130],"tags":[131],"yoast_head":"<!-- This site is optimized with the Yoast SEO plugin v19.14 - https:\/\/yoast.com\/wordpress\/plugins\/seo\/ -->\n<title>Feste ch&#039;a finisso (nen) - Go Piedmont<\/title>\n<meta name=\"robots\" content=\"index, follow, max-snippet:-1, max-image-preview:large, max-video-preview:-1\" \/>\n<link rel=\"canonical\" href=\"https:\/\/giannidavico.it\/gopiedmont\/2013\/10\/02\/feste-cha-finisso-nen\/\" \/>\n<meta property=\"og:locale\" content=\"it_IT\" \/>\n<meta property=\"og:type\" content=\"article\" \/>\n<meta property=\"og:title\" content=\"Feste ch&#039;a finisso (nen) - Go Piedmont\" \/>\n<meta property=\"og:description\" content=\"La festa d\u00ebl Piemont ch&#8217;a f\u00e0 46 a finiss cost saba &#8211; d\u00f2p-mesd\u00ec e s\u00e8ira &#8211; ant la sede d\u00ebl s\u00ecrcol Langa Astsan-a. \u00cbl programa a l&#8217;\u00e9 ambeless\u00ec. P\u00ebr dila con Silvana e Clara: A ve spetoma tucc a sfoj\u00e8 la meria ansem a nojacc! Ma p\u00ebr na festa ch&#8217;a finiss, n&#8217;\u00e0uta a ancamina: p\u00ebrch\u00e8 saba a-i sar\u00e0 &#8216;l passage dle consigne a la comun-a &#8216;d Pian\u00ebssa, e an particolar a l&#8217;associassion Gorisa che a ospiter\u00e0, d\u00ebl 2014, la festa n\u00f9mer 47. Da signal\u00e9 \u00ebdc\u00f2, \u00ebl di d\u00f2p, la festa dl&#8217;associassion \u00ebl Sol \u00ebd j&#8217;Alp (programa ambeless\u00ec). R\u00f2be cite, as capiss; ma r\u00f2be bele.\" \/>\n<meta property=\"og:url\" content=\"https:\/\/giannidavico.it\/gopiedmont\/2013\/10\/02\/feste-cha-finisso-nen\/\" \/>\n<meta property=\"og:site_name\" content=\"Go Piedmont\" \/>\n<meta property=\"article:published_time\" content=\"2013-10-02T05:00:15+00:00\" \/>\n<meta property=\"article:modified_time\" content=\"2013-10-01T18:03:07+00:00\" \/>\n<meta name=\"author\" content=\"giannidavico\" \/>\n<meta name=\"twitter:card\" content=\"summary_large_image\" \/>\n<meta name=\"twitter:label1\" content=\"Scritto da\" \/>\n\t<meta name=\"twitter:data1\" content=\"giannidavico\" \/>\n\t<meta name=\"twitter:label2\" content=\"Tempo di lettura stimato\" \/>\n\t<meta name=\"twitter:data2\" content=\"1 minuto\" \/>\n<script type=\"application\/ld+json\" class=\"yoast-schema-graph\">{\"@context\":\"https:\/\/schema.org\",\"@graph\":[{\"@type\":\"WebPage\",\"@id\":\"https:\/\/giannidavico.it\/gopiedmont\/2013\/10\/02\/feste-cha-finisso-nen\/\",\"url\":\"https:\/\/giannidavico.it\/gopiedmont\/2013\/10\/02\/feste-cha-finisso-nen\/\",\"name\":\"Feste ch'a finisso (nen) - Go Piedmont\",\"isPartOf\":{\"@id\":\"https:\/\/giannidavico.it\/gopiedmont\/#website\"},\"datePublished\":\"2013-10-02T05:00:15+00:00\",\"dateModified\":\"2013-10-01T18:03:07+00:00\",\"author\":{\"@id\":\"https:\/\/giannidavico.it\/gopiedmont\/#\/schema\/person\/ea1fd17d8f2dba325f3712219efa8f77\"},\"inLanguage\":\"it-IT\",\"potentialAction\":[{\"@type\":\"ReadAction\",\"target\":[\"https:\/\/giannidavico.it\/gopiedmont\/2013\/10\/02\/feste-cha-finisso-nen\/\"]}]},{\"@type\":\"WebSite\",\"@id\":\"https:\/\/giannidavico.it\/gopiedmont\/#website\",\"url\":\"https:\/\/giannidavico.it\/gopiedmont\/\",\"name\":\"Go Piedmont\",\"description\":\"pens\u00e9 dzora l\u00ecber, event e p\u00ebrson-e grop\u00e0 al Piemont e a la lenga piemont\u00e8isa\",\"potentialAction\":[{\"@type\":\"SearchAction\",\"target\":{\"@type\":\"EntryPoint\",\"urlTemplate\":\"https:\/\/giannidavico.it\/gopiedmont\/?s={search_term_string}\"},\"query-input\":\"required name=search_term_string\"}],\"inLanguage\":\"it-IT\"},{\"@type\":\"Person\",\"@id\":\"https:\/\/giannidavico.it\/gopiedmont\/#\/schema\/person\/ea1fd17d8f2dba325f3712219efa8f77\",\"name\":\"giannidavico\",\"image\":{\"@type\":\"ImageObject\",\"inLanguage\":\"it-IT\",\"@id\":\"https:\/\/giannidavico.it\/gopiedmont\/#\/schema\/person\/image\/\",\"url\":\"https:\/\/secure.gravatar.com\/avatar\/337748753d882602f3038b55fb369ba1?s=96&d=mm&r=g\",\"contentUrl\":\"https:\/\/secure.gravatar.com\/avatar\/337748753d882602f3038b55fb369ba1?s=96&d=mm&r=g\",\"caption\":\"giannidavico\"},\"url\":\"https:\/\/giannidavico.it\/gopiedmont\/author\/giannidavico\/\"}]}<\/script>\n<!-- \/ Yoast SEO plugin. -->","yoast_head_json":{"title":"Feste ch'a finisso (nen) - Go Piedmont","robots":{"index":"index","follow":"follow","max-snippet":"max-snippet:-1","max-image-preview":"max-image-preview:large","max-video-preview":"max-video-preview:-1"},"canonical":"https:\/\/giannidavico.it\/gopiedmont\/2013\/10\/02\/feste-cha-finisso-nen\/","og_locale":"it_IT","og_type":"article","og_title":"Feste ch'a finisso (nen) - Go Piedmont","og_description":"La festa d\u00ebl Piemont ch&#8217;a f\u00e0 46 a finiss cost saba &#8211; d\u00f2p-mesd\u00ec e s\u00e8ira &#8211; ant la sede d\u00ebl s\u00ecrcol Langa Astsan-a. \u00cbl programa a l&#8217;\u00e9 ambeless\u00ec. P\u00ebr dila con Silvana e Clara: A ve spetoma tucc a sfoj\u00e8 la meria ansem a nojacc! Ma p\u00ebr na festa ch&#8217;a finiss, n&#8217;\u00e0uta a ancamina: p\u00ebrch\u00e8 saba a-i sar\u00e0 &#8216;l passage dle consigne a la comun-a &#8216;d Pian\u00ebssa, e an particolar a l&#8217;associassion Gorisa che a ospiter\u00e0, d\u00ebl 2014, la festa n\u00f9mer 47. Da signal\u00e9 \u00ebdc\u00f2, \u00ebl di d\u00f2p, la festa dl&#8217;associassion \u00ebl Sol \u00ebd j&#8217;Alp (programa ambeless\u00ec). R\u00f2be cite, as capiss; ma r\u00f2be bele.","og_url":"https:\/\/giannidavico.it\/gopiedmont\/2013\/10\/02\/feste-cha-finisso-nen\/","og_site_name":"Go Piedmont","article_published_time":"2013-10-02T05:00:15+00:00","article_modified_time":"2013-10-01T18:03:07+00:00","author":"giannidavico","twitter_card":"summary_large_image","twitter_misc":{"Scritto da":"giannidavico","Tempo di lettura stimato":"1 minuto"},"schema":{"@context":"https:\/\/schema.org","@graph":[{"@type":"WebPage","@id":"https:\/\/giannidavico.it\/gopiedmont\/2013\/10\/02\/feste-cha-finisso-nen\/","url":"https:\/\/giannidavico.it\/gopiedmont\/2013\/10\/02\/feste-cha-finisso-nen\/","name":"Feste ch'a finisso (nen) - Go Piedmont","isPartOf":{"@id":"https:\/\/giannidavico.it\/gopiedmont\/#website"},"datePublished":"2013-10-02T05:00:15+00:00","dateModified":"2013-10-01T18:03:07+00:00","author":{"@id":"https:\/\/giannidavico.it\/gopiedmont\/#\/schema\/person\/ea1fd17d8f2dba325f3712219efa8f77"},"inLanguage":"it-IT","potentialAction":[{"@type":"ReadAction","target":["https:\/\/giannidavico.it\/gopiedmont\/2013\/10\/02\/feste-cha-finisso-nen\/"]}]},{"@type":"WebSite","@id":"https:\/\/giannidavico.it\/gopiedmont\/#website","url":"https:\/\/giannidavico.it\/gopiedmont\/","name":"Go Piedmont","description":"pens\u00e9 dzora l\u00ecber, event e p\u00ebrson-e grop\u00e0 al Piemont e a la lenga piemont\u00e8isa","potentialAction":[{"@type":"SearchAction","target":{"@type":"EntryPoint","urlTemplate":"https:\/\/giannidavico.it\/gopiedmont\/?s={search_term_string}"},"query-input":"required name=search_term_string"}],"inLanguage":"it-IT"},{"@type":"Person","@id":"https:\/\/giannidavico.it\/gopiedmont\/#\/schema\/person\/ea1fd17d8f2dba325f3712219efa8f77","name":"giannidavico","image":{"@type":"ImageObject","inLanguage":"it-IT","@id":"https:\/\/giannidavico.it\/gopiedmont\/#\/schema\/person\/image\/","url":"https:\/\/secure.gravatar.com\/avatar\/337748753d882602f3038b55fb369ba1?s=96&d=mm&r=g","contentUrl":"https:\/\/secure.gravatar.com\/avatar\/337748753d882602f3038b55fb369ba1?s=96&d=mm&r=g","caption":"giannidavico"},"url":"https:\/\/giannidavico.it\/gopiedmont\/author\/giannidavico\/"}]}},"_links":{"self":[{"href":"https:\/\/giannidavico.it\/gopiedmont\/wp-json\/wp\/v2\/posts\/1901"}],"collection":[{"href":"https:\/\/giannidavico.it\/gopiedmont\/wp-json\/wp\/v2\/posts"}],"about":[{"href":"https:\/\/giannidavico.it\/gopiedmont\/wp-json\/wp\/v2\/types\/post"}],"author":[{"embeddable":true,"href":"https:\/\/giannidavico.it\/gopiedmont\/wp-json\/wp\/v2\/users\/4"}],"replies":[{"embeddable":true,"href":"https:\/\/giannidavico.it\/gopiedmont\/wp-json\/wp\/v2\/comments?post=1901"}],"version-history":[{"count":7,"href":"https:\/\/giannidavico.it\/gopiedmont\/wp-json\/wp\/v2\/posts\/1901\/revisions"}],"predecessor-version":[{"id":1911,"href":"https:\/\/giannidavico.it\/gopiedmont\/wp-json\/wp\/v2\/posts\/1901\/revisions\/1911"}],"wp:attachment":[{"href":"https:\/\/giannidavico.it\/gopiedmont\/wp-json\/wp\/v2\/media?parent=1901"}],"wp:term":[{"taxonomy":"category","embeddable":true,"href":"https:\/\/giannidavico.it\/gopiedmont\/wp-json\/wp\/v2\/categories?post=1901"},{"taxonomy":"post_tag","embeddable":true,"href":"https:\/\/giannidavico.it\/gopiedmont\/wp-json\/wp\/v2\/tags?post=1901"}],"curies":[{"name":"wp","href":"https:\/\/api.w.org\/{rel}","templated":true}]}}