{"id":1954,"date":"2013-11-06T06:00:27","date_gmt":"2013-11-06T05:00:27","guid":{"rendered":"https:\/\/giannidavico.it\/staging\/gopiedmont\/?p=1954"},"modified":"2013-11-05T15:23:36","modified_gmt":"2013-11-05T14:23:36","slug":"sergio-arneodo-in-memoriam","status":"publish","type":"post","link":"https:\/\/giannidavico.it\/gopiedmont\/2013\/11\/06\/sergio-arneodo-in-memoriam\/","title":{"rendered":"Sergio Arneodo, in memoriam"},"content":{"rendered":"<p><a href=\"https:\/\/giannidavico.it\/brainfood\/files\/2013\/11\/Sergio-Arneodo.jpg\"><img loading=\"lazy\" src=\"https:\/\/giannidavico.it\/brainfood\/files\/2013\/11\/Sergio-Arneodo-300x200.jpg\" alt=\"Sergio Arneodo\" width=\"300\" height=\"200\" class=\"alignright size-medium wp-image-1943\" \/><\/a><br \/>\nQuand che, singh agn e mes f\u00e0, i l&#8217;hai ancamin\u00e0 a cheuje ij m\u00e9 pens\u00e9 an piemont\u00e8is ambeless\u00ec, <a href=\"https:\/\/giannidavico.it\/gopiedmont\/2008\/04\/30\/coumboscuro-el-piemonteis-ij-piemonteis-jautri-piemonteis\/\" title=\"Coumboscuro: \u00ebl piemont\u00e8is, ij piemont\u00e8is, j\u2019\u00e0utri piemont\u00e8is\">m\u00e9 prim art\u00eccol<\/a> a parlava \u00ebd col s\u00e9nter \u00ebl coltura ch&#8217;a sta l\u00e0 \u2013 da la neuit dij temp &#8211; ant la comba scura. E naturalment i parlava &#8216;d Sergio Arneodo, \u00e0nima d\u00ebl moviment.<\/p>\n<p>Bin, ai 30 d&#8217;otober <em>lou magistre<\/em> a l&#8217;ha chitane. La neuva a l&#8217;\u00e9 rivame p\u00ebr mes \u00ebd Bepe San\u00e9, sempi atent a coste r\u00f2be, ch&#8217;a l&#8217;ha dane notissia ans le liste.<\/p>\n<p><a href=\"http:\/\/www.coumboscuro.org\/index2.php\" title=\"Coumboscuro\" target=\"_blank\">Par\u00e8j a nonsiava &#8216;l sit<\/a>:<\/p>\n<blockquote><p>Encu\u00e9i, 30 de outoubre, a 12.45, nostre magistre a bar\u00e0 i-ou\u00e9i per la derniero Traversado per lou ciel. La lousur de soun pensier e de sa pouesio gagno nosto peno.<\/p><\/blockquote>\n<p>A mi a l&#8217;\u00e9 s\u00f9bit vnume an ment na poes\u00eca scrita da chiel, <em>I av\u00echo lou fu\u00e8c<\/em>:<\/p>\n<blockquote><p>Sab\u00ecen qu\u2019i av\u00echo lou fu\u00e8c dins lis encr\u00e9nos<br \/>\nde la mountagno, sout li m\u00e8rse e vrous<br \/>\nli bars, li pra, li estabi, sout li crous<br \/>\ndal cementi\u00e8ri. Av\u00echen guinch\u00e0<br \/>\nla t\u00e9po, se tubavo ente se f\u00e9no,<br \/>\nse l\u00e0uro, s\u2019arp\u00eco l\u2019u\u00e8rge poursierous<br \/>\nper li \u00f2uchos de l\u2019adr\u00e9ch. Der\u00e9n es rous<br \/>\nchapu\u00e9i li gerp, desp\u00ec a charamai\u00e0<br \/>\nsus nostro g\u00e9nt. Din ta n\u00e9u, moun Deini\u00e0l,<br \/>\nlaiss\u00e9n la marco oulvro, sus lou lind\u00e0l,<br \/>\ndi nuestes pih\u00e0.<\/p><\/blockquote>\n<p>Michel dij Bonav\u00e9 an soa p\u00e0gina FB a l&#8217;ha scriv\u00f9:<\/p>\n<blockquote><p>Salutoma p\u00ebr l&#8217;ultima vira un freire, n&#8217;amis, un Brand\u00e9 ch&#8217;a lassa costa t\u00e8ra p\u00ebr le prair\u00ece d\u00ebl cel. Sergio Arneodo, grand fra ij grand ch&#8217;a l&#8217;han f\u00e0it granda soa t\u00e8ra an cudiend le c\u00f2se cite, cole importante, cole ch&#8217;a venta nen lass\u00e9 perde.<br \/>\nSoa vita e s\u00f2 angagg ch&#8217;a sio p\u00ebr s\u00e8mper n&#8217;esempi da deje dapress con l&#8217;orgheuj d&#8217;aparten-e a n\u00f2stra t\u00e8ra, \u00ebd rispetela e valorisela con ij mojen f\u00f2rt \u00ebd la Coltura.<\/p><\/blockquote>\n<p><a href=\"https:\/\/giannidavico.it\/brainfood\/files\/2013\/11\/Sancto-Lucio-de-Coumboscuro.jpg\"><img loading=\"lazy\" src=\"https:\/\/giannidavico.it\/brainfood\/files\/2013\/11\/Sancto-Lucio-de-Coumboscuro-224x300.jpg\" alt=\"Sancto Lucio de Coumboscuro\" width=\"224\" height=\"300\" class=\"alignleft size-medium wp-image-1945\" \/><\/a><br \/>\nE a mi a l&#8217;ha colpime col sintagma, &#8220;cudiend le c\u00f2se cite&#8221;: p\u00ebrch\u00e9 l&#8217;\u00f9ltima vira ch&#8217;i l&#8217;hai incontralo &#8211; i pens ch&#8217;a sia anche l&#8217;\u00f9nica &#8211; i j&#8217;era con mia cita cita e con m\u00e9 novodin, e chiel con passiensa a l&#8217;\u00e9 butasse an s\u00f2 mus\u00e9 a mostreje ij gieugh \u00ebd na vira, spiegand \u00ebl p\u00ebrch\u00e8 e &#8216;l p\u00ebrcome. Lor a scotavo ancant\u00e0. Un cit \u00f2m grand, sens&#8217;\u00e0utr.<\/p>\n<p>(I l&#8217;hai parlane an italian <a href=\"https:\/\/giannidavico.it\/brainfood\/2013\/11\/04\/sergio-arneodo-in-memoriam\/\" title=\"Sergio Arneodo, in memoriam\">ambeless\u00ec<\/a>.)<\/p>\n","protected":false},"excerpt":{"rendered":"<p><a href=\"https:\/\/giannidavico.it\/brainfood\/files\/2013\/11\/Sergio-Arneodo.jpg\"><img loading=\"lazy\" src=\"https:\/\/giannidavico.it\/brainfood\/files\/2013\/11\/Sergio-Arneodo-300x200.jpg\" alt=\"Sergio Arneodo\" width=\"300\" height=\"200\" class=\"alignright size-medium wp-image-1943\" \/><\/a><br \/> Quand che, singh agn e mes f\u00e0, i l&#8217;hai ancamin\u00e0 a cheuje ij m\u00e9 pens\u00e9 an piemont\u00e8is ambeless\u00ec, <a href=\"https:\/\/giannidavico.it\/gopiedmont\/2008\/04\/30\/coumboscuro-el-piemonteis-ij-piemonteis-jautri-piemonteis\/\" title=\"Coumboscuro: \u00ebl piemont\u00e8is, ij piemont\u00e8is, j\u2019\u00e0utri piemont\u00e8is\">m\u00e9 prim art\u00eccol<\/a> a parlava \u00ebd col s\u00e9nter \u00ebl coltura ch&#8217;a sta l\u00e0 \u2013 da la neuit dij temp &#8211; ant la comba scura. E naturalment i parlava &#8216;d Sergio Arneodo, \u00e0nima d\u00ebl moviment.<\/p>\n<p>Bin, ai 30 d&#8217;otober <em>lou magistre<\/em> a l&#8217;ha chitane. La neuva a l&#8217;\u00e9 rivame p\u00ebr mes \u00ebd Bepe San\u00e9, sempi atent a coste r\u00f2be, ch&#8217;a l&#8217;ha dane notissia ans le liste.<\/p>\n<p><a href=\"http:\/\/www.coumboscuro.org\/index2.php\" title=\"Coumboscuro\" target=\"_blank\">Par\u00e8j a nonsiava &#8216;l sit<\/a>:<\/p>\n<p>Encu\u00e9i, 30 de outoubre, a 12.45, nostre magistre a bar\u00e0 i-ou\u00e9i per la derniero Traversado per lou ciel. La lousur de soun pensier e de sa pouesio gagno nosto peno.<\/p>\n<p>A mi a l&#8217;\u00e9 s\u00f9bit vnume an ment na poes\u00eca scrita da chiel, <em>I av\u00echo lou fu\u00e8c<\/em>:<\/p>\n<p>Sab\u00ecen qu\u2019i av\u00echo lou fu\u00e8c dins lis encr\u00e9nos<br \/> de la mountagno, sout li m\u00e8rse e vrous<br \/> li bars, li pra, li estabi, sout li crous<br \/> dal cementi\u00e8ri. Av\u00echen guinch\u00e0<br \/> la t\u00e9po, se tubavo ente se f\u00e9no,<br \/> [\u2026] <a class=\"moretag\" href=\"https:\/\/giannidavico.it\/gopiedmont\/2013\/11\/06\/sergio-arneodo-in-memoriam\/\">continua a leggere \u00bb<\/a><\/p>\n","protected":false},"author":4,"featured_media":0,"comment_status":"open","ping_status":"open","sticky":false,"template":"","format":"standard","meta":[],"categories":[130],"tags":[132],"yoast_head":"<!-- This site is optimized with the Yoast SEO plugin v19.14 - https:\/\/yoast.com\/wordpress\/plugins\/seo\/ -->\n<title>Sergio Arneodo, in memoriam - Go Piedmont<\/title>\n<meta name=\"robots\" content=\"index, follow, max-snippet:-1, max-image-preview:large, max-video-preview:-1\" \/>\n<link rel=\"canonical\" href=\"https:\/\/giannidavico.it\/gopiedmont\/2013\/11\/06\/sergio-arneodo-in-memoriam\/\" \/>\n<meta property=\"og:locale\" content=\"it_IT\" \/>\n<meta property=\"og:type\" content=\"article\" \/>\n<meta property=\"og:title\" content=\"Sergio Arneodo, in memoriam - Go Piedmont\" \/>\n<meta property=\"og:description\" content=\"Quand che, singh agn e mes f\u00e0, i l&#8217;hai ancamin\u00e0 a cheuje ij m\u00e9 pens\u00e9 an piemont\u00e8is ambeless\u00ec, m\u00e9 prim art\u00eccol a parlava \u00ebd col s\u00e9nter \u00ebl coltura ch&#8217;a sta l\u00e0 \u2013 da la neuit dij temp &#8211; ant la comba scura. E naturalment i parlava &#8216;d Sergio Arneodo, \u00e0nima d\u00ebl moviment. Bin, ai 30 d&#8217;otober lou magistre a l&#8217;ha chitane. La neuva a l&#8217;\u00e9 rivame p\u00ebr mes \u00ebd Bepe San\u00e9, sempi atent a coste r\u00f2be, ch&#8217;a l&#8217;ha dane notissia ans le liste. Par\u00e8j a nonsiava &#8216;l sit: Encu\u00e9i, 30 de outoubre, a 12.45, nostre magistre a bar\u00e0 i-ou\u00e9i per la derniero Traversado per lou ciel. La lousur de soun pensier e de sa pouesio gagno nosto peno. A mi a l&#8217;\u00e9 s\u00f9bit vnume an ment na poes\u00eca scrita da chiel, I av\u00echo lou fu\u00e8c: Sab\u00ecen qu\u2019i av\u00echo lou fu\u00e8c dins lis encr\u00e9nos de la mountagno, sout li m\u00e8rse e vrous li bars, li pra, li estabi, sout li crous dal cementi\u00e8ri. Av\u00echen guinch\u00e0 la t\u00e9po, se tubavo ente se f\u00e9no, [\u2026] continua a leggere \u00bb\" \/>\n<meta property=\"og:url\" content=\"https:\/\/giannidavico.it\/gopiedmont\/2013\/11\/06\/sergio-arneodo-in-memoriam\/\" \/>\n<meta property=\"og:site_name\" content=\"Go Piedmont\" \/>\n<meta property=\"article:published_time\" content=\"2013-11-06T05:00:27+00:00\" \/>\n<meta property=\"article:modified_time\" content=\"2013-11-05T14:23:36+00:00\" \/>\n<meta property=\"og:image\" content=\"https:\/\/giannidavico.it\/brainfood\/files\/2013\/11\/Sergio-Arneodo-300x200.jpg\" \/>\n<meta name=\"author\" content=\"giannidavico\" \/>\n<meta name=\"twitter:card\" content=\"summary_large_image\" \/>\n<meta name=\"twitter:label1\" content=\"Scritto da\" \/>\n\t<meta name=\"twitter:data1\" content=\"giannidavico\" \/>\n\t<meta name=\"twitter:label2\" content=\"Tempo di lettura stimato\" \/>\n\t<meta name=\"twitter:data2\" content=\"2 minuti\" \/>\n<script type=\"application\/ld+json\" class=\"yoast-schema-graph\">{\"@context\":\"https:\/\/schema.org\",\"@graph\":[{\"@type\":\"WebPage\",\"@id\":\"https:\/\/giannidavico.it\/gopiedmont\/2013\/11\/06\/sergio-arneodo-in-memoriam\/\",\"url\":\"https:\/\/giannidavico.it\/gopiedmont\/2013\/11\/06\/sergio-arneodo-in-memoriam\/\",\"name\":\"Sergio Arneodo, in memoriam - Go Piedmont\",\"isPartOf\":{\"@id\":\"https:\/\/giannidavico.it\/gopiedmont\/#website\"},\"datePublished\":\"2013-11-06T05:00:27+00:00\",\"dateModified\":\"2013-11-05T14:23:36+00:00\",\"author\":{\"@id\":\"https:\/\/giannidavico.it\/gopiedmont\/#\/schema\/person\/ea1fd17d8f2dba325f3712219efa8f77\"},\"inLanguage\":\"it-IT\",\"potentialAction\":[{\"@type\":\"ReadAction\",\"target\":[\"https:\/\/giannidavico.it\/gopiedmont\/2013\/11\/06\/sergio-arneodo-in-memoriam\/\"]}]},{\"@type\":\"WebSite\",\"@id\":\"https:\/\/giannidavico.it\/gopiedmont\/#website\",\"url\":\"https:\/\/giannidavico.it\/gopiedmont\/\",\"name\":\"Go Piedmont\",\"description\":\"pens\u00e9 dzora l\u00ecber, event e p\u00ebrson-e grop\u00e0 al Piemont e a la lenga piemont\u00e8isa\",\"potentialAction\":[{\"@type\":\"SearchAction\",\"target\":{\"@type\":\"EntryPoint\",\"urlTemplate\":\"https:\/\/giannidavico.it\/gopiedmont\/?s={search_term_string}\"},\"query-input\":\"required name=search_term_string\"}],\"inLanguage\":\"it-IT\"},{\"@type\":\"Person\",\"@id\":\"https:\/\/giannidavico.it\/gopiedmont\/#\/schema\/person\/ea1fd17d8f2dba325f3712219efa8f77\",\"name\":\"giannidavico\",\"image\":{\"@type\":\"ImageObject\",\"inLanguage\":\"it-IT\",\"@id\":\"https:\/\/giannidavico.it\/gopiedmont\/#\/schema\/person\/image\/\",\"url\":\"https:\/\/secure.gravatar.com\/avatar\/337748753d882602f3038b55fb369ba1?s=96&d=mm&r=g\",\"contentUrl\":\"https:\/\/secure.gravatar.com\/avatar\/337748753d882602f3038b55fb369ba1?s=96&d=mm&r=g\",\"caption\":\"giannidavico\"},\"url\":\"https:\/\/giannidavico.it\/gopiedmont\/author\/giannidavico\/\"}]}<\/script>\n<!-- \/ Yoast SEO plugin. -->","yoast_head_json":{"title":"Sergio Arneodo, in memoriam - Go Piedmont","robots":{"index":"index","follow":"follow","max-snippet":"max-snippet:-1","max-image-preview":"max-image-preview:large","max-video-preview":"max-video-preview:-1"},"canonical":"https:\/\/giannidavico.it\/gopiedmont\/2013\/11\/06\/sergio-arneodo-in-memoriam\/","og_locale":"it_IT","og_type":"article","og_title":"Sergio Arneodo, in memoriam - Go Piedmont","og_description":"Quand che, singh agn e mes f\u00e0, i l&#8217;hai ancamin\u00e0 a cheuje ij m\u00e9 pens\u00e9 an piemont\u00e8is ambeless\u00ec, m\u00e9 prim art\u00eccol a parlava \u00ebd col s\u00e9nter \u00ebl coltura ch&#8217;a sta l\u00e0 \u2013 da la neuit dij temp &#8211; ant la comba scura. E naturalment i parlava &#8216;d Sergio Arneodo, \u00e0nima d\u00ebl moviment. Bin, ai 30 d&#8217;otober lou magistre a l&#8217;ha chitane. La neuva a l&#8217;\u00e9 rivame p\u00ebr mes \u00ebd Bepe San\u00e9, sempi atent a coste r\u00f2be, ch&#8217;a l&#8217;ha dane notissia ans le liste. Par\u00e8j a nonsiava &#8216;l sit: Encu\u00e9i, 30 de outoubre, a 12.45, nostre magistre a bar\u00e0 i-ou\u00e9i per la derniero Traversado per lou ciel. La lousur de soun pensier e de sa pouesio gagno nosto peno. A mi a l&#8217;\u00e9 s\u00f9bit vnume an ment na poes\u00eca scrita da chiel, I av\u00echo lou fu\u00e8c: Sab\u00ecen qu\u2019i av\u00echo lou fu\u00e8c dins lis encr\u00e9nos de la mountagno, sout li m\u00e8rse e vrous li bars, li pra, li estabi, sout li crous dal cementi\u00e8ri. Av\u00echen guinch\u00e0 la t\u00e9po, se tubavo ente se f\u00e9no, [\u2026] continua a leggere \u00bb","og_url":"https:\/\/giannidavico.it\/gopiedmont\/2013\/11\/06\/sergio-arneodo-in-memoriam\/","og_site_name":"Go Piedmont","article_published_time":"2013-11-06T05:00:27+00:00","article_modified_time":"2013-11-05T14:23:36+00:00","og_image":[{"url":"https:\/\/giannidavico.it\/brainfood\/files\/2013\/11\/Sergio-Arneodo-300x200.jpg"}],"author":"giannidavico","twitter_card":"summary_large_image","twitter_misc":{"Scritto da":"giannidavico","Tempo di lettura stimato":"2 minuti"},"schema":{"@context":"https:\/\/schema.org","@graph":[{"@type":"WebPage","@id":"https:\/\/giannidavico.it\/gopiedmont\/2013\/11\/06\/sergio-arneodo-in-memoriam\/","url":"https:\/\/giannidavico.it\/gopiedmont\/2013\/11\/06\/sergio-arneodo-in-memoriam\/","name":"Sergio Arneodo, in memoriam - Go Piedmont","isPartOf":{"@id":"https:\/\/giannidavico.it\/gopiedmont\/#website"},"datePublished":"2013-11-06T05:00:27+00:00","dateModified":"2013-11-05T14:23:36+00:00","author":{"@id":"https:\/\/giannidavico.it\/gopiedmont\/#\/schema\/person\/ea1fd17d8f2dba325f3712219efa8f77"},"inLanguage":"it-IT","potentialAction":[{"@type":"ReadAction","target":["https:\/\/giannidavico.it\/gopiedmont\/2013\/11\/06\/sergio-arneodo-in-memoriam\/"]}]},{"@type":"WebSite","@id":"https:\/\/giannidavico.it\/gopiedmont\/#website","url":"https:\/\/giannidavico.it\/gopiedmont\/","name":"Go Piedmont","description":"pens\u00e9 dzora l\u00ecber, event e p\u00ebrson-e grop\u00e0 al Piemont e a la lenga piemont\u00e8isa","potentialAction":[{"@type":"SearchAction","target":{"@type":"EntryPoint","urlTemplate":"https:\/\/giannidavico.it\/gopiedmont\/?s={search_term_string}"},"query-input":"required name=search_term_string"}],"inLanguage":"it-IT"},{"@type":"Person","@id":"https:\/\/giannidavico.it\/gopiedmont\/#\/schema\/person\/ea1fd17d8f2dba325f3712219efa8f77","name":"giannidavico","image":{"@type":"ImageObject","inLanguage":"it-IT","@id":"https:\/\/giannidavico.it\/gopiedmont\/#\/schema\/person\/image\/","url":"https:\/\/secure.gravatar.com\/avatar\/337748753d882602f3038b55fb369ba1?s=96&d=mm&r=g","contentUrl":"https:\/\/secure.gravatar.com\/avatar\/337748753d882602f3038b55fb369ba1?s=96&d=mm&r=g","caption":"giannidavico"},"url":"https:\/\/giannidavico.it\/gopiedmont\/author\/giannidavico\/"}]}},"_links":{"self":[{"href":"https:\/\/giannidavico.it\/gopiedmont\/wp-json\/wp\/v2\/posts\/1954"}],"collection":[{"href":"https:\/\/giannidavico.it\/gopiedmont\/wp-json\/wp\/v2\/posts"}],"about":[{"href":"https:\/\/giannidavico.it\/gopiedmont\/wp-json\/wp\/v2\/types\/post"}],"author":[{"embeddable":true,"href":"https:\/\/giannidavico.it\/gopiedmont\/wp-json\/wp\/v2\/users\/4"}],"replies":[{"embeddable":true,"href":"https:\/\/giannidavico.it\/gopiedmont\/wp-json\/wp\/v2\/comments?post=1954"}],"version-history":[{"count":6,"href":"https:\/\/giannidavico.it\/gopiedmont\/wp-json\/wp\/v2\/posts\/1954\/revisions"}],"predecessor-version":[{"id":1960,"href":"https:\/\/giannidavico.it\/gopiedmont\/wp-json\/wp\/v2\/posts\/1954\/revisions\/1960"}],"wp:attachment":[{"href":"https:\/\/giannidavico.it\/gopiedmont\/wp-json\/wp\/v2\/media?parent=1954"}],"wp:term":[{"taxonomy":"category","embeddable":true,"href":"https:\/\/giannidavico.it\/gopiedmont\/wp-json\/wp\/v2\/categories?post=1954"},{"taxonomy":"post_tag","embeddable":true,"href":"https:\/\/giannidavico.it\/gopiedmont\/wp-json\/wp\/v2\/tags?post=1954"}],"curies":[{"name":"wp","href":"https:\/\/api.w.org\/{rel}","templated":true}]}}