{"id":1977,"date":"2013-11-20T08:31:06","date_gmt":"2013-11-20T07:31:06","guid":{"rendered":"https:\/\/giannidavico.it\/staging\/gopiedmont\/?p=1977"},"modified":"2015-09-24T09:26:29","modified_gmt":"2015-09-24T08:26:29","slug":"dino-buzzati-la-creassion-vira-an-lenga-da-renato-agagliate","status":"publish","type":"post","link":"https:\/\/giannidavico.it\/gopiedmont\/2013\/11\/20\/dino-buzzati-la-creassion-vira-an-lenga-da-renato-agagliate\/","title":{"rendered":"Dino Buzzati, La creassion &#8211; vir\u00e0 an lenga da Renato Agagliate"},"content":{"rendered":"<p><a href=\"https:\/\/giannidavico.it\/gopiedmont\/files\/2013\/11\/Dino_Buzzati_francobollo.jpg\"><img loading=\"lazy\" src=\"https:\/\/giannidavico.it\/gopiedmont\/files\/2013\/11\/Dino_Buzzati_francobollo.jpg\" alt=\"Dino_Buzzati_francobollo\" width=\"220\" height=\"165\" class=\"alignright size-full wp-image-1980\" \/><\/a><br \/>\nP\u00f2ch p\u00ec d&#8217;un p\u00e0ira &#8216;d m\u00e8is f\u00e0 i l&#8217;av\u00eca but\u00e0 <a href=\"https:\/\/giannidavico.it\/gopiedmont\/2013\/09\/18\/el-vej-maritan\/\" title=\"Giovanni Guareschi, \u00cbl vej Maritan\">ambeless\u00ec<\/a> na bela tradussion \u00ebd Renato Agagliate, <em>Il cittadino Demei<\/em> \u00ebd Giovanni Guareschi.<\/p>\n<p>I-j dis\u00eca anlora che magara a l&#8217;avr\u00eca pod\u00f9 seguit\u00e9: bin, chiel a l&#8217;ha pijame an par\u00f2la. Adess, <a href=\"https:\/\/giannidavico.it\/gopiedmont\/files\/2013\/11\/La-creassion.pdf\" title=\"Dino Buzzati, La creassion\">ambeless\u00ec<\/a> as treuva n&#8217;\u00e0ut t\u00f2ch dij s\u00f2, la tradussion d&#8217;un racont \u00ebd <a href=\"http:\/\/it.wikipedia.org\/wiki\/Dino_Buzzati\" title=\"Dino Buzzati\" target=\"_blank\">Dino Buzzati<\/a>, <em>La creazione<\/em>.<\/p>\n<p><em>La creassion<\/em> a l&#8217;\u00e9 un t\u00f2ch ch&#8217;an f\u00e0 riflete ansima al n\u00f2st esse \u00f2mo. <a href=\"http:\/\/bluradioveneto.it\/eventi-news\/racconto-creazione\" title=\"Dino Buzzati, La creazione\" target=\"_blank\">Ambeless\u00ec<\/a> as peul scotesse an italian.<\/p>\n<p>E d&#8217;\u00e0utri t\u00f2ch a son an preparassion; ma p\u00ebr \u00ebl moment is godoma cost racont, con un gr\u00f2ss mers\u00ec a mons\u00f9 Agagliate.<\/p>\n","protected":false},"excerpt":{"rendered":"<p><a href=\"https:\/\/giannidavico.it\/gopiedmont\/files\/2013\/11\/Dino_Buzzati_francobollo.jpg\"><img loading=\"lazy\" src=\"https:\/\/giannidavico.it\/gopiedmont\/files\/2013\/11\/Dino_Buzzati_francobollo.jpg\" alt=\"Dino_Buzzati_francobollo\" width=\"220\" height=\"165\" class=\"alignright size-full wp-image-1980\" \/><\/a><br \/> P\u00f2ch p\u00ec d&#8217;un p\u00e0ira &#8216;d m\u00e8is f\u00e0 i l&#8217;av\u00eca but\u00e0 <a href=\"https:\/\/giannidavico.it\/gopiedmont\/2013\/09\/18\/el-vej-maritan\/\" title=\"Giovanni Guareschi, \u00cbl vej Maritan\">ambeless\u00ec<\/a> na bela tradussion \u00ebd Renato Agagliate, <em>Il cittadino Demei<\/em> \u00ebd Giovanni Guareschi.<\/p>\n<p>I-j dis\u00eca anlora che magara a l&#8217;avr\u00eca pod\u00f9 seguit\u00e9: bin, chiel a l&#8217;ha pijame an par\u00f2la. Adess, <a href=\"https:\/\/giannidavico.it\/gopiedmont\/files\/2013\/11\/La-creassion.pdf\" title=\"Dino Buzzati, La creassion\">ambeless\u00ec<\/a> as treuva n&#8217;\u00e0ut t\u00f2ch dij s\u00f2, la tradussion d&#8217;un racont \u00ebd <a href=\"http:\/\/it.wikipedia.org\/wiki\/Dino_Buzzati\" title=\"Dino Buzzati\" target=\"_blank\">Dino Buzzati<\/a>, <em>La creazione<\/em>.<\/p>\n<p><em>La creassion<\/em> a l&#8217;\u00e9 un t\u00f2ch ch&#8217;an f\u00e0 riflete ansima al n\u00f2st esse \u00f2mo. <a href=\"http:\/\/bluradioveneto.it\/eventi-news\/racconto-creazione\" title=\"Dino Buzzati, La creazione\" target=\"_blank\">Ambeless\u00ec<\/a> as peul scotesse an italian.<\/p>\n<p>E d&#8217;\u00e0utri t\u00f2ch a son an preparassion; ma p\u00ebr \u00ebl moment is godoma cost racont, con un gr\u00f2ss mers\u00ec a mons\u00f9 Agagliate.<\/p>\n","protected":false},"author":4,"featured_media":0,"comment_status":"open","ping_status":"open","sticky":false,"template":"","format":"standard","meta":[],"categories":[130],"tags":[7851],"yoast_head":"<!-- This site is optimized with the Yoast SEO plugin v19.14 - https:\/\/yoast.com\/wordpress\/plugins\/seo\/ -->\n<title>Dino Buzzati, La creassion - vir\u00e0 an lenga da Renato Agagliate - Go Piedmont<\/title>\n<meta name=\"robots\" content=\"index, follow, max-snippet:-1, max-image-preview:large, max-video-preview:-1\" \/>\n<link rel=\"canonical\" href=\"https:\/\/giannidavico.it\/gopiedmont\/2013\/11\/20\/dino-buzzati-la-creassion-vira-an-lenga-da-renato-agagliate\/\" \/>\n<meta property=\"og:locale\" content=\"it_IT\" \/>\n<meta property=\"og:type\" content=\"article\" \/>\n<meta property=\"og:title\" content=\"Dino Buzzati, La creassion - vir\u00e0 an lenga da Renato Agagliate - Go Piedmont\" \/>\n<meta property=\"og:description\" content=\"P\u00f2ch p\u00ec d&#8217;un p\u00e0ira &#8216;d m\u00e8is f\u00e0 i l&#8217;av\u00eca but\u00e0 ambeless\u00ec na bela tradussion \u00ebd Renato Agagliate, Il cittadino Demei \u00ebd Giovanni Guareschi. I-j dis\u00eca anlora che magara a l&#8217;avr\u00eca pod\u00f9 seguit\u00e9: bin, chiel a l&#8217;ha pijame an par\u00f2la. Adess, ambeless\u00ec as treuva n&#8217;\u00e0ut t\u00f2ch dij s\u00f2, la tradussion d&#8217;un racont \u00ebd Dino Buzzati, La creazione. La creassion a l&#8217;\u00e9 un t\u00f2ch ch&#8217;an f\u00e0 riflete ansima al n\u00f2st esse \u00f2mo. Ambeless\u00ec as peul scotesse an italian. E d&#8217;\u00e0utri t\u00f2ch a son an preparassion; ma p\u00ebr \u00ebl moment is godoma cost racont, con un gr\u00f2ss mers\u00ec a mons\u00f9 Agagliate.\" \/>\n<meta property=\"og:url\" content=\"https:\/\/giannidavico.it\/gopiedmont\/2013\/11\/20\/dino-buzzati-la-creassion-vira-an-lenga-da-renato-agagliate\/\" \/>\n<meta property=\"og:site_name\" content=\"Go Piedmont\" \/>\n<meta property=\"article:published_time\" content=\"2013-11-20T07:31:06+00:00\" \/>\n<meta property=\"article:modified_time\" content=\"2015-09-24T08:26:29+00:00\" \/>\n<meta property=\"og:image\" content=\"https:\/\/giannidavico.it\/gopiedmont\/files\/2013\/11\/Dino_Buzzati_francobollo.jpg\" \/>\n<meta name=\"author\" content=\"giannidavico\" \/>\n<meta name=\"twitter:card\" content=\"summary_large_image\" \/>\n<meta name=\"twitter:label1\" content=\"Scritto da\" \/>\n\t<meta name=\"twitter:data1\" content=\"giannidavico\" \/>\n\t<meta name=\"twitter:label2\" content=\"Tempo di lettura stimato\" \/>\n\t<meta name=\"twitter:data2\" content=\"1 minuto\" \/>\n<script type=\"application\/ld+json\" class=\"yoast-schema-graph\">{\"@context\":\"https:\/\/schema.org\",\"@graph\":[{\"@type\":\"WebPage\",\"@id\":\"https:\/\/giannidavico.it\/gopiedmont\/2013\/11\/20\/dino-buzzati-la-creassion-vira-an-lenga-da-renato-agagliate\/\",\"url\":\"https:\/\/giannidavico.it\/gopiedmont\/2013\/11\/20\/dino-buzzati-la-creassion-vira-an-lenga-da-renato-agagliate\/\",\"name\":\"Dino Buzzati, La creassion - vir\u00e0 an lenga da Renato Agagliate - Go Piedmont\",\"isPartOf\":{\"@id\":\"https:\/\/giannidavico.it\/gopiedmont\/#website\"},\"datePublished\":\"2013-11-20T07:31:06+00:00\",\"dateModified\":\"2015-09-24T08:26:29+00:00\",\"author\":{\"@id\":\"https:\/\/giannidavico.it\/gopiedmont\/#\/schema\/person\/ea1fd17d8f2dba325f3712219efa8f77\"},\"inLanguage\":\"it-IT\",\"potentialAction\":[{\"@type\":\"ReadAction\",\"target\":[\"https:\/\/giannidavico.it\/gopiedmont\/2013\/11\/20\/dino-buzzati-la-creassion-vira-an-lenga-da-renato-agagliate\/\"]}]},{\"@type\":\"WebSite\",\"@id\":\"https:\/\/giannidavico.it\/gopiedmont\/#website\",\"url\":\"https:\/\/giannidavico.it\/gopiedmont\/\",\"name\":\"Go Piedmont\",\"description\":\"pens\u00e9 dzora l\u00ecber, event e p\u00ebrson-e grop\u00e0 al Piemont e a la lenga piemont\u00e8isa\",\"potentialAction\":[{\"@type\":\"SearchAction\",\"target\":{\"@type\":\"EntryPoint\",\"urlTemplate\":\"https:\/\/giannidavico.it\/gopiedmont\/?s={search_term_string}\"},\"query-input\":\"required name=search_term_string\"}],\"inLanguage\":\"it-IT\"},{\"@type\":\"Person\",\"@id\":\"https:\/\/giannidavico.it\/gopiedmont\/#\/schema\/person\/ea1fd17d8f2dba325f3712219efa8f77\",\"name\":\"giannidavico\",\"image\":{\"@type\":\"ImageObject\",\"inLanguage\":\"it-IT\",\"@id\":\"https:\/\/giannidavico.it\/gopiedmont\/#\/schema\/person\/image\/\",\"url\":\"https:\/\/secure.gravatar.com\/avatar\/337748753d882602f3038b55fb369ba1?s=96&d=mm&r=g\",\"contentUrl\":\"https:\/\/secure.gravatar.com\/avatar\/337748753d882602f3038b55fb369ba1?s=96&d=mm&r=g\",\"caption\":\"giannidavico\"},\"url\":\"https:\/\/giannidavico.it\/gopiedmont\/author\/giannidavico\/\"}]}<\/script>\n<!-- \/ Yoast SEO plugin. -->","yoast_head_json":{"title":"Dino Buzzati, La creassion - vir\u00e0 an lenga da Renato Agagliate - Go Piedmont","robots":{"index":"index","follow":"follow","max-snippet":"max-snippet:-1","max-image-preview":"max-image-preview:large","max-video-preview":"max-video-preview:-1"},"canonical":"https:\/\/giannidavico.it\/gopiedmont\/2013\/11\/20\/dino-buzzati-la-creassion-vira-an-lenga-da-renato-agagliate\/","og_locale":"it_IT","og_type":"article","og_title":"Dino Buzzati, La creassion - vir\u00e0 an lenga da Renato Agagliate - Go Piedmont","og_description":"P\u00f2ch p\u00ec d&#8217;un p\u00e0ira &#8216;d m\u00e8is f\u00e0 i l&#8217;av\u00eca but\u00e0 ambeless\u00ec na bela tradussion \u00ebd Renato Agagliate, Il cittadino Demei \u00ebd Giovanni Guareschi. I-j dis\u00eca anlora che magara a l&#8217;avr\u00eca pod\u00f9 seguit\u00e9: bin, chiel a l&#8217;ha pijame an par\u00f2la. Adess, ambeless\u00ec as treuva n&#8217;\u00e0ut t\u00f2ch dij s\u00f2, la tradussion d&#8217;un racont \u00ebd Dino Buzzati, La creazione. La creassion a l&#8217;\u00e9 un t\u00f2ch ch&#8217;an f\u00e0 riflete ansima al n\u00f2st esse \u00f2mo. Ambeless\u00ec as peul scotesse an italian. E d&#8217;\u00e0utri t\u00f2ch a son an preparassion; ma p\u00ebr \u00ebl moment is godoma cost racont, con un gr\u00f2ss mers\u00ec a mons\u00f9 Agagliate.","og_url":"https:\/\/giannidavico.it\/gopiedmont\/2013\/11\/20\/dino-buzzati-la-creassion-vira-an-lenga-da-renato-agagliate\/","og_site_name":"Go Piedmont","article_published_time":"2013-11-20T07:31:06+00:00","article_modified_time":"2015-09-24T08:26:29+00:00","og_image":[{"url":"https:\/\/giannidavico.it\/gopiedmont\/files\/2013\/11\/Dino_Buzzati_francobollo.jpg"}],"author":"giannidavico","twitter_card":"summary_large_image","twitter_misc":{"Scritto da":"giannidavico","Tempo di lettura stimato":"1 minuto"},"schema":{"@context":"https:\/\/schema.org","@graph":[{"@type":"WebPage","@id":"https:\/\/giannidavico.it\/gopiedmont\/2013\/11\/20\/dino-buzzati-la-creassion-vira-an-lenga-da-renato-agagliate\/","url":"https:\/\/giannidavico.it\/gopiedmont\/2013\/11\/20\/dino-buzzati-la-creassion-vira-an-lenga-da-renato-agagliate\/","name":"Dino Buzzati, La creassion - vir\u00e0 an lenga da Renato Agagliate - Go Piedmont","isPartOf":{"@id":"https:\/\/giannidavico.it\/gopiedmont\/#website"},"datePublished":"2013-11-20T07:31:06+00:00","dateModified":"2015-09-24T08:26:29+00:00","author":{"@id":"https:\/\/giannidavico.it\/gopiedmont\/#\/schema\/person\/ea1fd17d8f2dba325f3712219efa8f77"},"inLanguage":"it-IT","potentialAction":[{"@type":"ReadAction","target":["https:\/\/giannidavico.it\/gopiedmont\/2013\/11\/20\/dino-buzzati-la-creassion-vira-an-lenga-da-renato-agagliate\/"]}]},{"@type":"WebSite","@id":"https:\/\/giannidavico.it\/gopiedmont\/#website","url":"https:\/\/giannidavico.it\/gopiedmont\/","name":"Go Piedmont","description":"pens\u00e9 dzora l\u00ecber, event e p\u00ebrson-e grop\u00e0 al Piemont e a la lenga piemont\u00e8isa","potentialAction":[{"@type":"SearchAction","target":{"@type":"EntryPoint","urlTemplate":"https:\/\/giannidavico.it\/gopiedmont\/?s={search_term_string}"},"query-input":"required name=search_term_string"}],"inLanguage":"it-IT"},{"@type":"Person","@id":"https:\/\/giannidavico.it\/gopiedmont\/#\/schema\/person\/ea1fd17d8f2dba325f3712219efa8f77","name":"giannidavico","image":{"@type":"ImageObject","inLanguage":"it-IT","@id":"https:\/\/giannidavico.it\/gopiedmont\/#\/schema\/person\/image\/","url":"https:\/\/secure.gravatar.com\/avatar\/337748753d882602f3038b55fb369ba1?s=96&d=mm&r=g","contentUrl":"https:\/\/secure.gravatar.com\/avatar\/337748753d882602f3038b55fb369ba1?s=96&d=mm&r=g","caption":"giannidavico"},"url":"https:\/\/giannidavico.it\/gopiedmont\/author\/giannidavico\/"}]}},"_links":{"self":[{"href":"https:\/\/giannidavico.it\/gopiedmont\/wp-json\/wp\/v2\/posts\/1977"}],"collection":[{"href":"https:\/\/giannidavico.it\/gopiedmont\/wp-json\/wp\/v2\/posts"}],"about":[{"href":"https:\/\/giannidavico.it\/gopiedmont\/wp-json\/wp\/v2\/types\/post"}],"author":[{"embeddable":true,"href":"https:\/\/giannidavico.it\/gopiedmont\/wp-json\/wp\/v2\/users\/4"}],"replies":[{"embeddable":true,"href":"https:\/\/giannidavico.it\/gopiedmont\/wp-json\/wp\/v2\/comments?post=1977"}],"version-history":[{"count":5,"href":"https:\/\/giannidavico.it\/gopiedmont\/wp-json\/wp\/v2\/posts\/1977\/revisions"}],"predecessor-version":[{"id":3126,"href":"https:\/\/giannidavico.it\/gopiedmont\/wp-json\/wp\/v2\/posts\/1977\/revisions\/3126"}],"wp:attachment":[{"href":"https:\/\/giannidavico.it\/gopiedmont\/wp-json\/wp\/v2\/media?parent=1977"}],"wp:term":[{"taxonomy":"category","embeddable":true,"href":"https:\/\/giannidavico.it\/gopiedmont\/wp-json\/wp\/v2\/categories?post=1977"},{"taxonomy":"post_tag","embeddable":true,"href":"https:\/\/giannidavico.it\/gopiedmont\/wp-json\/wp\/v2\/tags?post=1977"}],"curies":[{"name":"wp","href":"https:\/\/api.w.org\/{rel}","templated":true}]}}