{"id":2117,"date":"2014-01-15T09:49:00","date_gmt":"2014-01-15T08:49:00","guid":{"rendered":"https:\/\/giannidavico.it\/staging\/gopiedmont\/?p=2117"},"modified":"2014-01-15T09:49:00","modified_gmt":"2014-01-15T08:49:00","slug":"concors-ed-piemonteis","status":"publish","type":"post","link":"https:\/\/giannidavico.it\/gopiedmont\/2014\/01\/15\/concors-ed-piemonteis\/","title":{"rendered":"Concors \u00ebd piemont\u00e8is"},"content":{"rendered":"<p>Chi ch&#8217;a-i pias \u00ebscrive an piemont\u00e8is, bin, a l&#8217;\u00e9 ora &#8216;d felo sav\u00e8j. A-i son an efet tre concors, dij quai i don s\u00ec la neuva (an ordin d\u00eb scadensa).<\/p>\n<p><strong>V concors nassional \u00ebd poes\u00eca e narativa &#8220;Nino e Tomlin Bertalmia&#8221; (28 gen\u00e9)<\/strong><br \/>\nChi: Arcancel, Associassion Cultural Piemont\u00e8isa<br \/>\nC\u00f2sa: poes\u00eca e\/o pr\u00f2sa an piemont\u00e8is<br \/>\nCost: 10 euro, a gr\u00e0tis p\u00ebr le masn\u00e0<br \/>\nIj detaj an s\u00ebl <a href=\"http:\/\/www.arcancel.eu\/\" title=\"Arcancel, Associassion Cultural Piemont\u00e8isa\" target=\"_blank\">sit<\/a>.<\/p>\n<p><strong>II concors literari \u00ebd poes\u00eca e pr\u00f2sa an lenga piemont\u00e8isa (28 f\u00ebrv\u00e9)<\/strong><br \/>\nChi: la Comun-a \u2018d Moncravel<br \/>\nC\u00f2sa: poes\u00eca e\/o conta an piemont\u00e8is<br \/>\nCost: pa \u2018d nen, partecipassion a gr\u00e0tis<br \/>\nIj detaj <a href=\"https:\/\/giannidavico.it\/gopiedmont\/files\/2014\/01\/Moncravel.pdf\" title=\"Concors \u00ebd Moncravel 2014\">ambeless\u00ec<\/a>.<\/p>\n<p><strong>XII concors literari &#8220;La me t\u00e8ra e la s\u00f2 gent&#8221; (6 avril)<\/strong><br \/>\nChi: \u00ebl s\u00ecrcol coltural Langa Astsan-a<br \/>\nC\u00f2sa: conta, poes\u00eca o euvra teatral an piemont\u00e8is<br \/>\nCost: a gr\u00e0tis<br \/>\nIj detaj <a href=\"https:\/\/giannidavico.it\/gopiedmont\/files\/2014\/01\/Loasseul.pdf\" title=\"La me t\u00e8ra e la s\u00f2 gent\">ambeless\u00ec<\/a>.<\/p>\n","protected":false},"excerpt":{"rendered":"<p>Chi ch&#8217;a-i pias \u00ebscrive an piemont\u00e8is, bin, a l&#8217;\u00e9 ora &#8216;d felo sav\u00e8j. A-i son an efet tre concors, dij quai i don s\u00ec la neuva (an ordin d\u00eb scadensa).<\/p>\n<p><strong>V concors nassional \u00ebd poes\u00eca e narativa &#8220;Nino e Tomlin Bertalmia&#8221; (28 gen\u00e9)<\/strong><br \/> Chi: Arcancel, Associassion Cultural Piemont\u00e8isa<br \/> C\u00f2sa: poes\u00eca e\/o pr\u00f2sa an piemont\u00e8is<br \/> Cost: 10 euro, a gr\u00e0tis p\u00ebr le masn\u00e0<br \/> Ij detaj an s\u00ebl <a href=\"http:\/\/www.arcancel.eu\/\" title=\"Arcancel, Associassion Cultural Piemont\u00e8isa\" target=\"_blank\">sit<\/a>.<\/p>\n<p><strong>II concors literari \u00ebd poes\u00eca e pr\u00f2sa an lenga piemont\u00e8isa (28 f\u00ebrv\u00e9)<\/strong><br \/> Chi: la Comun-a \u2018d Moncravel<br \/> C\u00f2sa: poes\u00eca e\/o conta an piemont\u00e8is<br \/> Cost: pa \u2018d nen, partecipassion a gr\u00e0tis<br \/> Ij detaj <a href=\"https:\/\/giannidavico.it\/gopiedmont\/files\/2014\/01\/Moncravel.pdf\" title=\"Concors \u00ebd Moncravel 2014\">ambeless\u00ec<\/a>.<\/p>\n<p><strong>XII concors literari &#8220;La me t\u00e8ra e la s\u00f2 gent&#8221; (6 avril)<\/strong><br \/> Chi: \u00ebl s\u00ecrcol coltural Langa Astsan-a<br \/> C\u00f2sa: conta, poes\u00eca o euvra teatral an piemont\u00e8is<br \/> Cost: a gr\u00e0tis<br \/> Ij detaj <a href=\"https:\/\/giannidavico.it\/gopiedmont\/files\/2014\/01\/Loasseul.pdf\" title=\"La me t\u00e8ra e la s\u00f2 gent\">ambeless\u00ec<\/a>.<\/p>\n","protected":false},"author":4,"featured_media":0,"comment_status":"open","ping_status":"open","sticky":false,"template":"","format":"standard","meta":[],"categories":[130],"tags":[131],"yoast_head":"<!-- This site is optimized with the Yoast SEO plugin v19.14 - https:\/\/yoast.com\/wordpress\/plugins\/seo\/ -->\n<title>Concors \u00ebd piemont\u00e8is - Go Piedmont<\/title>\n<meta name=\"robots\" content=\"index, follow, max-snippet:-1, max-image-preview:large, max-video-preview:-1\" \/>\n<link rel=\"canonical\" href=\"https:\/\/giannidavico.it\/gopiedmont\/2014\/01\/15\/concors-ed-piemonteis\/\" \/>\n<meta property=\"og:locale\" content=\"it_IT\" \/>\n<meta property=\"og:type\" content=\"article\" \/>\n<meta property=\"og:title\" content=\"Concors \u00ebd piemont\u00e8is - Go Piedmont\" \/>\n<meta property=\"og:description\" content=\"Chi ch&#8217;a-i pias \u00ebscrive an piemont\u00e8is, bin, a l&#8217;\u00e9 ora &#8216;d felo sav\u00e8j. A-i son an efet tre concors, dij quai i don s\u00ec la neuva (an ordin d\u00eb scadensa). V concors nassional \u00ebd poes\u00eca e narativa &#8220;Nino e Tomlin Bertalmia&#8221; (28 gen\u00e9) Chi: Arcancel, Associassion Cultural Piemont\u00e8isa C\u00f2sa: poes\u00eca e\/o pr\u00f2sa an piemont\u00e8is Cost: 10 euro, a gr\u00e0tis p\u00ebr le masn\u00e0 Ij detaj an s\u00ebl sit. II concors literari \u00ebd poes\u00eca e pr\u00f2sa an lenga piemont\u00e8isa (28 f\u00ebrv\u00e9) Chi: la Comun-a \u2018d Moncravel C\u00f2sa: poes\u00eca e\/o conta an piemont\u00e8is Cost: pa \u2018d nen, partecipassion a gr\u00e0tis Ij detaj ambeless\u00ec. XII concors literari &#8220;La me t\u00e8ra e la s\u00f2 gent&#8221; (6 avril) Chi: \u00ebl s\u00ecrcol coltural Langa Astsan-a C\u00f2sa: conta, poes\u00eca o euvra teatral an piemont\u00e8is Cost: a gr\u00e0tis Ij detaj ambeless\u00ec.\" \/>\n<meta property=\"og:url\" content=\"https:\/\/giannidavico.it\/gopiedmont\/2014\/01\/15\/concors-ed-piemonteis\/\" \/>\n<meta property=\"og:site_name\" content=\"Go Piedmont\" \/>\n<meta property=\"article:published_time\" content=\"2014-01-15T08:49:00+00:00\" \/>\n<meta name=\"author\" content=\"giannidavico\" \/>\n<meta name=\"twitter:card\" content=\"summary_large_image\" \/>\n<meta name=\"twitter:label1\" content=\"Scritto da\" \/>\n\t<meta name=\"twitter:data1\" content=\"giannidavico\" \/>\n\t<meta name=\"twitter:label2\" content=\"Tempo di lettura stimato\" \/>\n\t<meta name=\"twitter:data2\" content=\"1 minuto\" \/>\n<script type=\"application\/ld+json\" class=\"yoast-schema-graph\">{\"@context\":\"https:\/\/schema.org\",\"@graph\":[{\"@type\":\"WebPage\",\"@id\":\"https:\/\/giannidavico.it\/gopiedmont\/2014\/01\/15\/concors-ed-piemonteis\/\",\"url\":\"https:\/\/giannidavico.it\/gopiedmont\/2014\/01\/15\/concors-ed-piemonteis\/\",\"name\":\"Concors \u00ebd piemont\u00e8is - Go Piedmont\",\"isPartOf\":{\"@id\":\"https:\/\/giannidavico.it\/gopiedmont\/#website\"},\"datePublished\":\"2014-01-15T08:49:00+00:00\",\"dateModified\":\"2014-01-15T08:49:00+00:00\",\"author\":{\"@id\":\"https:\/\/giannidavico.it\/gopiedmont\/#\/schema\/person\/ea1fd17d8f2dba325f3712219efa8f77\"},\"inLanguage\":\"it-IT\",\"potentialAction\":[{\"@type\":\"ReadAction\",\"target\":[\"https:\/\/giannidavico.it\/gopiedmont\/2014\/01\/15\/concors-ed-piemonteis\/\"]}]},{\"@type\":\"WebSite\",\"@id\":\"https:\/\/giannidavico.it\/gopiedmont\/#website\",\"url\":\"https:\/\/giannidavico.it\/gopiedmont\/\",\"name\":\"Go Piedmont\",\"description\":\"pens\u00e9 dzora l\u00ecber, event e p\u00ebrson-e grop\u00e0 al Piemont e a la lenga piemont\u00e8isa\",\"potentialAction\":[{\"@type\":\"SearchAction\",\"target\":{\"@type\":\"EntryPoint\",\"urlTemplate\":\"https:\/\/giannidavico.it\/gopiedmont\/?s={search_term_string}\"},\"query-input\":\"required name=search_term_string\"}],\"inLanguage\":\"it-IT\"},{\"@type\":\"Person\",\"@id\":\"https:\/\/giannidavico.it\/gopiedmont\/#\/schema\/person\/ea1fd17d8f2dba325f3712219efa8f77\",\"name\":\"giannidavico\",\"image\":{\"@type\":\"ImageObject\",\"inLanguage\":\"it-IT\",\"@id\":\"https:\/\/giannidavico.it\/gopiedmont\/#\/schema\/person\/image\/\",\"url\":\"https:\/\/secure.gravatar.com\/avatar\/337748753d882602f3038b55fb369ba1?s=96&d=mm&r=g\",\"contentUrl\":\"https:\/\/secure.gravatar.com\/avatar\/337748753d882602f3038b55fb369ba1?s=96&d=mm&r=g\",\"caption\":\"giannidavico\"},\"url\":\"https:\/\/giannidavico.it\/gopiedmont\/author\/giannidavico\/\"}]}<\/script>\n<!-- \/ Yoast SEO plugin. -->","yoast_head_json":{"title":"Concors \u00ebd piemont\u00e8is - Go Piedmont","robots":{"index":"index","follow":"follow","max-snippet":"max-snippet:-1","max-image-preview":"max-image-preview:large","max-video-preview":"max-video-preview:-1"},"canonical":"https:\/\/giannidavico.it\/gopiedmont\/2014\/01\/15\/concors-ed-piemonteis\/","og_locale":"it_IT","og_type":"article","og_title":"Concors \u00ebd piemont\u00e8is - Go Piedmont","og_description":"Chi ch&#8217;a-i pias \u00ebscrive an piemont\u00e8is, bin, a l&#8217;\u00e9 ora &#8216;d felo sav\u00e8j. A-i son an efet tre concors, dij quai i don s\u00ec la neuva (an ordin d\u00eb scadensa). V concors nassional \u00ebd poes\u00eca e narativa &#8220;Nino e Tomlin Bertalmia&#8221; (28 gen\u00e9) Chi: Arcancel, Associassion Cultural Piemont\u00e8isa C\u00f2sa: poes\u00eca e\/o pr\u00f2sa an piemont\u00e8is Cost: 10 euro, a gr\u00e0tis p\u00ebr le masn\u00e0 Ij detaj an s\u00ebl sit. II concors literari \u00ebd poes\u00eca e pr\u00f2sa an lenga piemont\u00e8isa (28 f\u00ebrv\u00e9) Chi: la Comun-a \u2018d Moncravel C\u00f2sa: poes\u00eca e\/o conta an piemont\u00e8is Cost: pa \u2018d nen, partecipassion a gr\u00e0tis Ij detaj ambeless\u00ec. XII concors literari &#8220;La me t\u00e8ra e la s\u00f2 gent&#8221; (6 avril) Chi: \u00ebl s\u00ecrcol coltural Langa Astsan-a C\u00f2sa: conta, poes\u00eca o euvra teatral an piemont\u00e8is Cost: a gr\u00e0tis Ij detaj ambeless\u00ec.","og_url":"https:\/\/giannidavico.it\/gopiedmont\/2014\/01\/15\/concors-ed-piemonteis\/","og_site_name":"Go Piedmont","article_published_time":"2014-01-15T08:49:00+00:00","author":"giannidavico","twitter_card":"summary_large_image","twitter_misc":{"Scritto da":"giannidavico","Tempo di lettura stimato":"1 minuto"},"schema":{"@context":"https:\/\/schema.org","@graph":[{"@type":"WebPage","@id":"https:\/\/giannidavico.it\/gopiedmont\/2014\/01\/15\/concors-ed-piemonteis\/","url":"https:\/\/giannidavico.it\/gopiedmont\/2014\/01\/15\/concors-ed-piemonteis\/","name":"Concors \u00ebd piemont\u00e8is - Go Piedmont","isPartOf":{"@id":"https:\/\/giannidavico.it\/gopiedmont\/#website"},"datePublished":"2014-01-15T08:49:00+00:00","dateModified":"2014-01-15T08:49:00+00:00","author":{"@id":"https:\/\/giannidavico.it\/gopiedmont\/#\/schema\/person\/ea1fd17d8f2dba325f3712219efa8f77"},"inLanguage":"it-IT","potentialAction":[{"@type":"ReadAction","target":["https:\/\/giannidavico.it\/gopiedmont\/2014\/01\/15\/concors-ed-piemonteis\/"]}]},{"@type":"WebSite","@id":"https:\/\/giannidavico.it\/gopiedmont\/#website","url":"https:\/\/giannidavico.it\/gopiedmont\/","name":"Go Piedmont","description":"pens\u00e9 dzora l\u00ecber, event e p\u00ebrson-e grop\u00e0 al Piemont e a la lenga piemont\u00e8isa","potentialAction":[{"@type":"SearchAction","target":{"@type":"EntryPoint","urlTemplate":"https:\/\/giannidavico.it\/gopiedmont\/?s={search_term_string}"},"query-input":"required name=search_term_string"}],"inLanguage":"it-IT"},{"@type":"Person","@id":"https:\/\/giannidavico.it\/gopiedmont\/#\/schema\/person\/ea1fd17d8f2dba325f3712219efa8f77","name":"giannidavico","image":{"@type":"ImageObject","inLanguage":"it-IT","@id":"https:\/\/giannidavico.it\/gopiedmont\/#\/schema\/person\/image\/","url":"https:\/\/secure.gravatar.com\/avatar\/337748753d882602f3038b55fb369ba1?s=96&d=mm&r=g","contentUrl":"https:\/\/secure.gravatar.com\/avatar\/337748753d882602f3038b55fb369ba1?s=96&d=mm&r=g","caption":"giannidavico"},"url":"https:\/\/giannidavico.it\/gopiedmont\/author\/giannidavico\/"}]}},"_links":{"self":[{"href":"https:\/\/giannidavico.it\/gopiedmont\/wp-json\/wp\/v2\/posts\/2117"}],"collection":[{"href":"https:\/\/giannidavico.it\/gopiedmont\/wp-json\/wp\/v2\/posts"}],"about":[{"href":"https:\/\/giannidavico.it\/gopiedmont\/wp-json\/wp\/v2\/types\/post"}],"author":[{"embeddable":true,"href":"https:\/\/giannidavico.it\/gopiedmont\/wp-json\/wp\/v2\/users\/4"}],"replies":[{"embeddable":true,"href":"https:\/\/giannidavico.it\/gopiedmont\/wp-json\/wp\/v2\/comments?post=2117"}],"version-history":[{"count":3,"href":"https:\/\/giannidavico.it\/gopiedmont\/wp-json\/wp\/v2\/posts\/2117\/revisions"}],"predecessor-version":[{"id":2122,"href":"https:\/\/giannidavico.it\/gopiedmont\/wp-json\/wp\/v2\/posts\/2117\/revisions\/2122"}],"wp:attachment":[{"href":"https:\/\/giannidavico.it\/gopiedmont\/wp-json\/wp\/v2\/media?parent=2117"}],"wp:term":[{"taxonomy":"category","embeddable":true,"href":"https:\/\/giannidavico.it\/gopiedmont\/wp-json\/wp\/v2\/categories?post=2117"},{"taxonomy":"post_tag","embeddable":true,"href":"https:\/\/giannidavico.it\/gopiedmont\/wp-json\/wp\/v2\/tags?post=2117"}],"curies":[{"name":"wp","href":"https:\/\/api.w.org\/{rel}","templated":true}]}}