{"id":2169,"date":"2014-02-19T08:36:08","date_gmt":"2014-02-19T07:36:08","guid":{"rendered":"https:\/\/giannidavico.it\/staging\/gopiedmont\/?p=2169"},"modified":"2015-05-14T10:05:12","modified_gmt":"2015-05-14T09:05:12","slug":"je-stranot-ed-cher","status":"publish","type":"post","link":"https:\/\/giannidavico.it\/gopiedmont\/2014\/02\/19\/je-stranot-ed-cher\/","title":{"rendered":"J\u00eb stran\u00f2t \u00ebd Cher"},"content":{"rendered":"<p><a href=\"https:\/\/giannidavico.it\/gopiedmont\/files\/2014\/05\/CM.jpg\"><img loading=\"lazy\" src=\"https:\/\/giannidavico.it\/gopiedmont\/files\/2014\/05\/CM-212x300.jpg\" alt=\"CM\" width=\"212\" height=\"300\" class=\"alignright size-medium wp-image-2729\" srcset=\"https:\/\/giannidavico.it\/gopiedmont\/files\/2014\/05\/CM-212x300.jpg 212w, https:\/\/giannidavico.it\/gopiedmont\/files\/2014\/05\/CM-725x1024.jpg 725w, https:\/\/giannidavico.it\/gopiedmont\/files\/2014\/05\/CM.jpg 836w\" sizes=\"(max-width: 212px) 100vw, 212px\" \/><\/a><br \/>\nL&#8217;apontament a l&#8217;\u00e9 p\u00ebr cost v\u00e9ner, d\u00f2p doman, a neuv ore &#8216;d s\u00e8ira al teater San Luis \u00ebd Cher.<\/p>\n<p>L&#8217;ocasion a l&#8217;\u00e9 la presentassion, an forma d\u00eb spetacol, d\u00ebl l\u00ecber <em>Vij\u00e0, stran\u00f2t e s\u00e0ut \u00ebn s\u00ebl ch\u00e8r<\/em>, ch&#8217;a l&#8217;\u00e9 n&#8217;archeuita la p\u00ec poss\u00ecbil completa dj\u00eb stran\u00f2t recit\u00e0 ant la Vij\u00e0 &#8216;d Cher a parte da j&#8217;agn Sessanta fin-a a noi.<\/p>\n<p>Tut a part dal testard desideri &#8216;d Valerio Maggio e Cesare Matta \u2018d f\u00e9 vive na tradission. A l&#8217;\u00e9 st\u00e0it un travaj longh \u00ebsquasi n&#8217;ann. Mi i l&#8217;hai cur\u00e0 la graf\u00eca dij test an piemont\u00e8is (i na parlava <a href=\"https:\/\/giannidavico.it\/gopiedmont\/2013\/08\/21\/beppe-barberis-na-branca-dzora-a-jautri\/\" title=\"Beppe Barberis, na branca dzora a j\u2019\u00e0utri\" target=\"_blank\">ambeless\u00ec<\/a>).<\/p>\n<p>A scriv Albina Malerba (<em>Lo<\/em> speakers\u2019 corner <em>di Chieri<\/em>) presentand l&#8217;euvra:<\/p>\n<blockquote><p><em>\u00cbl s\u00e0ut \u00ebn s\u00ebl ch\u00e8r<\/em> affonda le sue radici in tempi lontanissimi, e si trovano tradizioni assimilabili un po\u2019 in tutta Europa. <em>\u00cbl s\u00e0ut<\/em> chierese rappresenta una continuit\u00e0 straordinaria che andr\u00e0 indagata e studiata, e che sarebbe importante non lasciar morire, cominciando ad esempio a costituire una rete tra i luoghi piemontesi e italiani che registrano questa tradizione comune. E perch\u00e9 non pensare ad un festival <em>dj\u00eb stran\u00f2t<\/em>: un carro, un <em>Ch\u00e8r\/Cher<\/em>, palco &#8211; teatrale per tutte le lingue delle piccole patrie?<\/p><\/blockquote>\n<p>E Gianfranco Gribaudo (<em>La fiama a l\u2019\u00e9 nen d\u0205stissasse<\/em>):<\/p>\n<blockquote><p>Na cita pera d\u0205l monument dla literatura piemont\u00e8isa che, i soma d\u2019acordi, a l\u2019\u00e9 fait \u0205d l\u00f2se bin p\u00ec solide e potente, ma soens a son le cite c\u00f2se cole ch\u2019a van dun-a drite al cheur dla gent, an fasend soride e an gatiand j\u2019arc\u00f2rd d\u0205l temp pass\u00e0.<\/p><\/blockquote>\n<p><a href=\"https:\/\/giannidavico.it\/gopiedmont\/files\/2014\/02\/invit.jpg\"><img loading=\"lazy\" src=\"https:\/\/giannidavico.it\/gopiedmont\/files\/2014\/02\/invit-212x300.jpg\" alt=\"invit\" width=\"212\" height=\"300\" class=\"alignleft size-medium wp-image-2176\" srcset=\"https:\/\/giannidavico.it\/gopiedmont\/files\/2014\/02\/invit-212x300.jpg 212w, https:\/\/giannidavico.it\/gopiedmont\/files\/2014\/02\/invit-725x1024.jpg 725w, https:\/\/giannidavico.it\/gopiedmont\/files\/2014\/02\/invit.jpg 837w\" sizes=\"(max-width: 212px) 100vw, 212px\" \/><\/a><br \/>\nA l&#8217;\u00e9 un bel travaj. Quaic\u00f2s ch&#8217;a serv a gnente. Ma, p\u00ebr dila con Erri De Luca,<\/p>\n<blockquote><p>Considero valore quello che domani non varr\u00e0 pi\u00f9 niente, e quello che oggi vale ancora poco.<\/p><\/blockquote>\n<p>E a dir\u00eca Pavese:<\/p>\n<blockquote><p>Avere una tradizione \u00e8 meno che nulla, \u00e8 soltanto cercandola che si pu\u00f2 viverla.<\/p><\/blockquote>\n<p>Bin, cost&#8217;euvra cita a f\u00e0 vive na tradission.<\/p>\n","protected":false},"excerpt":{"rendered":"<p><a href=\"https:\/\/giannidavico.it\/gopiedmont\/files\/2014\/05\/CM.jpg\"><img loading=\"lazy\" src=\"https:\/\/giannidavico.it\/gopiedmont\/files\/2014\/05\/CM-212x300.jpg\" alt=\"CM\" width=\"212\" height=\"300\" class=\"alignright size-medium wp-image-2729\" srcset=\"https:\/\/giannidavico.it\/gopiedmont\/files\/2014\/05\/CM-212x300.jpg 212w, https:\/\/giannidavico.it\/gopiedmont\/files\/2014\/05\/CM-725x1024.jpg 725w, https:\/\/giannidavico.it\/gopiedmont\/files\/2014\/05\/CM.jpg 836w\" sizes=\"(max-width: 212px) 100vw, 212px\" \/><\/a><br \/> L&#8217;apontament a l&#8217;\u00e9 p\u00ebr cost v\u00e9ner, d\u00f2p doman, a neuv ore &#8216;d s\u00e8ira al teater San Luis \u00ebd Cher.<\/p>\n<p>L&#8217;ocasion a l&#8217;\u00e9 la presentassion, an forma d\u00eb spetacol, d\u00ebl l\u00ecber <em>Vij\u00e0, stran\u00f2t e s\u00e0ut \u00ebn s\u00ebl ch\u00e8r<\/em>, ch&#8217;a l&#8217;\u00e9 n&#8217;archeuita la p\u00ec poss\u00ecbil completa dj\u00eb stran\u00f2t recit\u00e0 ant la Vij\u00e0 &#8216;d Cher a parte da j&#8217;agn Sessanta fin-a a noi.<\/p>\n<p>Tut a part dal testard desideri &#8216;d Valerio Maggio e Cesare Matta \u2018d f\u00e9 vive na tradission. A l&#8217;\u00e9 st\u00e0it un travaj longh \u00ebsquasi n&#8217;ann. Mi i l&#8217;hai cur\u00e0 la graf\u00eca dij test an piemont\u00e8is (i na parlava <a href=\"https:\/\/giannidavico.it\/gopiedmont\/2013\/08\/21\/beppe-barberis-na-branca-dzora-a-jautri\/\" title=\"Beppe Barberis, na branca dzora a j\u2019\u00e0utri\" target=\"_blank\">ambeless\u00ec<\/a>).<\/p>\n<p>A scriv Albina Malerba (<em>Lo<\/em> speakers\u2019 corner <em>di Chieri<\/em>) presentand l&#8217;euvra:<\/p>\n<p><em>\u00cbl s\u00e0ut \u00ebn s\u00ebl ch\u00e8r<\/em> affonda le sue radici in tempi lontanissimi, e si trovano tradizioni assimilabili un po\u2019 in tutta Europa. <em>\u00cbl s\u00e0ut<\/em> chierese rappresenta una continuit\u00e0 straordinaria che andr\u00e0 indagata e studiata, e che sarebbe importante non lasciar morire, cominciando ad esempio a costituire una rete tra i luoghi piemontesi e italiani che registrano questa tradizione comune. [\u2026] <a class=\"moretag\" href=\"https:\/\/giannidavico.it\/gopiedmont\/2014\/02\/19\/je-stranot-ed-cher\/\">continua a leggere \u00bb<\/a><\/p>\n","protected":false},"author":4,"featured_media":0,"comment_status":"open","ping_status":"open","sticky":false,"template":"","format":"standard","meta":[],"categories":[130],"tags":[131],"yoast_head":"<!-- This site is optimized with the Yoast SEO plugin v19.14 - https:\/\/yoast.com\/wordpress\/plugins\/seo\/ -->\n<title>J\u00eb stran\u00f2t \u00ebd Cher - Go Piedmont<\/title>\n<meta name=\"robots\" content=\"index, follow, max-snippet:-1, max-image-preview:large, max-video-preview:-1\" \/>\n<link rel=\"canonical\" href=\"https:\/\/giannidavico.it\/gopiedmont\/2014\/02\/19\/je-stranot-ed-cher\/\" \/>\n<meta property=\"og:locale\" content=\"it_IT\" \/>\n<meta property=\"og:type\" content=\"article\" \/>\n<meta property=\"og:title\" content=\"J\u00eb stran\u00f2t \u00ebd Cher - Go Piedmont\" \/>\n<meta property=\"og:description\" content=\"L&#8217;apontament a l&#8217;\u00e9 p\u00ebr cost v\u00e9ner, d\u00f2p doman, a neuv ore &#8216;d s\u00e8ira al teater San Luis \u00ebd Cher. L&#8217;ocasion a l&#8217;\u00e9 la presentassion, an forma d\u00eb spetacol, d\u00ebl l\u00ecber Vij\u00e0, stran\u00f2t e s\u00e0ut \u00ebn s\u00ebl ch\u00e8r, ch&#8217;a l&#8217;\u00e9 n&#8217;archeuita la p\u00ec poss\u00ecbil completa dj\u00eb stran\u00f2t recit\u00e0 ant la Vij\u00e0 &#8216;d Cher a parte da j&#8217;agn Sessanta fin-a a noi. Tut a part dal testard desideri &#8216;d Valerio Maggio e Cesare Matta \u2018d f\u00e9 vive na tradission. A l&#8217;\u00e9 st\u00e0it un travaj longh \u00ebsquasi n&#8217;ann. Mi i l&#8217;hai cur\u00e0 la graf\u00eca dij test an piemont\u00e8is (i na parlava ambeless\u00ec). A scriv Albina Malerba (Lo speakers\u2019 corner di Chieri) presentand l&#8217;euvra: \u00cbl s\u00e0ut \u00ebn s\u00ebl ch\u00e8r affonda le sue radici in tempi lontanissimi, e si trovano tradizioni assimilabili un po\u2019 in tutta Europa. \u00cbl s\u00e0ut chierese rappresenta una continuit\u00e0 straordinaria che andr\u00e0 indagata e studiata, e che sarebbe importante non lasciar morire, cominciando ad esempio a costituire una rete tra i luoghi piemontesi e italiani che registrano questa tradizione comune. [\u2026] continua a leggere \u00bb\" \/>\n<meta property=\"og:url\" content=\"https:\/\/giannidavico.it\/gopiedmont\/2014\/02\/19\/je-stranot-ed-cher\/\" \/>\n<meta property=\"og:site_name\" content=\"Go Piedmont\" \/>\n<meta property=\"article:published_time\" content=\"2014-02-19T07:36:08+00:00\" \/>\n<meta property=\"article:modified_time\" content=\"2015-05-14T09:05:12+00:00\" \/>\n<meta property=\"og:image\" content=\"https:\/\/giannidavico.it\/gopiedmont\/files\/2014\/05\/CM-212x300.jpg\" \/>\n<meta name=\"author\" content=\"giannidavico\" \/>\n<meta name=\"twitter:card\" content=\"summary_large_image\" \/>\n<meta name=\"twitter:label1\" content=\"Scritto da\" \/>\n\t<meta name=\"twitter:data1\" content=\"giannidavico\" \/>\n\t<meta name=\"twitter:label2\" content=\"Tempo di lettura stimato\" \/>\n\t<meta name=\"twitter:data2\" content=\"2 minuti\" \/>\n<script type=\"application\/ld+json\" class=\"yoast-schema-graph\">{\"@context\":\"https:\/\/schema.org\",\"@graph\":[{\"@type\":\"WebPage\",\"@id\":\"https:\/\/giannidavico.it\/gopiedmont\/2014\/02\/19\/je-stranot-ed-cher\/\",\"url\":\"https:\/\/giannidavico.it\/gopiedmont\/2014\/02\/19\/je-stranot-ed-cher\/\",\"name\":\"J\u00eb stran\u00f2t \u00ebd Cher - Go Piedmont\",\"isPartOf\":{\"@id\":\"https:\/\/giannidavico.it\/gopiedmont\/#website\"},\"datePublished\":\"2014-02-19T07:36:08+00:00\",\"dateModified\":\"2015-05-14T09:05:12+00:00\",\"author\":{\"@id\":\"https:\/\/giannidavico.it\/gopiedmont\/#\/schema\/person\/ea1fd17d8f2dba325f3712219efa8f77\"},\"inLanguage\":\"it-IT\",\"potentialAction\":[{\"@type\":\"ReadAction\",\"target\":[\"https:\/\/giannidavico.it\/gopiedmont\/2014\/02\/19\/je-stranot-ed-cher\/\"]}]},{\"@type\":\"WebSite\",\"@id\":\"https:\/\/giannidavico.it\/gopiedmont\/#website\",\"url\":\"https:\/\/giannidavico.it\/gopiedmont\/\",\"name\":\"Go Piedmont\",\"description\":\"pens\u00e9 dzora l\u00ecber, event e p\u00ebrson-e grop\u00e0 al Piemont e a la lenga piemont\u00e8isa\",\"potentialAction\":[{\"@type\":\"SearchAction\",\"target\":{\"@type\":\"EntryPoint\",\"urlTemplate\":\"https:\/\/giannidavico.it\/gopiedmont\/?s={search_term_string}\"},\"query-input\":\"required name=search_term_string\"}],\"inLanguage\":\"it-IT\"},{\"@type\":\"Person\",\"@id\":\"https:\/\/giannidavico.it\/gopiedmont\/#\/schema\/person\/ea1fd17d8f2dba325f3712219efa8f77\",\"name\":\"giannidavico\",\"image\":{\"@type\":\"ImageObject\",\"inLanguage\":\"it-IT\",\"@id\":\"https:\/\/giannidavico.it\/gopiedmont\/#\/schema\/person\/image\/\",\"url\":\"https:\/\/secure.gravatar.com\/avatar\/337748753d882602f3038b55fb369ba1?s=96&d=mm&r=g\",\"contentUrl\":\"https:\/\/secure.gravatar.com\/avatar\/337748753d882602f3038b55fb369ba1?s=96&d=mm&r=g\",\"caption\":\"giannidavico\"},\"url\":\"https:\/\/giannidavico.it\/gopiedmont\/author\/giannidavico\/\"}]}<\/script>\n<!-- \/ Yoast SEO plugin. -->","yoast_head_json":{"title":"J\u00eb stran\u00f2t \u00ebd Cher - Go Piedmont","robots":{"index":"index","follow":"follow","max-snippet":"max-snippet:-1","max-image-preview":"max-image-preview:large","max-video-preview":"max-video-preview:-1"},"canonical":"https:\/\/giannidavico.it\/gopiedmont\/2014\/02\/19\/je-stranot-ed-cher\/","og_locale":"it_IT","og_type":"article","og_title":"J\u00eb stran\u00f2t \u00ebd Cher - Go Piedmont","og_description":"L&#8217;apontament a l&#8217;\u00e9 p\u00ebr cost v\u00e9ner, d\u00f2p doman, a neuv ore &#8216;d s\u00e8ira al teater San Luis \u00ebd Cher. L&#8217;ocasion a l&#8217;\u00e9 la presentassion, an forma d\u00eb spetacol, d\u00ebl l\u00ecber Vij\u00e0, stran\u00f2t e s\u00e0ut \u00ebn s\u00ebl ch\u00e8r, ch&#8217;a l&#8217;\u00e9 n&#8217;archeuita la p\u00ec poss\u00ecbil completa dj\u00eb stran\u00f2t recit\u00e0 ant la Vij\u00e0 &#8216;d Cher a parte da j&#8217;agn Sessanta fin-a a noi. Tut a part dal testard desideri &#8216;d Valerio Maggio e Cesare Matta \u2018d f\u00e9 vive na tradission. A l&#8217;\u00e9 st\u00e0it un travaj longh \u00ebsquasi n&#8217;ann. Mi i l&#8217;hai cur\u00e0 la graf\u00eca dij test an piemont\u00e8is (i na parlava ambeless\u00ec). A scriv Albina Malerba (Lo speakers\u2019 corner di Chieri) presentand l&#8217;euvra: \u00cbl s\u00e0ut \u00ebn s\u00ebl ch\u00e8r affonda le sue radici in tempi lontanissimi, e si trovano tradizioni assimilabili un po\u2019 in tutta Europa. \u00cbl s\u00e0ut chierese rappresenta una continuit\u00e0 straordinaria che andr\u00e0 indagata e studiata, e che sarebbe importante non lasciar morire, cominciando ad esempio a costituire una rete tra i luoghi piemontesi e italiani che registrano questa tradizione comune. [\u2026] continua a leggere \u00bb","og_url":"https:\/\/giannidavico.it\/gopiedmont\/2014\/02\/19\/je-stranot-ed-cher\/","og_site_name":"Go Piedmont","article_published_time":"2014-02-19T07:36:08+00:00","article_modified_time":"2015-05-14T09:05:12+00:00","og_image":[{"url":"https:\/\/giannidavico.it\/gopiedmont\/files\/2014\/05\/CM-212x300.jpg"}],"author":"giannidavico","twitter_card":"summary_large_image","twitter_misc":{"Scritto da":"giannidavico","Tempo di lettura stimato":"2 minuti"},"schema":{"@context":"https:\/\/schema.org","@graph":[{"@type":"WebPage","@id":"https:\/\/giannidavico.it\/gopiedmont\/2014\/02\/19\/je-stranot-ed-cher\/","url":"https:\/\/giannidavico.it\/gopiedmont\/2014\/02\/19\/je-stranot-ed-cher\/","name":"J\u00eb stran\u00f2t \u00ebd Cher - Go Piedmont","isPartOf":{"@id":"https:\/\/giannidavico.it\/gopiedmont\/#website"},"datePublished":"2014-02-19T07:36:08+00:00","dateModified":"2015-05-14T09:05:12+00:00","author":{"@id":"https:\/\/giannidavico.it\/gopiedmont\/#\/schema\/person\/ea1fd17d8f2dba325f3712219efa8f77"},"inLanguage":"it-IT","potentialAction":[{"@type":"ReadAction","target":["https:\/\/giannidavico.it\/gopiedmont\/2014\/02\/19\/je-stranot-ed-cher\/"]}]},{"@type":"WebSite","@id":"https:\/\/giannidavico.it\/gopiedmont\/#website","url":"https:\/\/giannidavico.it\/gopiedmont\/","name":"Go Piedmont","description":"pens\u00e9 dzora l\u00ecber, event e p\u00ebrson-e grop\u00e0 al Piemont e a la lenga piemont\u00e8isa","potentialAction":[{"@type":"SearchAction","target":{"@type":"EntryPoint","urlTemplate":"https:\/\/giannidavico.it\/gopiedmont\/?s={search_term_string}"},"query-input":"required name=search_term_string"}],"inLanguage":"it-IT"},{"@type":"Person","@id":"https:\/\/giannidavico.it\/gopiedmont\/#\/schema\/person\/ea1fd17d8f2dba325f3712219efa8f77","name":"giannidavico","image":{"@type":"ImageObject","inLanguage":"it-IT","@id":"https:\/\/giannidavico.it\/gopiedmont\/#\/schema\/person\/image\/","url":"https:\/\/secure.gravatar.com\/avatar\/337748753d882602f3038b55fb369ba1?s=96&d=mm&r=g","contentUrl":"https:\/\/secure.gravatar.com\/avatar\/337748753d882602f3038b55fb369ba1?s=96&d=mm&r=g","caption":"giannidavico"},"url":"https:\/\/giannidavico.it\/gopiedmont\/author\/giannidavico\/"}]}},"_links":{"self":[{"href":"https:\/\/giannidavico.it\/gopiedmont\/wp-json\/wp\/v2\/posts\/2169"}],"collection":[{"href":"https:\/\/giannidavico.it\/gopiedmont\/wp-json\/wp\/v2\/posts"}],"about":[{"href":"https:\/\/giannidavico.it\/gopiedmont\/wp-json\/wp\/v2\/types\/post"}],"author":[{"embeddable":true,"href":"https:\/\/giannidavico.it\/gopiedmont\/wp-json\/wp\/v2\/users\/4"}],"replies":[{"embeddable":true,"href":"https:\/\/giannidavico.it\/gopiedmont\/wp-json\/wp\/v2\/comments?post=2169"}],"version-history":[{"count":9,"href":"https:\/\/giannidavico.it\/gopiedmont\/wp-json\/wp\/v2\/posts\/2169\/revisions"}],"predecessor-version":[{"id":2738,"href":"https:\/\/giannidavico.it\/gopiedmont\/wp-json\/wp\/v2\/posts\/2169\/revisions\/2738"}],"wp:attachment":[{"href":"https:\/\/giannidavico.it\/gopiedmont\/wp-json\/wp\/v2\/media?parent=2169"}],"wp:term":[{"taxonomy":"category","embeddable":true,"href":"https:\/\/giannidavico.it\/gopiedmont\/wp-json\/wp\/v2\/categories?post=2169"},{"taxonomy":"post_tag","embeddable":true,"href":"https:\/\/giannidavico.it\/gopiedmont\/wp-json\/wp\/v2\/tags?post=2169"}],"curies":[{"name":"wp","href":"https:\/\/api.w.org\/{rel}","templated":true}]}}