{"id":2225,"date":"2014-04-02T06:00:05","date_gmt":"2014-04-02T05:00:05","guid":{"rendered":"https:\/\/giannidavico.it\/staging\/gopiedmont\/?p=2225"},"modified":"2015-09-24T09:56:33","modified_gmt":"2015-09-24T08:56:33","slug":"giovannino-guareschi-an-orari-perfet","status":"publish","type":"post","link":"https:\/\/giannidavico.it\/gopiedmont\/2014\/04\/02\/giovannino-guareschi-an-orari-perfet\/","title":{"rendered":"Giovannino Guareschi, An orari p\u00ebrfet"},"content":{"rendered":"<p><a href=\"https:\/\/giannidavico.it\/gopiedmont\/files\/2014\/04\/Osservazioni-di-uno-qualunque.jpg\"><img loading=\"lazy\" src=\"https:\/\/giannidavico.it\/gopiedmont\/files\/2014\/04\/Osservazioni-di-uno-qualunque-189x300.jpg\" alt=\"Osservazioni di uno qualunque\" width=\"189\" height=\"300\" class=\"alignright size-medium wp-image-2228\" srcset=\"https:\/\/giannidavico.it\/gopiedmont\/files\/2014\/04\/Osservazioni-di-uno-qualunque-189x300.jpg 189w, https:\/\/giannidavico.it\/gopiedmont\/files\/2014\/04\/Osservazioni-di-uno-qualunque.jpg 647w\" sizes=\"(max-width: 189px) 100vw, 189px\" \/><\/a><br \/>\nAncora n&#8217;\u00e0utra <a href=\"https:\/\/giannidavico.it\/gopiedmont\/files\/2015\/09\/orari.pdf\" title=\"Giovannino Guareschi, An orari p\u00ebrfet\">tradussion<\/a> \u00ebd Renato Agagliate, ch&#8217;as cimenta torna con Giovannino Guareschi. A l&#8217;\u00e9 la tradussion d\u00ebl racont <em>In perfetto orario<\/em>, ch&#8217;as treuva an <a href=\"http:\/\/www.amazon.it\/Osservazioni-uno-qualunque-Giovannino-Guareschi-ebook\/dp\/B00CFF3XTS\/ref=sr_1_1?ie=UTF8&#038;qid=1442924713&#038;sr=8-1&#038;tag=giandavi-21\" title=\"Giovannino Guareschi, Osservazioni di uno qualunque\" target=\"_blank\">cost l\u00ecber<\/a>.<\/p>\n<p>A dis Ren\u00e9:<\/p>\n<blockquote><p>An cost t\u00f2ch \u00ebd Guareschi a compariss \u00ebdc\u00f2 la famija &#8216;d &#8220;Giovannino&#8221;. La fomna, che per\u00f2 a n\u00f2mina mai con s\u00f2 n\u00f2m (a sar\u00e0 sempre &#8220;cola madamin ch&#8217;a l&#8217;ha rendume pare&#8221;), e Albertino, \u00ebl primg\u00e9nit. P\u00ec avanti a-i \u00ebvnir\u00e0 &#8216;dc\u00f2 la cita, che chiel a ciama &#8220;La Pasionaria&#8221;, la qual an cost racont a-i \u00e9 &#8216;ncora nen.<\/p><\/blockquote>\n<p>Na sitassion:<\/p>\n<blockquote><p>\u201cMilan!\u201d, a dis cheicadun an batendme na man sla spala.<br \/>\nE p\u00ebr da bon i son ancora set\u00e0 sla valis ant \u00ebl coridor, ma \u2019l treno a l\u2019\u00e9 an camin d\u2019intr\u00e9 sch\u00ebrzinand con tuti ij s\u00f2 fren sota l\u2019arcada dla stassion \u00ebd Milan.<br \/>\n\u201c11,05: an orari p\u00ebrfet!\u201d, a comenta al\u00e9gher col \u00f2m ch\u2019a l\u2019ha d\u00ebsvijame.<br \/>\n\u201cNa marav\u00eca\u201d, i-j r\u00ebspondo mi, angiutissend.<\/p><\/blockquote>\n","protected":false},"excerpt":{"rendered":"<p><a href=\"https:\/\/giannidavico.it\/gopiedmont\/files\/2014\/04\/Osservazioni-di-uno-qualunque.jpg\"><img loading=\"lazy\" src=\"https:\/\/giannidavico.it\/gopiedmont\/files\/2014\/04\/Osservazioni-di-uno-qualunque-189x300.jpg\" alt=\"Osservazioni di uno qualunque\" width=\"189\" height=\"300\" class=\"alignright size-medium wp-image-2228\" srcset=\"https:\/\/giannidavico.it\/gopiedmont\/files\/2014\/04\/Osservazioni-di-uno-qualunque-189x300.jpg 189w, https:\/\/giannidavico.it\/gopiedmont\/files\/2014\/04\/Osservazioni-di-uno-qualunque.jpg 647w\" sizes=\"(max-width: 189px) 100vw, 189px\" \/><\/a><br \/> Ancora n&#8217;\u00e0utra <a href=\"https:\/\/giannidavico.it\/gopiedmont\/files\/2015\/09\/orari.pdf\" title=\"Giovannino Guareschi, An orari p\u00ebrfet\">tradussion<\/a> \u00ebd Renato Agagliate, ch&#8217;as cimenta torna con Giovannino Guareschi. A l&#8217;\u00e9 la tradussion d\u00ebl racont <em>In perfetto orario<\/em>, ch&#8217;as treuva an <a href=\"http:\/\/www.amazon.it\/Osservazioni-uno-qualunque-Giovannino-Guareschi-ebook\/dp\/B00CFF3XTS\/ref=sr_1_1?ie=UTF8&#038;qid=1442924713&#038;sr=8-1&#038;tag=giandavi-21\" title=\"Giovannino Guareschi, Osservazioni di uno qualunque\" target=\"_blank\">cost l\u00ecber<\/a>.<\/p>\n<p>A dis Ren\u00e9:<\/p>\n<p>An cost t\u00f2ch \u00ebd Guareschi a compariss \u00ebdc\u00f2 la famija &#8216;d &#8220;Giovannino&#8221;. La fomna, che per\u00f2 a n\u00f2mina mai con s\u00f2 n\u00f2m (a sar\u00e0 sempre &#8220;cola madamin ch&#8217;a l&#8217;ha rendume pare&#8221;), e Albertino, \u00ebl primg\u00e9nit. P\u00ec avanti a-i \u00ebvnir\u00e0 &#8216;dc\u00f2 la cita, che chiel a ciama &#8220;La Pasionaria&#8221;, la qual an cost racont a-i \u00e9 &#8216;ncora nen.<\/p>\n<p>Na sitassion:<\/p>\n<p>\u201cMilan!\u201d, a dis cheicadun an batendme na man sla spala.<br \/> E p\u00ebr da bon i son ancora set\u00e0 sla valis ant \u00ebl coridor, ma \u2019l treno a l\u2019\u00e9 an camin d\u2019intr\u00e9 sch\u00ebrzinand con tuti ij s\u00f2 fren sota l\u2019arcada dla stassion \u00ebd Milan.<br \/> \u201c11,05: an orari p\u00ebrfet!\u201d, a comenta al\u00e9gher col \u00f2m ch\u2019a l\u2019ha d\u00ebsvijame.<br \/> \u201cNa marav\u00eca\u201d, i-j r\u00ebspondo mi, angiutissend.<\/p>\n","protected":false},"author":4,"featured_media":0,"comment_status":"open","ping_status":"open","sticky":false,"template":"","format":"standard","meta":[],"categories":[130],"tags":[7851],"yoast_head":"<!-- This site is optimized with the Yoast SEO plugin v19.14 - https:\/\/yoast.com\/wordpress\/plugins\/seo\/ -->\n<title>Giovannino Guareschi, An orari p\u00ebrfet - Go Piedmont<\/title>\n<meta name=\"robots\" content=\"index, follow, max-snippet:-1, max-image-preview:large, max-video-preview:-1\" \/>\n<link rel=\"canonical\" href=\"https:\/\/giannidavico.it\/gopiedmont\/2014\/04\/02\/giovannino-guareschi-an-orari-perfet\/\" \/>\n<meta property=\"og:locale\" content=\"it_IT\" \/>\n<meta property=\"og:type\" content=\"article\" \/>\n<meta property=\"og:title\" content=\"Giovannino Guareschi, An orari p\u00ebrfet - Go Piedmont\" \/>\n<meta property=\"og:description\" content=\"Ancora n&#8217;\u00e0utra tradussion \u00ebd Renato Agagliate, ch&#8217;as cimenta torna con Giovannino Guareschi. A l&#8217;\u00e9 la tradussion d\u00ebl racont In perfetto orario, ch&#8217;as treuva an cost l\u00ecber. A dis Ren\u00e9: An cost t\u00f2ch \u00ebd Guareschi a compariss \u00ebdc\u00f2 la famija &#8216;d &#8220;Giovannino&#8221;. La fomna, che per\u00f2 a n\u00f2mina mai con s\u00f2 n\u00f2m (a sar\u00e0 sempre &#8220;cola madamin ch&#8217;a l&#8217;ha rendume pare&#8221;), e Albertino, \u00ebl primg\u00e9nit. P\u00ec avanti a-i \u00ebvnir\u00e0 &#8216;dc\u00f2 la cita, che chiel a ciama &#8220;La Pasionaria&#8221;, la qual an cost racont a-i \u00e9 &#8216;ncora nen. Na sitassion: \u201cMilan!\u201d, a dis cheicadun an batendme na man sla spala. E p\u00ebr da bon i son ancora set\u00e0 sla valis ant \u00ebl coridor, ma \u2019l treno a l\u2019\u00e9 an camin d\u2019intr\u00e9 sch\u00ebrzinand con tuti ij s\u00f2 fren sota l\u2019arcada dla stassion \u00ebd Milan. \u201c11,05: an orari p\u00ebrfet!\u201d, a comenta al\u00e9gher col \u00f2m ch\u2019a l\u2019ha d\u00ebsvijame. \u201cNa marav\u00eca\u201d, i-j r\u00ebspondo mi, angiutissend.\" \/>\n<meta property=\"og:url\" content=\"https:\/\/giannidavico.it\/gopiedmont\/2014\/04\/02\/giovannino-guareschi-an-orari-perfet\/\" \/>\n<meta property=\"og:site_name\" content=\"Go Piedmont\" \/>\n<meta property=\"article:published_time\" content=\"2014-04-02T05:00:05+00:00\" \/>\n<meta property=\"article:modified_time\" content=\"2015-09-24T08:56:33+00:00\" \/>\n<meta property=\"og:image\" content=\"https:\/\/giannidavico.it\/gopiedmont\/files\/2014\/04\/Osservazioni-di-uno-qualunque-189x300.jpg\" \/>\n<meta name=\"author\" content=\"giannidavico\" \/>\n<meta name=\"twitter:card\" content=\"summary_large_image\" \/>\n<meta name=\"twitter:label1\" content=\"Scritto da\" \/>\n\t<meta name=\"twitter:data1\" content=\"giannidavico\" \/>\n\t<meta name=\"twitter:label2\" content=\"Tempo di lettura stimato\" \/>\n\t<meta name=\"twitter:data2\" content=\"1 minuto\" \/>\n<script type=\"application\/ld+json\" class=\"yoast-schema-graph\">{\"@context\":\"https:\/\/schema.org\",\"@graph\":[{\"@type\":\"WebPage\",\"@id\":\"https:\/\/giannidavico.it\/gopiedmont\/2014\/04\/02\/giovannino-guareschi-an-orari-perfet\/\",\"url\":\"https:\/\/giannidavico.it\/gopiedmont\/2014\/04\/02\/giovannino-guareschi-an-orari-perfet\/\",\"name\":\"Giovannino Guareschi, An orari p\u00ebrfet - Go Piedmont\",\"isPartOf\":{\"@id\":\"https:\/\/giannidavico.it\/gopiedmont\/#website\"},\"datePublished\":\"2014-04-02T05:00:05+00:00\",\"dateModified\":\"2015-09-24T08:56:33+00:00\",\"author\":{\"@id\":\"https:\/\/giannidavico.it\/gopiedmont\/#\/schema\/person\/ea1fd17d8f2dba325f3712219efa8f77\"},\"inLanguage\":\"it-IT\",\"potentialAction\":[{\"@type\":\"ReadAction\",\"target\":[\"https:\/\/giannidavico.it\/gopiedmont\/2014\/04\/02\/giovannino-guareschi-an-orari-perfet\/\"]}]},{\"@type\":\"WebSite\",\"@id\":\"https:\/\/giannidavico.it\/gopiedmont\/#website\",\"url\":\"https:\/\/giannidavico.it\/gopiedmont\/\",\"name\":\"Go Piedmont\",\"description\":\"pens\u00e9 dzora l\u00ecber, event e p\u00ebrson-e grop\u00e0 al Piemont e a la lenga piemont\u00e8isa\",\"potentialAction\":[{\"@type\":\"SearchAction\",\"target\":{\"@type\":\"EntryPoint\",\"urlTemplate\":\"https:\/\/giannidavico.it\/gopiedmont\/?s={search_term_string}\"},\"query-input\":\"required name=search_term_string\"}],\"inLanguage\":\"it-IT\"},{\"@type\":\"Person\",\"@id\":\"https:\/\/giannidavico.it\/gopiedmont\/#\/schema\/person\/ea1fd17d8f2dba325f3712219efa8f77\",\"name\":\"giannidavico\",\"image\":{\"@type\":\"ImageObject\",\"inLanguage\":\"it-IT\",\"@id\":\"https:\/\/giannidavico.it\/gopiedmont\/#\/schema\/person\/image\/\",\"url\":\"https:\/\/secure.gravatar.com\/avatar\/337748753d882602f3038b55fb369ba1?s=96&d=mm&r=g\",\"contentUrl\":\"https:\/\/secure.gravatar.com\/avatar\/337748753d882602f3038b55fb369ba1?s=96&d=mm&r=g\",\"caption\":\"giannidavico\"},\"url\":\"https:\/\/giannidavico.it\/gopiedmont\/author\/giannidavico\/\"}]}<\/script>\n<!-- \/ Yoast SEO plugin. -->","yoast_head_json":{"title":"Giovannino Guareschi, An orari p\u00ebrfet - Go Piedmont","robots":{"index":"index","follow":"follow","max-snippet":"max-snippet:-1","max-image-preview":"max-image-preview:large","max-video-preview":"max-video-preview:-1"},"canonical":"https:\/\/giannidavico.it\/gopiedmont\/2014\/04\/02\/giovannino-guareschi-an-orari-perfet\/","og_locale":"it_IT","og_type":"article","og_title":"Giovannino Guareschi, An orari p\u00ebrfet - Go Piedmont","og_description":"Ancora n&#8217;\u00e0utra tradussion \u00ebd Renato Agagliate, ch&#8217;as cimenta torna con Giovannino Guareschi. A l&#8217;\u00e9 la tradussion d\u00ebl racont In perfetto orario, ch&#8217;as treuva an cost l\u00ecber. A dis Ren\u00e9: An cost t\u00f2ch \u00ebd Guareschi a compariss \u00ebdc\u00f2 la famija &#8216;d &#8220;Giovannino&#8221;. La fomna, che per\u00f2 a n\u00f2mina mai con s\u00f2 n\u00f2m (a sar\u00e0 sempre &#8220;cola madamin ch&#8217;a l&#8217;ha rendume pare&#8221;), e Albertino, \u00ebl primg\u00e9nit. P\u00ec avanti a-i \u00ebvnir\u00e0 &#8216;dc\u00f2 la cita, che chiel a ciama &#8220;La Pasionaria&#8221;, la qual an cost racont a-i \u00e9 &#8216;ncora nen. Na sitassion: \u201cMilan!\u201d, a dis cheicadun an batendme na man sla spala. E p\u00ebr da bon i son ancora set\u00e0 sla valis ant \u00ebl coridor, ma \u2019l treno a l\u2019\u00e9 an camin d\u2019intr\u00e9 sch\u00ebrzinand con tuti ij s\u00f2 fren sota l\u2019arcada dla stassion \u00ebd Milan. \u201c11,05: an orari p\u00ebrfet!\u201d, a comenta al\u00e9gher col \u00f2m ch\u2019a l\u2019ha d\u00ebsvijame. \u201cNa marav\u00eca\u201d, i-j r\u00ebspondo mi, angiutissend.","og_url":"https:\/\/giannidavico.it\/gopiedmont\/2014\/04\/02\/giovannino-guareschi-an-orari-perfet\/","og_site_name":"Go Piedmont","article_published_time":"2014-04-02T05:00:05+00:00","article_modified_time":"2015-09-24T08:56:33+00:00","og_image":[{"url":"https:\/\/giannidavico.it\/gopiedmont\/files\/2014\/04\/Osservazioni-di-uno-qualunque-189x300.jpg"}],"author":"giannidavico","twitter_card":"summary_large_image","twitter_misc":{"Scritto da":"giannidavico","Tempo di lettura stimato":"1 minuto"},"schema":{"@context":"https:\/\/schema.org","@graph":[{"@type":"WebPage","@id":"https:\/\/giannidavico.it\/gopiedmont\/2014\/04\/02\/giovannino-guareschi-an-orari-perfet\/","url":"https:\/\/giannidavico.it\/gopiedmont\/2014\/04\/02\/giovannino-guareschi-an-orari-perfet\/","name":"Giovannino Guareschi, An orari p\u00ebrfet - Go Piedmont","isPartOf":{"@id":"https:\/\/giannidavico.it\/gopiedmont\/#website"},"datePublished":"2014-04-02T05:00:05+00:00","dateModified":"2015-09-24T08:56:33+00:00","author":{"@id":"https:\/\/giannidavico.it\/gopiedmont\/#\/schema\/person\/ea1fd17d8f2dba325f3712219efa8f77"},"inLanguage":"it-IT","potentialAction":[{"@type":"ReadAction","target":["https:\/\/giannidavico.it\/gopiedmont\/2014\/04\/02\/giovannino-guareschi-an-orari-perfet\/"]}]},{"@type":"WebSite","@id":"https:\/\/giannidavico.it\/gopiedmont\/#website","url":"https:\/\/giannidavico.it\/gopiedmont\/","name":"Go Piedmont","description":"pens\u00e9 dzora l\u00ecber, event e p\u00ebrson-e grop\u00e0 al Piemont e a la lenga piemont\u00e8isa","potentialAction":[{"@type":"SearchAction","target":{"@type":"EntryPoint","urlTemplate":"https:\/\/giannidavico.it\/gopiedmont\/?s={search_term_string}"},"query-input":"required name=search_term_string"}],"inLanguage":"it-IT"},{"@type":"Person","@id":"https:\/\/giannidavico.it\/gopiedmont\/#\/schema\/person\/ea1fd17d8f2dba325f3712219efa8f77","name":"giannidavico","image":{"@type":"ImageObject","inLanguage":"it-IT","@id":"https:\/\/giannidavico.it\/gopiedmont\/#\/schema\/person\/image\/","url":"https:\/\/secure.gravatar.com\/avatar\/337748753d882602f3038b55fb369ba1?s=96&d=mm&r=g","contentUrl":"https:\/\/secure.gravatar.com\/avatar\/337748753d882602f3038b55fb369ba1?s=96&d=mm&r=g","caption":"giannidavico"},"url":"https:\/\/giannidavico.it\/gopiedmont\/author\/giannidavico\/"}]}},"_links":{"self":[{"href":"https:\/\/giannidavico.it\/gopiedmont\/wp-json\/wp\/v2\/posts\/2225"}],"collection":[{"href":"https:\/\/giannidavico.it\/gopiedmont\/wp-json\/wp\/v2\/posts"}],"about":[{"href":"https:\/\/giannidavico.it\/gopiedmont\/wp-json\/wp\/v2\/types\/post"}],"author":[{"embeddable":true,"href":"https:\/\/giannidavico.it\/gopiedmont\/wp-json\/wp\/v2\/users\/4"}],"replies":[{"embeddable":true,"href":"https:\/\/giannidavico.it\/gopiedmont\/wp-json\/wp\/v2\/comments?post=2225"}],"version-history":[{"count":5,"href":"https:\/\/giannidavico.it\/gopiedmont\/wp-json\/wp\/v2\/posts\/2225\/revisions"}],"predecessor-version":[{"id":3135,"href":"https:\/\/giannidavico.it\/gopiedmont\/wp-json\/wp\/v2\/posts\/2225\/revisions\/3135"}],"wp:attachment":[{"href":"https:\/\/giannidavico.it\/gopiedmont\/wp-json\/wp\/v2\/media?parent=2225"}],"wp:term":[{"taxonomy":"category","embeddable":true,"href":"https:\/\/giannidavico.it\/gopiedmont\/wp-json\/wp\/v2\/categories?post=2225"},{"taxonomy":"post_tag","embeddable":true,"href":"https:\/\/giannidavico.it\/gopiedmont\/wp-json\/wp\/v2\/tags?post=2225"}],"curies":[{"name":"wp","href":"https:\/\/api.w.org\/{rel}","templated":true}]}}