{"id":2241,"date":"2014-04-16T06:00:23","date_gmt":"2014-04-16T05:00:23","guid":{"rendered":"https:\/\/giannidavico.it\/staging\/gopiedmont\/?p=2241"},"modified":"2015-09-24T09:53:41","modified_gmt":"2015-09-24T08:53:41","slug":"ambranca-la-sapa","status":"publish","type":"post","link":"https:\/\/giannidavico.it\/gopiedmont\/2014\/04\/16\/ambranca-la-sapa\/","title":{"rendered":"Ambranca la sapa"},"content":{"rendered":"<p><a href=\"https:\/\/giannidavico.it\/gopiedmont\/files\/2014\/04\/Stick.jpg\"><img loading=\"lazy\" src=\"https:\/\/giannidavico.it\/gopiedmont\/files\/2014\/04\/Stick-300x199.jpg\" alt=\"Stick\" width=\"300\" height=\"199\" class=\"alignright size-medium wp-image-3132\" srcset=\"https:\/\/giannidavico.it\/gopiedmont\/files\/2014\/04\/Stick-300x199.jpg 300w, https:\/\/giannidavico.it\/gopiedmont\/files\/2014\/04\/Stick.jpg 481w\" sizes=\"(max-width: 300px) 100vw, 300px\" \/><\/a><br \/>\nPrima r\u00f2ba: mers\u00ec a Michel dij Bonav\u00e9 p\u00ebr av\u00e8jme f\u00e0it con\u00f2sse cost <a href=\"https:\/\/www.youtube.com\/watch?v=xVcKklkGnBg\" title=\"Ambranca la sapa\" target=\"_blank\">video<\/a>. I na parl p\u00ebrch\u00e8 ambeless\u00ec a-i \u00e9 dle r\u00f2be bele, ansema a dj&#8217;\u00e0utre meno bele.<\/p>\n<p>Bel a l&#8217;\u00e9 \u00ebl f\u00e0it che quaidun as pija la briga &#8216;d vir\u00e9 an lenga le par\u00f2le &#8216;d na bela canson. (Bele che la version p\u00ec bela p\u00ebr me cont a l&#8217;\u00e9 <a href=\"http:\/\/www.youtube.com\/watch?v=b3oxFc_CnVw\" title=\"Zucchero - Guantanamera (Guajira)\" target=\"_blank\">cola d\u00eb Zucchero<\/a>.)<\/p>\n<p>Meno bela a l&#8217;\u00e9 la sernia dj\u00eb strument, tr\u00f2p da orchestra campagnin-a e nen professional; ma as capiss che con tanti s\u00f2ld as fan sempe &#8216;d bele r\u00f2be, meno belf\u00e9 a l&#8217;\u00e9 f\u00e9 \u00ebd bele r\u00f2be con p\u00f2ch arzan. An general come piemont\u00e8is i duvoma s\u00ebrch\u00e9 \u00ebd vard\u00e9 anans p\u00ec che giresse a l&#8217;andar\u00e9: i lo dij con tut \u00ebl risp\u00e8t poss\u00ecbil p\u00ebr pare, mare, grand e \u00ebpceron (l\u00eb sp\u00ecrit \u00ebd n\u00f2no Gioanin am guida qualonque r\u00f2ba a-i c\u00e0pita), ma i l&#8217;oma la fortun-a e &#8216;l p\u00e8is e l&#8217;onor d&#8217;esse viv ancheuj, e a l&#8217;\u00e9 a <em>cost<\/em> mond ch&#8217;i duvoma vard\u00e9.<\/p>\n<p>Peuj, naturalment, a-i \u00e9 \u00ebl problema dla graf\u00eca (<em>J\u00eb Stick<\/em> e nen <em>Ij Stick<\/em>); ma lassoma and\u00e9.<\/p>\n<p>Con tut a l&#8217;\u00e9 un t\u00f2ch ch&#8217;am pias &#8211; e, i pens, ch&#8217;a pias. Un t\u00f2ch ch&#8217;as f\u00e0 sente con leger\u00ebssa e g\u00f2j, ch&#8217;a l&#8217;\u00e9 bel scot\u00e9 con toa cita cita &#8211; e miraco &#8216;dc\u00f2 con ij n\u00f2no. Se Sant&#8217;Agostin a dis\u00eca <em>tolle et lege<\/em>, noi i podr\u00eco d\u00ec:<\/p>\n<blockquote><p>Ambranca la ragn\u00e0 e scota.<\/p><\/blockquote>\n","protected":false},"excerpt":{"rendered":"<p><a href=\"https:\/\/giannidavico.it\/gopiedmont\/files\/2014\/04\/Stick.jpg\"><img loading=\"lazy\" src=\"https:\/\/giannidavico.it\/gopiedmont\/files\/2014\/04\/Stick-300x199.jpg\" alt=\"Stick\" width=\"300\" height=\"199\" class=\"alignright size-medium wp-image-3132\" srcset=\"https:\/\/giannidavico.it\/gopiedmont\/files\/2014\/04\/Stick-300x199.jpg 300w, https:\/\/giannidavico.it\/gopiedmont\/files\/2014\/04\/Stick.jpg 481w\" sizes=\"(max-width: 300px) 100vw, 300px\" \/><\/a><br \/> Prima r\u00f2ba: mers\u00ec a Michel dij Bonav\u00e9 p\u00ebr av\u00e8jme f\u00e0it con\u00f2sse cost <a href=\"https:\/\/www.youtube.com\/watch?v=xVcKklkGnBg\" title=\"Ambranca la sapa\" target=\"_blank\">video<\/a>. I na parl p\u00ebrch\u00e8 ambeless\u00ec a-i \u00e9 dle r\u00f2be bele, ansema a dj&#8217;\u00e0utre meno bele.<\/p>\n<p>Bel a l&#8217;\u00e9 \u00ebl f\u00e0it che quaidun as pija la briga &#8216;d vir\u00e9 an lenga le par\u00f2le &#8216;d na bela canson. (Bele che la version p\u00ec bela p\u00ebr me cont a l&#8217;\u00e9 <a href=\"http:\/\/www.youtube.com\/watch?v=b3oxFc_CnVw\" title=\"Zucchero - Guantanamera (Guajira)\" target=\"_blank\">cola d\u00eb Zucchero<\/a>.)<\/p>\n<p>Meno bela a l&#8217;\u00e9 la sernia dj\u00eb strument, tr\u00f2p da orchestra campagnin-a e nen professional; ma as capiss che con tanti s\u00f2ld as fan sempe &#8216;d bele r\u00f2be, meno belf\u00e9 a l&#8217;\u00e9 f\u00e9 \u00ebd bele r\u00f2be con p\u00f2ch arzan. An general come piemont\u00e8is i duvoma s\u00ebrch\u00e9 \u00ebd vard\u00e9 anans p\u00ec che giresse a l&#8217;andar\u00e9: i lo dij con tut \u00ebl risp\u00e8t poss\u00ecbil p\u00ebr pare, mare, grand e \u00ebpceron (l\u00eb sp\u00ecrit \u00ebd n\u00f2no Gioanin am guida qualonque r\u00f2ba a-i c\u00e0pita), ma i l&#8217;oma la fortun-a e &#8216;l p\u00e8is e l&#8217;onor d&#8217;esse viv ancheuj, e a l&#8217;\u00e9 a <em>cost<\/em> mond ch&#8217;i duvoma vard\u00e9.<\/p>\n<p>Peuj, naturalment, a-i \u00e9 \u00ebl [\u2026] <a class=\"moretag\" href=\"https:\/\/giannidavico.it\/gopiedmont\/2014\/04\/16\/ambranca-la-sapa\/\">continua a leggere \u00bb<\/a><\/p>\n","protected":false},"author":4,"featured_media":0,"comment_status":"open","ping_status":"open","sticky":false,"template":"","format":"standard","meta":[],"categories":[130],"tags":[45],"yoast_head":"<!-- This site is optimized with the Yoast SEO plugin v19.14 - https:\/\/yoast.com\/wordpress\/plugins\/seo\/ -->\n<title>Ambranca la sapa - Go Piedmont<\/title>\n<meta name=\"robots\" content=\"index, follow, max-snippet:-1, max-image-preview:large, max-video-preview:-1\" \/>\n<link rel=\"canonical\" href=\"https:\/\/giannidavico.it\/gopiedmont\/2014\/04\/16\/ambranca-la-sapa\/\" \/>\n<meta property=\"og:locale\" content=\"it_IT\" \/>\n<meta property=\"og:type\" content=\"article\" \/>\n<meta property=\"og:title\" content=\"Ambranca la sapa - Go Piedmont\" \/>\n<meta property=\"og:description\" content=\"Prima r\u00f2ba: mers\u00ec a Michel dij Bonav\u00e9 p\u00ebr av\u00e8jme f\u00e0it con\u00f2sse cost video. I na parl p\u00ebrch\u00e8 ambeless\u00ec a-i \u00e9 dle r\u00f2be bele, ansema a dj&#8217;\u00e0utre meno bele. Bel a l&#8217;\u00e9 \u00ebl f\u00e0it che quaidun as pija la briga &#8216;d vir\u00e9 an lenga le par\u00f2le &#8216;d na bela canson. (Bele che la version p\u00ec bela p\u00ebr me cont a l&#8217;\u00e9 cola d\u00eb Zucchero.) Meno bela a l&#8217;\u00e9 la sernia dj\u00eb strument, tr\u00f2p da orchestra campagnin-a e nen professional; ma as capiss che con tanti s\u00f2ld as fan sempe &#8216;d bele r\u00f2be, meno belf\u00e9 a l&#8217;\u00e9 f\u00e9 \u00ebd bele r\u00f2be con p\u00f2ch arzan. An general come piemont\u00e8is i duvoma s\u00ebrch\u00e9 \u00ebd vard\u00e9 anans p\u00ec che giresse a l&#8217;andar\u00e9: i lo dij con tut \u00ebl risp\u00e8t poss\u00ecbil p\u00ebr pare, mare, grand e \u00ebpceron (l\u00eb sp\u00ecrit \u00ebd n\u00f2no Gioanin am guida qualonque r\u00f2ba a-i c\u00e0pita), ma i l&#8217;oma la fortun-a e &#8216;l p\u00e8is e l&#8217;onor d&#8217;esse viv ancheuj, e a l&#8217;\u00e9 a cost mond ch&#8217;i duvoma vard\u00e9. Peuj, naturalment, a-i \u00e9 \u00ebl [\u2026] continua a leggere \u00bb\" \/>\n<meta property=\"og:url\" content=\"https:\/\/giannidavico.it\/gopiedmont\/2014\/04\/16\/ambranca-la-sapa\/\" \/>\n<meta property=\"og:site_name\" content=\"Go Piedmont\" \/>\n<meta property=\"article:published_time\" content=\"2014-04-16T05:00:23+00:00\" \/>\n<meta property=\"article:modified_time\" content=\"2015-09-24T08:53:41+00:00\" \/>\n<meta property=\"og:image\" content=\"https:\/\/giannidavico.it\/gopiedmont\/files\/2014\/04\/Stick-300x199.jpg\" \/>\n<meta name=\"author\" content=\"giannidavico\" \/>\n<meta name=\"twitter:card\" content=\"summary_large_image\" \/>\n<meta name=\"twitter:label1\" content=\"Scritto da\" \/>\n\t<meta name=\"twitter:data1\" content=\"giannidavico\" \/>\n\t<meta name=\"twitter:label2\" content=\"Tempo di lettura stimato\" \/>\n\t<meta name=\"twitter:data2\" content=\"1 minuto\" \/>\n<script type=\"application\/ld+json\" class=\"yoast-schema-graph\">{\"@context\":\"https:\/\/schema.org\",\"@graph\":[{\"@type\":\"WebPage\",\"@id\":\"https:\/\/giannidavico.it\/gopiedmont\/2014\/04\/16\/ambranca-la-sapa\/\",\"url\":\"https:\/\/giannidavico.it\/gopiedmont\/2014\/04\/16\/ambranca-la-sapa\/\",\"name\":\"Ambranca la sapa - Go Piedmont\",\"isPartOf\":{\"@id\":\"https:\/\/giannidavico.it\/gopiedmont\/#website\"},\"datePublished\":\"2014-04-16T05:00:23+00:00\",\"dateModified\":\"2015-09-24T08:53:41+00:00\",\"author\":{\"@id\":\"https:\/\/giannidavico.it\/gopiedmont\/#\/schema\/person\/ea1fd17d8f2dba325f3712219efa8f77\"},\"inLanguage\":\"it-IT\",\"potentialAction\":[{\"@type\":\"ReadAction\",\"target\":[\"https:\/\/giannidavico.it\/gopiedmont\/2014\/04\/16\/ambranca-la-sapa\/\"]}]},{\"@type\":\"WebSite\",\"@id\":\"https:\/\/giannidavico.it\/gopiedmont\/#website\",\"url\":\"https:\/\/giannidavico.it\/gopiedmont\/\",\"name\":\"Go Piedmont\",\"description\":\"pens\u00e9 dzora l\u00ecber, event e p\u00ebrson-e grop\u00e0 al Piemont e a la lenga piemont\u00e8isa\",\"potentialAction\":[{\"@type\":\"SearchAction\",\"target\":{\"@type\":\"EntryPoint\",\"urlTemplate\":\"https:\/\/giannidavico.it\/gopiedmont\/?s={search_term_string}\"},\"query-input\":\"required name=search_term_string\"}],\"inLanguage\":\"it-IT\"},{\"@type\":\"Person\",\"@id\":\"https:\/\/giannidavico.it\/gopiedmont\/#\/schema\/person\/ea1fd17d8f2dba325f3712219efa8f77\",\"name\":\"giannidavico\",\"image\":{\"@type\":\"ImageObject\",\"inLanguage\":\"it-IT\",\"@id\":\"https:\/\/giannidavico.it\/gopiedmont\/#\/schema\/person\/image\/\",\"url\":\"https:\/\/secure.gravatar.com\/avatar\/337748753d882602f3038b55fb369ba1?s=96&d=mm&r=g\",\"contentUrl\":\"https:\/\/secure.gravatar.com\/avatar\/337748753d882602f3038b55fb369ba1?s=96&d=mm&r=g\",\"caption\":\"giannidavico\"},\"url\":\"https:\/\/giannidavico.it\/gopiedmont\/author\/giannidavico\/\"}]}<\/script>\n<!-- \/ Yoast SEO plugin. -->","yoast_head_json":{"title":"Ambranca la sapa - Go Piedmont","robots":{"index":"index","follow":"follow","max-snippet":"max-snippet:-1","max-image-preview":"max-image-preview:large","max-video-preview":"max-video-preview:-1"},"canonical":"https:\/\/giannidavico.it\/gopiedmont\/2014\/04\/16\/ambranca-la-sapa\/","og_locale":"it_IT","og_type":"article","og_title":"Ambranca la sapa - Go Piedmont","og_description":"Prima r\u00f2ba: mers\u00ec a Michel dij Bonav\u00e9 p\u00ebr av\u00e8jme f\u00e0it con\u00f2sse cost video. I na parl p\u00ebrch\u00e8 ambeless\u00ec a-i \u00e9 dle r\u00f2be bele, ansema a dj&#8217;\u00e0utre meno bele. Bel a l&#8217;\u00e9 \u00ebl f\u00e0it che quaidun as pija la briga &#8216;d vir\u00e9 an lenga le par\u00f2le &#8216;d na bela canson. (Bele che la version p\u00ec bela p\u00ebr me cont a l&#8217;\u00e9 cola d\u00eb Zucchero.) Meno bela a l&#8217;\u00e9 la sernia dj\u00eb strument, tr\u00f2p da orchestra campagnin-a e nen professional; ma as capiss che con tanti s\u00f2ld as fan sempe &#8216;d bele r\u00f2be, meno belf\u00e9 a l&#8217;\u00e9 f\u00e9 \u00ebd bele r\u00f2be con p\u00f2ch arzan. An general come piemont\u00e8is i duvoma s\u00ebrch\u00e9 \u00ebd vard\u00e9 anans p\u00ec che giresse a l&#8217;andar\u00e9: i lo dij con tut \u00ebl risp\u00e8t poss\u00ecbil p\u00ebr pare, mare, grand e \u00ebpceron (l\u00eb sp\u00ecrit \u00ebd n\u00f2no Gioanin am guida qualonque r\u00f2ba a-i c\u00e0pita), ma i l&#8217;oma la fortun-a e &#8216;l p\u00e8is e l&#8217;onor d&#8217;esse viv ancheuj, e a l&#8217;\u00e9 a cost mond ch&#8217;i duvoma vard\u00e9. Peuj, naturalment, a-i \u00e9 \u00ebl [\u2026] continua a leggere \u00bb","og_url":"https:\/\/giannidavico.it\/gopiedmont\/2014\/04\/16\/ambranca-la-sapa\/","og_site_name":"Go Piedmont","article_published_time":"2014-04-16T05:00:23+00:00","article_modified_time":"2015-09-24T08:53:41+00:00","og_image":[{"url":"https:\/\/giannidavico.it\/gopiedmont\/files\/2014\/04\/Stick-300x199.jpg"}],"author":"giannidavico","twitter_card":"summary_large_image","twitter_misc":{"Scritto da":"giannidavico","Tempo di lettura stimato":"1 minuto"},"schema":{"@context":"https:\/\/schema.org","@graph":[{"@type":"WebPage","@id":"https:\/\/giannidavico.it\/gopiedmont\/2014\/04\/16\/ambranca-la-sapa\/","url":"https:\/\/giannidavico.it\/gopiedmont\/2014\/04\/16\/ambranca-la-sapa\/","name":"Ambranca la sapa - Go Piedmont","isPartOf":{"@id":"https:\/\/giannidavico.it\/gopiedmont\/#website"},"datePublished":"2014-04-16T05:00:23+00:00","dateModified":"2015-09-24T08:53:41+00:00","author":{"@id":"https:\/\/giannidavico.it\/gopiedmont\/#\/schema\/person\/ea1fd17d8f2dba325f3712219efa8f77"},"inLanguage":"it-IT","potentialAction":[{"@type":"ReadAction","target":["https:\/\/giannidavico.it\/gopiedmont\/2014\/04\/16\/ambranca-la-sapa\/"]}]},{"@type":"WebSite","@id":"https:\/\/giannidavico.it\/gopiedmont\/#website","url":"https:\/\/giannidavico.it\/gopiedmont\/","name":"Go Piedmont","description":"pens\u00e9 dzora l\u00ecber, event e p\u00ebrson-e grop\u00e0 al Piemont e a la lenga piemont\u00e8isa","potentialAction":[{"@type":"SearchAction","target":{"@type":"EntryPoint","urlTemplate":"https:\/\/giannidavico.it\/gopiedmont\/?s={search_term_string}"},"query-input":"required name=search_term_string"}],"inLanguage":"it-IT"},{"@type":"Person","@id":"https:\/\/giannidavico.it\/gopiedmont\/#\/schema\/person\/ea1fd17d8f2dba325f3712219efa8f77","name":"giannidavico","image":{"@type":"ImageObject","inLanguage":"it-IT","@id":"https:\/\/giannidavico.it\/gopiedmont\/#\/schema\/person\/image\/","url":"https:\/\/secure.gravatar.com\/avatar\/337748753d882602f3038b55fb369ba1?s=96&d=mm&r=g","contentUrl":"https:\/\/secure.gravatar.com\/avatar\/337748753d882602f3038b55fb369ba1?s=96&d=mm&r=g","caption":"giannidavico"},"url":"https:\/\/giannidavico.it\/gopiedmont\/author\/giannidavico\/"}]}},"_links":{"self":[{"href":"https:\/\/giannidavico.it\/gopiedmont\/wp-json\/wp\/v2\/posts\/2241"}],"collection":[{"href":"https:\/\/giannidavico.it\/gopiedmont\/wp-json\/wp\/v2\/posts"}],"about":[{"href":"https:\/\/giannidavico.it\/gopiedmont\/wp-json\/wp\/v2\/types\/post"}],"author":[{"embeddable":true,"href":"https:\/\/giannidavico.it\/gopiedmont\/wp-json\/wp\/v2\/users\/4"}],"replies":[{"embeddable":true,"href":"https:\/\/giannidavico.it\/gopiedmont\/wp-json\/wp\/v2\/comments?post=2241"}],"version-history":[{"count":21,"href":"https:\/\/giannidavico.it\/gopiedmont\/wp-json\/wp\/v2\/posts\/2241\/revisions"}],"predecessor-version":[{"id":3133,"href":"https:\/\/giannidavico.it\/gopiedmont\/wp-json\/wp\/v2\/posts\/2241\/revisions\/3133"}],"wp:attachment":[{"href":"https:\/\/giannidavico.it\/gopiedmont\/wp-json\/wp\/v2\/media?parent=2241"}],"wp:term":[{"taxonomy":"category","embeddable":true,"href":"https:\/\/giannidavico.it\/gopiedmont\/wp-json\/wp\/v2\/categories?post=2241"},{"taxonomy":"post_tag","embeddable":true,"href":"https:\/\/giannidavico.it\/gopiedmont\/wp-json\/wp\/v2\/tags?post=2241"}],"curies":[{"name":"wp","href":"https:\/\/api.w.org\/{rel}","templated":true}]}}