{"id":2289,"date":"2014-05-14T07:27:51","date_gmt":"2014-05-14T06:27:51","guid":{"rendered":"https:\/\/giannidavico.it\/staging\/gopiedmont\/?p=2289"},"modified":"2015-09-22T13:24:51","modified_gmt":"2015-09-22T12:24:51","slug":"giuseppe-giacosa-jacques-balma","status":"publish","type":"post","link":"https:\/\/giannidavico.it\/gopiedmont\/2014\/05\/14\/giuseppe-giacosa-jacques-balma\/","title":{"rendered":"Giuseppe Giacosa, Jacques Balma"},"content":{"rendered":"<p><a href=\"https:\/\/giannidavico.it\/gopiedmont\/files\/2014\/05\/SDC17966.jpg\"><img loading=\"lazy\" src=\"https:\/\/giannidavico.it\/gopiedmont\/files\/2014\/05\/SDC17966-300x225.jpg\" alt=\"Val Grana, monte Bram\" width=\"300\" height=\"225\" class=\"alignright size-medium wp-image-2291\" srcset=\"https:\/\/giannidavico.it\/gopiedmont\/files\/2014\/05\/SDC17966-300x225.jpg 300w, https:\/\/giannidavico.it\/gopiedmont\/files\/2014\/05\/SDC17966.jpg 1024w\" sizes=\"(max-width: 300px) 100vw, 300px\" \/><\/a><br \/>\nRenato Agagliate a l&#8217;av\u00eca gi\u00e0 vir\u00e0 an n\u00f2sta lenga un racont \u00ebd Giacosa, <a href=\"https:\/\/giannidavico.it\/gopiedmont\/files\/2014\/03\/La-concorensa.pdf\" title=\"Giuseppe Giacosa, La concorensa\">La concorensa<\/a>. <a href=\"https:\/\/giannidavico.it\/gopiedmont\/files\/2014\/05\/Jacques-Balma.pdf\" title=\"Giuseppe Giacosa, Jacques Balma\">Ambeless\u00ec<\/a> a-i \u00e9 n&#8217;\u00e0ut t\u00f2ch, gav\u00e0 da <a href=\"http:\/\/www.amazon.it\/Novelle-paesi-valdostani-Giuseppe-Giacosa-ebook\/dp\/B0052GD70M\/ref=sr_1_1?ie=UTF8&#038;qid=1442924288&#038;sr=8-1&#038;tag=giandavi-21\" title=\"Giuseppe Giacosa, Novelle e paesi valdostani\" target=\"_blank\">cost l\u00ecber<\/a> (as peul \u00ebdc\u00f2 d\u00ebscariesse da <a href=\"http:\/\/www.liberliber.it\/libri\/g\/giacosa\/index.php\" title=\"Giuseppe Giacosa\" target=\"_blank\">Liber Liber<\/a>).<\/p>\n<p>Costa a l&#8217;\u00e9 na st\u00f2ria &#8216;d montagna, d&#8217;\u00f2m &#8220;a la piemont\u00e8isa&#8221;, che miraco a parlo p\u00f2ch ma a l&#8217;han p\u00ec car f\u00e9 v\u00ebdde con ij f\u00e0it chi ch&#8217;a son e com ch&#8217;a son f\u00e0it. Pian pian\u00f2t chi ch&#8217;a conta la st\u00f2ria a d\u00ebscheurb che la giustissia ant \u00ebl mond a peul anche nen vesse un-a sola.<\/p>\n<p>Na sitassion:<\/p>\n<blockquote><p>\u00cbl campagnin a peul pa convincc-se che \u2019l contraband a sia na colpa, s\u00f2 sens \u00ebd la moral a riva nen a la cognission dij drit artifissiaj \u00ebd l\u00eb Stat. A sa che rob\u00e9 e f\u00e9 violensa al pr\u00f2ssim a son assion disoneste, ma a peul nen anmagin\u00e9 come disonest \u00ebl compr\u00e9 dla r\u00f2ba l\u00e0 \u2019nt\u00e9 ch\u2019as treuva a bon m\u00ebrc\u00e0 e vendla \u2019nt\u00e9 ch\u2019a la pago p\u00ec car. L\u2019ant\u00ebrdission d\u2019un tr\u00e0fich cs\u00ec natural a j\u00eb smija na prepotensa ansoport\u00e0bil, contra la qual, nen mach a l\u2019\u00e9 consent\u00ec, ma dritura merit\u00f2ri arviresse. Da s\u00ec \u2019n bin violent ghignon p\u00ebr le v\u00e0rdie e \u2019l frem prop\u00f2sit e la fr\u00e8ida atit\u00f9din a f\u00e9 a fusili\u00e0, a l\u2019ocorensa.<\/p><\/blockquote>\n","protected":false},"excerpt":{"rendered":"<p><a href=\"https:\/\/giannidavico.it\/gopiedmont\/files\/2014\/05\/SDC17966.jpg\"><img loading=\"lazy\" src=\"https:\/\/giannidavico.it\/gopiedmont\/files\/2014\/05\/SDC17966-300x225.jpg\" alt=\"Val Grana, monte Bram\" width=\"300\" height=\"225\" class=\"alignright size-medium wp-image-2291\" srcset=\"https:\/\/giannidavico.it\/gopiedmont\/files\/2014\/05\/SDC17966-300x225.jpg 300w, https:\/\/giannidavico.it\/gopiedmont\/files\/2014\/05\/SDC17966.jpg 1024w\" sizes=\"(max-width: 300px) 100vw, 300px\" \/><\/a><br \/> Renato Agagliate a l&#8217;av\u00eca gi\u00e0 vir\u00e0 an n\u00f2sta lenga un racont \u00ebd Giacosa, <a href=\"https:\/\/giannidavico.it\/gopiedmont\/files\/2014\/03\/La-concorensa.pdf\" title=\"Giuseppe Giacosa, La concorensa\">La concorensa<\/a>. <a href=\"https:\/\/giannidavico.it\/gopiedmont\/files\/2014\/05\/Jacques-Balma.pdf\" title=\"Giuseppe Giacosa, Jacques Balma\">Ambeless\u00ec<\/a> a-i \u00e9 n&#8217;\u00e0ut t\u00f2ch, gav\u00e0 da <a href=\"http:\/\/www.amazon.it\/Novelle-paesi-valdostani-Giuseppe-Giacosa-ebook\/dp\/B0052GD70M\/ref=sr_1_1?ie=UTF8&#038;qid=1442924288&#038;sr=8-1&#038;tag=giandavi-21\" title=\"Giuseppe Giacosa, Novelle e paesi valdostani\" target=\"_blank\">cost l\u00ecber<\/a> (as peul \u00ebdc\u00f2 d\u00ebscariesse da <a href=\"http:\/\/www.liberliber.it\/libri\/g\/giacosa\/index.php\" title=\"Giuseppe Giacosa\" target=\"_blank\">Liber Liber<\/a>).<\/p>\n<p>Costa a l&#8217;\u00e9 na st\u00f2ria &#8216;d montagna, d&#8217;\u00f2m &#8220;a la piemont\u00e8isa&#8221;, che miraco a parlo p\u00f2ch ma a l&#8217;han p\u00ec car f\u00e9 v\u00ebdde con ij f\u00e0it chi ch&#8217;a son e com ch&#8217;a son f\u00e0it. Pian pian\u00f2t chi ch&#8217;a conta la st\u00f2ria a d\u00ebscheurb che la giustissia ant \u00ebl mond a peul anche nen vesse un-a sola.<\/p>\n<p>Na sitassion:<\/p>\n<p>\u00cbl campagnin a peul pa convincc-se che \u2019l contraband a sia na colpa, s\u00f2 sens \u00ebd la moral a riva nen a la cognission dij drit artifissiaj \u00ebd l\u00eb Stat. A sa che rob\u00e9 e f\u00e9 violensa al pr\u00f2ssim a son assion disoneste, ma a peul nen anmagin\u00e9 come disonest \u00ebl compr\u00e9 dla r\u00f2ba l\u00e0 \u2019nt\u00e9 ch\u2019as treuva a bon m\u00ebrc\u00e0 e vendla \u2019nt\u00e9 ch\u2019a la [\u2026] <a class=\"moretag\" href=\"https:\/\/giannidavico.it\/gopiedmont\/2014\/05\/14\/giuseppe-giacosa-jacques-balma\/\">continua a leggere \u00bb<\/a><\/p>\n","protected":false},"author":4,"featured_media":0,"comment_status":"open","ping_status":"open","sticky":false,"template":"","format":"standard","meta":[],"categories":[130],"tags":[7851],"yoast_head":"<!-- This site is optimized with the Yoast SEO plugin v19.14 - https:\/\/yoast.com\/wordpress\/plugins\/seo\/ -->\n<title>Giuseppe Giacosa, Jacques Balma - Go Piedmont<\/title>\n<meta name=\"robots\" content=\"index, follow, max-snippet:-1, max-image-preview:large, max-video-preview:-1\" \/>\n<link rel=\"canonical\" href=\"https:\/\/giannidavico.it\/gopiedmont\/2014\/05\/14\/giuseppe-giacosa-jacques-balma\/\" \/>\n<meta property=\"og:locale\" content=\"it_IT\" \/>\n<meta property=\"og:type\" content=\"article\" \/>\n<meta property=\"og:title\" content=\"Giuseppe Giacosa, Jacques Balma - Go Piedmont\" \/>\n<meta property=\"og:description\" content=\"Renato Agagliate a l&#8217;av\u00eca gi\u00e0 vir\u00e0 an n\u00f2sta lenga un racont \u00ebd Giacosa, La concorensa. Ambeless\u00ec a-i \u00e9 n&#8217;\u00e0ut t\u00f2ch, gav\u00e0 da cost l\u00ecber (as peul \u00ebdc\u00f2 d\u00ebscariesse da Liber Liber). Costa a l&#8217;\u00e9 na st\u00f2ria &#8216;d montagna, d&#8217;\u00f2m &#8220;a la piemont\u00e8isa&#8221;, che miraco a parlo p\u00f2ch ma a l&#8217;han p\u00ec car f\u00e9 v\u00ebdde con ij f\u00e0it chi ch&#8217;a son e com ch&#8217;a son f\u00e0it. Pian pian\u00f2t chi ch&#8217;a conta la st\u00f2ria a d\u00ebscheurb che la giustissia ant \u00ebl mond a peul anche nen vesse un-a sola. Na sitassion: \u00cbl campagnin a peul pa convincc-se che \u2019l contraband a sia na colpa, s\u00f2 sens \u00ebd la moral a riva nen a la cognission dij drit artifissiaj \u00ebd l\u00eb Stat. A sa che rob\u00e9 e f\u00e9 violensa al pr\u00f2ssim a son assion disoneste, ma a peul nen anmagin\u00e9 come disonest \u00ebl compr\u00e9 dla r\u00f2ba l\u00e0 \u2019nt\u00e9 ch\u2019as treuva a bon m\u00ebrc\u00e0 e vendla \u2019nt\u00e9 ch\u2019a la [\u2026] continua a leggere \u00bb\" \/>\n<meta property=\"og:url\" content=\"https:\/\/giannidavico.it\/gopiedmont\/2014\/05\/14\/giuseppe-giacosa-jacques-balma\/\" \/>\n<meta property=\"og:site_name\" content=\"Go Piedmont\" \/>\n<meta property=\"article:published_time\" content=\"2014-05-14T06:27:51+00:00\" \/>\n<meta property=\"article:modified_time\" content=\"2015-09-22T12:24:51+00:00\" \/>\n<meta property=\"og:image\" content=\"https:\/\/giannidavico.it\/gopiedmont\/files\/2014\/05\/SDC17966-300x225.jpg\" \/>\n<meta name=\"author\" content=\"giannidavico\" \/>\n<meta name=\"twitter:card\" content=\"summary_large_image\" \/>\n<meta name=\"twitter:label1\" content=\"Scritto da\" \/>\n\t<meta name=\"twitter:data1\" content=\"giannidavico\" \/>\n\t<meta name=\"twitter:label2\" content=\"Tempo di lettura stimato\" \/>\n\t<meta name=\"twitter:data2\" content=\"1 minuto\" \/>\n<script type=\"application\/ld+json\" class=\"yoast-schema-graph\">{\"@context\":\"https:\/\/schema.org\",\"@graph\":[{\"@type\":\"WebPage\",\"@id\":\"https:\/\/giannidavico.it\/gopiedmont\/2014\/05\/14\/giuseppe-giacosa-jacques-balma\/\",\"url\":\"https:\/\/giannidavico.it\/gopiedmont\/2014\/05\/14\/giuseppe-giacosa-jacques-balma\/\",\"name\":\"Giuseppe Giacosa, Jacques Balma - Go Piedmont\",\"isPartOf\":{\"@id\":\"https:\/\/giannidavico.it\/gopiedmont\/#website\"},\"datePublished\":\"2014-05-14T06:27:51+00:00\",\"dateModified\":\"2015-09-22T12:24:51+00:00\",\"author\":{\"@id\":\"https:\/\/giannidavico.it\/gopiedmont\/#\/schema\/person\/ea1fd17d8f2dba325f3712219efa8f77\"},\"inLanguage\":\"it-IT\",\"potentialAction\":[{\"@type\":\"ReadAction\",\"target\":[\"https:\/\/giannidavico.it\/gopiedmont\/2014\/05\/14\/giuseppe-giacosa-jacques-balma\/\"]}]},{\"@type\":\"WebSite\",\"@id\":\"https:\/\/giannidavico.it\/gopiedmont\/#website\",\"url\":\"https:\/\/giannidavico.it\/gopiedmont\/\",\"name\":\"Go Piedmont\",\"description\":\"pens\u00e9 dzora l\u00ecber, event e p\u00ebrson-e grop\u00e0 al Piemont e a la lenga piemont\u00e8isa\",\"potentialAction\":[{\"@type\":\"SearchAction\",\"target\":{\"@type\":\"EntryPoint\",\"urlTemplate\":\"https:\/\/giannidavico.it\/gopiedmont\/?s={search_term_string}\"},\"query-input\":\"required name=search_term_string\"}],\"inLanguage\":\"it-IT\"},{\"@type\":\"Person\",\"@id\":\"https:\/\/giannidavico.it\/gopiedmont\/#\/schema\/person\/ea1fd17d8f2dba325f3712219efa8f77\",\"name\":\"giannidavico\",\"image\":{\"@type\":\"ImageObject\",\"inLanguage\":\"it-IT\",\"@id\":\"https:\/\/giannidavico.it\/gopiedmont\/#\/schema\/person\/image\/\",\"url\":\"https:\/\/secure.gravatar.com\/avatar\/337748753d882602f3038b55fb369ba1?s=96&d=mm&r=g\",\"contentUrl\":\"https:\/\/secure.gravatar.com\/avatar\/337748753d882602f3038b55fb369ba1?s=96&d=mm&r=g\",\"caption\":\"giannidavico\"},\"url\":\"https:\/\/giannidavico.it\/gopiedmont\/author\/giannidavico\/\"}]}<\/script>\n<!-- \/ Yoast SEO plugin. -->","yoast_head_json":{"title":"Giuseppe Giacosa, Jacques Balma - Go Piedmont","robots":{"index":"index","follow":"follow","max-snippet":"max-snippet:-1","max-image-preview":"max-image-preview:large","max-video-preview":"max-video-preview:-1"},"canonical":"https:\/\/giannidavico.it\/gopiedmont\/2014\/05\/14\/giuseppe-giacosa-jacques-balma\/","og_locale":"it_IT","og_type":"article","og_title":"Giuseppe Giacosa, Jacques Balma - Go Piedmont","og_description":"Renato Agagliate a l&#8217;av\u00eca gi\u00e0 vir\u00e0 an n\u00f2sta lenga un racont \u00ebd Giacosa, La concorensa. Ambeless\u00ec a-i \u00e9 n&#8217;\u00e0ut t\u00f2ch, gav\u00e0 da cost l\u00ecber (as peul \u00ebdc\u00f2 d\u00ebscariesse da Liber Liber). Costa a l&#8217;\u00e9 na st\u00f2ria &#8216;d montagna, d&#8217;\u00f2m &#8220;a la piemont\u00e8isa&#8221;, che miraco a parlo p\u00f2ch ma a l&#8217;han p\u00ec car f\u00e9 v\u00ebdde con ij f\u00e0it chi ch&#8217;a son e com ch&#8217;a son f\u00e0it. Pian pian\u00f2t chi ch&#8217;a conta la st\u00f2ria a d\u00ebscheurb che la giustissia ant \u00ebl mond a peul anche nen vesse un-a sola. Na sitassion: \u00cbl campagnin a peul pa convincc-se che \u2019l contraband a sia na colpa, s\u00f2 sens \u00ebd la moral a riva nen a la cognission dij drit artifissiaj \u00ebd l\u00eb Stat. A sa che rob\u00e9 e f\u00e9 violensa al pr\u00f2ssim a son assion disoneste, ma a peul nen anmagin\u00e9 come disonest \u00ebl compr\u00e9 dla r\u00f2ba l\u00e0 \u2019nt\u00e9 ch\u2019as treuva a bon m\u00ebrc\u00e0 e vendla \u2019nt\u00e9 ch\u2019a la [\u2026] continua a leggere \u00bb","og_url":"https:\/\/giannidavico.it\/gopiedmont\/2014\/05\/14\/giuseppe-giacosa-jacques-balma\/","og_site_name":"Go Piedmont","article_published_time":"2014-05-14T06:27:51+00:00","article_modified_time":"2015-09-22T12:24:51+00:00","og_image":[{"url":"https:\/\/giannidavico.it\/gopiedmont\/files\/2014\/05\/SDC17966-300x225.jpg"}],"author":"giannidavico","twitter_card":"summary_large_image","twitter_misc":{"Scritto da":"giannidavico","Tempo di lettura stimato":"1 minuto"},"schema":{"@context":"https:\/\/schema.org","@graph":[{"@type":"WebPage","@id":"https:\/\/giannidavico.it\/gopiedmont\/2014\/05\/14\/giuseppe-giacosa-jacques-balma\/","url":"https:\/\/giannidavico.it\/gopiedmont\/2014\/05\/14\/giuseppe-giacosa-jacques-balma\/","name":"Giuseppe Giacosa, Jacques Balma - Go Piedmont","isPartOf":{"@id":"https:\/\/giannidavico.it\/gopiedmont\/#website"},"datePublished":"2014-05-14T06:27:51+00:00","dateModified":"2015-09-22T12:24:51+00:00","author":{"@id":"https:\/\/giannidavico.it\/gopiedmont\/#\/schema\/person\/ea1fd17d8f2dba325f3712219efa8f77"},"inLanguage":"it-IT","potentialAction":[{"@type":"ReadAction","target":["https:\/\/giannidavico.it\/gopiedmont\/2014\/05\/14\/giuseppe-giacosa-jacques-balma\/"]}]},{"@type":"WebSite","@id":"https:\/\/giannidavico.it\/gopiedmont\/#website","url":"https:\/\/giannidavico.it\/gopiedmont\/","name":"Go Piedmont","description":"pens\u00e9 dzora l\u00ecber, event e p\u00ebrson-e grop\u00e0 al Piemont e a la lenga piemont\u00e8isa","potentialAction":[{"@type":"SearchAction","target":{"@type":"EntryPoint","urlTemplate":"https:\/\/giannidavico.it\/gopiedmont\/?s={search_term_string}"},"query-input":"required name=search_term_string"}],"inLanguage":"it-IT"},{"@type":"Person","@id":"https:\/\/giannidavico.it\/gopiedmont\/#\/schema\/person\/ea1fd17d8f2dba325f3712219efa8f77","name":"giannidavico","image":{"@type":"ImageObject","inLanguage":"it-IT","@id":"https:\/\/giannidavico.it\/gopiedmont\/#\/schema\/person\/image\/","url":"https:\/\/secure.gravatar.com\/avatar\/337748753d882602f3038b55fb369ba1?s=96&d=mm&r=g","contentUrl":"https:\/\/secure.gravatar.com\/avatar\/337748753d882602f3038b55fb369ba1?s=96&d=mm&r=g","caption":"giannidavico"},"url":"https:\/\/giannidavico.it\/gopiedmont\/author\/giannidavico\/"}]}},"_links":{"self":[{"href":"https:\/\/giannidavico.it\/gopiedmont\/wp-json\/wp\/v2\/posts\/2289"}],"collection":[{"href":"https:\/\/giannidavico.it\/gopiedmont\/wp-json\/wp\/v2\/posts"}],"about":[{"href":"https:\/\/giannidavico.it\/gopiedmont\/wp-json\/wp\/v2\/types\/post"}],"author":[{"embeddable":true,"href":"https:\/\/giannidavico.it\/gopiedmont\/wp-json\/wp\/v2\/users\/4"}],"replies":[{"embeddable":true,"href":"https:\/\/giannidavico.it\/gopiedmont\/wp-json\/wp\/v2\/comments?post=2289"}],"version-history":[{"count":4,"href":"https:\/\/giannidavico.it\/gopiedmont\/wp-json\/wp\/v2\/posts\/2289\/revisions"}],"predecessor-version":[{"id":2957,"href":"https:\/\/giannidavico.it\/gopiedmont\/wp-json\/wp\/v2\/posts\/2289\/revisions\/2957"}],"wp:attachment":[{"href":"https:\/\/giannidavico.it\/gopiedmont\/wp-json\/wp\/v2\/media?parent=2289"}],"wp:term":[{"taxonomy":"category","embeddable":true,"href":"https:\/\/giannidavico.it\/gopiedmont\/wp-json\/wp\/v2\/categories?post=2289"},{"taxonomy":"post_tag","embeddable":true,"href":"https:\/\/giannidavico.it\/gopiedmont\/wp-json\/wp\/v2\/tags?post=2289"}],"curies":[{"name":"wp","href":"https:\/\/api.w.org\/{rel}","templated":true}]}}