{"id":2297,"date":"2014-05-21T07:46:45","date_gmt":"2014-05-21T06:46:45","guid":{"rendered":"https:\/\/giannidavico.it\/staging\/gopiedmont\/?p=2297"},"modified":"2015-05-14T09:59:23","modified_gmt":"2015-05-14T08:59:23","slug":"je-stranot-ed-cher-a-turin","status":"publish","type":"post","link":"https:\/\/giannidavico.it\/gopiedmont\/2014\/05\/21\/je-stranot-ed-cher-a-turin\/","title":{"rendered":"J\u00eb stran\u00f2t \u00ebd Cher &#8211; a Turin"},"content":{"rendered":"<p><a href=\"https:\/\/giannidavico.it\/gopiedmont\/files\/2014\/05\/CM.jpg\"><img loading=\"lazy\" src=\"https:\/\/giannidavico.it\/gopiedmont\/files\/2014\/05\/CM-212x300.jpg\" alt=\"CM\" width=\"212\" height=\"300\" class=\"alignright size-medium wp-image-2729\" srcset=\"https:\/\/giannidavico.it\/gopiedmont\/files\/2014\/05\/CM-212x300.jpg 212w, https:\/\/giannidavico.it\/gopiedmont\/files\/2014\/05\/CM-725x1024.jpg 725w, https:\/\/giannidavico.it\/gopiedmont\/files\/2014\/05\/CM.jpg 836w\" sizes=\"(max-width: 212px) 100vw, 212px\" \/><\/a><br \/>\nDoman, gi\u00f2bia 22 \u00ebd magg a ses ore, <a href=\"https:\/\/giannidavico.it\/gopiedmont\/2014\/02\/19\/je-stranot-ed-cher\/\" title=\"J\u00eb stran\u00f2t \u00ebd Cher\">\u00ebl liber dj\u00eb stran\u00f2t \u00ebd Cher<\/a> a pija la stra &#8216;d Turin: a sar\u00e0 present\u00e0 a la <a href=\"http:\/\/www.studipiemontesi.it\/\" title=\"Ca d\u00eb Studi Piemont\u00e8is\" target=\"_blank\">Ca d\u00eb Studi Piemont\u00e8is<\/a> (Via Ottavio Revel 15, Turin).<\/p>\n<p>I saroma p\u00f2chi, naturalment, ma tuti a son invit\u00e0. A na d\u00ebscoreran Gianfranco Gribaudo e Giovanni Ronco &#8211; doi lenghista avos\u00e0, a f\u00e0 nen damanca &#8216;d giont\u00e9 \u00ebd par\u00f2le &#8211; con Valerio Maggio e Cesare Matta, visad\u00ec ij curator dl&#8217;euvra.<\/p>\n<p>A l&#8217;\u00e9 na r\u00f2ba cita, ch&#8217;a serv a gnente. Ma a l&#8217;\u00e9 la n\u00f2stra st\u00f2ria, i soma noi. Pavese, come sempe, a ven a taj:<\/p>\n<blockquote><p>Avere una tradizione \u00e8 meno che nulla, \u00e8 soltanto cercandola che si pu\u00f2 viverla.<\/p><\/blockquote>\n<p>Ancontromse, noi <em>rari nantes in gurgite vasto<\/em>. A l&#8217;\u00e9 bel.<\/p>\n","protected":false},"excerpt":{"rendered":"<p><a href=\"https:\/\/giannidavico.it\/gopiedmont\/files\/2014\/05\/CM.jpg\"><img loading=\"lazy\" src=\"https:\/\/giannidavico.it\/gopiedmont\/files\/2014\/05\/CM-212x300.jpg\" alt=\"CM\" width=\"212\" height=\"300\" class=\"alignright size-medium wp-image-2729\" srcset=\"https:\/\/giannidavico.it\/gopiedmont\/files\/2014\/05\/CM-212x300.jpg 212w, https:\/\/giannidavico.it\/gopiedmont\/files\/2014\/05\/CM-725x1024.jpg 725w, https:\/\/giannidavico.it\/gopiedmont\/files\/2014\/05\/CM.jpg 836w\" sizes=\"(max-width: 212px) 100vw, 212px\" \/><\/a><br \/> Doman, gi\u00f2bia 22 \u00ebd magg a ses ore, <a href=\"https:\/\/giannidavico.it\/gopiedmont\/2014\/02\/19\/je-stranot-ed-cher\/\" title=\"J\u00eb stran\u00f2t \u00ebd Cher\">\u00ebl liber dj\u00eb stran\u00f2t \u00ebd Cher<\/a> a pija la stra &#8216;d Turin: a sar\u00e0 present\u00e0 a la <a href=\"http:\/\/www.studipiemontesi.it\/\" title=\"Ca d\u00eb Studi Piemont\u00e8is\" target=\"_blank\">Ca d\u00eb Studi Piemont\u00e8is<\/a> (Via Ottavio Revel 15, Turin).<\/p>\n<p>I saroma p\u00f2chi, naturalment, ma tuti a son invit\u00e0. A na d\u00ebscoreran Gianfranco Gribaudo e Giovanni Ronco &#8211; doi lenghista avos\u00e0, a f\u00e0 nen damanca &#8216;d giont\u00e9 \u00ebd par\u00f2le &#8211; con Valerio Maggio e Cesare Matta, visad\u00ec ij curator dl&#8217;euvra.<\/p>\n<p>A l&#8217;\u00e9 na r\u00f2ba cita, ch&#8217;a serv a gnente. Ma a l&#8217;\u00e9 la n\u00f2stra st\u00f2ria, i soma noi. Pavese, come sempe, a ven a taj:<\/p>\n<p>Avere una tradizione \u00e8 meno che nulla, \u00e8 soltanto cercandola che si pu\u00f2 viverla.<\/p>\n<p>Ancontromse, noi <em>rari nantes in gurgite vasto<\/em>. A l&#8217;\u00e9 bel.<\/p>\n","protected":false},"author":4,"featured_media":0,"comment_status":"open","ping_status":"open","sticky":false,"template":"","format":"standard","meta":[],"categories":[130],"tags":[131],"yoast_head":"<!-- This site is optimized with the Yoast SEO plugin v19.14 - https:\/\/yoast.com\/wordpress\/plugins\/seo\/ -->\n<title>J\u00eb stran\u00f2t \u00ebd Cher - a Turin - Go Piedmont<\/title>\n<meta name=\"robots\" content=\"index, follow, max-snippet:-1, max-image-preview:large, max-video-preview:-1\" \/>\n<link rel=\"canonical\" href=\"https:\/\/giannidavico.it\/gopiedmont\/2014\/05\/21\/je-stranot-ed-cher-a-turin\/\" \/>\n<meta property=\"og:locale\" content=\"it_IT\" \/>\n<meta property=\"og:type\" content=\"article\" \/>\n<meta property=\"og:title\" content=\"J\u00eb stran\u00f2t \u00ebd Cher - a Turin - Go Piedmont\" \/>\n<meta property=\"og:description\" content=\"Doman, gi\u00f2bia 22 \u00ebd magg a ses ore, \u00ebl liber dj\u00eb stran\u00f2t \u00ebd Cher a pija la stra &#8216;d Turin: a sar\u00e0 present\u00e0 a la Ca d\u00eb Studi Piemont\u00e8is (Via Ottavio Revel 15, Turin). I saroma p\u00f2chi, naturalment, ma tuti a son invit\u00e0. A na d\u00ebscoreran Gianfranco Gribaudo e Giovanni Ronco &#8211; doi lenghista avos\u00e0, a f\u00e0 nen damanca &#8216;d giont\u00e9 \u00ebd par\u00f2le &#8211; con Valerio Maggio e Cesare Matta, visad\u00ec ij curator dl&#8217;euvra. A l&#8217;\u00e9 na r\u00f2ba cita, ch&#8217;a serv a gnente. Ma a l&#8217;\u00e9 la n\u00f2stra st\u00f2ria, i soma noi. Pavese, come sempe, a ven a taj: Avere una tradizione \u00e8 meno che nulla, \u00e8 soltanto cercandola che si pu\u00f2 viverla. Ancontromse, noi rari nantes in gurgite vasto. A l&#8217;\u00e9 bel.\" \/>\n<meta property=\"og:url\" content=\"https:\/\/giannidavico.it\/gopiedmont\/2014\/05\/21\/je-stranot-ed-cher-a-turin\/\" \/>\n<meta property=\"og:site_name\" content=\"Go Piedmont\" \/>\n<meta property=\"article:published_time\" content=\"2014-05-21T06:46:45+00:00\" \/>\n<meta property=\"article:modified_time\" content=\"2015-05-14T08:59:23+00:00\" \/>\n<meta property=\"og:image\" content=\"https:\/\/giannidavico.it\/gopiedmont\/files\/2014\/05\/CM-212x300.jpg\" \/>\n<meta name=\"author\" content=\"giannidavico\" \/>\n<meta name=\"twitter:card\" content=\"summary_large_image\" \/>\n<meta name=\"twitter:label1\" content=\"Scritto da\" \/>\n\t<meta name=\"twitter:data1\" content=\"giannidavico\" \/>\n\t<meta name=\"twitter:label2\" content=\"Tempo di lettura stimato\" \/>\n\t<meta name=\"twitter:data2\" content=\"1 minuto\" \/>\n<script type=\"application\/ld+json\" class=\"yoast-schema-graph\">{\"@context\":\"https:\/\/schema.org\",\"@graph\":[{\"@type\":\"WebPage\",\"@id\":\"https:\/\/giannidavico.it\/gopiedmont\/2014\/05\/21\/je-stranot-ed-cher-a-turin\/\",\"url\":\"https:\/\/giannidavico.it\/gopiedmont\/2014\/05\/21\/je-stranot-ed-cher-a-turin\/\",\"name\":\"J\u00eb stran\u00f2t \u00ebd Cher - a Turin - Go Piedmont\",\"isPartOf\":{\"@id\":\"https:\/\/giannidavico.it\/gopiedmont\/#website\"},\"datePublished\":\"2014-05-21T06:46:45+00:00\",\"dateModified\":\"2015-05-14T08:59:23+00:00\",\"author\":{\"@id\":\"https:\/\/giannidavico.it\/gopiedmont\/#\/schema\/person\/ea1fd17d8f2dba325f3712219efa8f77\"},\"inLanguage\":\"it-IT\",\"potentialAction\":[{\"@type\":\"ReadAction\",\"target\":[\"https:\/\/giannidavico.it\/gopiedmont\/2014\/05\/21\/je-stranot-ed-cher-a-turin\/\"]}]},{\"@type\":\"WebSite\",\"@id\":\"https:\/\/giannidavico.it\/gopiedmont\/#website\",\"url\":\"https:\/\/giannidavico.it\/gopiedmont\/\",\"name\":\"Go Piedmont\",\"description\":\"pens\u00e9 dzora l\u00ecber, event e p\u00ebrson-e grop\u00e0 al Piemont e a la lenga piemont\u00e8isa\",\"potentialAction\":[{\"@type\":\"SearchAction\",\"target\":{\"@type\":\"EntryPoint\",\"urlTemplate\":\"https:\/\/giannidavico.it\/gopiedmont\/?s={search_term_string}\"},\"query-input\":\"required name=search_term_string\"}],\"inLanguage\":\"it-IT\"},{\"@type\":\"Person\",\"@id\":\"https:\/\/giannidavico.it\/gopiedmont\/#\/schema\/person\/ea1fd17d8f2dba325f3712219efa8f77\",\"name\":\"giannidavico\",\"image\":{\"@type\":\"ImageObject\",\"inLanguage\":\"it-IT\",\"@id\":\"https:\/\/giannidavico.it\/gopiedmont\/#\/schema\/person\/image\/\",\"url\":\"https:\/\/secure.gravatar.com\/avatar\/337748753d882602f3038b55fb369ba1?s=96&d=mm&r=g\",\"contentUrl\":\"https:\/\/secure.gravatar.com\/avatar\/337748753d882602f3038b55fb369ba1?s=96&d=mm&r=g\",\"caption\":\"giannidavico\"},\"url\":\"https:\/\/giannidavico.it\/gopiedmont\/author\/giannidavico\/\"}]}<\/script>\n<!-- \/ Yoast SEO plugin. -->","yoast_head_json":{"title":"J\u00eb stran\u00f2t \u00ebd Cher - a Turin - Go Piedmont","robots":{"index":"index","follow":"follow","max-snippet":"max-snippet:-1","max-image-preview":"max-image-preview:large","max-video-preview":"max-video-preview:-1"},"canonical":"https:\/\/giannidavico.it\/gopiedmont\/2014\/05\/21\/je-stranot-ed-cher-a-turin\/","og_locale":"it_IT","og_type":"article","og_title":"J\u00eb stran\u00f2t \u00ebd Cher - a Turin - Go Piedmont","og_description":"Doman, gi\u00f2bia 22 \u00ebd magg a ses ore, \u00ebl liber dj\u00eb stran\u00f2t \u00ebd Cher a pija la stra &#8216;d Turin: a sar\u00e0 present\u00e0 a la Ca d\u00eb Studi Piemont\u00e8is (Via Ottavio Revel 15, Turin). I saroma p\u00f2chi, naturalment, ma tuti a son invit\u00e0. A na d\u00ebscoreran Gianfranco Gribaudo e Giovanni Ronco &#8211; doi lenghista avos\u00e0, a f\u00e0 nen damanca &#8216;d giont\u00e9 \u00ebd par\u00f2le &#8211; con Valerio Maggio e Cesare Matta, visad\u00ec ij curator dl&#8217;euvra. A l&#8217;\u00e9 na r\u00f2ba cita, ch&#8217;a serv a gnente. Ma a l&#8217;\u00e9 la n\u00f2stra st\u00f2ria, i soma noi. Pavese, come sempe, a ven a taj: Avere una tradizione \u00e8 meno che nulla, \u00e8 soltanto cercandola che si pu\u00f2 viverla. Ancontromse, noi rari nantes in gurgite vasto. A l&#8217;\u00e9 bel.","og_url":"https:\/\/giannidavico.it\/gopiedmont\/2014\/05\/21\/je-stranot-ed-cher-a-turin\/","og_site_name":"Go Piedmont","article_published_time":"2014-05-21T06:46:45+00:00","article_modified_time":"2015-05-14T08:59:23+00:00","og_image":[{"url":"https:\/\/giannidavico.it\/gopiedmont\/files\/2014\/05\/CM-212x300.jpg"}],"author":"giannidavico","twitter_card":"summary_large_image","twitter_misc":{"Scritto da":"giannidavico","Tempo di lettura stimato":"1 minuto"},"schema":{"@context":"https:\/\/schema.org","@graph":[{"@type":"WebPage","@id":"https:\/\/giannidavico.it\/gopiedmont\/2014\/05\/21\/je-stranot-ed-cher-a-turin\/","url":"https:\/\/giannidavico.it\/gopiedmont\/2014\/05\/21\/je-stranot-ed-cher-a-turin\/","name":"J\u00eb stran\u00f2t \u00ebd Cher - a Turin - Go Piedmont","isPartOf":{"@id":"https:\/\/giannidavico.it\/gopiedmont\/#website"},"datePublished":"2014-05-21T06:46:45+00:00","dateModified":"2015-05-14T08:59:23+00:00","author":{"@id":"https:\/\/giannidavico.it\/gopiedmont\/#\/schema\/person\/ea1fd17d8f2dba325f3712219efa8f77"},"inLanguage":"it-IT","potentialAction":[{"@type":"ReadAction","target":["https:\/\/giannidavico.it\/gopiedmont\/2014\/05\/21\/je-stranot-ed-cher-a-turin\/"]}]},{"@type":"WebSite","@id":"https:\/\/giannidavico.it\/gopiedmont\/#website","url":"https:\/\/giannidavico.it\/gopiedmont\/","name":"Go Piedmont","description":"pens\u00e9 dzora l\u00ecber, event e p\u00ebrson-e grop\u00e0 al Piemont e a la lenga piemont\u00e8isa","potentialAction":[{"@type":"SearchAction","target":{"@type":"EntryPoint","urlTemplate":"https:\/\/giannidavico.it\/gopiedmont\/?s={search_term_string}"},"query-input":"required name=search_term_string"}],"inLanguage":"it-IT"},{"@type":"Person","@id":"https:\/\/giannidavico.it\/gopiedmont\/#\/schema\/person\/ea1fd17d8f2dba325f3712219efa8f77","name":"giannidavico","image":{"@type":"ImageObject","inLanguage":"it-IT","@id":"https:\/\/giannidavico.it\/gopiedmont\/#\/schema\/person\/image\/","url":"https:\/\/secure.gravatar.com\/avatar\/337748753d882602f3038b55fb369ba1?s=96&d=mm&r=g","contentUrl":"https:\/\/secure.gravatar.com\/avatar\/337748753d882602f3038b55fb369ba1?s=96&d=mm&r=g","caption":"giannidavico"},"url":"https:\/\/giannidavico.it\/gopiedmont\/author\/giannidavico\/"}]}},"_links":{"self":[{"href":"https:\/\/giannidavico.it\/gopiedmont\/wp-json\/wp\/v2\/posts\/2297"}],"collection":[{"href":"https:\/\/giannidavico.it\/gopiedmont\/wp-json\/wp\/v2\/posts"}],"about":[{"href":"https:\/\/giannidavico.it\/gopiedmont\/wp-json\/wp\/v2\/types\/post"}],"author":[{"embeddable":true,"href":"https:\/\/giannidavico.it\/gopiedmont\/wp-json\/wp\/v2\/users\/4"}],"replies":[{"embeddable":true,"href":"https:\/\/giannidavico.it\/gopiedmont\/wp-json\/wp\/v2\/comments?post=2297"}],"version-history":[{"count":7,"href":"https:\/\/giannidavico.it\/gopiedmont\/wp-json\/wp\/v2\/posts\/2297\/revisions"}],"predecessor-version":[{"id":2732,"href":"https:\/\/giannidavico.it\/gopiedmont\/wp-json\/wp\/v2\/posts\/2297\/revisions\/2732"}],"wp:attachment":[{"href":"https:\/\/giannidavico.it\/gopiedmont\/wp-json\/wp\/v2\/media?parent=2297"}],"wp:term":[{"taxonomy":"category","embeddable":true,"href":"https:\/\/giannidavico.it\/gopiedmont\/wp-json\/wp\/v2\/categories?post=2297"},{"taxonomy":"post_tag","embeddable":true,"href":"https:\/\/giannidavico.it\/gopiedmont\/wp-json\/wp\/v2\/tags?post=2297"}],"curies":[{"name":"wp","href":"https:\/\/api.w.org\/{rel}","templated":true}]}}