{"id":2309,"date":"2014-06-04T06:00:30","date_gmt":"2014-06-04T05:00:30","guid":{"rendered":"https:\/\/giannidavico.it\/staging\/gopiedmont\/?p=2309"},"modified":"2014-06-03T18:08:07","modified_gmt":"2014-06-03T17:08:07","slug":"umberto-saba-el-borgh","status":"publish","type":"post","link":"https:\/\/giannidavico.it\/gopiedmont\/2014\/06\/04\/umberto-saba-el-borgh\/","title":{"rendered":"Umberto Saba, \u00cbl Borgh"},"content":{"rendered":"<p><a href=\"https:\/\/giannidavico.it\/gopiedmont\/files\/2014\/06\/Levi_Carlo_Umberto-Saba-1950.jpg\"><img loading=\"lazy\" src=\"https:\/\/giannidavico.it\/gopiedmont\/files\/2014\/06\/Levi_Carlo_Umberto-Saba-1950-300x247.jpg\" alt=\"Levi_Carlo_Umberto Saba (1950)\" width=\"300\" height=\"247\" class=\"alignright size-medium wp-image-2311\" srcset=\"https:\/\/giannidavico.it\/gopiedmont\/files\/2014\/06\/Levi_Carlo_Umberto-Saba-1950-300x247.jpg 300w, https:\/\/giannidavico.it\/gopiedmont\/files\/2014\/06\/Levi_Carlo_Umberto-Saba-1950.jpg 581w\" sizes=\"(max-width: 300px) 100vw, 300px\" \/><\/a><br \/>\nA l&#8217;\u00e9 st\u00e0it ant le vie \u00ebd cost<br \/>\nBorgh che na neuva r\u00f2ba<br \/>\na l&#8217;\u00e9 capitame.<\/p>\n<p>A l&#8217;\u00e9 st\u00e0it come un van<br \/>\nsospir<br \/>\n\u00ebl desideri amprovis \u00ebd seurte<br \/>\nda mi midem, \u00ebd vive la vita<br \/>\n\u00ebd tuti,<br \/>\nd&#8217;esse come tuti<br \/>\nj&#8217;\u00f2mo \u00ebd tuti<br \/>\nij di.<\/p>\n<p>Mi i l&#8217;hai mai av\u00f9 na g\u00f2j gr\u00f2ssa<br \/>\n&#8216;me costa, n\u00ec av\u00e8jla da la vita i sper.<br \/>\nVint&#8217;agn i l&#8217;av\u00eca cola vira, e i j&#8217;era<br \/>\nmalavi. P\u00ebr le neuve<br \/>\nstra d\u00ebl Borgh \u00ebl desideri van<br \/>\ncome un sospir<br \/>\na l&#8217;ha fame s\u00f2.<\/p>\n<p>Ant\u00e9 che ant \u00ebl temp doss<br \/>\ndl&#8217;infansia<br \/>\np\u00f2che i vegh\u00eca sperduve<br \/>\nrampign\u00e0 cas\u00f2te an s\u00ebl patan\u00f9<br \/>\ndla colin-a,<br \/>\nas levava un Borgh f\u00ebrvent d&#8217;uman<br \/>\ntravaj. An chiel la prima<br \/>\nvira i l&#8217;hai sofert \u00ebl desideri doss<br \/>\ne van<br \/>\n\u00ebd but\u00e9 la mia andrinta a la c\u00e0uda<br \/>\nvita &#8216;d tuti,<br \/>\nd&#8217;esse come tuti<br \/>\nj&#8217;\u00f2mo \u00ebd tuti<br \/>\nij di.<\/p>\n<p>La f\u00e9 av\u00e8j<br \/>\n\u00ebd tuti, d\u00ec<br \/>\npar\u00f2le, f\u00e9<br \/>\nc\u00f2se che peui mincadun a capiss, e a son,<br \/>\ncome &#8216;l vin e &#8216;l pan,<br \/>\ncome le masn\u00e0 e le fomne,<br \/>\nvalor<br \/>\n\u00ebd tuti. Ma un canton,<br \/>\naid\u00e9, i lassava al desideri, celest<br \/>\narfiaj,<br \/>\np\u00ebr contempleme da col-l\u00ec, g\u00f2de<br \/>\nl&#8217;\u00e0uta g\u00f2j otn\u00f9a<br \/>\n\u00ebd p\u00ec nen esse mi,<br \/>\nd&#8217;esse mach s\u00f2n: fra j&#8217;\u00f2mo<br \/>\nn&#8217;\u00f2mo.<\/p>\n<p>Nass\u00f9 da n\u00e8ire<br \/>\nvicende,<br \/>\np\u00f2ch a l&#8217;\u00e9 st\u00e0it \u00ebl desideri, pen-a un cort<br \/>\nsospir. I lo artreuv<br \/>\n&#8211; arson perd\u00f9<br \/>\n\u00ebd gioventura \u2013 p\u00ebr le vie d\u00ebl Borgh<br \/>\ncambi\u00e0<br \/>\np\u00ec che cambi\u00e0 i sia nen mi. An sle muraje<br \/>\ndj&#8217;\u00e0ute ca,<br \/>\nan sj&#8217;\u00f2mo e ij travaj, ansima minca c\u00f2sa,<br \/>\na l&#8217;\u00e9 calaje \u00ebl vel ch&#8217;a anv\u00ebrtoja le c\u00f2se<br \/>\nfin\u00ece.<\/p>\n<p>La cesa a l&#8217;\u00e9 ancora<br \/>\ngi\u00e0una, se &#8216;l pra<br \/>\nch&#8217;a la circonda a l&#8217;\u00e9 meno verd. \u00cbl mar,<br \/>\nch&#8217;i s-ci\u00e0ir l\u00e0 bass, ha l&#8217;ha un bastiment sol,<br \/>\nen\u00f2rme,<br \/>\nche, ferm, a piega da na banda. Forme,<br \/>\ncolor,<br \/>\nvita onda a l&#8217;\u00e9 nassuje m\u00e8 sospir doss<br \/>\ne vil, un mond<br \/>\nfin\u00ec. Forme,<br \/>\ncolor,<br \/>\nd&#8217;\u00e0utri i l&#8217;hai creane, restand mi midem,<br \/>\nsol con m\u00e8 dur<br \/>\npat\u00ec. E m\u00f2rt<br \/>\na m\u00eb speta.<\/p>\n<p>A torneran,<br \/>\no a cost<br \/>\nBorgh, opura a n&#8217;\u00e0utr come cost, ij di<br \/>\ndla fior. N&#8217;\u00e0utr<br \/>\na vivr\u00e0 torna mia vita,<br \/>\nche ant un sagrin estrem<br \/>\n\u00ebd gioventura, a l&#8217;avr\u00e0 p\u00ebr chiel midem ciam\u00e0,<br \/>\nsper\u00e0,<br \/>\n\u00ebd but\u00e9 la soa drinta la vita<br \/>\n\u00ebd tuti,<br \/>\nd&#8217;esse come tuti<br \/>\na-i \u00e9 smijeran j&#8217;\u00f2mo d&#8217;un di<br \/>\nd&#8217;antlora.<\/p>\n","protected":false},"excerpt":{"rendered":"<p><a href=\"https:\/\/giannidavico.it\/gopiedmont\/files\/2014\/06\/Levi_Carlo_Umberto-Saba-1950.jpg\"><img loading=\"lazy\" src=\"https:\/\/giannidavico.it\/gopiedmont\/files\/2014\/06\/Levi_Carlo_Umberto-Saba-1950-300x247.jpg\" alt=\"Levi_Carlo_Umberto Saba (1950)\" width=\"300\" height=\"247\" class=\"alignright size-medium wp-image-2311\" srcset=\"https:\/\/giannidavico.it\/gopiedmont\/files\/2014\/06\/Levi_Carlo_Umberto-Saba-1950-300x247.jpg 300w, https:\/\/giannidavico.it\/gopiedmont\/files\/2014\/06\/Levi_Carlo_Umberto-Saba-1950.jpg 581w\" sizes=\"(max-width: 300px) 100vw, 300px\" \/><\/a><br \/> A l&#8217;\u00e9 st\u00e0it ant le vie \u00ebd cost<br \/> Borgh che na neuva r\u00f2ba<br \/> a l&#8217;\u00e9 capitame.<\/p>\n<p>A l&#8217;\u00e9 st\u00e0it come un van<br \/> sospir<br \/> \u00ebl desideri amprovis \u00ebd seurte<br \/> da mi midem, \u00ebd vive la vita<br \/> \u00ebd tuti,<br \/> d&#8217;esse come tuti<br \/> j&#8217;\u00f2mo \u00ebd tuti<br \/> ij di.<\/p>\n<p>Mi i l&#8217;hai mai av\u00f9 na g\u00f2j gr\u00f2ssa<br \/> &#8216;me costa, n\u00ec av\u00e8jla da la vita i sper.<br \/> Vint&#8217;agn i l&#8217;av\u00eca cola vira, e i j&#8217;era<br \/> malavi. P\u00ebr le neuve<br \/> stra d\u00ebl Borgh \u00ebl desideri van<br \/> come un sospir<br \/> a l&#8217;ha fame s\u00f2.<\/p>\n<p>Ant\u00e9 che ant \u00ebl temp doss<br \/> dl&#8217;infansia<br \/> p\u00f2che i vegh\u00eca sperduve<br \/> rampign\u00e0 cas\u00f2te an s\u00ebl patan\u00f9<br \/> dla colin-a,<br \/> as levava un Borgh f\u00ebrvent d&#8217;uman<br \/> travaj. An chiel la prima<br \/> vira i l&#8217;hai sofert \u00ebl desideri doss<br \/> e van<br \/> \u00ebd but\u00e9 la mia andrinta a la c\u00e0uda<br \/> vita &#8216;d tuti,<br \/> d&#8217;esse come tuti<br \/> j&#8217;\u00f2mo \u00ebd tuti<br \/> ij di.<\/p>\n<p>La f\u00e9 av\u00e8j<br \/> \u00ebd tuti, [\u2026] <a class=\"moretag\" href=\"https:\/\/giannidavico.it\/gopiedmont\/2014\/06\/04\/umberto-saba-el-borgh\/\">continua a leggere \u00bb<\/a><\/p>\n","protected":false},"author":4,"featured_media":0,"comment_status":"open","ping_status":"open","sticky":false,"template":"","format":"standard","meta":[],"categories":[130],"tags":[7851],"yoast_head":"<!-- This site is optimized with the Yoast SEO plugin v19.14 - https:\/\/yoast.com\/wordpress\/plugins\/seo\/ -->\n<title>Umberto Saba, \u00cbl Borgh - Go Piedmont<\/title>\n<meta name=\"robots\" content=\"index, follow, max-snippet:-1, max-image-preview:large, max-video-preview:-1\" \/>\n<link rel=\"canonical\" href=\"https:\/\/giannidavico.it\/gopiedmont\/2014\/06\/04\/umberto-saba-el-borgh\/\" \/>\n<meta property=\"og:locale\" content=\"it_IT\" \/>\n<meta property=\"og:type\" content=\"article\" \/>\n<meta property=\"og:title\" content=\"Umberto Saba, \u00cbl Borgh - Go Piedmont\" \/>\n<meta property=\"og:description\" content=\"A l&#8217;\u00e9 st\u00e0it ant le vie \u00ebd cost Borgh che na neuva r\u00f2ba a l&#8217;\u00e9 capitame. A l&#8217;\u00e9 st\u00e0it come un van sospir \u00ebl desideri amprovis \u00ebd seurte da mi midem, \u00ebd vive la vita \u00ebd tuti, d&#8217;esse come tuti j&#8217;\u00f2mo \u00ebd tuti ij di. Mi i l&#8217;hai mai av\u00f9 na g\u00f2j gr\u00f2ssa &#8216;me costa, n\u00ec av\u00e8jla da la vita i sper. Vint&#8217;agn i l&#8217;av\u00eca cola vira, e i j&#8217;era malavi. P\u00ebr le neuve stra d\u00ebl Borgh \u00ebl desideri van come un sospir a l&#8217;ha fame s\u00f2. Ant\u00e9 che ant \u00ebl temp doss dl&#8217;infansia p\u00f2che i vegh\u00eca sperduve rampign\u00e0 cas\u00f2te an s\u00ebl patan\u00f9 dla colin-a, as levava un Borgh f\u00ebrvent d&#8217;uman travaj. An chiel la prima vira i l&#8217;hai sofert \u00ebl desideri doss e van \u00ebd but\u00e9 la mia andrinta a la c\u00e0uda vita &#8216;d tuti, d&#8217;esse come tuti j&#8217;\u00f2mo \u00ebd tuti ij di. La f\u00e9 av\u00e8j \u00ebd tuti, [\u2026] continua a leggere \u00bb\" \/>\n<meta property=\"og:url\" content=\"https:\/\/giannidavico.it\/gopiedmont\/2014\/06\/04\/umberto-saba-el-borgh\/\" \/>\n<meta property=\"og:site_name\" content=\"Go Piedmont\" \/>\n<meta property=\"article:published_time\" content=\"2014-06-04T05:00:30+00:00\" \/>\n<meta property=\"article:modified_time\" content=\"2014-06-03T17:08:07+00:00\" \/>\n<meta property=\"og:image\" content=\"https:\/\/giannidavico.it\/gopiedmont\/files\/2014\/06\/Levi_Carlo_Umberto-Saba-1950-300x247.jpg\" \/>\n<meta name=\"author\" content=\"giannidavico\" \/>\n<meta name=\"twitter:card\" content=\"summary_large_image\" \/>\n<meta name=\"twitter:label1\" content=\"Scritto da\" \/>\n\t<meta name=\"twitter:data1\" content=\"giannidavico\" \/>\n\t<meta name=\"twitter:label2\" content=\"Tempo di lettura stimato\" \/>\n\t<meta name=\"twitter:data2\" content=\"2 minuti\" \/>\n<script type=\"application\/ld+json\" class=\"yoast-schema-graph\">{\"@context\":\"https:\/\/schema.org\",\"@graph\":[{\"@type\":\"WebPage\",\"@id\":\"https:\/\/giannidavico.it\/gopiedmont\/2014\/06\/04\/umberto-saba-el-borgh\/\",\"url\":\"https:\/\/giannidavico.it\/gopiedmont\/2014\/06\/04\/umberto-saba-el-borgh\/\",\"name\":\"Umberto Saba, \u00cbl Borgh - Go Piedmont\",\"isPartOf\":{\"@id\":\"https:\/\/giannidavico.it\/gopiedmont\/#website\"},\"datePublished\":\"2014-06-04T05:00:30+00:00\",\"dateModified\":\"2014-06-03T17:08:07+00:00\",\"author\":{\"@id\":\"https:\/\/giannidavico.it\/gopiedmont\/#\/schema\/person\/ea1fd17d8f2dba325f3712219efa8f77\"},\"inLanguage\":\"it-IT\",\"potentialAction\":[{\"@type\":\"ReadAction\",\"target\":[\"https:\/\/giannidavico.it\/gopiedmont\/2014\/06\/04\/umberto-saba-el-borgh\/\"]}]},{\"@type\":\"WebSite\",\"@id\":\"https:\/\/giannidavico.it\/gopiedmont\/#website\",\"url\":\"https:\/\/giannidavico.it\/gopiedmont\/\",\"name\":\"Go Piedmont\",\"description\":\"pens\u00e9 dzora l\u00ecber, event e p\u00ebrson-e grop\u00e0 al Piemont e a la lenga piemont\u00e8isa\",\"potentialAction\":[{\"@type\":\"SearchAction\",\"target\":{\"@type\":\"EntryPoint\",\"urlTemplate\":\"https:\/\/giannidavico.it\/gopiedmont\/?s={search_term_string}\"},\"query-input\":\"required name=search_term_string\"}],\"inLanguage\":\"it-IT\"},{\"@type\":\"Person\",\"@id\":\"https:\/\/giannidavico.it\/gopiedmont\/#\/schema\/person\/ea1fd17d8f2dba325f3712219efa8f77\",\"name\":\"giannidavico\",\"image\":{\"@type\":\"ImageObject\",\"inLanguage\":\"it-IT\",\"@id\":\"https:\/\/giannidavico.it\/gopiedmont\/#\/schema\/person\/image\/\",\"url\":\"https:\/\/secure.gravatar.com\/avatar\/337748753d882602f3038b55fb369ba1?s=96&d=mm&r=g\",\"contentUrl\":\"https:\/\/secure.gravatar.com\/avatar\/337748753d882602f3038b55fb369ba1?s=96&d=mm&r=g\",\"caption\":\"giannidavico\"},\"url\":\"https:\/\/giannidavico.it\/gopiedmont\/author\/giannidavico\/\"}]}<\/script>\n<!-- \/ Yoast SEO plugin. -->","yoast_head_json":{"title":"Umberto Saba, \u00cbl Borgh - Go Piedmont","robots":{"index":"index","follow":"follow","max-snippet":"max-snippet:-1","max-image-preview":"max-image-preview:large","max-video-preview":"max-video-preview:-1"},"canonical":"https:\/\/giannidavico.it\/gopiedmont\/2014\/06\/04\/umberto-saba-el-borgh\/","og_locale":"it_IT","og_type":"article","og_title":"Umberto Saba, \u00cbl Borgh - Go Piedmont","og_description":"A l&#8217;\u00e9 st\u00e0it ant le vie \u00ebd cost Borgh che na neuva r\u00f2ba a l&#8217;\u00e9 capitame. A l&#8217;\u00e9 st\u00e0it come un van sospir \u00ebl desideri amprovis \u00ebd seurte da mi midem, \u00ebd vive la vita \u00ebd tuti, d&#8217;esse come tuti j&#8217;\u00f2mo \u00ebd tuti ij di. Mi i l&#8217;hai mai av\u00f9 na g\u00f2j gr\u00f2ssa &#8216;me costa, n\u00ec av\u00e8jla da la vita i sper. Vint&#8217;agn i l&#8217;av\u00eca cola vira, e i j&#8217;era malavi. P\u00ebr le neuve stra d\u00ebl Borgh \u00ebl desideri van come un sospir a l&#8217;ha fame s\u00f2. Ant\u00e9 che ant \u00ebl temp doss dl&#8217;infansia p\u00f2che i vegh\u00eca sperduve rampign\u00e0 cas\u00f2te an s\u00ebl patan\u00f9 dla colin-a, as levava un Borgh f\u00ebrvent d&#8217;uman travaj. An chiel la prima vira i l&#8217;hai sofert \u00ebl desideri doss e van \u00ebd but\u00e9 la mia andrinta a la c\u00e0uda vita &#8216;d tuti, d&#8217;esse come tuti j&#8217;\u00f2mo \u00ebd tuti ij di. La f\u00e9 av\u00e8j \u00ebd tuti, [\u2026] continua a leggere \u00bb","og_url":"https:\/\/giannidavico.it\/gopiedmont\/2014\/06\/04\/umberto-saba-el-borgh\/","og_site_name":"Go Piedmont","article_published_time":"2014-06-04T05:00:30+00:00","article_modified_time":"2014-06-03T17:08:07+00:00","og_image":[{"url":"https:\/\/giannidavico.it\/gopiedmont\/files\/2014\/06\/Levi_Carlo_Umberto-Saba-1950-300x247.jpg"}],"author":"giannidavico","twitter_card":"summary_large_image","twitter_misc":{"Scritto da":"giannidavico","Tempo di lettura stimato":"2 minuti"},"schema":{"@context":"https:\/\/schema.org","@graph":[{"@type":"WebPage","@id":"https:\/\/giannidavico.it\/gopiedmont\/2014\/06\/04\/umberto-saba-el-borgh\/","url":"https:\/\/giannidavico.it\/gopiedmont\/2014\/06\/04\/umberto-saba-el-borgh\/","name":"Umberto Saba, \u00cbl Borgh - Go Piedmont","isPartOf":{"@id":"https:\/\/giannidavico.it\/gopiedmont\/#website"},"datePublished":"2014-06-04T05:00:30+00:00","dateModified":"2014-06-03T17:08:07+00:00","author":{"@id":"https:\/\/giannidavico.it\/gopiedmont\/#\/schema\/person\/ea1fd17d8f2dba325f3712219efa8f77"},"inLanguage":"it-IT","potentialAction":[{"@type":"ReadAction","target":["https:\/\/giannidavico.it\/gopiedmont\/2014\/06\/04\/umberto-saba-el-borgh\/"]}]},{"@type":"WebSite","@id":"https:\/\/giannidavico.it\/gopiedmont\/#website","url":"https:\/\/giannidavico.it\/gopiedmont\/","name":"Go Piedmont","description":"pens\u00e9 dzora l\u00ecber, event e p\u00ebrson-e grop\u00e0 al Piemont e a la lenga piemont\u00e8isa","potentialAction":[{"@type":"SearchAction","target":{"@type":"EntryPoint","urlTemplate":"https:\/\/giannidavico.it\/gopiedmont\/?s={search_term_string}"},"query-input":"required name=search_term_string"}],"inLanguage":"it-IT"},{"@type":"Person","@id":"https:\/\/giannidavico.it\/gopiedmont\/#\/schema\/person\/ea1fd17d8f2dba325f3712219efa8f77","name":"giannidavico","image":{"@type":"ImageObject","inLanguage":"it-IT","@id":"https:\/\/giannidavico.it\/gopiedmont\/#\/schema\/person\/image\/","url":"https:\/\/secure.gravatar.com\/avatar\/337748753d882602f3038b55fb369ba1?s=96&d=mm&r=g","contentUrl":"https:\/\/secure.gravatar.com\/avatar\/337748753d882602f3038b55fb369ba1?s=96&d=mm&r=g","caption":"giannidavico"},"url":"https:\/\/giannidavico.it\/gopiedmont\/author\/giannidavico\/"}]}},"_links":{"self":[{"href":"https:\/\/giannidavico.it\/gopiedmont\/wp-json\/wp\/v2\/posts\/2309"}],"collection":[{"href":"https:\/\/giannidavico.it\/gopiedmont\/wp-json\/wp\/v2\/posts"}],"about":[{"href":"https:\/\/giannidavico.it\/gopiedmont\/wp-json\/wp\/v2\/types\/post"}],"author":[{"embeddable":true,"href":"https:\/\/giannidavico.it\/gopiedmont\/wp-json\/wp\/v2\/users\/4"}],"replies":[{"embeddable":true,"href":"https:\/\/giannidavico.it\/gopiedmont\/wp-json\/wp\/v2\/comments?post=2309"}],"version-history":[{"count":2,"href":"https:\/\/giannidavico.it\/gopiedmont\/wp-json\/wp\/v2\/posts\/2309\/revisions"}],"predecessor-version":[{"id":2312,"href":"https:\/\/giannidavico.it\/gopiedmont\/wp-json\/wp\/v2\/posts\/2309\/revisions\/2312"}],"wp:attachment":[{"href":"https:\/\/giannidavico.it\/gopiedmont\/wp-json\/wp\/v2\/media?parent=2309"}],"wp:term":[{"taxonomy":"category","embeddable":true,"href":"https:\/\/giannidavico.it\/gopiedmont\/wp-json\/wp\/v2\/categories?post=2309"},{"taxonomy":"post_tag","embeddable":true,"href":"https:\/\/giannidavico.it\/gopiedmont\/wp-json\/wp\/v2\/tags?post=2309"}],"curies":[{"name":"wp","href":"https:\/\/api.w.org\/{rel}","templated":true}]}}