{"id":2313,"date":"2014-06-11T07:57:47","date_gmt":"2014-06-11T06:57:47","guid":{"rendered":"https:\/\/giannidavico.it\/staging\/gopiedmont\/?p=2313"},"modified":"2014-06-11T07:57:47","modified_gmt":"2014-06-11T06:57:47","slug":"legi-drapo-e-via-fort","status":"publish","type":"post","link":"https:\/\/giannidavico.it\/gopiedmont\/2014\/06\/11\/legi-drapo-e-via-fort\/","title":{"rendered":"Legi, drap\u00f2 e via f\u00f2rt"},"content":{"rendered":"<p>La comun-a &#8216;d Moncravel a l&#8217;ha aprov\u00e0 na mossion p\u00ebrch\u00e8 \u00ebl piemont\u00e8is a ven-a arconoss\u00f9 come lenga minoritaria. An lo f\u00e0 sav\u00e8j Lissander Motin; \u00ebl test a l&#8217;\u00e9 <a href=\"https:\/\/giannidavico.it\/gopiedmont\/files\/2014\/06\/Moncravel.pdf\" title=\"Comune di Moncrivello - Riconoscimento del Piemontese come lingua minoritaria\">ambeless\u00ec<\/a>.<\/p>\n<p>La <a href=\"http:\/\/arianna.consiglioregionale.piemonte.it\/base\/coord\/c2004015.html\" title=\"Legge regionale 31 maggio 2004, n. 15\" target=\"_blank\">lege regional n. 15 d\u00ebl 31 magg 2004<\/a> a prescriv che ansima a tut \u00ebl terit\u00f2ri dla region Piemont \u00ebl drap\u00f2 piemont\u00e8is a vada esp\u00f2st<\/p>\n<blockquote><p>a) all&#8217;esterno delle sedi dei consigli provinciali, di comunit\u00e0 montana, comunali e circoscrizionali;<br \/>\nb) all&#8217;esterno degli edifici scolastici;<br \/>\nc) all&#8217;esterno degli edifici sedi di seggi elettorali in occasione di votazioni per il rinnovo del Consiglio regionale;<br \/>\nd) ogni volta che vengono esposte le bandiere della Repubblica italiana e dell&#8217;Unione europea.<\/p><\/blockquote>\n<p>Le r\u00f2be d\u00ebl Piemont a son cite e a anteresso a p\u00f2chi, as sa. Minca tant a-i c\u00e0pita quaic\u00f2s \u00ebd p\u00f9blich ch&#8217;a r\u00ebsguarda n\u00f2sta lenga, opurament quaidun \u2013 an cost cas j&#8217;amis \u00ebd Gioventura Piemont\u00e8isa \u2013 an signala <a href=\"http:\/\/www.gioventurapiemonteisa.net\/?p=15099\" title=\"Una piccola battaglia vinta: torner\u00e0 a sventolare il Drap\u00f2 sul Castello di Casale Monferrato\" target=\"_blank\">qu\u00e0ich cit sucess otn\u00f9<\/a>, ma a la finitiva a sar\u00e0 costa la stra? A l&#8217;\u00e9 bel, bel dabon, ch&#8217;i s&#8217;anteresso &#8216;d n\u00f2ste r\u00f2be; mi purtr\u00f2p da cola mira p\u00f9blica i son nen f\u00f2rt. (An tute le manere im segno &#8216;d ciameje ai n\u00f2str dirigent scol\u00e0stich p\u00ebrch\u00e8 ant le sc\u00f2le &#8216;d mie cite &#8216;l drap\u00f2 a-i \u00e9 nen.) Ma i fortisso <a href=\"https:\/\/giannidavico.it\/gopiedmont\/2012\/03\/14\/el-piemonteis-e-la-lege\/\" title=\"\u00cbl piemont\u00e8is e la lege\">l\u00f2n ch&#8217;i l&#8217;av\u00eca scrit<\/a> un p\u00e0ira d&#8217;agn f\u00e0:<\/p>\n<blockquote><p>M\u00e9 piemont\u00e8is, mia identit\u00e0 piemont\u00e8isa, m\u00e9 pens\u00e9 piemont\u00e8is a resto e a vivran con mi fin ch\u2019i vivrai, malgr\u00e9 le legi, ij govern e la pi\u00f2va.<\/p><\/blockquote>\n","protected":false},"excerpt":{"rendered":"<p>La comun-a &#8216;d Moncravel a l&#8217;ha aprov\u00e0 na mossion p\u00ebrch\u00e8 \u00ebl piemont\u00e8is a ven-a arconoss\u00f9 come lenga minoritaria. An lo f\u00e0 sav\u00e8j Lissander Motin; \u00ebl test a l&#8217;\u00e9 <a href=\"https:\/\/giannidavico.it\/gopiedmont\/files\/2014\/06\/Moncravel.pdf\" title=\"Comune di Moncrivello - Riconoscimento del Piemontese come lingua minoritaria\">ambeless\u00ec<\/a>.<\/p>\n<p>La <a href=\"http:\/\/arianna.consiglioregionale.piemonte.it\/base\/coord\/c2004015.html\" title=\"Legge regionale 31 maggio 2004, n. 15\" target=\"_blank\">lege regional n. 15 d\u00ebl 31 magg 2004<\/a> a prescriv che ansima a tut \u00ebl terit\u00f2ri dla region Piemont \u00ebl drap\u00f2 piemont\u00e8is a vada esp\u00f2st<\/p>\n<p>a) all&#8217;esterno delle sedi dei consigli provinciali, di comunit\u00e0 montana, comunali e circoscrizionali;<br \/> b) all&#8217;esterno degli edifici scolastici;<br \/> c) all&#8217;esterno degli edifici sedi di seggi elettorali in occasione di votazioni per il rinnovo del Consiglio regionale;<br \/> d) ogni volta che vengono esposte le bandiere della Repubblica italiana e dell&#8217;Unione europea.<\/p>\n<p>Le r\u00f2be d\u00ebl Piemont a son cite e a anteresso a p\u00f2chi, as sa. Minca tant a-i c\u00e0pita quaic\u00f2s \u00ebd p\u00f9blich ch&#8217;a r\u00ebsguarda n\u00f2sta lenga, opurament quaidun \u2013 an cost cas j&#8217;amis \u00ebd Gioventura Piemont\u00e8isa \u2013 an signala <a href=\"http:\/\/www.gioventurapiemonteisa.net\/?p=15099\" title=\"Una piccola battaglia vinta: torner\u00e0 a sventolare il Drap\u00f2 sul Castello di Casale Monferrato\" target=\"_blank\">qu\u00e0ich cit sucess otn\u00f9<\/a>, ma a la finitiva a sar\u00e0 costa la stra? A l&#8217;\u00e9 bel, bel dabon, [\u2026] <a class=\"moretag\" href=\"https:\/\/giannidavico.it\/gopiedmont\/2014\/06\/11\/legi-drapo-e-via-fort\/\">continua a leggere \u00bb<\/a><\/p>\n","protected":false},"author":4,"featured_media":0,"comment_status":"open","ping_status":"open","sticky":false,"template":"","format":"standard","meta":[],"categories":[130],"tags":[124,107],"yoast_head":"<!-- This site is optimized with the Yoast SEO plugin v19.14 - https:\/\/yoast.com\/wordpress\/plugins\/seo\/ -->\n<title>Legi, drap\u00f2 e via f\u00f2rt - Go Piedmont<\/title>\n<meta name=\"robots\" content=\"index, follow, max-snippet:-1, max-image-preview:large, max-video-preview:-1\" \/>\n<link rel=\"canonical\" href=\"https:\/\/giannidavico.it\/gopiedmont\/2014\/06\/11\/legi-drapo-e-via-fort\/\" \/>\n<meta property=\"og:locale\" content=\"it_IT\" \/>\n<meta property=\"og:type\" content=\"article\" \/>\n<meta property=\"og:title\" content=\"Legi, drap\u00f2 e via f\u00f2rt - Go Piedmont\" \/>\n<meta property=\"og:description\" content=\"La comun-a &#8216;d Moncravel a l&#8217;ha aprov\u00e0 na mossion p\u00ebrch\u00e8 \u00ebl piemont\u00e8is a ven-a arconoss\u00f9 come lenga minoritaria. An lo f\u00e0 sav\u00e8j Lissander Motin; \u00ebl test a l&#8217;\u00e9 ambeless\u00ec. La lege regional n. 15 d\u00ebl 31 magg 2004 a prescriv che ansima a tut \u00ebl terit\u00f2ri dla region Piemont \u00ebl drap\u00f2 piemont\u00e8is a vada esp\u00f2st a) all&#8217;esterno delle sedi dei consigli provinciali, di comunit\u00e0 montana, comunali e circoscrizionali; b) all&#8217;esterno degli edifici scolastici; c) all&#8217;esterno degli edifici sedi di seggi elettorali in occasione di votazioni per il rinnovo del Consiglio regionale; d) ogni volta che vengono esposte le bandiere della Repubblica italiana e dell&#8217;Unione europea. Le r\u00f2be d\u00ebl Piemont a son cite e a anteresso a p\u00f2chi, as sa. Minca tant a-i c\u00e0pita quaic\u00f2s \u00ebd p\u00f9blich ch&#8217;a r\u00ebsguarda n\u00f2sta lenga, opurament quaidun \u2013 an cost cas j&#8217;amis \u00ebd Gioventura Piemont\u00e8isa \u2013 an signala qu\u00e0ich cit sucess otn\u00f9, ma a la finitiva a sar\u00e0 costa la stra? A l&#8217;\u00e9 bel, bel dabon, [\u2026] continua a leggere \u00bb\" \/>\n<meta property=\"og:url\" content=\"https:\/\/giannidavico.it\/gopiedmont\/2014\/06\/11\/legi-drapo-e-via-fort\/\" \/>\n<meta property=\"og:site_name\" content=\"Go Piedmont\" \/>\n<meta property=\"article:published_time\" content=\"2014-06-11T06:57:47+00:00\" \/>\n<meta name=\"author\" content=\"giannidavico\" \/>\n<meta name=\"twitter:card\" content=\"summary_large_image\" \/>\n<meta name=\"twitter:label1\" content=\"Scritto da\" \/>\n\t<meta name=\"twitter:data1\" content=\"giannidavico\" \/>\n\t<meta name=\"twitter:label2\" content=\"Tempo di lettura stimato\" \/>\n\t<meta name=\"twitter:data2\" content=\"1 minuto\" \/>\n<script type=\"application\/ld+json\" class=\"yoast-schema-graph\">{\"@context\":\"https:\/\/schema.org\",\"@graph\":[{\"@type\":\"WebPage\",\"@id\":\"https:\/\/giannidavico.it\/gopiedmont\/2014\/06\/11\/legi-drapo-e-via-fort\/\",\"url\":\"https:\/\/giannidavico.it\/gopiedmont\/2014\/06\/11\/legi-drapo-e-via-fort\/\",\"name\":\"Legi, drap\u00f2 e via f\u00f2rt - Go Piedmont\",\"isPartOf\":{\"@id\":\"https:\/\/giannidavico.it\/gopiedmont\/#website\"},\"datePublished\":\"2014-06-11T06:57:47+00:00\",\"dateModified\":\"2014-06-11T06:57:47+00:00\",\"author\":{\"@id\":\"https:\/\/giannidavico.it\/gopiedmont\/#\/schema\/person\/ea1fd17d8f2dba325f3712219efa8f77\"},\"inLanguage\":\"it-IT\",\"potentialAction\":[{\"@type\":\"ReadAction\",\"target\":[\"https:\/\/giannidavico.it\/gopiedmont\/2014\/06\/11\/legi-drapo-e-via-fort\/\"]}]},{\"@type\":\"WebSite\",\"@id\":\"https:\/\/giannidavico.it\/gopiedmont\/#website\",\"url\":\"https:\/\/giannidavico.it\/gopiedmont\/\",\"name\":\"Go Piedmont\",\"description\":\"pens\u00e9 dzora l\u00ecber, event e p\u00ebrson-e grop\u00e0 al Piemont e a la lenga piemont\u00e8isa\",\"potentialAction\":[{\"@type\":\"SearchAction\",\"target\":{\"@type\":\"EntryPoint\",\"urlTemplate\":\"https:\/\/giannidavico.it\/gopiedmont\/?s={search_term_string}\"},\"query-input\":\"required name=search_term_string\"}],\"inLanguage\":\"it-IT\"},{\"@type\":\"Person\",\"@id\":\"https:\/\/giannidavico.it\/gopiedmont\/#\/schema\/person\/ea1fd17d8f2dba325f3712219efa8f77\",\"name\":\"giannidavico\",\"image\":{\"@type\":\"ImageObject\",\"inLanguage\":\"it-IT\",\"@id\":\"https:\/\/giannidavico.it\/gopiedmont\/#\/schema\/person\/image\/\",\"url\":\"https:\/\/secure.gravatar.com\/avatar\/337748753d882602f3038b55fb369ba1?s=96&d=mm&r=g\",\"contentUrl\":\"https:\/\/secure.gravatar.com\/avatar\/337748753d882602f3038b55fb369ba1?s=96&d=mm&r=g\",\"caption\":\"giannidavico\"},\"url\":\"https:\/\/giannidavico.it\/gopiedmont\/author\/giannidavico\/\"}]}<\/script>\n<!-- \/ Yoast SEO plugin. -->","yoast_head_json":{"title":"Legi, drap\u00f2 e via f\u00f2rt - Go Piedmont","robots":{"index":"index","follow":"follow","max-snippet":"max-snippet:-1","max-image-preview":"max-image-preview:large","max-video-preview":"max-video-preview:-1"},"canonical":"https:\/\/giannidavico.it\/gopiedmont\/2014\/06\/11\/legi-drapo-e-via-fort\/","og_locale":"it_IT","og_type":"article","og_title":"Legi, drap\u00f2 e via f\u00f2rt - Go Piedmont","og_description":"La comun-a &#8216;d Moncravel a l&#8217;ha aprov\u00e0 na mossion p\u00ebrch\u00e8 \u00ebl piemont\u00e8is a ven-a arconoss\u00f9 come lenga minoritaria. An lo f\u00e0 sav\u00e8j Lissander Motin; \u00ebl test a l&#8217;\u00e9 ambeless\u00ec. La lege regional n. 15 d\u00ebl 31 magg 2004 a prescriv che ansima a tut \u00ebl terit\u00f2ri dla region Piemont \u00ebl drap\u00f2 piemont\u00e8is a vada esp\u00f2st a) all&#8217;esterno delle sedi dei consigli provinciali, di comunit\u00e0 montana, comunali e circoscrizionali; b) all&#8217;esterno degli edifici scolastici; c) all&#8217;esterno degli edifici sedi di seggi elettorali in occasione di votazioni per il rinnovo del Consiglio regionale; d) ogni volta che vengono esposte le bandiere della Repubblica italiana e dell&#8217;Unione europea. Le r\u00f2be d\u00ebl Piemont a son cite e a anteresso a p\u00f2chi, as sa. Minca tant a-i c\u00e0pita quaic\u00f2s \u00ebd p\u00f9blich ch&#8217;a r\u00ebsguarda n\u00f2sta lenga, opurament quaidun \u2013 an cost cas j&#8217;amis \u00ebd Gioventura Piemont\u00e8isa \u2013 an signala qu\u00e0ich cit sucess otn\u00f9, ma a la finitiva a sar\u00e0 costa la stra? A l&#8217;\u00e9 bel, bel dabon, [\u2026] continua a leggere \u00bb","og_url":"https:\/\/giannidavico.it\/gopiedmont\/2014\/06\/11\/legi-drapo-e-via-fort\/","og_site_name":"Go Piedmont","article_published_time":"2014-06-11T06:57:47+00:00","author":"giannidavico","twitter_card":"summary_large_image","twitter_misc":{"Scritto da":"giannidavico","Tempo di lettura stimato":"1 minuto"},"schema":{"@context":"https:\/\/schema.org","@graph":[{"@type":"WebPage","@id":"https:\/\/giannidavico.it\/gopiedmont\/2014\/06\/11\/legi-drapo-e-via-fort\/","url":"https:\/\/giannidavico.it\/gopiedmont\/2014\/06\/11\/legi-drapo-e-via-fort\/","name":"Legi, drap\u00f2 e via f\u00f2rt - Go Piedmont","isPartOf":{"@id":"https:\/\/giannidavico.it\/gopiedmont\/#website"},"datePublished":"2014-06-11T06:57:47+00:00","dateModified":"2014-06-11T06:57:47+00:00","author":{"@id":"https:\/\/giannidavico.it\/gopiedmont\/#\/schema\/person\/ea1fd17d8f2dba325f3712219efa8f77"},"inLanguage":"it-IT","potentialAction":[{"@type":"ReadAction","target":["https:\/\/giannidavico.it\/gopiedmont\/2014\/06\/11\/legi-drapo-e-via-fort\/"]}]},{"@type":"WebSite","@id":"https:\/\/giannidavico.it\/gopiedmont\/#website","url":"https:\/\/giannidavico.it\/gopiedmont\/","name":"Go Piedmont","description":"pens\u00e9 dzora l\u00ecber, event e p\u00ebrson-e grop\u00e0 al Piemont e a la lenga piemont\u00e8isa","potentialAction":[{"@type":"SearchAction","target":{"@type":"EntryPoint","urlTemplate":"https:\/\/giannidavico.it\/gopiedmont\/?s={search_term_string}"},"query-input":"required name=search_term_string"}],"inLanguage":"it-IT"},{"@type":"Person","@id":"https:\/\/giannidavico.it\/gopiedmont\/#\/schema\/person\/ea1fd17d8f2dba325f3712219efa8f77","name":"giannidavico","image":{"@type":"ImageObject","inLanguage":"it-IT","@id":"https:\/\/giannidavico.it\/gopiedmont\/#\/schema\/person\/image\/","url":"https:\/\/secure.gravatar.com\/avatar\/337748753d882602f3038b55fb369ba1?s=96&d=mm&r=g","contentUrl":"https:\/\/secure.gravatar.com\/avatar\/337748753d882602f3038b55fb369ba1?s=96&d=mm&r=g","caption":"giannidavico"},"url":"https:\/\/giannidavico.it\/gopiedmont\/author\/giannidavico\/"}]}},"_links":{"self":[{"href":"https:\/\/giannidavico.it\/gopiedmont\/wp-json\/wp\/v2\/posts\/2313"}],"collection":[{"href":"https:\/\/giannidavico.it\/gopiedmont\/wp-json\/wp\/v2\/posts"}],"about":[{"href":"https:\/\/giannidavico.it\/gopiedmont\/wp-json\/wp\/v2\/types\/post"}],"author":[{"embeddable":true,"href":"https:\/\/giannidavico.it\/gopiedmont\/wp-json\/wp\/v2\/users\/4"}],"replies":[{"embeddable":true,"href":"https:\/\/giannidavico.it\/gopiedmont\/wp-json\/wp\/v2\/comments?post=2313"}],"version-history":[{"count":7,"href":"https:\/\/giannidavico.it\/gopiedmont\/wp-json\/wp\/v2\/posts\/2313\/revisions"}],"predecessor-version":[{"id":2321,"href":"https:\/\/giannidavico.it\/gopiedmont\/wp-json\/wp\/v2\/posts\/2313\/revisions\/2321"}],"wp:attachment":[{"href":"https:\/\/giannidavico.it\/gopiedmont\/wp-json\/wp\/v2\/media?parent=2313"}],"wp:term":[{"taxonomy":"category","embeddable":true,"href":"https:\/\/giannidavico.it\/gopiedmont\/wp-json\/wp\/v2\/categories?post=2313"},{"taxonomy":"post_tag","embeddable":true,"href":"https:\/\/giannidavico.it\/gopiedmont\/wp-json\/wp\/v2\/tags?post=2313"}],"curies":[{"name":"wp","href":"https:\/\/api.w.org\/{rel}","templated":true}]}}