{"id":232,"date":"2010-03-31T06:58:00","date_gmt":"2010-03-31T06:58:00","guid":{"rendered":"https:\/\/giannidavico.it\/staging\/gopiedmont\/2010\/03\/31\/a-lha-colpime-an-fond-a-la-sala\/"},"modified":"2013-12-17T14:30:07","modified_gmt":"2013-12-17T13:30:07","slug":"a-lha-colpime-an-fond-a-la-sala","status":"publish","type":"post","link":"https:\/\/giannidavico.it\/gopiedmont\/2010\/03\/31\/a-lha-colpime-an-fond-a-la-sala\/","title":{"rendered":"A l&#8217;ha colpime, an fond a la sala&#8230;"},"content":{"rendered":"<p>J\u00e9r i l\u2019hai ten\u00f9 a Susa la tersa lession d\u00eb st\u2019ann p\u00ebr la Ca d\u00eb Studi, che peui a l\u2019\u00e9 sempre l\u2019istessa ma itineranta: <span style=\"font-style:italic\">\u00cbl piemont\u00e8is e ij cit. D\u00ebl p\u00ebrch\u00e8 e d\u00ebl p\u00ebrcome lese an piemont\u00e8is a n\u00f2ste masn\u00e0<\/span>.<\/p>\n<p>I l\u2019hai trov\u00e0 na bon-a partecipassion, l\u00f2n ch\u2019a peul mach feme content. Impression d\u00ebl piemont\u00e8is come lenga viva. \u2018Dc\u00f2 p\u00ebrch\u00e8 a l\u2019ha colpime, l\u00e0 an fond a la sala, na fija \u2013 a l\u2019avr\u00e0 av\u00f9 vint agn o che \u2013 che a na bela mira a l\u2019ha fass\u00e9 coragi e pij\u00e0 la par\u00f2la, l\u00e0 an mes a tute cole p\u00ebrson-e ch\u2019a pod\u00eco esse s\u00f2 pare e mare e miraco \u2018dc\u00f2 (an qu\u00e0ich cas) ij s\u00f2 grand, p\u00ebr d\u00ec che a chila \u2018l piemont\u00e8is da cita a l\u2019han nen mostrajlo, ma che adess a veul amprendlo.<\/p>\n<p>Ecco, a m\u00eb mnis\u00eco an ment ij <span style=\"font-style:italic\">felici pochi<\/span> d\u2019Elsa Morante, p\u00ebrch\u00e8 a son coste interassion ch\u2019a rendo p\u00ec significativa e pien-a na ciaciarada par\u00e8j.<\/p>\n<p>Im sent\u00eca a m\u00e9 ca, i j\u2019era content. A la fin le p\u00ebrson-e am ringrassiavo, e bele se i sav\u00eca nen p\u00ebr c\u00f2s i l\u2019avr\u00eca vorsuje d\u00ec spete, parloma ancora, foma un p\u00f2 \u2018d festa e un p\u00f2 \u2018d rabel.<\/p>\n<p>Bel. Bel. Bel. E donca mers\u00ec a chi ch\u2019a l\u2019ha pijasse \u2018l temp e \u2018l fastudi \u2018d partissip\u00e9.<\/p>\n","protected":false},"excerpt":{"rendered":"<p>J\u00e9r i l\u2019hai ten\u00f9 a Susa la tersa lession d\u00eb st\u2019ann p\u00ebr la Ca d\u00eb Studi, che peui a l\u2019\u00e9 sempre l\u2019istessa ma itineranta: \u00cbl piemont\u00e8is e ij cit. D\u00ebl p\u00ebrch\u00e8 e d\u00ebl p\u00ebrcome lese an piemont\u00e8is a n\u00f2ste masn\u00e0.<\/p>\n<p>I l\u2019hai trov\u00e0 na bon-a partecipassion, l\u00f2n ch\u2019a peul mach feme content. Impression d\u00ebl piemont\u00e8is come lenga viva. \u2018Dc\u00f2 p\u00ebrch\u00e8 a l\u2019ha colpime, l\u00e0 an fond a la sala, na fija \u2013 a l\u2019avr\u00e0 av\u00f9 vint agn o che \u2013 che a na bela mira a l\u2019ha fass\u00e9 coragi e pij\u00e0 la par\u00f2la, l\u00e0 an mes a tute cole p\u00ebrson-e ch\u2019a pod\u00eco esse s\u00f2 pare e mare e miraco \u2018dc\u00f2 (an qu\u00e0ich cas) ij s\u00f2 grand, p\u00ebr d\u00ec che a chila \u2018l piemont\u00e8is da cita a l\u2019han nen mostrajlo, ma che adess a veul amprendlo.<\/p>\n<p>Ecco, a m\u00eb mnis\u00eco an ment ij felici pochi d\u2019Elsa Morante, p\u00ebrch\u00e8 a son coste interassion ch\u2019a rendo p\u00ec significativa e pien-a na ciaciarada par\u00e8j.<\/p>\n<p>Im sent\u00eca a m\u00e9 ca, i j\u2019era content. A la fin le p\u00ebrson-e am ringrassiavo, e bele se i sav\u00eca nen p\u00ebr c\u00f2s i l\u2019avr\u00eca vorsuje d\u00ec spete, parloma ancora, foma un p\u00f2 \u2018d festa e un p\u00f2 \u2018d rabel.<\/p>\n<p> [\u2026] <a class=\"moretag\" href=\"https:\/\/giannidavico.it\/gopiedmont\/2010\/03\/31\/a-lha-colpime-an-fond-a-la-sala\/\">continua a leggere \u00bb<\/a><\/p>\n","protected":false},"author":1,"featured_media":0,"comment_status":"open","ping_status":"open","sticky":false,"template":"","format":"standard","meta":[],"categories":[130],"tags":[108,64],"yoast_head":"<!-- This site is optimized with the Yoast SEO plugin v19.14 - https:\/\/yoast.com\/wordpress\/plugins\/seo\/ -->\n<title>A l&#039;ha colpime, an fond a la sala... - Go Piedmont<\/title>\n<meta name=\"robots\" content=\"index, follow, max-snippet:-1, max-image-preview:large, max-video-preview:-1\" \/>\n<link rel=\"canonical\" href=\"https:\/\/giannidavico.it\/gopiedmont\/2010\/03\/31\/a-lha-colpime-an-fond-a-la-sala\/\" \/>\n<meta property=\"og:locale\" content=\"it_IT\" \/>\n<meta property=\"og:type\" content=\"article\" \/>\n<meta property=\"og:title\" content=\"A l&#039;ha colpime, an fond a la sala... - Go Piedmont\" \/>\n<meta property=\"og:description\" content=\"J\u00e9r i l\u2019hai ten\u00f9 a Susa la tersa lession d\u00eb st\u2019ann p\u00ebr la Ca d\u00eb Studi, che peui a l\u2019\u00e9 sempre l\u2019istessa ma itineranta: \u00cbl piemont\u00e8is e ij cit. D\u00ebl p\u00ebrch\u00e8 e d\u00ebl p\u00ebrcome lese an piemont\u00e8is a n\u00f2ste masn\u00e0. I l\u2019hai trov\u00e0 na bon-a partecipassion, l\u00f2n ch\u2019a peul mach feme content. Impression d\u00ebl piemont\u00e8is come lenga viva. \u2018Dc\u00f2 p\u00ebrch\u00e8 a l\u2019ha colpime, l\u00e0 an fond a la sala, na fija \u2013 a l\u2019avr\u00e0 av\u00f9 vint agn o che \u2013 che a na bela mira a l\u2019ha fass\u00e9 coragi e pij\u00e0 la par\u00f2la, l\u00e0 an mes a tute cole p\u00ebrson-e ch\u2019a pod\u00eco esse s\u00f2 pare e mare e miraco \u2018dc\u00f2 (an qu\u00e0ich cas) ij s\u00f2 grand, p\u00ebr d\u00ec che a chila \u2018l piemont\u00e8is da cita a l\u2019han nen mostrajlo, ma che adess a veul amprendlo. Ecco, a m\u00eb mnis\u00eco an ment ij felici pochi d\u2019Elsa Morante, p\u00ebrch\u00e8 a son coste interassion ch\u2019a rendo p\u00ec significativa e pien-a na ciaciarada par\u00e8j. Im sent\u00eca a m\u00e9 ca, i j\u2019era content. A la fin le p\u00ebrson-e am ringrassiavo, e bele se i sav\u00eca nen p\u00ebr c\u00f2s i l\u2019avr\u00eca vorsuje d\u00ec spete, parloma ancora, foma un p\u00f2 \u2018d festa e un p\u00f2 \u2018d rabel. [\u2026] continua a leggere \u00bb\" \/>\n<meta property=\"og:url\" content=\"https:\/\/giannidavico.it\/gopiedmont\/2010\/03\/31\/a-lha-colpime-an-fond-a-la-sala\/\" \/>\n<meta property=\"og:site_name\" content=\"Go Piedmont\" \/>\n<meta property=\"article:published_time\" content=\"2010-03-31T06:58:00+00:00\" \/>\n<meta property=\"article:modified_time\" content=\"2013-12-17T13:30:07+00:00\" \/>\n<meta name=\"author\" content=\"admin\" \/>\n<meta name=\"twitter:card\" content=\"summary_large_image\" \/>\n<meta name=\"twitter:label1\" content=\"Scritto da\" \/>\n\t<meta name=\"twitter:data1\" content=\"admin\" \/>\n\t<meta name=\"twitter:label2\" content=\"Tempo di lettura stimato\" \/>\n\t<meta name=\"twitter:data2\" content=\"1 minuto\" \/>\n<script type=\"application\/ld+json\" class=\"yoast-schema-graph\">{\"@context\":\"https:\/\/schema.org\",\"@graph\":[{\"@type\":\"WebPage\",\"@id\":\"https:\/\/giannidavico.it\/gopiedmont\/2010\/03\/31\/a-lha-colpime-an-fond-a-la-sala\/\",\"url\":\"https:\/\/giannidavico.it\/gopiedmont\/2010\/03\/31\/a-lha-colpime-an-fond-a-la-sala\/\",\"name\":\"A l'ha colpime, an fond a la sala... - Go Piedmont\",\"isPartOf\":{\"@id\":\"https:\/\/giannidavico.it\/gopiedmont\/#website\"},\"datePublished\":\"2010-03-31T06:58:00+00:00\",\"dateModified\":\"2013-12-17T13:30:07+00:00\",\"author\":{\"@id\":\"https:\/\/giannidavico.it\/gopiedmont\/#\/schema\/person\/6a96d8672f14b275ece93af45a6da78b\"},\"inLanguage\":\"it-IT\",\"potentialAction\":[{\"@type\":\"ReadAction\",\"target\":[\"https:\/\/giannidavico.it\/gopiedmont\/2010\/03\/31\/a-lha-colpime-an-fond-a-la-sala\/\"]}]},{\"@type\":\"WebSite\",\"@id\":\"https:\/\/giannidavico.it\/gopiedmont\/#website\",\"url\":\"https:\/\/giannidavico.it\/gopiedmont\/\",\"name\":\"Go Piedmont\",\"description\":\"pens\u00e9 dzora l\u00ecber, event e p\u00ebrson-e grop\u00e0 al Piemont e a la lenga piemont\u00e8isa\",\"potentialAction\":[{\"@type\":\"SearchAction\",\"target\":{\"@type\":\"EntryPoint\",\"urlTemplate\":\"https:\/\/giannidavico.it\/gopiedmont\/?s={search_term_string}\"},\"query-input\":\"required name=search_term_string\"}],\"inLanguage\":\"it-IT\"},{\"@type\":\"Person\",\"@id\":\"https:\/\/giannidavico.it\/gopiedmont\/#\/schema\/person\/6a96d8672f14b275ece93af45a6da78b\",\"name\":\"admin\",\"image\":{\"@type\":\"ImageObject\",\"inLanguage\":\"it-IT\",\"@id\":\"https:\/\/giannidavico.it\/gopiedmont\/#\/schema\/person\/image\/\",\"url\":\"https:\/\/secure.gravatar.com\/avatar\/337748753d882602f3038b55fb369ba1?s=96&d=mm&r=g\",\"contentUrl\":\"https:\/\/secure.gravatar.com\/avatar\/337748753d882602f3038b55fb369ba1?s=96&d=mm&r=g\",\"caption\":\"admin\"},\"url\":\"https:\/\/giannidavico.it\/gopiedmont\/author\/admin\/\"}]}<\/script>\n<!-- \/ Yoast SEO plugin. -->","yoast_head_json":{"title":"A l'ha colpime, an fond a la sala... - Go Piedmont","robots":{"index":"index","follow":"follow","max-snippet":"max-snippet:-1","max-image-preview":"max-image-preview:large","max-video-preview":"max-video-preview:-1"},"canonical":"https:\/\/giannidavico.it\/gopiedmont\/2010\/03\/31\/a-lha-colpime-an-fond-a-la-sala\/","og_locale":"it_IT","og_type":"article","og_title":"A l'ha colpime, an fond a la sala... - Go Piedmont","og_description":"J\u00e9r i l\u2019hai ten\u00f9 a Susa la tersa lession d\u00eb st\u2019ann p\u00ebr la Ca d\u00eb Studi, che peui a l\u2019\u00e9 sempre l\u2019istessa ma itineranta: \u00cbl piemont\u00e8is e ij cit. D\u00ebl p\u00ebrch\u00e8 e d\u00ebl p\u00ebrcome lese an piemont\u00e8is a n\u00f2ste masn\u00e0. I l\u2019hai trov\u00e0 na bon-a partecipassion, l\u00f2n ch\u2019a peul mach feme content. Impression d\u00ebl piemont\u00e8is come lenga viva. \u2018Dc\u00f2 p\u00ebrch\u00e8 a l\u2019ha colpime, l\u00e0 an fond a la sala, na fija \u2013 a l\u2019avr\u00e0 av\u00f9 vint agn o che \u2013 che a na bela mira a l\u2019ha fass\u00e9 coragi e pij\u00e0 la par\u00f2la, l\u00e0 an mes a tute cole p\u00ebrson-e ch\u2019a pod\u00eco esse s\u00f2 pare e mare e miraco \u2018dc\u00f2 (an qu\u00e0ich cas) ij s\u00f2 grand, p\u00ebr d\u00ec che a chila \u2018l piemont\u00e8is da cita a l\u2019han nen mostrajlo, ma che adess a veul amprendlo. Ecco, a m\u00eb mnis\u00eco an ment ij felici pochi d\u2019Elsa Morante, p\u00ebrch\u00e8 a son coste interassion ch\u2019a rendo p\u00ec significativa e pien-a na ciaciarada par\u00e8j. Im sent\u00eca a m\u00e9 ca, i j\u2019era content. A la fin le p\u00ebrson-e am ringrassiavo, e bele se i sav\u00eca nen p\u00ebr c\u00f2s i l\u2019avr\u00eca vorsuje d\u00ec spete, parloma ancora, foma un p\u00f2 \u2018d festa e un p\u00f2 \u2018d rabel. [\u2026] continua a leggere \u00bb","og_url":"https:\/\/giannidavico.it\/gopiedmont\/2010\/03\/31\/a-lha-colpime-an-fond-a-la-sala\/","og_site_name":"Go Piedmont","article_published_time":"2010-03-31T06:58:00+00:00","article_modified_time":"2013-12-17T13:30:07+00:00","author":"admin","twitter_card":"summary_large_image","twitter_misc":{"Scritto da":"admin","Tempo di lettura stimato":"1 minuto"},"schema":{"@context":"https:\/\/schema.org","@graph":[{"@type":"WebPage","@id":"https:\/\/giannidavico.it\/gopiedmont\/2010\/03\/31\/a-lha-colpime-an-fond-a-la-sala\/","url":"https:\/\/giannidavico.it\/gopiedmont\/2010\/03\/31\/a-lha-colpime-an-fond-a-la-sala\/","name":"A l'ha colpime, an fond a la sala... - Go Piedmont","isPartOf":{"@id":"https:\/\/giannidavico.it\/gopiedmont\/#website"},"datePublished":"2010-03-31T06:58:00+00:00","dateModified":"2013-12-17T13:30:07+00:00","author":{"@id":"https:\/\/giannidavico.it\/gopiedmont\/#\/schema\/person\/6a96d8672f14b275ece93af45a6da78b"},"inLanguage":"it-IT","potentialAction":[{"@type":"ReadAction","target":["https:\/\/giannidavico.it\/gopiedmont\/2010\/03\/31\/a-lha-colpime-an-fond-a-la-sala\/"]}]},{"@type":"WebSite","@id":"https:\/\/giannidavico.it\/gopiedmont\/#website","url":"https:\/\/giannidavico.it\/gopiedmont\/","name":"Go Piedmont","description":"pens\u00e9 dzora l\u00ecber, event e p\u00ebrson-e grop\u00e0 al Piemont e a la lenga piemont\u00e8isa","potentialAction":[{"@type":"SearchAction","target":{"@type":"EntryPoint","urlTemplate":"https:\/\/giannidavico.it\/gopiedmont\/?s={search_term_string}"},"query-input":"required name=search_term_string"}],"inLanguage":"it-IT"},{"@type":"Person","@id":"https:\/\/giannidavico.it\/gopiedmont\/#\/schema\/person\/6a96d8672f14b275ece93af45a6da78b","name":"admin","image":{"@type":"ImageObject","inLanguage":"it-IT","@id":"https:\/\/giannidavico.it\/gopiedmont\/#\/schema\/person\/image\/","url":"https:\/\/secure.gravatar.com\/avatar\/337748753d882602f3038b55fb369ba1?s=96&d=mm&r=g","contentUrl":"https:\/\/secure.gravatar.com\/avatar\/337748753d882602f3038b55fb369ba1?s=96&d=mm&r=g","caption":"admin"},"url":"https:\/\/giannidavico.it\/gopiedmont\/author\/admin\/"}]}},"_links":{"self":[{"href":"https:\/\/giannidavico.it\/gopiedmont\/wp-json\/wp\/v2\/posts\/232"}],"collection":[{"href":"https:\/\/giannidavico.it\/gopiedmont\/wp-json\/wp\/v2\/posts"}],"about":[{"href":"https:\/\/giannidavico.it\/gopiedmont\/wp-json\/wp\/v2\/types\/post"}],"author":[{"embeddable":true,"href":"https:\/\/giannidavico.it\/gopiedmont\/wp-json\/wp\/v2\/users\/1"}],"replies":[{"embeddable":true,"href":"https:\/\/giannidavico.it\/gopiedmont\/wp-json\/wp\/v2\/comments?post=232"}],"version-history":[{"count":1,"href":"https:\/\/giannidavico.it\/gopiedmont\/wp-json\/wp\/v2\/posts\/232\/revisions"}],"predecessor-version":[{"id":2064,"href":"https:\/\/giannidavico.it\/gopiedmont\/wp-json\/wp\/v2\/posts\/232\/revisions\/2064"}],"wp:attachment":[{"href":"https:\/\/giannidavico.it\/gopiedmont\/wp-json\/wp\/v2\/media?parent=232"}],"wp:term":[{"taxonomy":"category","embeddable":true,"href":"https:\/\/giannidavico.it\/gopiedmont\/wp-json\/wp\/v2\/categories?post=232"},{"taxonomy":"post_tag","embeddable":true,"href":"https:\/\/giannidavico.it\/gopiedmont\/wp-json\/wp\/v2\/tags?post=232"}],"curies":[{"name":"wp","href":"https:\/\/api.w.org\/{rel}","templated":true}]}}