{"id":2323,"date":"2014-06-18T07:50:05","date_gmt":"2014-06-18T06:50:05","guid":{"rendered":"https:\/\/giannidavico.it\/staging\/gopiedmont\/?p=2323"},"modified":"2014-08-15T18:38:00","modified_gmt":"2014-08-15T17:38:00","slug":"amemanera-nann-dop","status":"publish","type":"post","link":"https:\/\/giannidavico.it\/gopiedmont\/2014\/06\/18\/amemanera-nann-dop\/","title":{"rendered":"Amemanera, n&#8217;ann d\u00f2p"},"content":{"rendered":"<p><a href=\"https:\/\/giannidavico.it\/gopiedmont\/files\/2014\/06\/cover.jpg\"><img loading=\"lazy\" src=\"https:\/\/giannidavico.it\/gopiedmont\/files\/2014\/06\/cover-300x270.jpg\" alt=\"covertin-a Amemanera\" width=\"300\" height=\"270\" class=\"alignright size-medium wp-image-2331\" srcset=\"https:\/\/giannidavico.it\/gopiedmont\/files\/2014\/06\/cover-300x270.jpg 300w, https:\/\/giannidavico.it\/gopiedmont\/files\/2014\/06\/cover.jpg 852w\" sizes=\"(max-width: 300px) 100vw, 300px\" \/><\/a><br \/>\nN&#8217;ann f\u00e0 <a href=\"https:\/\/giannidavico.it\/gopiedmont\/2013\/05\/22\/amemanera\/\" title=\"AMEMANERA\">i parlava<\/a> d\u00ebl disch dj&#8217;<a href=\"http:\/\/amemanera.com\/\" title=\"AMEMANERA\" target=\"_blank\">Amemanera<\/a>. Adess i l&#8217;hai finalment catalo e ancamin\u00e0 a scotelo con atension. I na parl torna volent\u00e9 p\u00ebrch\u00e8 a l&#8217;\u00e9 na r\u00f2ba bela.<\/p>\n<p>Prima &#8216;d tut a colpiss l&#8217;atension a la m\u00f9sica: la m\u00f9sica a l&#8217;\u00e9 cur\u00e0 come ch&#8217;as deuv. A anciarma l&#8217;atension al particolar, le sonorit\u00e0 a son cur\u00e0, as intuiss che dar\u00e9 a-i \u00e9 un travaj nen da p\u00f2ch.<\/p>\n<p>Peui am pias la m\u00ebs-cia tra canson dla tradission, canson &#8220;n\u00f2ste&#8221; ch&#8217;i l&#8217;oma sent\u00f9 da sempe (<a href=\"https:\/\/giannidavico.it\/gopiedmont\/2012\/07\/04\/maria-gioana-torna\/\" title=\"Maria Gioana\u2026 torna!\">ambeless\u00ec<\/a>, pr&#8217;esempi, a-i \u00e9 la st\u00f2ria &#8216;d Maria Gioana), e canson neuve, scrite principalment da Marco Soria. Canson bele, bin pens\u00e0 e bin esegu\u00ece, ch&#8217;a sfigurer\u00eco nen bele s&#8217;a fusso an italian o an n&#8217;\u00e0utra lenga.<\/p>\n<p>Im ancant a sente Marica Canavese a d\u00ec \u00ebd par\u00f2le piemont\u00e8ise (<em>pastran<\/em>, pr&#8217;esempi): sente chila a cant\u00e9 an n\u00f2sta lenga a veul d\u00ec, an manera ci\u00e0ira, che \u2013 bele con tute le ci\u00f2che da m\u00f2rt ch&#8217;i sentoma \u2013 costa lenga a l&#8217;\u00e9 viva. Gi\u00e0, p\u00ebrch\u00e8 la m\u00f9sica a l&#8217;\u00e9 alegr\u00eca, veuja d\u00eb st\u00e9 ansema, \u00ebd piant\u00e9 \u00ebd rabel: an na par\u00f2la a l&#8217;\u00e9 vita.<\/p>\n<p>An tra le canson am pias particolarment <a href=\"https:\/\/www.youtube.com\/watch?v=XtNIWdVpNlo\" title=\"AMEMANERA - A m\u00e8 manera - Marica Canavese Marco Soria\" target=\"_blank\">cola ch&#8217;a d\u00e0 \u00ebl t\u00ectol al disch<\/a>:<\/p>\n<blockquote><p>Peui la s\u00e8ira \u02bcs raduno \u02bcnt la stala<br \/>\nant la paja col bestie davzin<br \/>\ntucc ansema foma o teatro<br \/>\nfoma and\u00e9 via fastidi e sagrin.<\/p>\n<p>Tante cassin-e tante famije<br \/>\ntante list\u00f2rie, canson e son\u00e8t<br \/>\na-i na j\u2019\u00e9 che i f\u00e0n pianze a-i na j\u2019\u00e9 che i fan rije<br \/>\nson tute quante ant \u00ebl m\u00e8 fassolet.<\/p>\n<p>Tuti diso ch\u2019a son \u02bcna lingera,<br \/>\nma a m\u00e9 manera travaj d\u00ebrc\u00f2 me.<\/p><\/blockquote>\n<p>E la leger\u00ebssa &#8216;d <em>Ven che &#8216;ndoma<\/em> e &#8216;d <em>Margaritin<\/em>!<\/p>\n<p>Im p\u00ebrm\u00ebtt \u00ebd d\u00e9 un sugeriment (n\u00f2, doi an vrit\u00e0) ai m\u00e8 vintesingh letor: s\u00ebrch\u00e9 cost disch (a l&#8217;\u00e9 nen belf\u00e9, a venta sav\u00e8jlo, p\u00ebrch\u00e8 la distribussion a l&#8217;\u00e9 \u00ebl problema principal dij grup cit &#8211; ma <a href=\"mailto:info@amemanera.com\">scrivi-je<\/a>, av lo mando p\u00ebr p\u00f2sta), catelo, scotelo. Opurament and\u00e9 a un dij tanti <a href=\"http:\/\/amemanera.com\/index.php\/ct-menu-item-9\" title=\"AMEMANERA - Appuntamenti\" target=\"_blank\">concert<\/a>. A sar\u00e0 tanta g\u00f2j.<\/p>\n","protected":false},"excerpt":{"rendered":"<p><a href=\"https:\/\/giannidavico.it\/gopiedmont\/files\/2014\/06\/cover.jpg\"><img loading=\"lazy\" src=\"https:\/\/giannidavico.it\/gopiedmont\/files\/2014\/06\/cover-300x270.jpg\" alt=\"covertin-a Amemanera\" width=\"300\" height=\"270\" class=\"alignright size-medium wp-image-2331\" srcset=\"https:\/\/giannidavico.it\/gopiedmont\/files\/2014\/06\/cover-300x270.jpg 300w, https:\/\/giannidavico.it\/gopiedmont\/files\/2014\/06\/cover.jpg 852w\" sizes=\"(max-width: 300px) 100vw, 300px\" \/><\/a><br \/> N&#8217;ann f\u00e0 <a href=\"https:\/\/giannidavico.it\/gopiedmont\/2013\/05\/22\/amemanera\/\" title=\"AMEMANERA\">i parlava<\/a> d\u00ebl disch dj&#8217;<a href=\"http:\/\/amemanera.com\/\" title=\"AMEMANERA\" target=\"_blank\">Amemanera<\/a>. Adess i l&#8217;hai finalment catalo e ancamin\u00e0 a scotelo con atension. I na parl torna volent\u00e9 p\u00ebrch\u00e8 a l&#8217;\u00e9 na r\u00f2ba bela.<\/p>\n<p>Prima &#8216;d tut a colpiss l&#8217;atension a la m\u00f9sica: la m\u00f9sica a l&#8217;\u00e9 cur\u00e0 come ch&#8217;as deuv. A anciarma l&#8217;atension al particolar, le sonorit\u00e0 a son cur\u00e0, as intuiss che dar\u00e9 a-i \u00e9 un travaj nen da p\u00f2ch.<\/p>\n<p>Peui am pias la m\u00ebs-cia tra canson dla tradission, canson &#8220;n\u00f2ste&#8221; ch&#8217;i l&#8217;oma sent\u00f9 da sempe (<a href=\"https:\/\/giannidavico.it\/gopiedmont\/2012\/07\/04\/maria-gioana-torna\/\" title=\"Maria Gioana\u2026 torna!\">ambeless\u00ec<\/a>, pr&#8217;esempi, a-i \u00e9 la st\u00f2ria &#8216;d Maria Gioana), e canson neuve, scrite principalment da Marco Soria. Canson bele, bin pens\u00e0 e bin esegu\u00ece, ch&#8217;a sfigurer\u00eco nen bele s&#8217;a fusso an italian o an n&#8217;\u00e0utra lenga.<\/p>\n<p>Im ancant a sente Marica Canavese a d\u00ec \u00ebd par\u00f2le piemont\u00e8ise (<em>pastran<\/em>, pr&#8217;esempi): sente chila a cant\u00e9 an n\u00f2sta lenga a veul d\u00ec, an manera ci\u00e0ira, che \u2013 bele con tute le ci\u00f2che da m\u00f2rt ch&#8217;i sentoma \u2013 costa lenga a l&#8217;\u00e9 viva. Gi\u00e0, p\u00ebrch\u00e8 la m\u00f9sica a l&#8217;\u00e9 alegr\u00eca, veuja [\u2026] <a class=\"moretag\" href=\"https:\/\/giannidavico.it\/gopiedmont\/2014\/06\/18\/amemanera-nann-dop\/\">continua a leggere \u00bb<\/a><\/p>\n","protected":false},"author":4,"featured_media":0,"comment_status":"open","ping_status":"open","sticky":false,"template":"","format":"standard","meta":[],"categories":[130],"tags":[45],"yoast_head":"<!-- This site is optimized with the Yoast SEO plugin v19.14 - https:\/\/yoast.com\/wordpress\/plugins\/seo\/ -->\n<title>Amemanera, n&#039;ann d\u00f2p - Go Piedmont<\/title>\n<meta name=\"robots\" content=\"index, follow, max-snippet:-1, max-image-preview:large, max-video-preview:-1\" \/>\n<link rel=\"canonical\" href=\"https:\/\/giannidavico.it\/gopiedmont\/2014\/06\/18\/amemanera-nann-dop\/\" \/>\n<meta property=\"og:locale\" content=\"it_IT\" \/>\n<meta property=\"og:type\" content=\"article\" \/>\n<meta property=\"og:title\" content=\"Amemanera, n&#039;ann d\u00f2p - Go Piedmont\" \/>\n<meta property=\"og:description\" content=\"N&#8217;ann f\u00e0 i parlava d\u00ebl disch dj&#8217;Amemanera. Adess i l&#8217;hai finalment catalo e ancamin\u00e0 a scotelo con atension. I na parl torna volent\u00e9 p\u00ebrch\u00e8 a l&#8217;\u00e9 na r\u00f2ba bela. Prima &#8216;d tut a colpiss l&#8217;atension a la m\u00f9sica: la m\u00f9sica a l&#8217;\u00e9 cur\u00e0 come ch&#8217;as deuv. A anciarma l&#8217;atension al particolar, le sonorit\u00e0 a son cur\u00e0, as intuiss che dar\u00e9 a-i \u00e9 un travaj nen da p\u00f2ch. Peui am pias la m\u00ebs-cia tra canson dla tradission, canson &#8220;n\u00f2ste&#8221; ch&#8217;i l&#8217;oma sent\u00f9 da sempe (ambeless\u00ec, pr&#8217;esempi, a-i \u00e9 la st\u00f2ria &#8216;d Maria Gioana), e canson neuve, scrite principalment da Marco Soria. Canson bele, bin pens\u00e0 e bin esegu\u00ece, ch&#8217;a sfigurer\u00eco nen bele s&#8217;a fusso an italian o an n&#8217;\u00e0utra lenga. Im ancant a sente Marica Canavese a d\u00ec \u00ebd par\u00f2le piemont\u00e8ise (pastran, pr&#8217;esempi): sente chila a cant\u00e9 an n\u00f2sta lenga a veul d\u00ec, an manera ci\u00e0ira, che \u2013 bele con tute le ci\u00f2che da m\u00f2rt ch&#8217;i sentoma \u2013 costa lenga a l&#8217;\u00e9 viva. Gi\u00e0, p\u00ebrch\u00e8 la m\u00f9sica a l&#8217;\u00e9 alegr\u00eca, veuja [\u2026] continua a leggere \u00bb\" \/>\n<meta property=\"og:url\" content=\"https:\/\/giannidavico.it\/gopiedmont\/2014\/06\/18\/amemanera-nann-dop\/\" \/>\n<meta property=\"og:site_name\" content=\"Go Piedmont\" \/>\n<meta property=\"article:published_time\" content=\"2014-06-18T06:50:05+00:00\" \/>\n<meta property=\"article:modified_time\" content=\"2014-08-15T17:38:00+00:00\" \/>\n<meta property=\"og:image\" content=\"https:\/\/giannidavico.it\/gopiedmont\/files\/2014\/06\/cover-300x270.jpg\" \/>\n<meta name=\"author\" content=\"giannidavico\" \/>\n<meta name=\"twitter:card\" content=\"summary_large_image\" \/>\n<meta name=\"twitter:label1\" content=\"Scritto da\" \/>\n\t<meta name=\"twitter:data1\" content=\"giannidavico\" \/>\n\t<meta name=\"twitter:label2\" content=\"Tempo di lettura stimato\" \/>\n\t<meta name=\"twitter:data2\" content=\"2 minuti\" \/>\n<script type=\"application\/ld+json\" class=\"yoast-schema-graph\">{\"@context\":\"https:\/\/schema.org\",\"@graph\":[{\"@type\":\"WebPage\",\"@id\":\"https:\/\/giannidavico.it\/gopiedmont\/2014\/06\/18\/amemanera-nann-dop\/\",\"url\":\"https:\/\/giannidavico.it\/gopiedmont\/2014\/06\/18\/amemanera-nann-dop\/\",\"name\":\"Amemanera, n'ann d\u00f2p - Go Piedmont\",\"isPartOf\":{\"@id\":\"https:\/\/giannidavico.it\/gopiedmont\/#website\"},\"datePublished\":\"2014-06-18T06:50:05+00:00\",\"dateModified\":\"2014-08-15T17:38:00+00:00\",\"author\":{\"@id\":\"https:\/\/giannidavico.it\/gopiedmont\/#\/schema\/person\/ea1fd17d8f2dba325f3712219efa8f77\"},\"inLanguage\":\"it-IT\",\"potentialAction\":[{\"@type\":\"ReadAction\",\"target\":[\"https:\/\/giannidavico.it\/gopiedmont\/2014\/06\/18\/amemanera-nann-dop\/\"]}]},{\"@type\":\"WebSite\",\"@id\":\"https:\/\/giannidavico.it\/gopiedmont\/#website\",\"url\":\"https:\/\/giannidavico.it\/gopiedmont\/\",\"name\":\"Go Piedmont\",\"description\":\"pens\u00e9 dzora l\u00ecber, event e p\u00ebrson-e grop\u00e0 al Piemont e a la lenga piemont\u00e8isa\",\"potentialAction\":[{\"@type\":\"SearchAction\",\"target\":{\"@type\":\"EntryPoint\",\"urlTemplate\":\"https:\/\/giannidavico.it\/gopiedmont\/?s={search_term_string}\"},\"query-input\":\"required name=search_term_string\"}],\"inLanguage\":\"it-IT\"},{\"@type\":\"Person\",\"@id\":\"https:\/\/giannidavico.it\/gopiedmont\/#\/schema\/person\/ea1fd17d8f2dba325f3712219efa8f77\",\"name\":\"giannidavico\",\"image\":{\"@type\":\"ImageObject\",\"inLanguage\":\"it-IT\",\"@id\":\"https:\/\/giannidavico.it\/gopiedmont\/#\/schema\/person\/image\/\",\"url\":\"https:\/\/secure.gravatar.com\/avatar\/337748753d882602f3038b55fb369ba1?s=96&d=mm&r=g\",\"contentUrl\":\"https:\/\/secure.gravatar.com\/avatar\/337748753d882602f3038b55fb369ba1?s=96&d=mm&r=g\",\"caption\":\"giannidavico\"},\"url\":\"https:\/\/giannidavico.it\/gopiedmont\/author\/giannidavico\/\"}]}<\/script>\n<!-- \/ Yoast SEO plugin. -->","yoast_head_json":{"title":"Amemanera, n'ann d\u00f2p - Go Piedmont","robots":{"index":"index","follow":"follow","max-snippet":"max-snippet:-1","max-image-preview":"max-image-preview:large","max-video-preview":"max-video-preview:-1"},"canonical":"https:\/\/giannidavico.it\/gopiedmont\/2014\/06\/18\/amemanera-nann-dop\/","og_locale":"it_IT","og_type":"article","og_title":"Amemanera, n'ann d\u00f2p - Go Piedmont","og_description":"N&#8217;ann f\u00e0 i parlava d\u00ebl disch dj&#8217;Amemanera. Adess i l&#8217;hai finalment catalo e ancamin\u00e0 a scotelo con atension. I na parl torna volent\u00e9 p\u00ebrch\u00e8 a l&#8217;\u00e9 na r\u00f2ba bela. Prima &#8216;d tut a colpiss l&#8217;atension a la m\u00f9sica: la m\u00f9sica a l&#8217;\u00e9 cur\u00e0 come ch&#8217;as deuv. A anciarma l&#8217;atension al particolar, le sonorit\u00e0 a son cur\u00e0, as intuiss che dar\u00e9 a-i \u00e9 un travaj nen da p\u00f2ch. Peui am pias la m\u00ebs-cia tra canson dla tradission, canson &#8220;n\u00f2ste&#8221; ch&#8217;i l&#8217;oma sent\u00f9 da sempe (ambeless\u00ec, pr&#8217;esempi, a-i \u00e9 la st\u00f2ria &#8216;d Maria Gioana), e canson neuve, scrite principalment da Marco Soria. Canson bele, bin pens\u00e0 e bin esegu\u00ece, ch&#8217;a sfigurer\u00eco nen bele s&#8217;a fusso an italian o an n&#8217;\u00e0utra lenga. Im ancant a sente Marica Canavese a d\u00ec \u00ebd par\u00f2le piemont\u00e8ise (pastran, pr&#8217;esempi): sente chila a cant\u00e9 an n\u00f2sta lenga a veul d\u00ec, an manera ci\u00e0ira, che \u2013 bele con tute le ci\u00f2che da m\u00f2rt ch&#8217;i sentoma \u2013 costa lenga a l&#8217;\u00e9 viva. Gi\u00e0, p\u00ebrch\u00e8 la m\u00f9sica a l&#8217;\u00e9 alegr\u00eca, veuja [\u2026] continua a leggere \u00bb","og_url":"https:\/\/giannidavico.it\/gopiedmont\/2014\/06\/18\/amemanera-nann-dop\/","og_site_name":"Go Piedmont","article_published_time":"2014-06-18T06:50:05+00:00","article_modified_time":"2014-08-15T17:38:00+00:00","og_image":[{"url":"https:\/\/giannidavico.it\/gopiedmont\/files\/2014\/06\/cover-300x270.jpg"}],"author":"giannidavico","twitter_card":"summary_large_image","twitter_misc":{"Scritto da":"giannidavico","Tempo di lettura stimato":"2 minuti"},"schema":{"@context":"https:\/\/schema.org","@graph":[{"@type":"WebPage","@id":"https:\/\/giannidavico.it\/gopiedmont\/2014\/06\/18\/amemanera-nann-dop\/","url":"https:\/\/giannidavico.it\/gopiedmont\/2014\/06\/18\/amemanera-nann-dop\/","name":"Amemanera, n'ann d\u00f2p - Go Piedmont","isPartOf":{"@id":"https:\/\/giannidavico.it\/gopiedmont\/#website"},"datePublished":"2014-06-18T06:50:05+00:00","dateModified":"2014-08-15T17:38:00+00:00","author":{"@id":"https:\/\/giannidavico.it\/gopiedmont\/#\/schema\/person\/ea1fd17d8f2dba325f3712219efa8f77"},"inLanguage":"it-IT","potentialAction":[{"@type":"ReadAction","target":["https:\/\/giannidavico.it\/gopiedmont\/2014\/06\/18\/amemanera-nann-dop\/"]}]},{"@type":"WebSite","@id":"https:\/\/giannidavico.it\/gopiedmont\/#website","url":"https:\/\/giannidavico.it\/gopiedmont\/","name":"Go Piedmont","description":"pens\u00e9 dzora l\u00ecber, event e p\u00ebrson-e grop\u00e0 al Piemont e a la lenga piemont\u00e8isa","potentialAction":[{"@type":"SearchAction","target":{"@type":"EntryPoint","urlTemplate":"https:\/\/giannidavico.it\/gopiedmont\/?s={search_term_string}"},"query-input":"required name=search_term_string"}],"inLanguage":"it-IT"},{"@type":"Person","@id":"https:\/\/giannidavico.it\/gopiedmont\/#\/schema\/person\/ea1fd17d8f2dba325f3712219efa8f77","name":"giannidavico","image":{"@type":"ImageObject","inLanguage":"it-IT","@id":"https:\/\/giannidavico.it\/gopiedmont\/#\/schema\/person\/image\/","url":"https:\/\/secure.gravatar.com\/avatar\/337748753d882602f3038b55fb369ba1?s=96&d=mm&r=g","contentUrl":"https:\/\/secure.gravatar.com\/avatar\/337748753d882602f3038b55fb369ba1?s=96&d=mm&r=g","caption":"giannidavico"},"url":"https:\/\/giannidavico.it\/gopiedmont\/author\/giannidavico\/"}]}},"_links":{"self":[{"href":"https:\/\/giannidavico.it\/gopiedmont\/wp-json\/wp\/v2\/posts\/2323"}],"collection":[{"href":"https:\/\/giannidavico.it\/gopiedmont\/wp-json\/wp\/v2\/posts"}],"about":[{"href":"https:\/\/giannidavico.it\/gopiedmont\/wp-json\/wp\/v2\/types\/post"}],"author":[{"embeddable":true,"href":"https:\/\/giannidavico.it\/gopiedmont\/wp-json\/wp\/v2\/users\/4"}],"replies":[{"embeddable":true,"href":"https:\/\/giannidavico.it\/gopiedmont\/wp-json\/wp\/v2\/comments?post=2323"}],"version-history":[{"count":9,"href":"https:\/\/giannidavico.it\/gopiedmont\/wp-json\/wp\/v2\/posts\/2323\/revisions"}],"predecessor-version":[{"id":2329,"href":"https:\/\/giannidavico.it\/gopiedmont\/wp-json\/wp\/v2\/posts\/2323\/revisions\/2329"}],"wp:attachment":[{"href":"https:\/\/giannidavico.it\/gopiedmont\/wp-json\/wp\/v2\/media?parent=2323"}],"wp:term":[{"taxonomy":"category","embeddable":true,"href":"https:\/\/giannidavico.it\/gopiedmont\/wp-json\/wp\/v2\/categories?post=2323"},{"taxonomy":"post_tag","embeddable":true,"href":"https:\/\/giannidavico.it\/gopiedmont\/wp-json\/wp\/v2\/tags?post=2323"}],"curies":[{"name":"wp","href":"https:\/\/api.w.org\/{rel}","templated":true}]}}