{"id":2335,"date":"2014-06-25T10:44:27","date_gmt":"2014-06-25T09:44:27","guid":{"rendered":"https:\/\/giannidavico.it\/staging\/gopiedmont\/?p=2335"},"modified":"2015-09-22T13:20:00","modified_gmt":"2015-09-22T12:20:00","slug":"giovanni-guareschi-bull","status":"publish","type":"post","link":"https:\/\/giannidavico.it\/gopiedmont\/2014\/06\/25\/giovanni-guareschi-bull\/","title":{"rendered":"Giovanni Guareschi, Bull"},"content":{"rendered":"<p><a href=\"https:\/\/giannidavico.it\/gopiedmont\/files\/2014\/01\/Baffo-racconta.jpg\"><img loading=\"lazy\" src=\"https:\/\/giannidavico.it\/gopiedmont\/files\/2014\/01\/Baffo-racconta.jpg\" alt=\"Baffo racconta\" width=\"170\" height=\"260\" class=\"alignright size-full wp-image-2093\" \/><\/a><br \/>\nTorna Guareschi, torna mers\u00ec al viragi an piemont\u00e8is \u00ebd Renato Agagliate.<\/p>\n<p>As treuva <a href=\"https:\/\/giannidavico.it\/gopiedmont\/files\/2014\/06\/Bull.pdf\" title=\"Bull\">ambeless\u00ec<\/a>. A l&#8217;\u00e9 gav\u00e0 da <a href=\"http:\/\/www.amazon.it\/Baffo-racconta-Giovanni-Guareschi\/dp\/8817009571\/ref=sr_1_1?ie=UTF8&#038;qid=1442924363&#038;sr=8-1&#038;tag=giandavi-21\" title=\"Giovanni Guareschi, Baffo racconta\" target=\"_blank\">cost l\u00ecber<\/a>.<\/p>\n<p>Na sitassion:<\/p>\n<blockquote><p>P\u00ebr l\u00f2n ch\u2019a r\u00ebsguarda la ramass\u00ebtta avos\u00e0, a l\u2019\u00e9 verific\u00e0 che, d\u00f2p \u2019d cola s\u00e8ira, a l\u2019ha torna pij\u00e0 soe fonsion d\u2019ardrissa-cav\u00e8j.<br \/>\nS\u00f2n i lo disoma p\u00ebrch\u00e8 la st\u00f2ria a sia completa. As peul nen, ant na conta, lass\u00e9 na ramass\u00ebtta an sosp\u00e8is.<\/p><\/blockquote>\n<p>Gi\u00e0, ij detaj a fan la diferensa!<\/p>\n","protected":false},"excerpt":{"rendered":"<p><a href=\"https:\/\/giannidavico.it\/gopiedmont\/files\/2014\/01\/Baffo-racconta.jpg\"><img loading=\"lazy\" src=\"https:\/\/giannidavico.it\/gopiedmont\/files\/2014\/01\/Baffo-racconta.jpg\" alt=\"Baffo racconta\" width=\"170\" height=\"260\" class=\"alignright size-full wp-image-2093\" \/><\/a><br \/> Torna Guareschi, torna mers\u00ec al viragi an piemont\u00e8is \u00ebd Renato Agagliate.<\/p>\n<p>As treuva <a href=\"https:\/\/giannidavico.it\/gopiedmont\/files\/2014\/06\/Bull.pdf\" title=\"Bull\">ambeless\u00ec<\/a>. A l&#8217;\u00e9 gav\u00e0 da <a href=\"http:\/\/www.amazon.it\/Baffo-racconta-Giovanni-Guareschi\/dp\/8817009571\/ref=sr_1_1?ie=UTF8&#038;qid=1442924363&#038;sr=8-1&#038;tag=giandavi-21\" title=\"Giovanni Guareschi, Baffo racconta\" target=\"_blank\">cost l\u00ecber<\/a>.<\/p>\n<p>Na sitassion:<\/p>\n<p>P\u00ebr l\u00f2n ch\u2019a r\u00ebsguarda la ramass\u00ebtta avos\u00e0, a l\u2019\u00e9 verific\u00e0 che, d\u00f2p \u2019d cola s\u00e8ira, a l\u2019ha torna pij\u00e0 soe fonsion d\u2019ardrissa-cav\u00e8j.<br \/> S\u00f2n i lo disoma p\u00ebrch\u00e8 la st\u00f2ria a sia completa. As peul nen, ant na conta, lass\u00e9 na ramass\u00ebtta an sosp\u00e8is.<\/p>\n<p>Gi\u00e0, ij detaj a fan la diferensa!<\/p>\n","protected":false},"author":4,"featured_media":0,"comment_status":"open","ping_status":"open","sticky":false,"template":"","format":"standard","meta":[],"categories":[130],"tags":[7851],"yoast_head":"<!-- This site is optimized with the Yoast SEO plugin v19.14 - https:\/\/yoast.com\/wordpress\/plugins\/seo\/ -->\n<title>Giovanni Guareschi, Bull - Go Piedmont<\/title>\n<meta name=\"robots\" content=\"index, follow, max-snippet:-1, max-image-preview:large, max-video-preview:-1\" \/>\n<link rel=\"canonical\" href=\"https:\/\/giannidavico.it\/gopiedmont\/2014\/06\/25\/giovanni-guareschi-bull\/\" \/>\n<meta property=\"og:locale\" content=\"it_IT\" \/>\n<meta property=\"og:type\" content=\"article\" \/>\n<meta property=\"og:title\" content=\"Giovanni Guareschi, Bull - Go Piedmont\" \/>\n<meta property=\"og:description\" content=\"Torna Guareschi, torna mers\u00ec al viragi an piemont\u00e8is \u00ebd Renato Agagliate. As treuva ambeless\u00ec. A l&#8217;\u00e9 gav\u00e0 da cost l\u00ecber. Na sitassion: P\u00ebr l\u00f2n ch\u2019a r\u00ebsguarda la ramass\u00ebtta avos\u00e0, a l\u2019\u00e9 verific\u00e0 che, d\u00f2p \u2019d cola s\u00e8ira, a l\u2019ha torna pij\u00e0 soe fonsion d\u2019ardrissa-cav\u00e8j. S\u00f2n i lo disoma p\u00ebrch\u00e8 la st\u00f2ria a sia completa. As peul nen, ant na conta, lass\u00e9 na ramass\u00ebtta an sosp\u00e8is. Gi\u00e0, ij detaj a fan la diferensa!\" \/>\n<meta property=\"og:url\" content=\"https:\/\/giannidavico.it\/gopiedmont\/2014\/06\/25\/giovanni-guareschi-bull\/\" \/>\n<meta property=\"og:site_name\" content=\"Go Piedmont\" \/>\n<meta property=\"article:published_time\" content=\"2014-06-25T09:44:27+00:00\" \/>\n<meta property=\"article:modified_time\" content=\"2015-09-22T12:20:00+00:00\" \/>\n<meta property=\"og:image\" content=\"https:\/\/giannidavico.it\/gopiedmont\/files\/2014\/01\/Baffo-racconta.jpg\" \/>\n<meta name=\"author\" content=\"giannidavico\" \/>\n<meta name=\"twitter:card\" content=\"summary_large_image\" \/>\n<meta name=\"twitter:label1\" content=\"Scritto da\" \/>\n\t<meta name=\"twitter:data1\" content=\"giannidavico\" \/>\n<script type=\"application\/ld+json\" class=\"yoast-schema-graph\">{\"@context\":\"https:\/\/schema.org\",\"@graph\":[{\"@type\":\"WebPage\",\"@id\":\"https:\/\/giannidavico.it\/gopiedmont\/2014\/06\/25\/giovanni-guareschi-bull\/\",\"url\":\"https:\/\/giannidavico.it\/gopiedmont\/2014\/06\/25\/giovanni-guareschi-bull\/\",\"name\":\"Giovanni Guareschi, Bull - Go Piedmont\",\"isPartOf\":{\"@id\":\"https:\/\/giannidavico.it\/gopiedmont\/#website\"},\"datePublished\":\"2014-06-25T09:44:27+00:00\",\"dateModified\":\"2015-09-22T12:20:00+00:00\",\"author\":{\"@id\":\"https:\/\/giannidavico.it\/gopiedmont\/#\/schema\/person\/ea1fd17d8f2dba325f3712219efa8f77\"},\"inLanguage\":\"it-IT\",\"potentialAction\":[{\"@type\":\"ReadAction\",\"target\":[\"https:\/\/giannidavico.it\/gopiedmont\/2014\/06\/25\/giovanni-guareschi-bull\/\"]}]},{\"@type\":\"WebSite\",\"@id\":\"https:\/\/giannidavico.it\/gopiedmont\/#website\",\"url\":\"https:\/\/giannidavico.it\/gopiedmont\/\",\"name\":\"Go Piedmont\",\"description\":\"pens\u00e9 dzora l\u00ecber, event e p\u00ebrson-e grop\u00e0 al Piemont e a la lenga piemont\u00e8isa\",\"potentialAction\":[{\"@type\":\"SearchAction\",\"target\":{\"@type\":\"EntryPoint\",\"urlTemplate\":\"https:\/\/giannidavico.it\/gopiedmont\/?s={search_term_string}\"},\"query-input\":\"required name=search_term_string\"}],\"inLanguage\":\"it-IT\"},{\"@type\":\"Person\",\"@id\":\"https:\/\/giannidavico.it\/gopiedmont\/#\/schema\/person\/ea1fd17d8f2dba325f3712219efa8f77\",\"name\":\"giannidavico\",\"image\":{\"@type\":\"ImageObject\",\"inLanguage\":\"it-IT\",\"@id\":\"https:\/\/giannidavico.it\/gopiedmont\/#\/schema\/person\/image\/\",\"url\":\"https:\/\/secure.gravatar.com\/avatar\/337748753d882602f3038b55fb369ba1?s=96&d=mm&r=g\",\"contentUrl\":\"https:\/\/secure.gravatar.com\/avatar\/337748753d882602f3038b55fb369ba1?s=96&d=mm&r=g\",\"caption\":\"giannidavico\"},\"url\":\"https:\/\/giannidavico.it\/gopiedmont\/author\/giannidavico\/\"}]}<\/script>\n<!-- \/ Yoast SEO plugin. -->","yoast_head_json":{"title":"Giovanni Guareschi, Bull - Go Piedmont","robots":{"index":"index","follow":"follow","max-snippet":"max-snippet:-1","max-image-preview":"max-image-preview:large","max-video-preview":"max-video-preview:-1"},"canonical":"https:\/\/giannidavico.it\/gopiedmont\/2014\/06\/25\/giovanni-guareschi-bull\/","og_locale":"it_IT","og_type":"article","og_title":"Giovanni Guareschi, Bull - Go Piedmont","og_description":"Torna Guareschi, torna mers\u00ec al viragi an piemont\u00e8is \u00ebd Renato Agagliate. As treuva ambeless\u00ec. A l&#8217;\u00e9 gav\u00e0 da cost l\u00ecber. Na sitassion: P\u00ebr l\u00f2n ch\u2019a r\u00ebsguarda la ramass\u00ebtta avos\u00e0, a l\u2019\u00e9 verific\u00e0 che, d\u00f2p \u2019d cola s\u00e8ira, a l\u2019ha torna pij\u00e0 soe fonsion d\u2019ardrissa-cav\u00e8j. S\u00f2n i lo disoma p\u00ebrch\u00e8 la st\u00f2ria a sia completa. As peul nen, ant na conta, lass\u00e9 na ramass\u00ebtta an sosp\u00e8is. Gi\u00e0, ij detaj a fan la diferensa!","og_url":"https:\/\/giannidavico.it\/gopiedmont\/2014\/06\/25\/giovanni-guareschi-bull\/","og_site_name":"Go Piedmont","article_published_time":"2014-06-25T09:44:27+00:00","article_modified_time":"2015-09-22T12:20:00+00:00","og_image":[{"url":"https:\/\/giannidavico.it\/gopiedmont\/files\/2014\/01\/Baffo-racconta.jpg"}],"author":"giannidavico","twitter_card":"summary_large_image","twitter_misc":{"Scritto da":"giannidavico"},"schema":{"@context":"https:\/\/schema.org","@graph":[{"@type":"WebPage","@id":"https:\/\/giannidavico.it\/gopiedmont\/2014\/06\/25\/giovanni-guareschi-bull\/","url":"https:\/\/giannidavico.it\/gopiedmont\/2014\/06\/25\/giovanni-guareschi-bull\/","name":"Giovanni Guareschi, Bull - Go Piedmont","isPartOf":{"@id":"https:\/\/giannidavico.it\/gopiedmont\/#website"},"datePublished":"2014-06-25T09:44:27+00:00","dateModified":"2015-09-22T12:20:00+00:00","author":{"@id":"https:\/\/giannidavico.it\/gopiedmont\/#\/schema\/person\/ea1fd17d8f2dba325f3712219efa8f77"},"inLanguage":"it-IT","potentialAction":[{"@type":"ReadAction","target":["https:\/\/giannidavico.it\/gopiedmont\/2014\/06\/25\/giovanni-guareschi-bull\/"]}]},{"@type":"WebSite","@id":"https:\/\/giannidavico.it\/gopiedmont\/#website","url":"https:\/\/giannidavico.it\/gopiedmont\/","name":"Go Piedmont","description":"pens\u00e9 dzora l\u00ecber, event e p\u00ebrson-e grop\u00e0 al Piemont e a la lenga piemont\u00e8isa","potentialAction":[{"@type":"SearchAction","target":{"@type":"EntryPoint","urlTemplate":"https:\/\/giannidavico.it\/gopiedmont\/?s={search_term_string}"},"query-input":"required name=search_term_string"}],"inLanguage":"it-IT"},{"@type":"Person","@id":"https:\/\/giannidavico.it\/gopiedmont\/#\/schema\/person\/ea1fd17d8f2dba325f3712219efa8f77","name":"giannidavico","image":{"@type":"ImageObject","inLanguage":"it-IT","@id":"https:\/\/giannidavico.it\/gopiedmont\/#\/schema\/person\/image\/","url":"https:\/\/secure.gravatar.com\/avatar\/337748753d882602f3038b55fb369ba1?s=96&d=mm&r=g","contentUrl":"https:\/\/secure.gravatar.com\/avatar\/337748753d882602f3038b55fb369ba1?s=96&d=mm&r=g","caption":"giannidavico"},"url":"https:\/\/giannidavico.it\/gopiedmont\/author\/giannidavico\/"}]}},"_links":{"self":[{"href":"https:\/\/giannidavico.it\/gopiedmont\/wp-json\/wp\/v2\/posts\/2335"}],"collection":[{"href":"https:\/\/giannidavico.it\/gopiedmont\/wp-json\/wp\/v2\/posts"}],"about":[{"href":"https:\/\/giannidavico.it\/gopiedmont\/wp-json\/wp\/v2\/types\/post"}],"author":[{"embeddable":true,"href":"https:\/\/giannidavico.it\/gopiedmont\/wp-json\/wp\/v2\/users\/4"}],"replies":[{"embeddable":true,"href":"https:\/\/giannidavico.it\/gopiedmont\/wp-json\/wp\/v2\/comments?post=2335"}],"version-history":[{"count":2,"href":"https:\/\/giannidavico.it\/gopiedmont\/wp-json\/wp\/v2\/posts\/2335\/revisions"}],"predecessor-version":[{"id":2953,"href":"https:\/\/giannidavico.it\/gopiedmont\/wp-json\/wp\/v2\/posts\/2335\/revisions\/2953"}],"wp:attachment":[{"href":"https:\/\/giannidavico.it\/gopiedmont\/wp-json\/wp\/v2\/media?parent=2335"}],"wp:term":[{"taxonomy":"category","embeddable":true,"href":"https:\/\/giannidavico.it\/gopiedmont\/wp-json\/wp\/v2\/categories?post=2335"},{"taxonomy":"post_tag","embeddable":true,"href":"https:\/\/giannidavico.it\/gopiedmont\/wp-json\/wp\/v2\/tags?post=2335"}],"curies":[{"name":"wp","href":"https:\/\/api.w.org\/{rel}","templated":true}]}}