{"id":2346,"date":"2014-07-09T13:40:00","date_gmt":"2014-07-09T12:40:00","guid":{"rendered":"https:\/\/giannidavico.it\/staging\/gopiedmont\/?p=2346"},"modified":"2014-07-09T13:40:00","modified_gmt":"2014-07-09T12:40:00","slug":"ant-la-crosiera-del-caucas","status":"publish","type":"post","link":"https:\/\/giannidavico.it\/gopiedmont\/2014\/07\/09\/ant-la-crosiera-del-caucas\/","title":{"rendered":"Ant la crosiera d\u00ebl Caucas"},"content":{"rendered":"<p><a href=\"https:\/\/giannidavico.it\/gopiedmont\/files\/2014\/07\/Caucas.jpg\"><img loading=\"lazy\" src=\"https:\/\/giannidavico.it\/gopiedmont\/files\/2014\/07\/Caucas-300x212.jpg\" alt=\"Caucas\" width=\"300\" height=\"212\" class=\"alignright size-medium wp-image-2349\" srcset=\"https:\/\/giannidavico.it\/gopiedmont\/files\/2014\/07\/Caucas-300x212.jpg 300w, https:\/\/giannidavico.it\/gopiedmont\/files\/2014\/07\/Caucas-1024x724.jpg 1024w, https:\/\/giannidavico.it\/gopiedmont\/files\/2014\/07\/Caucas.jpg 1208w\" sizes=\"(max-width: 300px) 100vw, 300px\" \/><\/a><br \/>\nLun-es 14 luj, a 6 e mesa d\u00ebl d\u00f2p mesd\u00ec a la <a href=\"http:\/\/www.studipiemontesi.it\/\" title=\"Ca d\u00eb Studi Piemont\u00e8is\" target=\"_blank\">Ca d\u00eb Studi Piemont\u00e8is<\/a> (contr\u00e0 Ottavio Revel 15 a Turin), Fabrissi Vielmin a tnir\u00e0 na conferensa ansima a le vicende st\u00f2riche e pol\u00ectiche dl&#8217;area d\u00ebl Caucas.<\/p>\n<p><a href=\"https:\/\/giannidavico.it\/gopiedmont\/files\/2014\/07\/Caucas.pdf\" title=\"Ant la crosiera d\u00ebl Caucas\">Ambeless\u00ec<\/a> l&#8217;anvit.<\/p>\n<p>A l&#8217;\u00e9 bel sav\u00e8j che la conferensa a sar\u00e0 an piemont\u00e8is &#8211; Fabrissi, piemontesista da tanti agn, a j&#8217;era un dj&#8217;articolist\u00e0 d'&#8221;<a href=\"http:\/\/pms.wikipedia.org\/wiki\/%C3%89!\" title=\"\u00e9! - Afermativ piemont\u00e8is\" target=\"_blank\">\u00e9!<\/a>&#8220;. Costa a l&#8217;\u00e9 na r\u00f2ba bela, p\u00ebrch\u00e8, com ch&#8217;a dis Fabrissi midem,<\/p>\n<blockquote><p>L\u2019ancontr a l&#8217;\u00e9 na bon-a ocasion p\u00ebr anformesse su un tema che a l&#8217;\u00e9 malf\u00e9 trov\u00e9 sij n\u00f2sti giornaj, e ansema na d\u00ebsfida p\u00ebr armarch\u00e9 coma la lenga piemont\u00e8isa a peussa esse strument ch&#8217;a ven a taj p\u00ebr parl\u00e9 &#8216;d tuti j&#8217;argoment, e an cost cas s\u00ec &#8216;d politica ant\u00ebrnassional.<\/p><\/blockquote>\n<p>Mi &#8216;d pol\u00ectica anternassional i na capiss p\u00f2ch, e &#8216;d Causas ancor meno, ma cola id\u00e8ja &#8211; che &#8216;l piemont\u00e8is a l&#8217;\u00e9 na lenga &#8216;d comunicassion, nen mach un dial\u00e8t bon p\u00ebr parl\u00e9 \u00ebd poes\u00eca e dij n\u00f2sti vej &#8211; a l&#8217;\u00e9 da tanti, tanti agn bin ci\u00e0ira an mi.<\/p>\n<p>Donca un &#8220;brav&#8221; a Fabrissi, e mers\u00ec a la Ca d\u00eb Studi p\u00ebr cost ancontr. R\u00f2ba p\u00ebr p\u00f2chi, as capiss, ma fosonanta.<\/p>\n","protected":false},"excerpt":{"rendered":"<p><a href=\"https:\/\/giannidavico.it\/gopiedmont\/files\/2014\/07\/Caucas.jpg\"><img loading=\"lazy\" src=\"https:\/\/giannidavico.it\/gopiedmont\/files\/2014\/07\/Caucas-300x212.jpg\" alt=\"Caucas\" width=\"300\" height=\"212\" class=\"alignright size-medium wp-image-2349\" srcset=\"https:\/\/giannidavico.it\/gopiedmont\/files\/2014\/07\/Caucas-300x212.jpg 300w, https:\/\/giannidavico.it\/gopiedmont\/files\/2014\/07\/Caucas-1024x724.jpg 1024w, https:\/\/giannidavico.it\/gopiedmont\/files\/2014\/07\/Caucas.jpg 1208w\" sizes=\"(max-width: 300px) 100vw, 300px\" \/><\/a><br \/> Lun-es 14 luj, a 6 e mesa d\u00ebl d\u00f2p mesd\u00ec a la <a href=\"http:\/\/www.studipiemontesi.it\/\" title=\"Ca d\u00eb Studi Piemont\u00e8is\" target=\"_blank\">Ca d\u00eb Studi Piemont\u00e8is<\/a> (contr\u00e0 Ottavio Revel 15 a Turin), Fabrissi Vielmin a tnir\u00e0 na conferensa ansima a le vicende st\u00f2riche e pol\u00ectiche dl&#8217;area d\u00ebl Caucas.<\/p>\n<p><a href=\"https:\/\/giannidavico.it\/gopiedmont\/files\/2014\/07\/Caucas.pdf\" title=\"Ant la crosiera d\u00ebl Caucas\">Ambeless\u00ec<\/a> l&#8217;anvit.<\/p>\n<p>A l&#8217;\u00e9 bel sav\u00e8j che la conferensa a sar\u00e0 an piemont\u00e8is &#8211; Fabrissi, piemontesista da tanti agn, a j&#8217;era un dj&#8217;articolist\u00e0 d&#8217;&#8221;<a href=\"http:\/\/pms.wikipedia.org\/wiki\/%C3%89!\" title=\"\u00e9! - Afermativ piemont\u00e8is\" target=\"_blank\">\u00e9!<\/a>&#8220;. Costa a l&#8217;\u00e9 na r\u00f2ba bela, p\u00ebrch\u00e8, com ch&#8217;a dis Fabrissi midem,<\/p>\n<p>L\u2019ancontr a l&#8217;\u00e9 na bon-a ocasion p\u00ebr anformesse su un tema che a l&#8217;\u00e9 malf\u00e9 trov\u00e9 sij n\u00f2sti giornaj, e ansema na d\u00ebsfida p\u00ebr armarch\u00e9 coma la lenga piemont\u00e8isa a peussa esse strument ch&#8217;a ven a taj p\u00ebr parl\u00e9 &#8216;d tuti j&#8217;argoment, e an cost cas s\u00ec &#8216;d politica ant\u00ebrnassional.<\/p>\n<p>Mi &#8216;d pol\u00ectica anternassional i na capiss p\u00f2ch, e &#8216;d Causas ancor meno, ma cola id\u00e8ja &#8211; che &#8216;l piemont\u00e8is a l&#8217;\u00e9 na lenga &#8216;d comunicassion, nen mach un dial\u00e8t bon p\u00ebr parl\u00e9 \u00ebd poes\u00eca e [\u2026] <a class=\"moretag\" href=\"https:\/\/giannidavico.it\/gopiedmont\/2014\/07\/09\/ant-la-crosiera-del-caucas\/\">continua a leggere \u00bb<\/a><\/p>\n","protected":false},"author":4,"featured_media":0,"comment_status":"open","ping_status":"open","sticky":false,"template":"","format":"standard","meta":[],"categories":[130],"tags":[131],"yoast_head":"<!-- This site is optimized with the Yoast SEO plugin v19.14 - https:\/\/yoast.com\/wordpress\/plugins\/seo\/ -->\n<title>Ant la crosiera d\u00ebl Caucas - Go Piedmont<\/title>\n<meta name=\"robots\" content=\"index, follow, max-snippet:-1, max-image-preview:large, max-video-preview:-1\" \/>\n<link rel=\"canonical\" href=\"https:\/\/giannidavico.it\/gopiedmont\/2014\/07\/09\/ant-la-crosiera-del-caucas\/\" \/>\n<meta property=\"og:locale\" content=\"it_IT\" \/>\n<meta property=\"og:type\" content=\"article\" \/>\n<meta property=\"og:title\" content=\"Ant la crosiera d\u00ebl Caucas - Go Piedmont\" \/>\n<meta property=\"og:description\" content=\"Lun-es 14 luj, a 6 e mesa d\u00ebl d\u00f2p mesd\u00ec a la Ca d\u00eb Studi Piemont\u00e8is (contr\u00e0 Ottavio Revel 15 a Turin), Fabrissi Vielmin a tnir\u00e0 na conferensa ansima a le vicende st\u00f2riche e pol\u00ectiche dl&#8217;area d\u00ebl Caucas. Ambeless\u00ec l&#8217;anvit. A l&#8217;\u00e9 bel sav\u00e8j che la conferensa a sar\u00e0 an piemont\u00e8is &#8211; Fabrissi, piemontesista da tanti agn, a j&#8217;era un dj&#8217;articolist\u00e0 d&#039;&#8221;\u00e9!&#8220;. Costa a l&#8217;\u00e9 na r\u00f2ba bela, p\u00ebrch\u00e8, com ch&#8217;a dis Fabrissi midem, L\u2019ancontr a l&#8217;\u00e9 na bon-a ocasion p\u00ebr anformesse su un tema che a l&#8217;\u00e9 malf\u00e9 trov\u00e9 sij n\u00f2sti giornaj, e ansema na d\u00ebsfida p\u00ebr armarch\u00e9 coma la lenga piemont\u00e8isa a peussa esse strument ch&#8217;a ven a taj p\u00ebr parl\u00e9 &#8216;d tuti j&#8217;argoment, e an cost cas s\u00ec &#8216;d politica ant\u00ebrnassional. Mi &#8216;d pol\u00ectica anternassional i na capiss p\u00f2ch, e &#8216;d Causas ancor meno, ma cola id\u00e8ja &#8211; che &#8216;l piemont\u00e8is a l&#8217;\u00e9 na lenga &#8216;d comunicassion, nen mach un dial\u00e8t bon p\u00ebr parl\u00e9 \u00ebd poes\u00eca e [\u2026] continua a leggere \u00bb\" \/>\n<meta property=\"og:url\" content=\"https:\/\/giannidavico.it\/gopiedmont\/2014\/07\/09\/ant-la-crosiera-del-caucas\/\" \/>\n<meta property=\"og:site_name\" content=\"Go Piedmont\" \/>\n<meta property=\"article:published_time\" content=\"2014-07-09T12:40:00+00:00\" \/>\n<meta property=\"og:image\" content=\"https:\/\/giannidavico.it\/gopiedmont\/files\/2014\/07\/Caucas-300x212.jpg\" \/>\n<meta name=\"author\" content=\"giannidavico\" \/>\n<meta name=\"twitter:card\" content=\"summary_large_image\" \/>\n<meta name=\"twitter:label1\" content=\"Scritto da\" \/>\n\t<meta name=\"twitter:data1\" content=\"giannidavico\" \/>\n\t<meta name=\"twitter:label2\" content=\"Tempo di lettura stimato\" \/>\n\t<meta name=\"twitter:data2\" content=\"1 minuto\" \/>\n<script type=\"application\/ld+json\" class=\"yoast-schema-graph\">{\"@context\":\"https:\/\/schema.org\",\"@graph\":[{\"@type\":\"WebPage\",\"@id\":\"https:\/\/giannidavico.it\/gopiedmont\/2014\/07\/09\/ant-la-crosiera-del-caucas\/\",\"url\":\"https:\/\/giannidavico.it\/gopiedmont\/2014\/07\/09\/ant-la-crosiera-del-caucas\/\",\"name\":\"Ant la crosiera d\u00ebl Caucas - Go Piedmont\",\"isPartOf\":{\"@id\":\"https:\/\/giannidavico.it\/gopiedmont\/#website\"},\"datePublished\":\"2014-07-09T12:40:00+00:00\",\"dateModified\":\"2014-07-09T12:40:00+00:00\",\"author\":{\"@id\":\"https:\/\/giannidavico.it\/gopiedmont\/#\/schema\/person\/ea1fd17d8f2dba325f3712219efa8f77\"},\"inLanguage\":\"it-IT\",\"potentialAction\":[{\"@type\":\"ReadAction\",\"target\":[\"https:\/\/giannidavico.it\/gopiedmont\/2014\/07\/09\/ant-la-crosiera-del-caucas\/\"]}]},{\"@type\":\"WebSite\",\"@id\":\"https:\/\/giannidavico.it\/gopiedmont\/#website\",\"url\":\"https:\/\/giannidavico.it\/gopiedmont\/\",\"name\":\"Go Piedmont\",\"description\":\"pens\u00e9 dzora l\u00ecber, event e p\u00ebrson-e grop\u00e0 al Piemont e a la lenga piemont\u00e8isa\",\"potentialAction\":[{\"@type\":\"SearchAction\",\"target\":{\"@type\":\"EntryPoint\",\"urlTemplate\":\"https:\/\/giannidavico.it\/gopiedmont\/?s={search_term_string}\"},\"query-input\":\"required name=search_term_string\"}],\"inLanguage\":\"it-IT\"},{\"@type\":\"Person\",\"@id\":\"https:\/\/giannidavico.it\/gopiedmont\/#\/schema\/person\/ea1fd17d8f2dba325f3712219efa8f77\",\"name\":\"giannidavico\",\"image\":{\"@type\":\"ImageObject\",\"inLanguage\":\"it-IT\",\"@id\":\"https:\/\/giannidavico.it\/gopiedmont\/#\/schema\/person\/image\/\",\"url\":\"https:\/\/secure.gravatar.com\/avatar\/337748753d882602f3038b55fb369ba1?s=96&d=mm&r=g\",\"contentUrl\":\"https:\/\/secure.gravatar.com\/avatar\/337748753d882602f3038b55fb369ba1?s=96&d=mm&r=g\",\"caption\":\"giannidavico\"},\"url\":\"https:\/\/giannidavico.it\/gopiedmont\/author\/giannidavico\/\"}]}<\/script>\n<!-- \/ Yoast SEO plugin. -->","yoast_head_json":{"title":"Ant la crosiera d\u00ebl Caucas - Go Piedmont","robots":{"index":"index","follow":"follow","max-snippet":"max-snippet:-1","max-image-preview":"max-image-preview:large","max-video-preview":"max-video-preview:-1"},"canonical":"https:\/\/giannidavico.it\/gopiedmont\/2014\/07\/09\/ant-la-crosiera-del-caucas\/","og_locale":"it_IT","og_type":"article","og_title":"Ant la crosiera d\u00ebl Caucas - Go Piedmont","og_description":"Lun-es 14 luj, a 6 e mesa d\u00ebl d\u00f2p mesd\u00ec a la Ca d\u00eb Studi Piemont\u00e8is (contr\u00e0 Ottavio Revel 15 a Turin), Fabrissi Vielmin a tnir\u00e0 na conferensa ansima a le vicende st\u00f2riche e pol\u00ectiche dl&#8217;area d\u00ebl Caucas. Ambeless\u00ec l&#8217;anvit. A l&#8217;\u00e9 bel sav\u00e8j che la conferensa a sar\u00e0 an piemont\u00e8is &#8211; Fabrissi, piemontesista da tanti agn, a j&#8217;era un dj&#8217;articolist\u00e0 d'&#8221;\u00e9!&#8220;. Costa a l&#8217;\u00e9 na r\u00f2ba bela, p\u00ebrch\u00e8, com ch&#8217;a dis Fabrissi midem, L\u2019ancontr a l&#8217;\u00e9 na bon-a ocasion p\u00ebr anformesse su un tema che a l&#8217;\u00e9 malf\u00e9 trov\u00e9 sij n\u00f2sti giornaj, e ansema na d\u00ebsfida p\u00ebr armarch\u00e9 coma la lenga piemont\u00e8isa a peussa esse strument ch&#8217;a ven a taj p\u00ebr parl\u00e9 &#8216;d tuti j&#8217;argoment, e an cost cas s\u00ec &#8216;d politica ant\u00ebrnassional. Mi &#8216;d pol\u00ectica anternassional i na capiss p\u00f2ch, e &#8216;d Causas ancor meno, ma cola id\u00e8ja &#8211; che &#8216;l piemont\u00e8is a l&#8217;\u00e9 na lenga &#8216;d comunicassion, nen mach un dial\u00e8t bon p\u00ebr parl\u00e9 \u00ebd poes\u00eca e [\u2026] continua a leggere \u00bb","og_url":"https:\/\/giannidavico.it\/gopiedmont\/2014\/07\/09\/ant-la-crosiera-del-caucas\/","og_site_name":"Go Piedmont","article_published_time":"2014-07-09T12:40:00+00:00","og_image":[{"url":"https:\/\/giannidavico.it\/gopiedmont\/files\/2014\/07\/Caucas-300x212.jpg"}],"author":"giannidavico","twitter_card":"summary_large_image","twitter_misc":{"Scritto da":"giannidavico","Tempo di lettura stimato":"1 minuto"},"schema":{"@context":"https:\/\/schema.org","@graph":[{"@type":"WebPage","@id":"https:\/\/giannidavico.it\/gopiedmont\/2014\/07\/09\/ant-la-crosiera-del-caucas\/","url":"https:\/\/giannidavico.it\/gopiedmont\/2014\/07\/09\/ant-la-crosiera-del-caucas\/","name":"Ant la crosiera d\u00ebl Caucas - Go Piedmont","isPartOf":{"@id":"https:\/\/giannidavico.it\/gopiedmont\/#website"},"datePublished":"2014-07-09T12:40:00+00:00","dateModified":"2014-07-09T12:40:00+00:00","author":{"@id":"https:\/\/giannidavico.it\/gopiedmont\/#\/schema\/person\/ea1fd17d8f2dba325f3712219efa8f77"},"inLanguage":"it-IT","potentialAction":[{"@type":"ReadAction","target":["https:\/\/giannidavico.it\/gopiedmont\/2014\/07\/09\/ant-la-crosiera-del-caucas\/"]}]},{"@type":"WebSite","@id":"https:\/\/giannidavico.it\/gopiedmont\/#website","url":"https:\/\/giannidavico.it\/gopiedmont\/","name":"Go Piedmont","description":"pens\u00e9 dzora l\u00ecber, event e p\u00ebrson-e grop\u00e0 al Piemont e a la lenga piemont\u00e8isa","potentialAction":[{"@type":"SearchAction","target":{"@type":"EntryPoint","urlTemplate":"https:\/\/giannidavico.it\/gopiedmont\/?s={search_term_string}"},"query-input":"required name=search_term_string"}],"inLanguage":"it-IT"},{"@type":"Person","@id":"https:\/\/giannidavico.it\/gopiedmont\/#\/schema\/person\/ea1fd17d8f2dba325f3712219efa8f77","name":"giannidavico","image":{"@type":"ImageObject","inLanguage":"it-IT","@id":"https:\/\/giannidavico.it\/gopiedmont\/#\/schema\/person\/image\/","url":"https:\/\/secure.gravatar.com\/avatar\/337748753d882602f3038b55fb369ba1?s=96&d=mm&r=g","contentUrl":"https:\/\/secure.gravatar.com\/avatar\/337748753d882602f3038b55fb369ba1?s=96&d=mm&r=g","caption":"giannidavico"},"url":"https:\/\/giannidavico.it\/gopiedmont\/author\/giannidavico\/"}]}},"_links":{"self":[{"href":"https:\/\/giannidavico.it\/gopiedmont\/wp-json\/wp\/v2\/posts\/2346"}],"collection":[{"href":"https:\/\/giannidavico.it\/gopiedmont\/wp-json\/wp\/v2\/posts"}],"about":[{"href":"https:\/\/giannidavico.it\/gopiedmont\/wp-json\/wp\/v2\/types\/post"}],"author":[{"embeddable":true,"href":"https:\/\/giannidavico.it\/gopiedmont\/wp-json\/wp\/v2\/users\/4"}],"replies":[{"embeddable":true,"href":"https:\/\/giannidavico.it\/gopiedmont\/wp-json\/wp\/v2\/comments?post=2346"}],"version-history":[{"count":4,"href":"https:\/\/giannidavico.it\/gopiedmont\/wp-json\/wp\/v2\/posts\/2346\/revisions"}],"predecessor-version":[{"id":2352,"href":"https:\/\/giannidavico.it\/gopiedmont\/wp-json\/wp\/v2\/posts\/2346\/revisions\/2352"}],"wp:attachment":[{"href":"https:\/\/giannidavico.it\/gopiedmont\/wp-json\/wp\/v2\/media?parent=2346"}],"wp:term":[{"taxonomy":"category","embeddable":true,"href":"https:\/\/giannidavico.it\/gopiedmont\/wp-json\/wp\/v2\/categories?post=2346"},{"taxonomy":"post_tag","embeddable":true,"href":"https:\/\/giannidavico.it\/gopiedmont\/wp-json\/wp\/v2\/tags?post=2346"}],"curies":[{"name":"wp","href":"https:\/\/api.w.org\/{rel}","templated":true}]}}