{"id":2354,"date":"2014-07-16T15:18:09","date_gmt":"2014-07-16T14:18:09","guid":{"rendered":"https:\/\/giannidavico.it\/staging\/gopiedmont\/?p=2354"},"modified":"2014-07-16T15:18:09","modified_gmt":"2014-07-16T14:18:09","slug":"grafia-montomaleisa-a-la-scola-dla-piata-d-la","status":"publish","type":"post","link":"https:\/\/giannidavico.it\/gopiedmont\/2014\/07\/16\/grafia-montomaleisa-a-la-scola-dla-piata-d-la\/","title":{"rendered":"Grafi\u00e0 montomal\u00e8isa a la sc\u00f2la dla Piata &#8216;d l\u00e0"},"content":{"rendered":"<p><a href=\"https:\/\/giannidavico.it\/gopiedmont\/files\/2014\/07\/3.jpeg\"><img loading=\"lazy\" src=\"https:\/\/giannidavico.it\/gopiedmont\/files\/2014\/07\/3-225x300.jpeg\" alt=\"3\" width=\"225\" height=\"300\" class=\"alignright size-medium wp-image-2355\" srcset=\"https:\/\/giannidavico.it\/gopiedmont\/files\/2014\/07\/3-225x300.jpeg 225w, https:\/\/giannidavico.it\/gopiedmont\/files\/2014\/07\/3.jpeg 768w\" sizes=\"(max-width: 225px) 100vw, 225px\" \/><\/a><br \/>\nNa r\u00f2ba cita.<\/p>\n<p>Ier s\u00e8ira.<\/p>\n<p>Na vinten-a &#8216;d p\u00ebrson-e a son trovasse &#8211; na moderna vij\u00e0 &#8211; a scrive ant la lenga d\u00ebl p\u00f2st.<\/p>\n<p>P\u00ebrch\u00e8 a l&#8217;\u00e9 na r\u00f2ba importanta.<\/p>\n<p>A l&#8217;\u00e9 cita &#8211; as capiss -, ma a l&#8217;\u00e9 bel sav\u00e8j scrive la lenga ch&#8217;it parle mincad\u00ec.<\/p>\n<p>Na r\u00f2ba cita. Bela. Grassie a chi ch&#8217;a j&#8217;era. M\u00e0rtes i ripetoma.<\/p>\n<p>E peui a l&#8217;\u00e9 capitame n&#8217;\u00e0utra r\u00f2ba: ier s\u00e8ira i l&#8217;av\u00eca d\u00ebscurb\u00ec che l&#8217;ancontr a sar\u00eca nen st\u00e0it a la <a href=\"http:\/\/www.rifugiolascola.it\/\" title=\"Rifugio La Sc\u00f2la\" target=\"_blank\">sc\u00f2la<\/a> ch&#8217;i pensava mi. Peui stamatin i son and\u00e0it con la cita cita a s\u00ebrch\u00e9 un l\u00ecber ch&#8217;a l&#8217;av\u00eca d\u00ebsmenti\u00e0. Combinassion a j&#8217;era ant la sc\u00f2la dla Piatta &#8216;d sa. <a href=\"https:\/\/giannidavico.it\/brainfood\/2008\/12\/23\/il-cigno-nero-2\/\" title=\"Il Cigno nero\">P\u00ebr cas<\/a> i l&#8217;hai conoss\u00f9 le doe p\u00ebrson-e ch&#8217;a masento l&#8217;arfugi. Brave p\u00ebrson-e. A l&#8217;\u00e9 bel av\u00e8j dj&#8217;avzin ch&#8217;a son p\u00ebrson-e &#8216;d cheur, com ch&#8217;a l&#8217;\u00e9 bel f\u00e9 part &#8211; bele se na cita part &#8211; \u00ebd na comunit\u00e0.<\/p>\n<p>Doe r\u00f2be cite, doe r\u00f2be bele.<\/p>\n","protected":false},"excerpt":{"rendered":"<p><a href=\"https:\/\/giannidavico.it\/gopiedmont\/files\/2014\/07\/3.jpeg\"><img loading=\"lazy\" src=\"https:\/\/giannidavico.it\/gopiedmont\/files\/2014\/07\/3-225x300.jpeg\" alt=\"3\" width=\"225\" height=\"300\" class=\"alignright size-medium wp-image-2355\" srcset=\"https:\/\/giannidavico.it\/gopiedmont\/files\/2014\/07\/3-225x300.jpeg 225w, https:\/\/giannidavico.it\/gopiedmont\/files\/2014\/07\/3.jpeg 768w\" sizes=\"(max-width: 225px) 100vw, 225px\" \/><\/a><br \/> Na r\u00f2ba cita.<\/p>\n<p>Ier s\u00e8ira.<\/p>\n<p>Na vinten-a &#8216;d p\u00ebrson-e a son trovasse &#8211; na moderna vij\u00e0 &#8211; a scrive ant la lenga d\u00ebl p\u00f2st.<\/p>\n<p>P\u00ebrch\u00e8 a l&#8217;\u00e9 na r\u00f2ba importanta.<\/p>\n<p>A l&#8217;\u00e9 cita &#8211; as capiss -, ma a l&#8217;\u00e9 bel sav\u00e8j scrive la lenga ch&#8217;it parle mincad\u00ec.<\/p>\n<p>Na r\u00f2ba cita. Bela. Grassie a chi ch&#8217;a j&#8217;era. M\u00e0rtes i ripetoma.<\/p>\n<p>E peui a l&#8217;\u00e9 capitame n&#8217;\u00e0utra r\u00f2ba: ier s\u00e8ira i l&#8217;av\u00eca d\u00ebscurb\u00ec che l&#8217;ancontr a sar\u00eca nen st\u00e0it a la <a href=\"http:\/\/www.rifugiolascola.it\/\" title=\"Rifugio La Sc\u00f2la\" target=\"_blank\">sc\u00f2la<\/a> ch&#8217;i pensava mi. Peui stamatin i son and\u00e0it con la cita cita a s\u00ebrch\u00e9 un l\u00ecber ch&#8217;a l&#8217;av\u00eca d\u00ebsmenti\u00e0. Combinassion a j&#8217;era ant la sc\u00f2la dla Piatta &#8216;d sa. <a href=\"https:\/\/giannidavico.it\/brainfood\/2008\/12\/23\/il-cigno-nero-2\/\" title=\"Il Cigno nero\">P\u00ebr cas<\/a> i l&#8217;hai conoss\u00f9 le doe p\u00ebrson-e ch&#8217;a masento l&#8217;arfugi. Brave p\u00ebrson-e. A l&#8217;\u00e9 bel av\u00e8j dj&#8217;avzin ch&#8217;a son p\u00ebrson-e &#8216;d cheur, com ch&#8217;a l&#8217;\u00e9 bel f\u00e9 part &#8211; bele se na cita part &#8211; \u00ebd na comunit\u00e0.<\/p>\n<p>Doe r\u00f2be cite, doe r\u00f2be bele.<\/p>\n","protected":false},"author":4,"featured_media":0,"comment_status":"open","ping_status":"open","sticky":false,"template":"","format":"standard","meta":[],"categories":[130],"tags":[108,107],"yoast_head":"<!-- This site is optimized with the Yoast SEO plugin v19.14 - https:\/\/yoast.com\/wordpress\/plugins\/seo\/ -->\n<title>Grafi\u00e0 montomal\u00e8isa a la sc\u00f2la dla Piata &#039;d l\u00e0 - Go Piedmont<\/title>\n<meta name=\"robots\" content=\"index, follow, max-snippet:-1, max-image-preview:large, max-video-preview:-1\" \/>\n<link rel=\"canonical\" href=\"https:\/\/giannidavico.it\/gopiedmont\/2014\/07\/16\/grafia-montomaleisa-a-la-scola-dla-piata-d-la\/\" \/>\n<meta property=\"og:locale\" content=\"it_IT\" \/>\n<meta property=\"og:type\" content=\"article\" \/>\n<meta property=\"og:title\" content=\"Grafi\u00e0 montomal\u00e8isa a la sc\u00f2la dla Piata &#039;d l\u00e0 - Go Piedmont\" \/>\n<meta property=\"og:description\" content=\"Na r\u00f2ba cita. Ier s\u00e8ira. Na vinten-a &#8216;d p\u00ebrson-e a son trovasse &#8211; na moderna vij\u00e0 &#8211; a scrive ant la lenga d\u00ebl p\u00f2st. P\u00ebrch\u00e8 a l&#8217;\u00e9 na r\u00f2ba importanta. A l&#8217;\u00e9 cita &#8211; as capiss -, ma a l&#8217;\u00e9 bel sav\u00e8j scrive la lenga ch&#8217;it parle mincad\u00ec. Na r\u00f2ba cita. Bela. Grassie a chi ch&#8217;a j&#8217;era. M\u00e0rtes i ripetoma. E peui a l&#8217;\u00e9 capitame n&#8217;\u00e0utra r\u00f2ba: ier s\u00e8ira i l&#8217;av\u00eca d\u00ebscurb\u00ec che l&#8217;ancontr a sar\u00eca nen st\u00e0it a la sc\u00f2la ch&#8217;i pensava mi. Peui stamatin i son and\u00e0it con la cita cita a s\u00ebrch\u00e9 un l\u00ecber ch&#8217;a l&#8217;av\u00eca d\u00ebsmenti\u00e0. Combinassion a j&#8217;era ant la sc\u00f2la dla Piatta &#8216;d sa. P\u00ebr cas i l&#8217;hai conoss\u00f9 le doe p\u00ebrson-e ch&#8217;a masento l&#8217;arfugi. Brave p\u00ebrson-e. A l&#8217;\u00e9 bel av\u00e8j dj&#8217;avzin ch&#8217;a son p\u00ebrson-e &#8216;d cheur, com ch&#8217;a l&#8217;\u00e9 bel f\u00e9 part &#8211; bele se na cita part &#8211; \u00ebd na comunit\u00e0. Doe r\u00f2be cite, doe r\u00f2be bele.\" \/>\n<meta property=\"og:url\" content=\"https:\/\/giannidavico.it\/gopiedmont\/2014\/07\/16\/grafia-montomaleisa-a-la-scola-dla-piata-d-la\/\" \/>\n<meta property=\"og:site_name\" content=\"Go Piedmont\" \/>\n<meta property=\"article:published_time\" content=\"2014-07-16T14:18:09+00:00\" \/>\n<meta property=\"og:image\" content=\"https:\/\/giannidavico.it\/gopiedmont\/files\/2014\/07\/3-225x300.jpeg\" \/>\n<meta name=\"author\" content=\"giannidavico\" \/>\n<meta name=\"twitter:card\" content=\"summary_large_image\" \/>\n<meta name=\"twitter:label1\" content=\"Scritto da\" \/>\n\t<meta name=\"twitter:data1\" content=\"giannidavico\" \/>\n\t<meta name=\"twitter:label2\" content=\"Tempo di lettura stimato\" \/>\n\t<meta name=\"twitter:data2\" content=\"1 minuto\" \/>\n<script type=\"application\/ld+json\" class=\"yoast-schema-graph\">{\"@context\":\"https:\/\/schema.org\",\"@graph\":[{\"@type\":\"WebPage\",\"@id\":\"https:\/\/giannidavico.it\/gopiedmont\/2014\/07\/16\/grafia-montomaleisa-a-la-scola-dla-piata-d-la\/\",\"url\":\"https:\/\/giannidavico.it\/gopiedmont\/2014\/07\/16\/grafia-montomaleisa-a-la-scola-dla-piata-d-la\/\",\"name\":\"Grafi\u00e0 montomal\u00e8isa a la sc\u00f2la dla Piata 'd l\u00e0 - Go Piedmont\",\"isPartOf\":{\"@id\":\"https:\/\/giannidavico.it\/gopiedmont\/#website\"},\"datePublished\":\"2014-07-16T14:18:09+00:00\",\"dateModified\":\"2014-07-16T14:18:09+00:00\",\"author\":{\"@id\":\"https:\/\/giannidavico.it\/gopiedmont\/#\/schema\/person\/ea1fd17d8f2dba325f3712219efa8f77\"},\"inLanguage\":\"it-IT\",\"potentialAction\":[{\"@type\":\"ReadAction\",\"target\":[\"https:\/\/giannidavico.it\/gopiedmont\/2014\/07\/16\/grafia-montomaleisa-a-la-scola-dla-piata-d-la\/\"]}]},{\"@type\":\"WebSite\",\"@id\":\"https:\/\/giannidavico.it\/gopiedmont\/#website\",\"url\":\"https:\/\/giannidavico.it\/gopiedmont\/\",\"name\":\"Go Piedmont\",\"description\":\"pens\u00e9 dzora l\u00ecber, event e p\u00ebrson-e grop\u00e0 al Piemont e a la lenga piemont\u00e8isa\",\"potentialAction\":[{\"@type\":\"SearchAction\",\"target\":{\"@type\":\"EntryPoint\",\"urlTemplate\":\"https:\/\/giannidavico.it\/gopiedmont\/?s={search_term_string}\"},\"query-input\":\"required name=search_term_string\"}],\"inLanguage\":\"it-IT\"},{\"@type\":\"Person\",\"@id\":\"https:\/\/giannidavico.it\/gopiedmont\/#\/schema\/person\/ea1fd17d8f2dba325f3712219efa8f77\",\"name\":\"giannidavico\",\"image\":{\"@type\":\"ImageObject\",\"inLanguage\":\"it-IT\",\"@id\":\"https:\/\/giannidavico.it\/gopiedmont\/#\/schema\/person\/image\/\",\"url\":\"https:\/\/secure.gravatar.com\/avatar\/337748753d882602f3038b55fb369ba1?s=96&d=mm&r=g\",\"contentUrl\":\"https:\/\/secure.gravatar.com\/avatar\/337748753d882602f3038b55fb369ba1?s=96&d=mm&r=g\",\"caption\":\"giannidavico\"},\"url\":\"https:\/\/giannidavico.it\/gopiedmont\/author\/giannidavico\/\"}]}<\/script>\n<!-- \/ Yoast SEO plugin. -->","yoast_head_json":{"title":"Grafi\u00e0 montomal\u00e8isa a la sc\u00f2la dla Piata 'd l\u00e0 - Go Piedmont","robots":{"index":"index","follow":"follow","max-snippet":"max-snippet:-1","max-image-preview":"max-image-preview:large","max-video-preview":"max-video-preview:-1"},"canonical":"https:\/\/giannidavico.it\/gopiedmont\/2014\/07\/16\/grafia-montomaleisa-a-la-scola-dla-piata-d-la\/","og_locale":"it_IT","og_type":"article","og_title":"Grafi\u00e0 montomal\u00e8isa a la sc\u00f2la dla Piata 'd l\u00e0 - Go Piedmont","og_description":"Na r\u00f2ba cita. Ier s\u00e8ira. Na vinten-a &#8216;d p\u00ebrson-e a son trovasse &#8211; na moderna vij\u00e0 &#8211; a scrive ant la lenga d\u00ebl p\u00f2st. P\u00ebrch\u00e8 a l&#8217;\u00e9 na r\u00f2ba importanta. A l&#8217;\u00e9 cita &#8211; as capiss -, ma a l&#8217;\u00e9 bel sav\u00e8j scrive la lenga ch&#8217;it parle mincad\u00ec. Na r\u00f2ba cita. Bela. Grassie a chi ch&#8217;a j&#8217;era. M\u00e0rtes i ripetoma. E peui a l&#8217;\u00e9 capitame n&#8217;\u00e0utra r\u00f2ba: ier s\u00e8ira i l&#8217;av\u00eca d\u00ebscurb\u00ec che l&#8217;ancontr a sar\u00eca nen st\u00e0it a la sc\u00f2la ch&#8217;i pensava mi. Peui stamatin i son and\u00e0it con la cita cita a s\u00ebrch\u00e9 un l\u00ecber ch&#8217;a l&#8217;av\u00eca d\u00ebsmenti\u00e0. Combinassion a j&#8217;era ant la sc\u00f2la dla Piatta &#8216;d sa. P\u00ebr cas i l&#8217;hai conoss\u00f9 le doe p\u00ebrson-e ch&#8217;a masento l&#8217;arfugi. Brave p\u00ebrson-e. A l&#8217;\u00e9 bel av\u00e8j dj&#8217;avzin ch&#8217;a son p\u00ebrson-e &#8216;d cheur, com ch&#8217;a l&#8217;\u00e9 bel f\u00e9 part &#8211; bele se na cita part &#8211; \u00ebd na comunit\u00e0. Doe r\u00f2be cite, doe r\u00f2be bele.","og_url":"https:\/\/giannidavico.it\/gopiedmont\/2014\/07\/16\/grafia-montomaleisa-a-la-scola-dla-piata-d-la\/","og_site_name":"Go Piedmont","article_published_time":"2014-07-16T14:18:09+00:00","og_image":[{"url":"https:\/\/giannidavico.it\/gopiedmont\/files\/2014\/07\/3-225x300.jpeg"}],"author":"giannidavico","twitter_card":"summary_large_image","twitter_misc":{"Scritto da":"giannidavico","Tempo di lettura stimato":"1 minuto"},"schema":{"@context":"https:\/\/schema.org","@graph":[{"@type":"WebPage","@id":"https:\/\/giannidavico.it\/gopiedmont\/2014\/07\/16\/grafia-montomaleisa-a-la-scola-dla-piata-d-la\/","url":"https:\/\/giannidavico.it\/gopiedmont\/2014\/07\/16\/grafia-montomaleisa-a-la-scola-dla-piata-d-la\/","name":"Grafi\u00e0 montomal\u00e8isa a la sc\u00f2la dla Piata 'd l\u00e0 - Go Piedmont","isPartOf":{"@id":"https:\/\/giannidavico.it\/gopiedmont\/#website"},"datePublished":"2014-07-16T14:18:09+00:00","dateModified":"2014-07-16T14:18:09+00:00","author":{"@id":"https:\/\/giannidavico.it\/gopiedmont\/#\/schema\/person\/ea1fd17d8f2dba325f3712219efa8f77"},"inLanguage":"it-IT","potentialAction":[{"@type":"ReadAction","target":["https:\/\/giannidavico.it\/gopiedmont\/2014\/07\/16\/grafia-montomaleisa-a-la-scola-dla-piata-d-la\/"]}]},{"@type":"WebSite","@id":"https:\/\/giannidavico.it\/gopiedmont\/#website","url":"https:\/\/giannidavico.it\/gopiedmont\/","name":"Go Piedmont","description":"pens\u00e9 dzora l\u00ecber, event e p\u00ebrson-e grop\u00e0 al Piemont e a la lenga piemont\u00e8isa","potentialAction":[{"@type":"SearchAction","target":{"@type":"EntryPoint","urlTemplate":"https:\/\/giannidavico.it\/gopiedmont\/?s={search_term_string}"},"query-input":"required name=search_term_string"}],"inLanguage":"it-IT"},{"@type":"Person","@id":"https:\/\/giannidavico.it\/gopiedmont\/#\/schema\/person\/ea1fd17d8f2dba325f3712219efa8f77","name":"giannidavico","image":{"@type":"ImageObject","inLanguage":"it-IT","@id":"https:\/\/giannidavico.it\/gopiedmont\/#\/schema\/person\/image\/","url":"https:\/\/secure.gravatar.com\/avatar\/337748753d882602f3038b55fb369ba1?s=96&d=mm&r=g","contentUrl":"https:\/\/secure.gravatar.com\/avatar\/337748753d882602f3038b55fb369ba1?s=96&d=mm&r=g","caption":"giannidavico"},"url":"https:\/\/giannidavico.it\/gopiedmont\/author\/giannidavico\/"}]}},"_links":{"self":[{"href":"https:\/\/giannidavico.it\/gopiedmont\/wp-json\/wp\/v2\/posts\/2354"}],"collection":[{"href":"https:\/\/giannidavico.it\/gopiedmont\/wp-json\/wp\/v2\/posts"}],"about":[{"href":"https:\/\/giannidavico.it\/gopiedmont\/wp-json\/wp\/v2\/types\/post"}],"author":[{"embeddable":true,"href":"https:\/\/giannidavico.it\/gopiedmont\/wp-json\/wp\/v2\/users\/4"}],"replies":[{"embeddable":true,"href":"https:\/\/giannidavico.it\/gopiedmont\/wp-json\/wp\/v2\/comments?post=2354"}],"version-history":[{"count":6,"href":"https:\/\/giannidavico.it\/gopiedmont\/wp-json\/wp\/v2\/posts\/2354\/revisions"}],"predecessor-version":[{"id":2361,"href":"https:\/\/giannidavico.it\/gopiedmont\/wp-json\/wp\/v2\/posts\/2354\/revisions\/2361"}],"wp:attachment":[{"href":"https:\/\/giannidavico.it\/gopiedmont\/wp-json\/wp\/v2\/media?parent=2354"}],"wp:term":[{"taxonomy":"category","embeddable":true,"href":"https:\/\/giannidavico.it\/gopiedmont\/wp-json\/wp\/v2\/categories?post=2354"},{"taxonomy":"post_tag","embeddable":true,"href":"https:\/\/giannidavico.it\/gopiedmont\/wp-json\/wp\/v2\/tags?post=2354"}],"curies":[{"name":"wp","href":"https:\/\/api.w.org\/{rel}","templated":true}]}}