{"id":2371,"date":"2014-07-30T09:43:22","date_gmt":"2014-07-30T08:43:22","guid":{"rendered":"https:\/\/giannidavico.it\/staging\/gopiedmont\/?p=2371"},"modified":"2015-03-12T11:03:48","modified_gmt":"2015-03-12T10:03:48","slug":"el-piemonteis-e-ij-cit-a-la-scola-dla-piata-d-sa","status":"publish","type":"post","link":"https:\/\/giannidavico.it\/gopiedmont\/2014\/07\/30\/el-piemonteis-e-ij-cit-a-la-scola-dla-piata-d-sa\/","title":{"rendered":"\u00cbl piemont\u00e8is e ij cit a la sc\u00f2la dla Piata \u2018d sa"},"content":{"rendered":"<p><a href=\"https:\/\/giannidavico.it\/gopiedmont\/files\/2014\/07\/scola.jpg\"><img loading=\"lazy\" src=\"https:\/\/giannidavico.it\/gopiedmont\/files\/2014\/07\/scola-300x225.jpg\" alt=\"scola\" width=\"300\" height=\"225\" class=\"alignright size-medium wp-image-2666\" srcset=\"https:\/\/giannidavico.it\/gopiedmont\/files\/2014\/07\/scola-300x225.jpg 300w, https:\/\/giannidavico.it\/gopiedmont\/files\/2014\/07\/scola.jpg 314w\" sizes=\"(max-width: 300px) 100vw, 300px\" \/><\/a><br \/>\nA l&#8217;\u00e9 st\u00e0it p\u00ebr cas.<\/p>\n<p>Mia cita cita a l&#8217;av\u00eca d\u00ebsmenti\u00e0 un l\u00ecber, la s\u00e8ira ch&#8217;a j&#8217;era prevista la prima dle doe ciaciarade ansima a la graf\u00eca d\u00ebl dial\u00e8t \u00ebd Montomal (i l&#8217;hai parlane <a href=\"https:\/\/giannidavico.it\/gopiedmont\/2014\/07\/16\/grafia-montomaleisa-a-la-scola-dla-piata-d-la\/\" title=\"Grafi\u00e0 montomal\u00e8isa a la sc\u00f2la dla Piata \u2018d l\u00e0\">ambeless\u00ec<\/a>), e i l&#8217;oma conossusse con le p\u00ebrson-e ch&#8217;a masento l&#8217;<a href=\"http:\/\/rifugiolascola.it\/\" title=\"Rifugio La Sc\u00f2la\" target=\"_blank\">arfugi La Sc\u00f2la<\/a>.<\/p>\n<p>I l&#8217;oma parl\u00e0 \u00ebd f\u00e9 na ciaciarada &#8216;dc\u00f2 a soa ca. Dit, f\u00e0it: saba 9 agost, a tre e mes d\u00ebl d\u00f2p-mesd\u00ec, i sarai ambelel\u00e0, a la Piata &#8216;d sa (<em>Montemale di Cuneo, frazione Piatta Sottana<\/em> an lenga dominanta), a parl\u00e9 d\u00ebl piemont\u00e8is e ij cit.<\/p>\n<p>A sar\u00e0 na r\u00f2ba sempia, pr\u00f2pi a la piemont\u00e8isa. Vilma e Marcello a pronteran na marenda p\u00ebr coj cit che, compagn\u00e0 da pare e\/o mare o chi ch&#8217;a sar\u00e0, a vorran mn\u00ec a d\u00ebsmoresse lass\u00f9. I leseroma qu\u00e0ich t\u00f2ch an piemont\u00e8is, i diroma p\u00ebrch\u00e8 a l&#8217;\u00e9 important parl\u00e9 ai cit dovrand na lenga sola, qual ch&#8217;a sia, e p\u00ebrch\u00e8 \u00ebl piemont\u00e8is a serv nen mach al piemont\u00e8is ma &#8211; c\u00f2sa p\u00ec amportanta &#8211; a l&#8217;ingl\u00e8is e p\u00ec an general a la comprension \u00ebd l\u00f2n ch&#8217;a n\u00eb sta da cant. A l&#8217;\u00e9 n&#8217;\u00e0utr p\u00e0ira d&#8217;uciaj p\u00ebr s-ciair\u00e9 \u00ebl mond, an p\u00f2che par\u00f2le.<\/p>\n<p><a href=\"https:\/\/giannidavico.it\/gopiedmont\/files\/2014\/07\/\u00cbl-piemont\u00e8is-e-ij-cit.pdf\" title=\"\u00cbl piemont\u00e8is e ij cit. D\u00ebl p\u00ebrch\u00e8 e d\u00ebl p\u00ebrcome lese an piemont\u00e8is a n\u00f2ste masn\u00e0\">Ambeless\u00ec<\/a> i l&#8217;hai but\u00e0 dij test ch&#8217;i l&#8217;av\u00eca les\u00f9 d\u00ebl 2010, quand ch&#8217;i l&#8217;av\u00eca tn\u00f9 na <a href=\"https:\/\/giannidavico.it\/gopiedmont\/2010\/03\/02\/el-piemonteis-e-ij-cit-del-perche-e-del-percome-lese-an-piemonteis-a-noste-masna\/\" title=\"\u00cbl piemont\u00e8is e ij cit. D\u00ebl p\u00ebrch\u00e8 e d\u00ebl p\u00ebrcome lese an piemont\u00e8is a n\u00f2ste masn\u00e0\" target=\"_blank\">conferensa<\/a> (na ciaciarada, via) an diverse sit\u00e0 d\u00ebl Piemont p\u00ebr la Ca d\u00eb Studi Piemont\u00e8is.<\/p>\n<p>Ij me vintesingh letor, e ij s\u00f2 amis, a son invit\u00e0.<\/p>\n","protected":false},"excerpt":{"rendered":"<p><a href=\"https:\/\/giannidavico.it\/gopiedmont\/files\/2014\/07\/scola.jpg\"><img loading=\"lazy\" src=\"https:\/\/giannidavico.it\/gopiedmont\/files\/2014\/07\/scola-300x225.jpg\" alt=\"scola\" width=\"300\" height=\"225\" class=\"alignright size-medium wp-image-2666\" srcset=\"https:\/\/giannidavico.it\/gopiedmont\/files\/2014\/07\/scola-300x225.jpg 300w, https:\/\/giannidavico.it\/gopiedmont\/files\/2014\/07\/scola.jpg 314w\" sizes=\"(max-width: 300px) 100vw, 300px\" \/><\/a><br \/> A l&#8217;\u00e9 st\u00e0it p\u00ebr cas.<\/p>\n<p>Mia cita cita a l&#8217;av\u00eca d\u00ebsmenti\u00e0 un l\u00ecber, la s\u00e8ira ch&#8217;a j&#8217;era prevista la prima dle doe ciaciarade ansima a la graf\u00eca d\u00ebl dial\u00e8t \u00ebd Montomal (i l&#8217;hai parlane <a href=\"https:\/\/giannidavico.it\/gopiedmont\/2014\/07\/16\/grafia-montomaleisa-a-la-scola-dla-piata-d-la\/\" title=\"Grafi\u00e0 montomal\u00e8isa a la sc\u00f2la dla Piata \u2018d l\u00e0\">ambeless\u00ec<\/a>), e i l&#8217;oma conossusse con le p\u00ebrson-e ch&#8217;a masento l&#8217;<a href=\"http:\/\/rifugiolascola.it\/\" title=\"Rifugio La Sc\u00f2la\" target=\"_blank\">arfugi La Sc\u00f2la<\/a>.<\/p>\n<p>I l&#8217;oma parl\u00e0 \u00ebd f\u00e9 na ciaciarada &#8216;dc\u00f2 a soa ca. Dit, f\u00e0it: saba 9 agost, a tre e mes d\u00ebl d\u00f2p-mesd\u00ec, i sarai ambelel\u00e0, a la Piata &#8216;d sa (<em>Montemale di Cuneo, frazione Piatta Sottana<\/em> an lenga dominanta), a parl\u00e9 d\u00ebl piemont\u00e8is e ij cit.<\/p>\n<p>A sar\u00e0 na r\u00f2ba sempia, pr\u00f2pi a la piemont\u00e8isa. Vilma e Marcello a pronteran na marenda p\u00ebr coj cit che, compagn\u00e0 da pare e\/o mare o chi ch&#8217;a sar\u00e0, a vorran mn\u00ec a d\u00ebsmoresse lass\u00f9. I leseroma qu\u00e0ich t\u00f2ch an piemont\u00e8is, i diroma p\u00ebrch\u00e8 a l&#8217;\u00e9 important parl\u00e9 ai cit dovrand na lenga sola, qual ch&#8217;a sia, e p\u00ebrch\u00e8 \u00ebl piemont\u00e8is a serv nen mach al piemont\u00e8is ma &#8211; c\u00f2sa p\u00ec amportanta [\u2026] <a class=\"moretag\" href=\"https:\/\/giannidavico.it\/gopiedmont\/2014\/07\/30\/el-piemonteis-e-ij-cit-a-la-scola-dla-piata-d-sa\/\">continua a leggere \u00bb<\/a><\/p>\n","protected":false},"author":4,"featured_media":0,"comment_status":"open","ping_status":"open","sticky":false,"template":"","format":"standard","meta":[],"categories":[130],"tags":[131,107,64],"yoast_head":"<!-- This site is optimized with the Yoast SEO plugin v19.14 - https:\/\/yoast.com\/wordpress\/plugins\/seo\/ -->\n<title>\u00cbl piemont\u00e8is e ij cit a la sc\u00f2la dla Piata \u2018d sa - Go Piedmont<\/title>\n<meta name=\"robots\" content=\"index, follow, max-snippet:-1, max-image-preview:large, max-video-preview:-1\" \/>\n<link rel=\"canonical\" href=\"https:\/\/giannidavico.it\/gopiedmont\/2014\/07\/30\/el-piemonteis-e-ij-cit-a-la-scola-dla-piata-d-sa\/\" \/>\n<meta property=\"og:locale\" content=\"it_IT\" \/>\n<meta property=\"og:type\" content=\"article\" \/>\n<meta property=\"og:title\" content=\"\u00cbl piemont\u00e8is e ij cit a la sc\u00f2la dla Piata \u2018d sa - Go Piedmont\" \/>\n<meta property=\"og:description\" content=\"A l&#8217;\u00e9 st\u00e0it p\u00ebr cas. Mia cita cita a l&#8217;av\u00eca d\u00ebsmenti\u00e0 un l\u00ecber, la s\u00e8ira ch&#8217;a j&#8217;era prevista la prima dle doe ciaciarade ansima a la graf\u00eca d\u00ebl dial\u00e8t \u00ebd Montomal (i l&#8217;hai parlane ambeless\u00ec), e i l&#8217;oma conossusse con le p\u00ebrson-e ch&#8217;a masento l&#8217;arfugi La Sc\u00f2la. I l&#8217;oma parl\u00e0 \u00ebd f\u00e9 na ciaciarada &#8216;dc\u00f2 a soa ca. Dit, f\u00e0it: saba 9 agost, a tre e mes d\u00ebl d\u00f2p-mesd\u00ec, i sarai ambelel\u00e0, a la Piata &#8216;d sa (Montemale di Cuneo, frazione Piatta Sottana an lenga dominanta), a parl\u00e9 d\u00ebl piemont\u00e8is e ij cit. A sar\u00e0 na r\u00f2ba sempia, pr\u00f2pi a la piemont\u00e8isa. Vilma e Marcello a pronteran na marenda p\u00ebr coj cit che, compagn\u00e0 da pare e\/o mare o chi ch&#8217;a sar\u00e0, a vorran mn\u00ec a d\u00ebsmoresse lass\u00f9. I leseroma qu\u00e0ich t\u00f2ch an piemont\u00e8is, i diroma p\u00ebrch\u00e8 a l&#8217;\u00e9 important parl\u00e9 ai cit dovrand na lenga sola, qual ch&#8217;a sia, e p\u00ebrch\u00e8 \u00ebl piemont\u00e8is a serv nen mach al piemont\u00e8is ma &#8211; c\u00f2sa p\u00ec amportanta [\u2026] continua a leggere \u00bb\" \/>\n<meta property=\"og:url\" content=\"https:\/\/giannidavico.it\/gopiedmont\/2014\/07\/30\/el-piemonteis-e-ij-cit-a-la-scola-dla-piata-d-sa\/\" \/>\n<meta property=\"og:site_name\" content=\"Go Piedmont\" \/>\n<meta property=\"article:published_time\" content=\"2014-07-30T08:43:22+00:00\" \/>\n<meta property=\"article:modified_time\" content=\"2015-03-12T10:03:48+00:00\" \/>\n<meta property=\"og:image\" content=\"https:\/\/giannidavico.it\/gopiedmont\/files\/2014\/07\/scola-300x225.jpg\" \/>\n<meta name=\"author\" content=\"giannidavico\" \/>\n<meta name=\"twitter:card\" content=\"summary_large_image\" \/>\n<meta name=\"twitter:label1\" content=\"Scritto da\" \/>\n\t<meta name=\"twitter:data1\" content=\"giannidavico\" \/>\n\t<meta name=\"twitter:label2\" content=\"Tempo di lettura stimato\" \/>\n\t<meta name=\"twitter:data2\" content=\"1 minuto\" \/>\n<script type=\"application\/ld+json\" class=\"yoast-schema-graph\">{\"@context\":\"https:\/\/schema.org\",\"@graph\":[{\"@type\":\"WebPage\",\"@id\":\"https:\/\/giannidavico.it\/gopiedmont\/2014\/07\/30\/el-piemonteis-e-ij-cit-a-la-scola-dla-piata-d-sa\/\",\"url\":\"https:\/\/giannidavico.it\/gopiedmont\/2014\/07\/30\/el-piemonteis-e-ij-cit-a-la-scola-dla-piata-d-sa\/\",\"name\":\"\u00cbl piemont\u00e8is e ij cit a la sc\u00f2la dla Piata \u2018d sa - Go Piedmont\",\"isPartOf\":{\"@id\":\"https:\/\/giannidavico.it\/gopiedmont\/#website\"},\"datePublished\":\"2014-07-30T08:43:22+00:00\",\"dateModified\":\"2015-03-12T10:03:48+00:00\",\"author\":{\"@id\":\"https:\/\/giannidavico.it\/gopiedmont\/#\/schema\/person\/ea1fd17d8f2dba325f3712219efa8f77\"},\"inLanguage\":\"it-IT\",\"potentialAction\":[{\"@type\":\"ReadAction\",\"target\":[\"https:\/\/giannidavico.it\/gopiedmont\/2014\/07\/30\/el-piemonteis-e-ij-cit-a-la-scola-dla-piata-d-sa\/\"]}]},{\"@type\":\"WebSite\",\"@id\":\"https:\/\/giannidavico.it\/gopiedmont\/#website\",\"url\":\"https:\/\/giannidavico.it\/gopiedmont\/\",\"name\":\"Go Piedmont\",\"description\":\"pens\u00e9 dzora l\u00ecber, event e p\u00ebrson-e grop\u00e0 al Piemont e a la lenga piemont\u00e8isa\",\"potentialAction\":[{\"@type\":\"SearchAction\",\"target\":{\"@type\":\"EntryPoint\",\"urlTemplate\":\"https:\/\/giannidavico.it\/gopiedmont\/?s={search_term_string}\"},\"query-input\":\"required name=search_term_string\"}],\"inLanguage\":\"it-IT\"},{\"@type\":\"Person\",\"@id\":\"https:\/\/giannidavico.it\/gopiedmont\/#\/schema\/person\/ea1fd17d8f2dba325f3712219efa8f77\",\"name\":\"giannidavico\",\"image\":{\"@type\":\"ImageObject\",\"inLanguage\":\"it-IT\",\"@id\":\"https:\/\/giannidavico.it\/gopiedmont\/#\/schema\/person\/image\/\",\"url\":\"https:\/\/secure.gravatar.com\/avatar\/337748753d882602f3038b55fb369ba1?s=96&d=mm&r=g\",\"contentUrl\":\"https:\/\/secure.gravatar.com\/avatar\/337748753d882602f3038b55fb369ba1?s=96&d=mm&r=g\",\"caption\":\"giannidavico\"},\"url\":\"https:\/\/giannidavico.it\/gopiedmont\/author\/giannidavico\/\"}]}<\/script>\n<!-- \/ Yoast SEO plugin. -->","yoast_head_json":{"title":"\u00cbl piemont\u00e8is e ij cit a la sc\u00f2la dla Piata \u2018d sa - Go Piedmont","robots":{"index":"index","follow":"follow","max-snippet":"max-snippet:-1","max-image-preview":"max-image-preview:large","max-video-preview":"max-video-preview:-1"},"canonical":"https:\/\/giannidavico.it\/gopiedmont\/2014\/07\/30\/el-piemonteis-e-ij-cit-a-la-scola-dla-piata-d-sa\/","og_locale":"it_IT","og_type":"article","og_title":"\u00cbl piemont\u00e8is e ij cit a la sc\u00f2la dla Piata \u2018d sa - Go Piedmont","og_description":"A l&#8217;\u00e9 st\u00e0it p\u00ebr cas. Mia cita cita a l&#8217;av\u00eca d\u00ebsmenti\u00e0 un l\u00ecber, la s\u00e8ira ch&#8217;a j&#8217;era prevista la prima dle doe ciaciarade ansima a la graf\u00eca d\u00ebl dial\u00e8t \u00ebd Montomal (i l&#8217;hai parlane ambeless\u00ec), e i l&#8217;oma conossusse con le p\u00ebrson-e ch&#8217;a masento l&#8217;arfugi La Sc\u00f2la. I l&#8217;oma parl\u00e0 \u00ebd f\u00e9 na ciaciarada &#8216;dc\u00f2 a soa ca. Dit, f\u00e0it: saba 9 agost, a tre e mes d\u00ebl d\u00f2p-mesd\u00ec, i sarai ambelel\u00e0, a la Piata &#8216;d sa (Montemale di Cuneo, frazione Piatta Sottana an lenga dominanta), a parl\u00e9 d\u00ebl piemont\u00e8is e ij cit. A sar\u00e0 na r\u00f2ba sempia, pr\u00f2pi a la piemont\u00e8isa. Vilma e Marcello a pronteran na marenda p\u00ebr coj cit che, compagn\u00e0 da pare e\/o mare o chi ch&#8217;a sar\u00e0, a vorran mn\u00ec a d\u00ebsmoresse lass\u00f9. I leseroma qu\u00e0ich t\u00f2ch an piemont\u00e8is, i diroma p\u00ebrch\u00e8 a l&#8217;\u00e9 important parl\u00e9 ai cit dovrand na lenga sola, qual ch&#8217;a sia, e p\u00ebrch\u00e8 \u00ebl piemont\u00e8is a serv nen mach al piemont\u00e8is ma &#8211; c\u00f2sa p\u00ec amportanta [\u2026] continua a leggere \u00bb","og_url":"https:\/\/giannidavico.it\/gopiedmont\/2014\/07\/30\/el-piemonteis-e-ij-cit-a-la-scola-dla-piata-d-sa\/","og_site_name":"Go Piedmont","article_published_time":"2014-07-30T08:43:22+00:00","article_modified_time":"2015-03-12T10:03:48+00:00","og_image":[{"url":"https:\/\/giannidavico.it\/gopiedmont\/files\/2014\/07\/scola-300x225.jpg"}],"author":"giannidavico","twitter_card":"summary_large_image","twitter_misc":{"Scritto da":"giannidavico","Tempo di lettura stimato":"1 minuto"},"schema":{"@context":"https:\/\/schema.org","@graph":[{"@type":"WebPage","@id":"https:\/\/giannidavico.it\/gopiedmont\/2014\/07\/30\/el-piemonteis-e-ij-cit-a-la-scola-dla-piata-d-sa\/","url":"https:\/\/giannidavico.it\/gopiedmont\/2014\/07\/30\/el-piemonteis-e-ij-cit-a-la-scola-dla-piata-d-sa\/","name":"\u00cbl piemont\u00e8is e ij cit a la sc\u00f2la dla Piata \u2018d sa - Go Piedmont","isPartOf":{"@id":"https:\/\/giannidavico.it\/gopiedmont\/#website"},"datePublished":"2014-07-30T08:43:22+00:00","dateModified":"2015-03-12T10:03:48+00:00","author":{"@id":"https:\/\/giannidavico.it\/gopiedmont\/#\/schema\/person\/ea1fd17d8f2dba325f3712219efa8f77"},"inLanguage":"it-IT","potentialAction":[{"@type":"ReadAction","target":["https:\/\/giannidavico.it\/gopiedmont\/2014\/07\/30\/el-piemonteis-e-ij-cit-a-la-scola-dla-piata-d-sa\/"]}]},{"@type":"WebSite","@id":"https:\/\/giannidavico.it\/gopiedmont\/#website","url":"https:\/\/giannidavico.it\/gopiedmont\/","name":"Go Piedmont","description":"pens\u00e9 dzora l\u00ecber, event e p\u00ebrson-e grop\u00e0 al Piemont e a la lenga piemont\u00e8isa","potentialAction":[{"@type":"SearchAction","target":{"@type":"EntryPoint","urlTemplate":"https:\/\/giannidavico.it\/gopiedmont\/?s={search_term_string}"},"query-input":"required name=search_term_string"}],"inLanguage":"it-IT"},{"@type":"Person","@id":"https:\/\/giannidavico.it\/gopiedmont\/#\/schema\/person\/ea1fd17d8f2dba325f3712219efa8f77","name":"giannidavico","image":{"@type":"ImageObject","inLanguage":"it-IT","@id":"https:\/\/giannidavico.it\/gopiedmont\/#\/schema\/person\/image\/","url":"https:\/\/secure.gravatar.com\/avatar\/337748753d882602f3038b55fb369ba1?s=96&d=mm&r=g","contentUrl":"https:\/\/secure.gravatar.com\/avatar\/337748753d882602f3038b55fb369ba1?s=96&d=mm&r=g","caption":"giannidavico"},"url":"https:\/\/giannidavico.it\/gopiedmont\/author\/giannidavico\/"}]}},"_links":{"self":[{"href":"https:\/\/giannidavico.it\/gopiedmont\/wp-json\/wp\/v2\/posts\/2371"}],"collection":[{"href":"https:\/\/giannidavico.it\/gopiedmont\/wp-json\/wp\/v2\/posts"}],"about":[{"href":"https:\/\/giannidavico.it\/gopiedmont\/wp-json\/wp\/v2\/types\/post"}],"author":[{"embeddable":true,"href":"https:\/\/giannidavico.it\/gopiedmont\/wp-json\/wp\/v2\/users\/4"}],"replies":[{"embeddable":true,"href":"https:\/\/giannidavico.it\/gopiedmont\/wp-json\/wp\/v2\/comments?post=2371"}],"version-history":[{"count":7,"href":"https:\/\/giannidavico.it\/gopiedmont\/wp-json\/wp\/v2\/posts\/2371\/revisions"}],"predecessor-version":[{"id":2667,"href":"https:\/\/giannidavico.it\/gopiedmont\/wp-json\/wp\/v2\/posts\/2371\/revisions\/2667"}],"wp:attachment":[{"href":"https:\/\/giannidavico.it\/gopiedmont\/wp-json\/wp\/v2\/media?parent=2371"}],"wp:term":[{"taxonomy":"category","embeddable":true,"href":"https:\/\/giannidavico.it\/gopiedmont\/wp-json\/wp\/v2\/categories?post=2371"},{"taxonomy":"post_tag","embeddable":true,"href":"https:\/\/giannidavico.it\/gopiedmont\/wp-json\/wp\/v2\/tags?post=2371"}],"curies":[{"name":"wp","href":"https:\/\/api.w.org\/{rel}","templated":true}]}}